{"id":1,"date":"2022-09-13T10:01:49","date_gmt":"2022-09-13T10:01:49","guid":{"rendered":"http:\/\/lila.valnaloneduca.com\/collasagradafamilia-2223\/?p=1"},"modified":"2022-09-13T12:35:00","modified_gmt":"2022-09-13T12:35:00","slug":"hola-mundo","status":"publish","type":"post","link":"https:\/\/lila.valnaloneduca.com\/collasagradafamilia-2223\/2022\/09\/13\/hola-mundo\/","title":{"rendered":"Empezamos con LILA!"},"content":{"rendered":"\n\n \n<div class=\"wp-block-media-text alignwide is-stacked-on-mobile is-vertically-aligned-top\">\n<figure class=\"wp-block-media-text__media\"><img data-recalc-dims=\"1\" height=\"525\" width=\"840\" decoding=\"async\" class=\"wp-image-21 size-full\" src=\"https:\/\/i0.wp.com\/lila.valnaloneduca.com\/collasagradafamilia2021\/wp-content\/uploads\/sites\/12\/2021\/01\/sagrada-familia-1024x640.jpg?resize=840%2C525\" alt=\"\" \/><\/figure>\n<div class=\"wp-block-media-text__content\">\n<h6 class=\"wp-block-heading\"><strong>Este curso escolar los alumno\/as de 3\u00ba empezamos con el Proyecto <a href=\"http:\/\/lila.valnaloneduca.com\/\" target=\"_blank\" rel=\"noreferrer noopener\">LILA<\/a> en nuestro <a href=\"https:\/\/www.sagradafamiliaelentrego.com\/\" target=\"_blank\" rel=\"noreferrer noopener\">cole<\/a>. Estamos deseando ponernos nuestras gafas moradas para empezar a descubrir, analizar y cambiar aquellas cosas que en nuestro entorno no nos acaban de convencer.<\/strong><\/h6>\n<\/div>\n<\/div>\n \n\n \n\n<hr class=\"wp-block-separator has-text-color has-dark-gray-color has-css-opacity has-dark-gray-background-color has-background is-style-wide\" \/>\n\n \n<h3 class=\"wp-block-heading\">\u00a1\u00a1Arrancamos con mucha ilusi\u00f3n y muchas ganas!! Os seguiremos contando&#8230;<\/h3>\n","protected":false},"excerpt":{"rendered":"<p>Este curso escolar los alumno\/as de 3\u00ba empezamos con el Proyecto LILA en nuestro cole. Estamos deseando ponernos nuestras gafas moradas para empezar a descubrir, analizar y cambiar aquellas cosas que en nuestro entorno no nos acaban de convencer. \u00a1\u00a1Arrancamos con mucha ilusi\u00f3n y muchas ganas!! Os seguiremos contando&#8230;<\/p>\n","protected":false},"author":2,"featured_media":0,"comment_status":"open","ping_status":"open","sticky":false,"template":"","format":"standard","meta":{"_jetpack_memberships_contains_paid_content":false,"footnotes":""},"categories":[1],"tags":[],"class_list":["post-1","post","type-post","status-publish","format-standard","hentry","category-sin-categoria"],"yoast_head":"<!-- This site is optimized with the Yoast SEO plugin v27.5 - https:\/\/yoast.com\/product\/yoast-seo-wordpress\/ -->\n<title>Empezamos con LILA! - La Igualdad Lleva A \u2026 \u2013 COL. LA SAGRADA FAMILIA- El Entrego, SMRA - 22\/23<\/title>\n<meta name=\"robots\" content=\"index, follow, max-snippet:-1, max-image-preview:large, max-video-preview:-1\" \/>\n<link rel=\"canonical\" href=\"http:\/\/lila.valnaloneduca.com\/collasagradafamilia-2223\/2022\/09\/13\/hola-mundo\/\" \/>\n<meta property=\"og:locale\" content=\"es_ES\" \/>\n<meta property=\"og:type\" content=\"article\" \/>\n<meta property=\"og:title\" content=\"Empezamos con LILA! - La Igualdad Lleva A \u2026 \u2013 COL. LA SAGRADA FAMILIA- El Entrego, SMRA - 22\/23\" \/>\n<meta property=\"og:description\" content=\"Este curso escolar los alumno\/as de 3\u00ba empezamos con el Proyecto LILA en nuestro cole. Estamos deseando ponernos nuestras gafas moradas para empezar a descubrir, analizar y cambiar aquellas cosas que en nuestro entorno no nos acaban de convencer. \u00a1\u00a1Arrancamos con mucha ilusi\u00f3n y muchas ganas!! Os seguiremos contando&#8230;\" \/>\n<meta property=\"og:url\" content=\"http:\/\/lila.valnaloneduca.com\/collasagradafamilia-2223\/2022\/09\/13\/hola-mundo\/\" \/>\n<meta property=\"og:site_name\" content=\"La Igualdad Lleva A \u2026 \u2013 COL. LA SAGRADA FAMILIA- El Entrego, SMRA - 22\/23\" \/>\n<meta property=\"article:published_time\" content=\"2022-09-13T10:01:49+00:00\" \/>\n<meta property=\"article:modified_time\" content=\"2022-09-13T12:35:00+00:00\" \/>\n<meta property=\"og:image\" content=\"http:\/\/lila.valnaloneduca.com\/collasagradafamilia2021\/wp-content\/uploads\/sites\/12\/2021\/01\/sagrada-familia-1024x640.jpg\" \/>\n<meta name=\"author\" content=\"lila\" \/>\n<meta name=\"twitter:card\" content=\"summary_large_image\" \/>\n<meta name=\"twitter:label1\" content=\"Escrito por\" \/>\n\t<meta name=\"twitter:data1\" content=\"lila\" \/>\n\t<meta name=\"twitter:label2\" content=\"Tiempo de lectura\" \/>\n\t<meta name=\"twitter:data2\" content=\"1 minuto\" \/>\n<script type=\"application\/ld+json\" class=\"yoast-schema-graph\">{\"@context\":\"https:\\\/\\\/schema.org\",\"@graph\":[{\"@type\":\"Article\",\"@id\":\"http:\\\/\\\/lila.valnaloneduca.com\\\/collasagradafamilia-2223\\\/2022\\\/09\\\/13\\\/hola-mundo\\\/#article\",\"isPartOf\":{\"@id\":\"http:\\\/\\\/lila.valnaloneduca.com\\\/collasagradafamilia-2223\\\/2022\\\/09\\\/13\\\/hola-mundo\\\/\"},\"author\":{\"name\":\"lila\",\"@id\":\"http:\\\/\\\/lila.valnaloneduca.com\\\/collasagradafamilia-2223\\\/#\\\/schema\\\/person\\\/b1d0422b250e580f42a136a82137c682\"},\"headline\":\"Empezamos con LILA!\",\"datePublished\":\"2022-09-13T10:01:49+00:00\",\"dateModified\":\"2022-09-13T12:35:00+00:00\",\"mainEntityOfPage\":{\"@id\":\"http:\\\/\\\/lila.valnaloneduca.com\\\/collasagradafamilia-2223\\\/2022\\\/09\\\/13\\\/hola-mundo\\\/\"},\"wordCount\":53,\"commentCount\":1,\"publisher\":{\"@id\":\"http:\\\/\\\/lila.valnaloneduca.com\\\/collasagradafamilia-2223\\\/#organization\"},\"image\":{\"@id\":\"http:\\\/\\\/lila.valnaloneduca.com\\\/collasagradafamilia-2223\\\/2022\\\/09\\\/13\\\/hola-mundo\\\/#primaryimage\"},\"thumbnailUrl\":\"http:\\\/\\\/lila.valnaloneduca.com\\\/collasagradafamilia2021\\\/wp-content\\\/uploads\\\/sites\\\/12\\\/2021\\\/01\\\/sagrada-familia-1024x640.jpg\",\"inLanguage\":\"es\",\"potentialAction\":[{\"@type\":\"CommentAction\",\"name\":\"Comment\",\"target\":[\"http:\\\/\\\/lila.valnaloneduca.com\\\/collasagradafamilia-2223\\\/2022\\\/09\\\/13\\\/hola-mundo\\\/#respond\"]}]},{\"@type\":\"WebPage\",\"@id\":\"http:\\\/\\\/lila.valnaloneduca.com\\\/collasagradafamilia-2223\\\/2022\\\/09\\\/13\\\/hola-mundo\\\/\",\"url\":\"http:\\\/\\\/lila.valnaloneduca.com\\\/collasagradafamilia-2223\\\/2022\\\/09\\\/13\\\/hola-mundo\\\/\",\"name\":\"Empezamos con LILA! - La Igualdad Lleva A \u2026 \u2013 COL. LA SAGRADA FAMILIA- El Entrego, SMRA - 22\\\/23\",\"isPartOf\":{\"@id\":\"http:\\\/\\\/lila.valnaloneduca.com\\\/collasagradafamilia-2223\\\/#website\"},\"primaryImageOfPage\":{\"@id\":\"http:\\\/\\\/lila.valnaloneduca.com\\\/collasagradafamilia-2223\\\/2022\\\/09\\\/13\\\/hola-mundo\\\/#primaryimage\"},\"image\":{\"@id\":\"http:\\\/\\\/lila.valnaloneduca.com\\\/collasagradafamilia-2223\\\/2022\\\/09\\\/13\\\/hola-mundo\\\/#primaryimage\"},\"thumbnailUrl\":\"http:\\\/\\\/lila.valnaloneduca.com\\\/collasagradafamilia2021\\\/wp-content\\\/uploads\\\/sites\\\/12\\\/2021\\\/01\\\/sagrada-familia-1024x640.jpg\",\"datePublished\":\"2022-09-13T10:01:49+00:00\",\"dateModified\":\"2022-09-13T12:35:00+00:00\",\"breadcrumb\":{\"@id\":\"http:\\\/\\\/lila.valnaloneduca.com\\\/collasagradafamilia-2223\\\/2022\\\/09\\\/13\\\/hola-mundo\\\/#breadcrumb\"},\"inLanguage\":\"es\",\"potentialAction\":[{\"@type\":\"ReadAction\",\"target\":[\"http:\\\/\\\/lila.valnaloneduca.com\\\/collasagradafamilia-2223\\\/2022\\\/09\\\/13\\\/hola-mundo\\\/\"]}]},{\"@type\":\"ImageObject\",\"inLanguage\":\"es\",\"@id\":\"http:\\\/\\\/lila.valnaloneduca.com\\\/collasagradafamilia-2223\\\/2022\\\/09\\\/13\\\/hola-mundo\\\/#primaryimage\",\"url\":\"http:\\\/\\\/lila.valnaloneduca.com\\\/collasagradafamilia2021\\\/wp-content\\\/uploads\\\/sites\\\/12\\\/2021\\\/01\\\/sagrada-familia-1024x640.jpg\",\"contentUrl\":\"http:\\\/\\\/lila.valnaloneduca.com\\\/collasagradafamilia2021\\\/wp-content\\\/uploads\\\/sites\\\/12\\\/2021\\\/01\\\/sagrada-familia-1024x640.jpg\"},{\"@type\":\"BreadcrumbList\",\"@id\":\"http:\\\/\\\/lila.valnaloneduca.com\\\/collasagradafamilia-2223\\\/2022\\\/09\\\/13\\\/hola-mundo\\\/#breadcrumb\",\"itemListElement\":[{\"@type\":\"ListItem\",\"position\":1,\"name\":\"Portada\",\"item\":\"http:\\\/\\\/lila.valnaloneduca.com\\\/collasagradafamilia-2223\\\/\"},{\"@type\":\"ListItem\",\"position\":2,\"name\":\"Empezamos con LILA!\"}]},{\"@type\":\"WebSite\",\"@id\":\"http:\\\/\\\/lila.valnaloneduca.com\\\/collasagradafamilia-2223\\\/#website\",\"url\":\"http:\\\/\\\/lila.valnaloneduca.com\\\/collasagradafamilia-2223\\\/\",\"name\":\"La Igualdad Lleva A \u2026 \u2013 COL. LA SAGRADA FAMILIA- El Entrego, SMRA - 22\\\/23\",\"description\":\"La Igualdad Lleva A (LILA) es un Proyecto educativo de la Cadena de Formaci\u00f3n para Emprender del Principado de Asturias, que promueve el desarrollo de competencias emprendedoras al servicio de un trabajo para el empoderamiento y la promoci\u00f3n de la igualdad entre ni\u00f1os y ni\u00f1as de Educaci\u00f3n Primaria.\",\"publisher\":{\"@id\":\"http:\\\/\\\/lila.valnaloneduca.com\\\/collasagradafamilia-2223\\\/#organization\"},\"potentialAction\":[{\"@type\":\"SearchAction\",\"target\":{\"@type\":\"EntryPoint\",\"urlTemplate\":\"http:\\\/\\\/lila.valnaloneduca.com\\\/collasagradafamilia-2223\\\/?s={search_term_string}\"},\"query-input\":{\"@type\":\"PropertyValueSpecification\",\"valueRequired\":true,\"valueName\":\"search_term_string\"}}],\"inLanguage\":\"es\"},{\"@type\":\"Organization\",\"@id\":\"http:\\\/\\\/lila.valnaloneduca.com\\\/collasagradafamilia-2223\\\/#organization\",\"name\":\"La Igualdad Lleva A \u2026 \u2013 COL. LA SAGRADA FAMILIA- El Entrego, SMRA - 22\\\/23\",\"url\":\"http:\\\/\\\/lila.valnaloneduca.com\\\/collasagradafamilia-2223\\\/\",\"logo\":{\"@type\":\"ImageObject\",\"inLanguage\":\"es\",\"@id\":\"http:\\\/\\\/lila.valnaloneduca.com\\\/collasagradafamilia-2223\\\/#\\\/schema\\\/logo\\\/image\\\/\",\"url\":\"https:\\\/\\\/i0.wp.com\\\/lila.valnaloneduca.com\\\/collasagradafamilia-2223\\\/wp-content\\\/uploads\\\/sites\\\/25\\\/2022\\\/09\\\/cropped-cropped-cabecero-1.png?fit=240%2C118&ssl=1\",\"contentUrl\":\"https:\\\/\\\/i0.wp.com\\\/lila.valnaloneduca.com\\\/collasagradafamilia-2223\\\/wp-content\\\/uploads\\\/sites\\\/25\\\/2022\\\/09\\\/cropped-cropped-cabecero-1.png?fit=240%2C118&ssl=1\",\"width\":240,\"height\":118,\"caption\":\"La Igualdad Lleva A \u2026 \u2013 COL. LA SAGRADA FAMILIA- El Entrego, SMRA - 22\\\/23\"},\"image\":{\"@id\":\"http:\\\/\\\/lila.valnaloneduca.com\\\/collasagradafamilia-2223\\\/#\\\/schema\\\/logo\\\/image\\\/\"}},{\"@type\":\"Person\",\"@id\":\"http:\\\/\\\/lila.valnaloneduca.com\\\/collasagradafamilia-2223\\\/#\\\/schema\\\/person\\\/b1d0422b250e580f42a136a82137c682\",\"name\":\"lila\",\"image\":{\"@type\":\"ImageObject\",\"inLanguage\":\"es\",\"@id\":\"https:\\\/\\\/secure.gravatar.com\\\/avatar\\\/0a19043ae51bb80b0374edd52905a2458416f7c4e271ad0f728fde45dd03a88e?s=96&d=mm&r=g\",\"url\":\"https:\\\/\\\/secure.gravatar.com\\\/avatar\\\/0a19043ae51bb80b0374edd52905a2458416f7c4e271ad0f728fde45dd03a88e?s=96&d=mm&r=g\",\"contentUrl\":\"https:\\\/\\\/secure.gravatar.com\\\/avatar\\\/0a19043ae51bb80b0374edd52905a2458416f7c4e271ad0f728fde45dd03a88e?s=96&d=mm&r=g\",\"caption\":\"lila\"},\"url\":\"https:\\\/\\\/lila.valnaloneduca.com\\\/collasagradafamilia-2223\\\/author\\\/lila\\\/\"}]}<\/script>\n<!-- \/ Yoast SEO plugin. -->","yoast_head_json":{"title":"Empezamos con LILA! - La Igualdad Lleva A \u2026 \u2013 COL. LA SAGRADA FAMILIA- El Entrego, SMRA - 22\/23","robots":{"index":"index","follow":"follow","max-snippet":"max-snippet:-1","max-image-preview":"max-image-preview:large","max-video-preview":"max-video-preview:-1"},"canonical":"http:\/\/lila.valnaloneduca.com\/collasagradafamilia-2223\/2022\/09\/13\/hola-mundo\/","og_locale":"es_ES","og_type":"article","og_title":"Empezamos con LILA! - La Igualdad Lleva A \u2026 \u2013 COL. LA SAGRADA FAMILIA- El Entrego, SMRA - 22\/23","og_description":"Este curso escolar los alumno\/as de 3\u00ba empezamos con el Proyecto LILA en nuestro cole. Estamos deseando ponernos nuestras gafas moradas para empezar a descubrir, analizar y cambiar aquellas cosas que en nuestro entorno no nos acaban de convencer. \u00a1\u00a1Arrancamos con mucha ilusi\u00f3n y muchas ganas!! Os seguiremos contando&#8230;","og_url":"http:\/\/lila.valnaloneduca.com\/collasagradafamilia-2223\/2022\/09\/13\/hola-mundo\/","og_site_name":"La Igualdad Lleva A \u2026 \u2013 COL. LA SAGRADA FAMILIA- El Entrego, SMRA - 22\/23","article_published_time":"2022-09-13T10:01:49+00:00","article_modified_time":"2022-09-13T12:35:00+00:00","og_image":[{"url":"http:\/\/lila.valnaloneduca.com\/collasagradafamilia2021\/wp-content\/uploads\/sites\/12\/2021\/01\/sagrada-familia-1024x640.jpg","type":"","width":"","height":""}],"author":"lila","twitter_card":"summary_large_image","twitter_misc":{"Escrito por":"lila","Tiempo de lectura":"1 minuto"},"schema":{"@context":"https:\/\/schema.org","@graph":[{"@type":"Article","@id":"http:\/\/lila.valnaloneduca.com\/collasagradafamilia-2223\/2022\/09\/13\/hola-mundo\/#article","isPartOf":{"@id":"http:\/\/lila.valnaloneduca.com\/collasagradafamilia-2223\/2022\/09\/13\/hola-mundo\/"},"author":{"name":"lila","@id":"http:\/\/lila.valnaloneduca.com\/collasagradafamilia-2223\/#\/schema\/person\/b1d0422b250e580f42a136a82137c682"},"headline":"Empezamos con LILA!","datePublished":"2022-09-13T10:01:49+00:00","dateModified":"2022-09-13T12:35:00+00:00","mainEntityOfPage":{"@id":"http:\/\/lila.valnaloneduca.com\/collasagradafamilia-2223\/2022\/09\/13\/hola-mundo\/"},"wordCount":53,"commentCount":1,"publisher":{"@id":"http:\/\/lila.valnaloneduca.com\/collasagradafamilia-2223\/#organization"},"image":{"@id":"http:\/\/lila.valnaloneduca.com\/collasagradafamilia-2223\/2022\/09\/13\/hola-mundo\/#primaryimage"},"thumbnailUrl":"http:\/\/lila.valnaloneduca.com\/collasagradafamilia2021\/wp-content\/uploads\/sites\/12\/2021\/01\/sagrada-familia-1024x640.jpg","inLanguage":"es","potentialAction":[{"@type":"CommentAction","name":"Comment","target":["http:\/\/lila.valnaloneduca.com\/collasagradafamilia-2223\/2022\/09\/13\/hola-mundo\/#respond"]}]},{"@type":"WebPage","@id":"http:\/\/lila.valnaloneduca.com\/collasagradafamilia-2223\/2022\/09\/13\/hola-mundo\/","url":"http:\/\/lila.valnaloneduca.com\/collasagradafamilia-2223\/2022\/09\/13\/hola-mundo\/","name":"Empezamos con LILA! - La Igualdad Lleva A \u2026 \u2013 COL. LA SAGRADA FAMILIA- El Entrego, SMRA - 22\/23","isPartOf":{"@id":"http:\/\/lila.valnaloneduca.com\/collasagradafamilia-2223\/#website"},"primaryImageOfPage":{"@id":"http:\/\/lila.valnaloneduca.com\/collasagradafamilia-2223\/2022\/09\/13\/hola-mundo\/#primaryimage"},"image":{"@id":"http:\/\/lila.valnaloneduca.com\/collasagradafamilia-2223\/2022\/09\/13\/hola-mundo\/#primaryimage"},"thumbnailUrl":"http:\/\/lila.valnaloneduca.com\/collasagradafamilia2021\/wp-content\/uploads\/sites\/12\/2021\/01\/sagrada-familia-1024x640.jpg","datePublished":"2022-09-13T10:01:49+00:00","dateModified":"2022-09-13T12:35:00+00:00","breadcrumb":{"@id":"http:\/\/lila.valnaloneduca.com\/collasagradafamilia-2223\/2022\/09\/13\/hola-mundo\/#breadcrumb"},"inLanguage":"es","potentialAction":[{"@type":"ReadAction","target":["http:\/\/lila.valnaloneduca.com\/collasagradafamilia-2223\/2022\/09\/13\/hola-mundo\/"]}]},{"@type":"ImageObject","inLanguage":"es","@id":"http:\/\/lila.valnaloneduca.com\/collasagradafamilia-2223\/2022\/09\/13\/hola-mundo\/#primaryimage","url":"http:\/\/lila.valnaloneduca.com\/collasagradafamilia2021\/wp-content\/uploads\/sites\/12\/2021\/01\/sagrada-familia-1024x640.jpg","contentUrl":"http:\/\/lila.valnaloneduca.com\/collasagradafamilia2021\/wp-content\/uploads\/sites\/12\/2021\/01\/sagrada-familia-1024x640.jpg"},{"@type":"BreadcrumbList","@id":"http:\/\/lila.valnaloneduca.com\/collasagradafamilia-2223\/2022\/09\/13\/hola-mundo\/#breadcrumb","itemListElement":[{"@type":"ListItem","position":1,"name":"Portada","item":"http:\/\/lila.valnaloneduca.com\/collasagradafamilia-2223\/"},{"@type":"ListItem","position":2,"name":"Empezamos con LILA!"}]},{"@type":"WebSite","@id":"http:\/\/lila.valnaloneduca.com\/collasagradafamilia-2223\/#website","url":"http:\/\/lila.valnaloneduca.com\/collasagradafamilia-2223\/","name":"La Igualdad Lleva A \u2026 \u2013 COL. LA SAGRADA FAMILIA- El Entrego, SMRA - 22\/23","description":"La Igualdad Lleva A (LILA) es un Proyecto educativo de la Cadena de Formaci\u00f3n para Emprender del Principado de Asturias, que promueve el desarrollo de competencias emprendedoras al servicio de un trabajo para el empoderamiento y la promoci\u00f3n de la igualdad entre ni\u00f1os y ni\u00f1as de Educaci\u00f3n Primaria.","publisher":{"@id":"http:\/\/lila.valnaloneduca.com\/collasagradafamilia-2223\/#organization"},"potentialAction":[{"@type":"SearchAction","target":{"@type":"EntryPoint","urlTemplate":"http:\/\/lila.valnaloneduca.com\/collasagradafamilia-2223\/?s={search_term_string}"},"query-input":{"@type":"PropertyValueSpecification","valueRequired":true,"valueName":"search_term_string"}}],"inLanguage":"es"},{"@type":"Organization","@id":"http:\/\/lila.valnaloneduca.com\/collasagradafamilia-2223\/#organization","name":"La Igualdad Lleva A \u2026 \u2013 COL. LA SAGRADA FAMILIA- El Entrego, SMRA - 22\/23","url":"http:\/\/lila.valnaloneduca.com\/collasagradafamilia-2223\/","logo":{"@type":"ImageObject","inLanguage":"es","@id":"http:\/\/lila.valnaloneduca.com\/collasagradafamilia-2223\/#\/schema\/logo\/image\/","url":"https:\/\/i0.wp.com\/lila.valnaloneduca.com\/collasagradafamilia-2223\/wp-content\/uploads\/sites\/25\/2022\/09\/cropped-cropped-cabecero-1.png?fit=240%2C118&ssl=1","contentUrl":"https:\/\/i0.wp.com\/lila.valnaloneduca.com\/collasagradafamilia-2223\/wp-content\/uploads\/sites\/25\/2022\/09\/cropped-cropped-cabecero-1.png?fit=240%2C118&ssl=1","width":240,"height":118,"caption":"La Igualdad Lleva A \u2026 \u2013 COL. LA SAGRADA FAMILIA- El Entrego, SMRA - 22\/23"},"image":{"@id":"http:\/\/lila.valnaloneduca.com\/collasagradafamilia-2223\/#\/schema\/logo\/image\/"}},{"@type":"Person","@id":"http:\/\/lila.valnaloneduca.com\/collasagradafamilia-2223\/#\/schema\/person\/b1d0422b250e580f42a136a82137c682","name":"lila","image":{"@type":"ImageObject","inLanguage":"es","@id":"https:\/\/secure.gravatar.com\/avatar\/0a19043ae51bb80b0374edd52905a2458416f7c4e271ad0f728fde45dd03a88e?s=96&d=mm&r=g","url":"https:\/\/secure.gravatar.com\/avatar\/0a19043ae51bb80b0374edd52905a2458416f7c4e271ad0f728fde45dd03a88e?s=96&d=mm&r=g","contentUrl":"https:\/\/secure.gravatar.com\/avatar\/0a19043ae51bb80b0374edd52905a2458416f7c4e271ad0f728fde45dd03a88e?s=96&d=mm&r=g","caption":"lila"},"url":"https:\/\/lila.valnaloneduca.com\/collasagradafamilia-2223\/author\/lila\/"}]}},"jetpack_featured_media_url":"","jetpack_sharing_enabled":true,"_links":{"self":[{"href":"https:\/\/lila.valnaloneduca.com\/collasagradafamilia-2223\/wp-json\/wp\/v2\/posts\/1","targetHints":{"allow":["GET"]}}],"collection":[{"href":"https:\/\/lila.valnaloneduca.com\/collasagradafamilia-2223\/wp-json\/wp\/v2\/posts"}],"about":[{"href":"https:\/\/lila.valnaloneduca.com\/collasagradafamilia-2223\/wp-json\/wp\/v2\/types\/post"}],"author":[{"embeddable":true,"href":"https:\/\/lila.valnaloneduca.com\/collasagradafamilia-2223\/wp-json\/wp\/v2\/users\/2"}],"replies":[{"embeddable":true,"href":"https:\/\/lila.valnaloneduca.com\/collasagradafamilia-2223\/wp-json\/wp\/v2\/comments?post=1"}],"version-history":[{"count":3,"href":"https:\/\/lila.valnaloneduca.com\/collasagradafamilia-2223\/wp-json\/wp\/v2\/posts\/1\/revisions"}],"predecessor-version":[{"id":28,"href":"https:\/\/lila.valnaloneduca.com\/collasagradafamilia-2223\/wp-json\/wp\/v2\/posts\/1\/revisions\/28"}],"wp:attachment":[{"href":"https:\/\/lila.valnaloneduca.com\/collasagradafamilia-2223\/wp-json\/wp\/v2\/media?parent=1"}],"wp:term":[{"taxonomy":"category","embeddable":true,"href":"https:\/\/lila.valnaloneduca.com\/collasagradafamilia-2223\/wp-json\/wp\/v2\/categories?post=1"},{"taxonomy":"post_tag","embeddable":true,"href":"https:\/\/lila.valnaloneduca.com\/collasagradafamilia-2223\/wp-json\/wp\/v2\/tags?post=1"}],"curies":[{"name":"wp","href":"https:\/\/api.w.org\/{rel}","templated":true}]}}