{"id":80,"date":"2021-06-15T06:48:42","date_gmt":"2021-06-15T06:48:42","guid":{"rendered":"http:\/\/lila.valnaloneduca.com\/colnuestrasenoradelrosario2021\/?p=80"},"modified":"2021-06-21T12:25:32","modified_gmt":"2021-06-21T12:25:32","slug":"nuestro-proyecto-concurso-lila","status":"publish","type":"post","link":"https:\/\/lila.valnaloneduca.com\/colnuestrasenoradelrosario2021\/2021\/06\/15\/nuestro-proyecto-concurso-lila\/","title":{"rendered":"Nuestros Proyectos LILA"},"content":{"rendered":"\n<p>Nos gustar\u00eda poder compartir con nuestros compa\u00f1eros y compa\u00f1eras del <a href=\"https:\/\/dominicassama.es\/\" target=\"_blank\" rel=\"noreferrer noopener\">Colegio<\/a> todo lo que hemos aprendido mientras hemos participado en LILA este curso. <\/p>\n\n\n\n<p>Para ello el grupo de 4\u00ba de primaria hemos organizado una actividad, un <strong>Concurso de Dibujo<\/strong> sobre la <strong>Igualdad de G\u00e9nero<\/strong>, para ellos hemos preparado un video explicando lo que hemos aprendido e invit\u00e1ndoles a participar.<\/p>\n\n\n\n<figure class=\"wp-block-embed is-type-video is-provider-youtube wp-block-embed-youtube wp-embed-aspect-16-9 wp-has-aspect-ratio\"><div class=\"wp-block-embed__wrapper\">\n<iframe loading=\"lazy\" title=\"V\u00eddeo Concurso Proyecto Lila\" width=\"840\" height=\"473\" src=\"https:\/\/www.youtube.com\/embed\/olC7jKITCxg?feature=oembed\" frameborder=\"0\" allow=\"accelerometer; autoplay; clipboard-write; encrypted-media; gyroscope; picture-in-picture\" allowfullscreen><\/iframe>\n<\/div><\/figure>\n\n\n\n<p>Y los ni\u00f1os y ni\u00f1as de 3\u00ba hemos preparado el Cuento La Valiente Durmiente para nuestros compa\u00f1eros y compa\u00f1eras de educaci\u00f3n infantil libre de estereotipos.<\/p>\n\n\n\n<figure class=\"wp-block-embed is-type-video is-provider-youtube wp-block-embed-youtube wp-embed-aspect-16-9 wp-has-aspect-ratio\"><div class=\"wp-block-embed__wrapper\">\n<iframe loading=\"lazy\" title=\"Cuento LILA - La Valiente Durmiente - Col. Nuestra Se\u00f1ora del Rosario\" width=\"840\" height=\"473\" src=\"https:\/\/www.youtube.com\/embed\/XxpXoJ72FAw?feature=oembed\" frameborder=\"0\" allow=\"accelerometer; autoplay; clipboard-write; encrypted-media; gyroscope; picture-in-picture\" allowfullscreen><\/iframe>\n<\/div><\/figure>\n\n\n\n<p>\u00a1\u00a1Hemos recibido muchas felicitaciones por nuestros Proyectos, as\u00ed que pensamos que hemos logrado nuestro objetivo!!<\/p>\n\n\n\n<p><\/p>\n","protected":false},"excerpt":{"rendered":"<p>Nos gustar\u00eda poder compartir con nuestros compa\u00f1eros y compa\u00f1eras del Colegio todo lo que hemos aprendido mientras hemos participado en LILA este curso. Para ello el grupo de 4\u00ba de primaria hemos organizado una actividad, un Concurso de Dibujo sobre la Igualdad de G\u00e9nero, para ellos hemos preparado un video explicando lo que hemos aprendido &hellip; <a href=\"https:\/\/lila.valnaloneduca.com\/colnuestrasenoradelrosario2021\/2021\/06\/15\/nuestro-proyecto-concurso-lila\/\" class=\"more-link\">Continuar leyendo<span class=\"screen-reader-text\"> \u00abNuestros Proyectos LILA\u00bb<\/span><\/a><\/p>\n","protected":false},"author":5,"featured_media":0,"comment_status":"open","ping_status":"open","sticky":false,"template":"","format":"standard","meta":{"_jetpack_memberships_contains_paid_content":false,"footnotes":""},"categories":[1],"tags":[4,7,6,2,3],"class_list":["post-80","post","type-post","status-publish","format-standard","hentry","category-sin-categoria","tag-coeducacion","tag-educacionemprendedora","tag-laigualdadllevaa","tag-valnalon","tag-valnaloneduca"],"yoast_head":"<!-- This site is optimized with the Yoast SEO plugin v27.5 - https:\/\/yoast.com\/product\/yoast-seo-wordpress\/ -->\n<title>Nuestros Proyectos LILA - La Igualdad Lleva A \u2026 \u2013 COL. NUESTRA SE\u00d1ORA DEL ROSARIO- Sama de Langreo<\/title>\n<meta name=\"robots\" content=\"index, follow, max-snippet:-1, max-image-preview:large, max-video-preview:-1\" \/>\n<link rel=\"canonical\" href=\"http:\/\/lila.valnaloneduca.com\/colnuestrasenoradelrosario2021\/2021\/06\/15\/nuestro-proyecto-concurso-lila\/\" \/>\n<meta property=\"og:locale\" content=\"es_ES\" \/>\n<meta property=\"og:type\" content=\"article\" \/>\n<meta property=\"og:title\" content=\"Nuestros Proyectos LILA - La Igualdad Lleva A \u2026 \u2013 COL. NUESTRA SE\u00d1ORA DEL ROSARIO- Sama de Langreo\" \/>\n<meta property=\"og:description\" content=\"Nos gustar\u00eda poder compartir con nuestros compa\u00f1eros y compa\u00f1eras del Colegio todo lo que hemos aprendido mientras hemos participado en LILA este curso. Para ello el grupo de 4\u00ba de primaria hemos organizado una actividad, un Concurso de Dibujo sobre la Igualdad de G\u00e9nero, para ellos hemos preparado un video explicando lo que hemos aprendido &hellip; Continuar leyendo &quot;Nuestros Proyectos LILA&quot;\" \/>\n<meta property=\"og:url\" content=\"http:\/\/lila.valnaloneduca.com\/colnuestrasenoradelrosario2021\/2021\/06\/15\/nuestro-proyecto-concurso-lila\/\" \/>\n<meta property=\"og:site_name\" content=\"La Igualdad Lleva A \u2026 \u2013 COL. NUESTRA SE\u00d1ORA DEL ROSARIO- Sama de Langreo\" \/>\n<meta property=\"article:published_time\" content=\"2021-06-15T06:48:42+00:00\" \/>\n<meta property=\"article:modified_time\" content=\"2021-06-21T12:25:32+00:00\" \/>\n<meta name=\"twitter:card\" content=\"summary_large_image\" \/>\n<meta name=\"twitter:label1\" content=\"Escrito por\" \/>\n\t<meta name=\"twitter:data1\" content=\"\" \/>\n\t<meta name=\"twitter:label2\" content=\"Tiempo de lectura\" \/>\n\t<meta name=\"twitter:data2\" content=\"1 minuto\" \/>\n<script type=\"application\/ld+json\" class=\"yoast-schema-graph\">{\"@context\":\"https:\\\/\\\/schema.org\",\"@graph\":[{\"@type\":\"Article\",\"@id\":\"http:\\\/\\\/lila.valnaloneduca.com\\\/colnuestrasenoradelrosario2021\\\/2021\\\/06\\\/15\\\/nuestro-proyecto-concurso-lila\\\/#article\",\"isPartOf\":{\"@id\":\"http:\\\/\\\/lila.valnaloneduca.com\\\/colnuestrasenoradelrosario2021\\\/2021\\\/06\\\/15\\\/nuestro-proyecto-concurso-lila\\\/\"},\"author\":{\"name\":\"\",\"@id\":\"\"},\"headline\":\"Nuestros Proyectos LILA\",\"datePublished\":\"2021-06-15T06:48:42+00:00\",\"dateModified\":\"2021-06-21T12:25:32+00:00\",\"mainEntityOfPage\":{\"@id\":\"http:\\\/\\\/lila.valnaloneduca.com\\\/colnuestrasenoradelrosario2021\\\/2021\\\/06\\\/15\\\/nuestro-proyecto-concurso-lila\\\/\"},\"wordCount\":123,\"commentCount\":0,\"publisher\":{\"@id\":\"http:\\\/\\\/lila.valnaloneduca.com\\\/colnuestrasenoradelrosario2021\\\/#organization\"},\"keywords\":[\"coeducacion\",\"educacionemprendedora\",\"laigualdadllevaa\",\"valnalon\",\"valnaloneduca\"],\"inLanguage\":\"es\",\"potentialAction\":[{\"@type\":\"CommentAction\",\"name\":\"Comment\",\"target\":[\"http:\\\/\\\/lila.valnaloneduca.com\\\/colnuestrasenoradelrosario2021\\\/2021\\\/06\\\/15\\\/nuestro-proyecto-concurso-lila\\\/#respond\"]}]},{\"@type\":\"WebPage\",\"@id\":\"http:\\\/\\\/lila.valnaloneduca.com\\\/colnuestrasenoradelrosario2021\\\/2021\\\/06\\\/15\\\/nuestro-proyecto-concurso-lila\\\/\",\"url\":\"http:\\\/\\\/lila.valnaloneduca.com\\\/colnuestrasenoradelrosario2021\\\/2021\\\/06\\\/15\\\/nuestro-proyecto-concurso-lila\\\/\",\"name\":\"Nuestros Proyectos LILA - La Igualdad Lleva A \u2026 \u2013 COL. NUESTRA SE\u00d1ORA DEL ROSARIO- Sama de Langreo\",\"isPartOf\":{\"@id\":\"http:\\\/\\\/lila.valnaloneduca.com\\\/colnuestrasenoradelrosario2021\\\/#website\"},\"datePublished\":\"2021-06-15T06:48:42+00:00\",\"dateModified\":\"2021-06-21T12:25:32+00:00\",\"breadcrumb\":{\"@id\":\"http:\\\/\\\/lila.valnaloneduca.com\\\/colnuestrasenoradelrosario2021\\\/2021\\\/06\\\/15\\\/nuestro-proyecto-concurso-lila\\\/#breadcrumb\"},\"inLanguage\":\"es\",\"potentialAction\":[{\"@type\":\"ReadAction\",\"target\":[\"http:\\\/\\\/lila.valnaloneduca.com\\\/colnuestrasenoradelrosario2021\\\/2021\\\/06\\\/15\\\/nuestro-proyecto-concurso-lila\\\/\"]}]},{\"@type\":\"BreadcrumbList\",\"@id\":\"http:\\\/\\\/lila.valnaloneduca.com\\\/colnuestrasenoradelrosario2021\\\/2021\\\/06\\\/15\\\/nuestro-proyecto-concurso-lila\\\/#breadcrumb\",\"itemListElement\":[{\"@type\":\"ListItem\",\"position\":1,\"name\":\"Portada\",\"item\":\"http:\\\/\\\/lila.valnaloneduca.com\\\/colnuestrasenoradelrosario2021\\\/\"},{\"@type\":\"ListItem\",\"position\":2,\"name\":\"Nuestros Proyectos LILA\"}]},{\"@type\":\"WebSite\",\"@id\":\"http:\\\/\\\/lila.valnaloneduca.com\\\/colnuestrasenoradelrosario2021\\\/#website\",\"url\":\"http:\\\/\\\/lila.valnaloneduca.com\\\/colnuestrasenoradelrosario2021\\\/\",\"name\":\"La Igualdad Lleva A \u2026 \u2013 COL. NUESTRA SE\u00d1ORA DEL ROSARIO- Sama de Langreo\",\"description\":\"La Igualdad Lleva A (LILA) es un Proyecto educativo de la Cadena de Formaci\u00f3n para Emprender del Principado de Asturias, que promueve el desarrollo de competencias emprendedoras al servicio de un trabajo para el empoderamiento y la promoci\u00f3n de la igualdad entre ni\u00f1os y ni\u00f1as de 3\u00ba y 4\u00ba curso de Educaci\u00f3n Primaria.\",\"publisher\":{\"@id\":\"http:\\\/\\\/lila.valnaloneduca.com\\\/colnuestrasenoradelrosario2021\\\/#organization\"},\"potentialAction\":[{\"@type\":\"SearchAction\",\"target\":{\"@type\":\"EntryPoint\",\"urlTemplate\":\"http:\\\/\\\/lila.valnaloneduca.com\\\/colnuestrasenoradelrosario2021\\\/?s={search_term_string}\"},\"query-input\":{\"@type\":\"PropertyValueSpecification\",\"valueRequired\":true,\"valueName\":\"search_term_string\"}}],\"inLanguage\":\"es\"},{\"@type\":\"Organization\",\"@id\":\"http:\\\/\\\/lila.valnaloneduca.com\\\/colnuestrasenoradelrosario2021\\\/#organization\",\"name\":\"La Igualdad Lleva A \u2026 \u2013 COL. NUESTRA SE\u00d1ORA DEL ROSARIO- Sama de Langreo\",\"url\":\"http:\\\/\\\/lila.valnaloneduca.com\\\/colnuestrasenoradelrosario2021\\\/\",\"logo\":{\"@type\":\"ImageObject\",\"inLanguage\":\"es\",\"@id\":\"http:\\\/\\\/lila.valnaloneduca.com\\\/colnuestrasenoradelrosario2021\\\/#\\\/schema\\\/logo\\\/image\\\/\",\"url\":\"https:\\\/\\\/i0.wp.com\\\/lila.valnaloneduca.com\\\/colnuestrasenoradelrosario2021\\\/wp-content\\\/uploads\\\/sites\\\/10\\\/2021\\\/01\\\/cropped-logo-cabecero.png?fit=240%2C148&ssl=1\",\"contentUrl\":\"https:\\\/\\\/i0.wp.com\\\/lila.valnaloneduca.com\\\/colnuestrasenoradelrosario2021\\\/wp-content\\\/uploads\\\/sites\\\/10\\\/2021\\\/01\\\/cropped-logo-cabecero.png?fit=240%2C148&ssl=1\",\"width\":240,\"height\":148,\"caption\":\"La Igualdad Lleva A \u2026 \u2013 COL. NUESTRA SE\u00d1ORA DEL ROSARIO- Sama de Langreo\"},\"image\":{\"@id\":\"http:\\\/\\\/lila.valnaloneduca.com\\\/colnuestrasenoradelrosario2021\\\/#\\\/schema\\\/logo\\\/image\\\/\"}},{\"@type\":\"Person\",\"@id\":\"\",\"url\":\"https:\\\/\\\/lila.valnaloneduca.com\\\/colnuestrasenoradelrosario2021\\\/author\\\/\"}]}<\/script>\n<!-- \/ Yoast SEO plugin. -->","yoast_head_json":{"title":"Nuestros Proyectos LILA - La Igualdad Lleva A \u2026 \u2013 COL. NUESTRA SE\u00d1ORA DEL ROSARIO- Sama de Langreo","robots":{"index":"index","follow":"follow","max-snippet":"max-snippet:-1","max-image-preview":"max-image-preview:large","max-video-preview":"max-video-preview:-1"},"canonical":"http:\/\/lila.valnaloneduca.com\/colnuestrasenoradelrosario2021\/2021\/06\/15\/nuestro-proyecto-concurso-lila\/","og_locale":"es_ES","og_type":"article","og_title":"Nuestros Proyectos LILA - La Igualdad Lleva A \u2026 \u2013 COL. NUESTRA SE\u00d1ORA DEL ROSARIO- Sama de Langreo","og_description":"Nos gustar\u00eda poder compartir con nuestros compa\u00f1eros y compa\u00f1eras del Colegio todo lo que hemos aprendido mientras hemos participado en LILA este curso. Para ello el grupo de 4\u00ba de primaria hemos organizado una actividad, un Concurso de Dibujo sobre la Igualdad de G\u00e9nero, para ellos hemos preparado un video explicando lo que hemos aprendido &hellip; Continuar leyendo \"Nuestros Proyectos LILA\"","og_url":"http:\/\/lila.valnaloneduca.com\/colnuestrasenoradelrosario2021\/2021\/06\/15\/nuestro-proyecto-concurso-lila\/","og_site_name":"La Igualdad Lleva A \u2026 \u2013 COL. NUESTRA SE\u00d1ORA DEL ROSARIO- Sama de Langreo","article_published_time":"2021-06-15T06:48:42+00:00","article_modified_time":"2021-06-21T12:25:32+00:00","twitter_card":"summary_large_image","twitter_misc":{"Escrito por":"","Tiempo de lectura":"1 minuto"},"schema":{"@context":"https:\/\/schema.org","@graph":[{"@type":"Article","@id":"http:\/\/lila.valnaloneduca.com\/colnuestrasenoradelrosario2021\/2021\/06\/15\/nuestro-proyecto-concurso-lila\/#article","isPartOf":{"@id":"http:\/\/lila.valnaloneduca.com\/colnuestrasenoradelrosario2021\/2021\/06\/15\/nuestro-proyecto-concurso-lila\/"},"author":{"name":"","@id":""},"headline":"Nuestros Proyectos LILA","datePublished":"2021-06-15T06:48:42+00:00","dateModified":"2021-06-21T12:25:32+00:00","mainEntityOfPage":{"@id":"http:\/\/lila.valnaloneduca.com\/colnuestrasenoradelrosario2021\/2021\/06\/15\/nuestro-proyecto-concurso-lila\/"},"wordCount":123,"commentCount":0,"publisher":{"@id":"http:\/\/lila.valnaloneduca.com\/colnuestrasenoradelrosario2021\/#organization"},"keywords":["coeducacion","educacionemprendedora","laigualdadllevaa","valnalon","valnaloneduca"],"inLanguage":"es","potentialAction":[{"@type":"CommentAction","name":"Comment","target":["http:\/\/lila.valnaloneduca.com\/colnuestrasenoradelrosario2021\/2021\/06\/15\/nuestro-proyecto-concurso-lila\/#respond"]}]},{"@type":"WebPage","@id":"http:\/\/lila.valnaloneduca.com\/colnuestrasenoradelrosario2021\/2021\/06\/15\/nuestro-proyecto-concurso-lila\/","url":"http:\/\/lila.valnaloneduca.com\/colnuestrasenoradelrosario2021\/2021\/06\/15\/nuestro-proyecto-concurso-lila\/","name":"Nuestros Proyectos LILA - La Igualdad Lleva A \u2026 \u2013 COL. NUESTRA SE\u00d1ORA DEL ROSARIO- Sama de Langreo","isPartOf":{"@id":"http:\/\/lila.valnaloneduca.com\/colnuestrasenoradelrosario2021\/#website"},"datePublished":"2021-06-15T06:48:42+00:00","dateModified":"2021-06-21T12:25:32+00:00","breadcrumb":{"@id":"http:\/\/lila.valnaloneduca.com\/colnuestrasenoradelrosario2021\/2021\/06\/15\/nuestro-proyecto-concurso-lila\/#breadcrumb"},"inLanguage":"es","potentialAction":[{"@type":"ReadAction","target":["http:\/\/lila.valnaloneduca.com\/colnuestrasenoradelrosario2021\/2021\/06\/15\/nuestro-proyecto-concurso-lila\/"]}]},{"@type":"BreadcrumbList","@id":"http:\/\/lila.valnaloneduca.com\/colnuestrasenoradelrosario2021\/2021\/06\/15\/nuestro-proyecto-concurso-lila\/#breadcrumb","itemListElement":[{"@type":"ListItem","position":1,"name":"Portada","item":"http:\/\/lila.valnaloneduca.com\/colnuestrasenoradelrosario2021\/"},{"@type":"ListItem","position":2,"name":"Nuestros Proyectos LILA"}]},{"@type":"WebSite","@id":"http:\/\/lila.valnaloneduca.com\/colnuestrasenoradelrosario2021\/#website","url":"http:\/\/lila.valnaloneduca.com\/colnuestrasenoradelrosario2021\/","name":"La Igualdad Lleva A \u2026 \u2013 COL. NUESTRA SE\u00d1ORA DEL ROSARIO- Sama de Langreo","description":"La Igualdad Lleva A (LILA) es un Proyecto educativo de la Cadena de Formaci\u00f3n para Emprender del Principado de Asturias, que promueve el desarrollo de competencias emprendedoras al servicio de un trabajo para el empoderamiento y la promoci\u00f3n de la igualdad entre ni\u00f1os y ni\u00f1as de 3\u00ba y 4\u00ba curso de Educaci\u00f3n Primaria.","publisher":{"@id":"http:\/\/lila.valnaloneduca.com\/colnuestrasenoradelrosario2021\/#organization"},"potentialAction":[{"@type":"SearchAction","target":{"@type":"EntryPoint","urlTemplate":"http:\/\/lila.valnaloneduca.com\/colnuestrasenoradelrosario2021\/?s={search_term_string}"},"query-input":{"@type":"PropertyValueSpecification","valueRequired":true,"valueName":"search_term_string"}}],"inLanguage":"es"},{"@type":"Organization","@id":"http:\/\/lila.valnaloneduca.com\/colnuestrasenoradelrosario2021\/#organization","name":"La Igualdad Lleva A \u2026 \u2013 COL. NUESTRA SE\u00d1ORA DEL ROSARIO- Sama de Langreo","url":"http:\/\/lila.valnaloneduca.com\/colnuestrasenoradelrosario2021\/","logo":{"@type":"ImageObject","inLanguage":"es","@id":"http:\/\/lila.valnaloneduca.com\/colnuestrasenoradelrosario2021\/#\/schema\/logo\/image\/","url":"https:\/\/i0.wp.com\/lila.valnaloneduca.com\/colnuestrasenoradelrosario2021\/wp-content\/uploads\/sites\/10\/2021\/01\/cropped-logo-cabecero.png?fit=240%2C148&ssl=1","contentUrl":"https:\/\/i0.wp.com\/lila.valnaloneduca.com\/colnuestrasenoradelrosario2021\/wp-content\/uploads\/sites\/10\/2021\/01\/cropped-logo-cabecero.png?fit=240%2C148&ssl=1","width":240,"height":148,"caption":"La Igualdad Lleva A \u2026 \u2013 COL. NUESTRA SE\u00d1ORA DEL ROSARIO- Sama de Langreo"},"image":{"@id":"http:\/\/lila.valnaloneduca.com\/colnuestrasenoradelrosario2021\/#\/schema\/logo\/image\/"}},{"@type":"Person","@id":"","url":"https:\/\/lila.valnaloneduca.com\/colnuestrasenoradelrosario2021\/author\/"}]}},"jetpack_featured_media_url":"","jetpack_sharing_enabled":true,"_links":{"self":[{"href":"https:\/\/lila.valnaloneduca.com\/colnuestrasenoradelrosario2021\/wp-json\/wp\/v2\/posts\/80","targetHints":{"allow":["GET"]}}],"collection":[{"href":"https:\/\/lila.valnaloneduca.com\/colnuestrasenoradelrosario2021\/wp-json\/wp\/v2\/posts"}],"about":[{"href":"https:\/\/lila.valnaloneduca.com\/colnuestrasenoradelrosario2021\/wp-json\/wp\/v2\/types\/post"}],"author":[{"embeddable":true,"href":"https:\/\/lila.valnaloneduca.com\/colnuestrasenoradelrosario2021\/wp-json\/wp\/v2\/users\/5"}],"replies":[{"embeddable":true,"href":"https:\/\/lila.valnaloneduca.com\/colnuestrasenoradelrosario2021\/wp-json\/wp\/v2\/comments?post=80"}],"version-history":[{"count":3,"href":"https:\/\/lila.valnaloneduca.com\/colnuestrasenoradelrosario2021\/wp-json\/wp\/v2\/posts\/80\/revisions"}],"predecessor-version":[{"id":84,"href":"https:\/\/lila.valnaloneduca.com\/colnuestrasenoradelrosario2021\/wp-json\/wp\/v2\/posts\/80\/revisions\/84"}],"wp:attachment":[{"href":"https:\/\/lila.valnaloneduca.com\/colnuestrasenoradelrosario2021\/wp-json\/wp\/v2\/media?parent=80"}],"wp:term":[{"taxonomy":"category","embeddable":true,"href":"https:\/\/lila.valnaloneduca.com\/colnuestrasenoradelrosario2021\/wp-json\/wp\/v2\/categories?post=80"},{"taxonomy":"post_tag","embeddable":true,"href":"https:\/\/lila.valnaloneduca.com\/colnuestrasenoradelrosario2021\/wp-json\/wp\/v2\/tags?post=80"}],"curies":[{"name":"wp","href":"https:\/\/api.w.org\/{rel}","templated":true}]}}