{"id":137,"date":"2022-03-08T22:34:36","date_gmt":"2022-03-08T22:34:36","guid":{"rendered":"http:\/\/lila.valnaloneduca.com\/colsantodomingo2022\/?p=137"},"modified":"2022-03-08T22:36:27","modified_gmt":"2022-03-08T22:36:27","slug":"dia-internacional-de-la-mujer","status":"publish","type":"post","link":"https:\/\/lila.valnaloneduca.com\/colsantodomingo2022\/2022\/03\/08\/dia-internacional-de-la-mujer\/","title":{"rendered":"D\u00eda Internacional de la Mujer"},"content":{"rendered":"\n<p>Hoy es, sin duda, un d\u00eda muy importante, un d\u00eda que no puede pasar desapercibido para nadie y menos para nosotros\/as.<\/p>\n\n\n\n<p>Por ello, los ni\u00f1os y las ni\u00f1as de 3\u00ba EP del Colegio Santo Domingo (Navia), queremos conmemorar este d\u00eda de una forma muy especial: compartiendo con vosotros\/as un v\u00eddeo que creamos con mucha ilusi\u00f3n y mucho cari\u00f1o.<\/p>\n\n\n\n<p>\u00bfQuieres verlo? \u00a1Solo tienes que darle al play!<\/p>\n\n\n\n<figure class=\"wp-block-embed is-type-video is-provider-youtube wp-block-embed-youtube wp-embed-aspect-16-9 wp-has-aspect-ratio\"><div class=\"wp-block-embed__wrapper\">\n<iframe loading=\"lazy\" title=\"8 MARZO 2022 (D\u00cdA INTERNACIONAL DE LA MUJER)\" width=\"840\" height=\"473\" src=\"https:\/\/www.youtube.com\/embed\/v-pO3uaVJhI?feature=oembed\" frameborder=\"0\" allow=\"accelerometer; autoplay; clipboard-write; encrypted-media; gyroscope; picture-in-picture\" allowfullscreen><\/iframe>\n<\/div><\/figure>\n\n\n\n<p>Con este detalle queremos dar las gracias a todas las ni\u00f1as y mujeres de nuestra vida, porque todas, absolutamente todas, son extraordinarias.<\/p>\n\n\n\n<p><\/p>\n","protected":false},"excerpt":{"rendered":"<p>Hoy es, sin duda, un d\u00eda muy importante, un d\u00eda que no puede pasar desapercibido para nadie y menos para nosotros\/as. Por ello, los ni\u00f1os y las ni\u00f1as de 3\u00ba EP del Colegio Santo Domingo (Navia), queremos conmemorar este d\u00eda de una forma muy especial: compartiendo con vosotros\/as un v\u00eddeo que creamos con mucha ilusi\u00f3n &hellip; <a href=\"https:\/\/lila.valnaloneduca.com\/colsantodomingo2022\/2022\/03\/08\/dia-internacional-de-la-mujer\/\" class=\"more-link\">Continuar leyendo<span class=\"screen-reader-text\"> \u00abD\u00eda Internacional de la Mujer\u00bb<\/span><\/a><\/p>\n","protected":false},"author":20,"featured_media":0,"comment_status":"open","ping_status":"open","sticky":false,"template":"","format":"standard","meta":{"_jetpack_memberships_contains_paid_content":false,"footnotes":""},"categories":[1],"tags":[],"class_list":["post-137","post","type-post","status-publish","format-standard","hentry","category-sin-categoria"],"yoast_head":"<!-- This site is optimized with the Yoast SEO plugin v27.5 - https:\/\/yoast.com\/product\/yoast-seo-wordpress\/ -->\n<title>D\u00eda Internacional de la Mujer - LILA - La Igualdad Lleva A... - COL SANTO DOMINGO - Navia 21\/22<\/title>\n<meta name=\"robots\" content=\"index, follow, max-snippet:-1, max-image-preview:large, max-video-preview:-1\" \/>\n<link rel=\"canonical\" href=\"http:\/\/lila.valnaloneduca.com\/colsantodomingo2022\/2022\/03\/08\/dia-internacional-de-la-mujer\/\" \/>\n<meta property=\"og:locale\" content=\"es_ES\" \/>\n<meta property=\"og:type\" content=\"article\" \/>\n<meta property=\"og:title\" content=\"D\u00eda Internacional de la Mujer - LILA - La Igualdad Lleva A... - COL SANTO DOMINGO - Navia 21\/22\" \/>\n<meta property=\"og:description\" content=\"Hoy es, sin duda, un d\u00eda muy importante, un d\u00eda que no puede pasar desapercibido para nadie y menos para nosotros\/as. Por ello, los ni\u00f1os y las ni\u00f1as de 3\u00ba EP del Colegio Santo Domingo (Navia), queremos conmemorar este d\u00eda de una forma muy especial: compartiendo con vosotros\/as un v\u00eddeo que creamos con mucha ilusi\u00f3n &hellip; Continuar leyendo &quot;D\u00eda Internacional de la Mujer&quot;\" \/>\n<meta property=\"og:url\" content=\"http:\/\/lila.valnaloneduca.com\/colsantodomingo2022\/2022\/03\/08\/dia-internacional-de-la-mujer\/\" \/>\n<meta property=\"og:site_name\" content=\"LILA - La Igualdad Lleva A... - COL SANTO DOMINGO - Navia 21\/22\" \/>\n<meta property=\"article:published_time\" content=\"2022-03-08T22:34:36+00:00\" \/>\n<meta property=\"article:modified_time\" content=\"2022-03-08T22:36:27+00:00\" \/>\n<meta name=\"twitter:card\" content=\"summary_large_image\" \/>\n<meta name=\"twitter:label1\" content=\"Escrito por\" \/>\n\t<meta name=\"twitter:data1\" content=\"\" \/>\n\t<meta name=\"twitter:label2\" content=\"Tiempo de lectura\" \/>\n\t<meta name=\"twitter:data2\" content=\"1 minuto\" \/>\n<script type=\"application\/ld+json\" class=\"yoast-schema-graph\">{\"@context\":\"https:\\\/\\\/schema.org\",\"@graph\":[{\"@type\":\"Article\",\"@id\":\"http:\\\/\\\/lila.valnaloneduca.com\\\/colsantodomingo2022\\\/2022\\\/03\\\/08\\\/dia-internacional-de-la-mujer\\\/#article\",\"isPartOf\":{\"@id\":\"http:\\\/\\\/lila.valnaloneduca.com\\\/colsantodomingo2022\\\/2022\\\/03\\\/08\\\/dia-internacional-de-la-mujer\\\/\"},\"author\":{\"name\":\"\",\"@id\":\"\"},\"headline\":\"D\u00eda Internacional de la Mujer\",\"datePublished\":\"2022-03-08T22:34:36+00:00\",\"dateModified\":\"2022-03-08T22:36:27+00:00\",\"mainEntityOfPage\":{\"@id\":\"http:\\\/\\\/lila.valnaloneduca.com\\\/colsantodomingo2022\\\/2022\\\/03\\\/08\\\/dia-internacional-de-la-mujer\\\/\"},\"wordCount\":112,\"commentCount\":0,\"publisher\":{\"@id\":\"http:\\\/\\\/lila.valnaloneduca.com\\\/colsantodomingo2022\\\/#organization\"},\"inLanguage\":\"es\",\"potentialAction\":[{\"@type\":\"CommentAction\",\"name\":\"Comment\",\"target\":[\"http:\\\/\\\/lila.valnaloneduca.com\\\/colsantodomingo2022\\\/2022\\\/03\\\/08\\\/dia-internacional-de-la-mujer\\\/#respond\"]}]},{\"@type\":\"WebPage\",\"@id\":\"http:\\\/\\\/lila.valnaloneduca.com\\\/colsantodomingo2022\\\/2022\\\/03\\\/08\\\/dia-internacional-de-la-mujer\\\/\",\"url\":\"http:\\\/\\\/lila.valnaloneduca.com\\\/colsantodomingo2022\\\/2022\\\/03\\\/08\\\/dia-internacional-de-la-mujer\\\/\",\"name\":\"D\u00eda Internacional de la Mujer - LILA - La Igualdad Lleva A... - COL SANTO DOMINGO - Navia 21\\\/22\",\"isPartOf\":{\"@id\":\"http:\\\/\\\/lila.valnaloneduca.com\\\/colsantodomingo2022\\\/#website\"},\"datePublished\":\"2022-03-08T22:34:36+00:00\",\"dateModified\":\"2022-03-08T22:36:27+00:00\",\"breadcrumb\":{\"@id\":\"http:\\\/\\\/lila.valnaloneduca.com\\\/colsantodomingo2022\\\/2022\\\/03\\\/08\\\/dia-internacional-de-la-mujer\\\/#breadcrumb\"},\"inLanguage\":\"es\",\"potentialAction\":[{\"@type\":\"ReadAction\",\"target\":[\"http:\\\/\\\/lila.valnaloneduca.com\\\/colsantodomingo2022\\\/2022\\\/03\\\/08\\\/dia-internacional-de-la-mujer\\\/\"]}]},{\"@type\":\"BreadcrumbList\",\"@id\":\"http:\\\/\\\/lila.valnaloneduca.com\\\/colsantodomingo2022\\\/2022\\\/03\\\/08\\\/dia-internacional-de-la-mujer\\\/#breadcrumb\",\"itemListElement\":[{\"@type\":\"ListItem\",\"position\":1,\"name\":\"Portada\",\"item\":\"http:\\\/\\\/lila.valnaloneduca.com\\\/colsantodomingo2022\\\/\"},{\"@type\":\"ListItem\",\"position\":2,\"name\":\"D\u00eda Internacional de la Mujer\"}]},{\"@type\":\"WebSite\",\"@id\":\"http:\\\/\\\/lila.valnaloneduca.com\\\/colsantodomingo2022\\\/#website\",\"url\":\"http:\\\/\\\/lila.valnaloneduca.com\\\/colsantodomingo2022\\\/\",\"name\":\"LILA - La Igualdad Lleva A... - COL SANTO DOMINGO - Navia 21\\\/22\",\"description\":\"La Igualdad Lleva A (LILA) es un Proyecto educativo de la Cadena de Formaci\u00f3n para Emprender del Principado de Asturias, que promueve el desarrollo de competencias emprendedoras al servicio de un trabajo para el empoderamiento y la promoci\u00f3n de la igualdad entre ni\u00f1os y ni\u00f1as de 3\u00ba y 4\u00ba curso de Educaci\u00f3n Primaria.\",\"publisher\":{\"@id\":\"http:\\\/\\\/lila.valnaloneduca.com\\\/colsantodomingo2022\\\/#organization\"},\"potentialAction\":[{\"@type\":\"SearchAction\",\"target\":{\"@type\":\"EntryPoint\",\"urlTemplate\":\"http:\\\/\\\/lila.valnaloneduca.com\\\/colsantodomingo2022\\\/?s={search_term_string}\"},\"query-input\":{\"@type\":\"PropertyValueSpecification\",\"valueRequired\":true,\"valueName\":\"search_term_string\"}}],\"inLanguage\":\"es\"},{\"@type\":\"Organization\",\"@id\":\"http:\\\/\\\/lila.valnaloneduca.com\\\/colsantodomingo2022\\\/#organization\",\"name\":\"LILA - La Igualdad Lleva A... - COL SANTO DOMINGO - Navia 21\\\/22\",\"url\":\"http:\\\/\\\/lila.valnaloneduca.com\\\/colsantodomingo2022\\\/\",\"logo\":{\"@type\":\"ImageObject\",\"inLanguage\":\"es\",\"@id\":\"http:\\\/\\\/lila.valnaloneduca.com\\\/colsantodomingo2022\\\/#\\\/schema\\\/logo\\\/image\\\/\",\"url\":\"https:\\\/\\\/i0.wp.com\\\/lila.valnaloneduca.com\\\/colsantodomingo2022\\\/wp-content\\\/uploads\\\/sites\\\/19\\\/2021\\\/10\\\/cropped-cropped-logo-cabecero.png?fit=240%2C240&ssl=1\",\"contentUrl\":\"https:\\\/\\\/i0.wp.com\\\/lila.valnaloneduca.com\\\/colsantodomingo2022\\\/wp-content\\\/uploads\\\/sites\\\/19\\\/2021\\\/10\\\/cropped-cropped-logo-cabecero.png?fit=240%2C240&ssl=1\",\"width\":240,\"height\":240,\"caption\":\"LILA - La Igualdad Lleva A... - COL SANTO DOMINGO - Navia 21\\\/22\"},\"image\":{\"@id\":\"http:\\\/\\\/lila.valnaloneduca.com\\\/colsantodomingo2022\\\/#\\\/schema\\\/logo\\\/image\\\/\"}},{\"@type\":\"Person\",\"@id\":\"\",\"url\":\"https:\\\/\\\/lila.valnaloneduca.com\\\/colsantodomingo2022\\\/author\\\/\"}]}<\/script>\n<!-- \/ Yoast SEO plugin. -->","yoast_head_json":{"title":"D\u00eda Internacional de la Mujer - LILA - La Igualdad Lleva A... - COL SANTO DOMINGO - Navia 21\/22","robots":{"index":"index","follow":"follow","max-snippet":"max-snippet:-1","max-image-preview":"max-image-preview:large","max-video-preview":"max-video-preview:-1"},"canonical":"http:\/\/lila.valnaloneduca.com\/colsantodomingo2022\/2022\/03\/08\/dia-internacional-de-la-mujer\/","og_locale":"es_ES","og_type":"article","og_title":"D\u00eda Internacional de la Mujer - LILA - La Igualdad Lleva A... - COL SANTO DOMINGO - Navia 21\/22","og_description":"Hoy es, sin duda, un d\u00eda muy importante, un d\u00eda que no puede pasar desapercibido para nadie y menos para nosotros\/as. Por ello, los ni\u00f1os y las ni\u00f1as de 3\u00ba EP del Colegio Santo Domingo (Navia), queremos conmemorar este d\u00eda de una forma muy especial: compartiendo con vosotros\/as un v\u00eddeo que creamos con mucha ilusi\u00f3n &hellip; Continuar leyendo \"D\u00eda Internacional de la Mujer\"","og_url":"http:\/\/lila.valnaloneduca.com\/colsantodomingo2022\/2022\/03\/08\/dia-internacional-de-la-mujer\/","og_site_name":"LILA - La Igualdad Lleva A... - COL SANTO DOMINGO - Navia 21\/22","article_published_time":"2022-03-08T22:34:36+00:00","article_modified_time":"2022-03-08T22:36:27+00:00","twitter_card":"summary_large_image","twitter_misc":{"Escrito por":"","Tiempo de lectura":"1 minuto"},"schema":{"@context":"https:\/\/schema.org","@graph":[{"@type":"Article","@id":"http:\/\/lila.valnaloneduca.com\/colsantodomingo2022\/2022\/03\/08\/dia-internacional-de-la-mujer\/#article","isPartOf":{"@id":"http:\/\/lila.valnaloneduca.com\/colsantodomingo2022\/2022\/03\/08\/dia-internacional-de-la-mujer\/"},"author":{"name":"","@id":""},"headline":"D\u00eda Internacional de la Mujer","datePublished":"2022-03-08T22:34:36+00:00","dateModified":"2022-03-08T22:36:27+00:00","mainEntityOfPage":{"@id":"http:\/\/lila.valnaloneduca.com\/colsantodomingo2022\/2022\/03\/08\/dia-internacional-de-la-mujer\/"},"wordCount":112,"commentCount":0,"publisher":{"@id":"http:\/\/lila.valnaloneduca.com\/colsantodomingo2022\/#organization"},"inLanguage":"es","potentialAction":[{"@type":"CommentAction","name":"Comment","target":["http:\/\/lila.valnaloneduca.com\/colsantodomingo2022\/2022\/03\/08\/dia-internacional-de-la-mujer\/#respond"]}]},{"@type":"WebPage","@id":"http:\/\/lila.valnaloneduca.com\/colsantodomingo2022\/2022\/03\/08\/dia-internacional-de-la-mujer\/","url":"http:\/\/lila.valnaloneduca.com\/colsantodomingo2022\/2022\/03\/08\/dia-internacional-de-la-mujer\/","name":"D\u00eda Internacional de la Mujer - LILA - La Igualdad Lleva A... - COL SANTO DOMINGO - Navia 21\/22","isPartOf":{"@id":"http:\/\/lila.valnaloneduca.com\/colsantodomingo2022\/#website"},"datePublished":"2022-03-08T22:34:36+00:00","dateModified":"2022-03-08T22:36:27+00:00","breadcrumb":{"@id":"http:\/\/lila.valnaloneduca.com\/colsantodomingo2022\/2022\/03\/08\/dia-internacional-de-la-mujer\/#breadcrumb"},"inLanguage":"es","potentialAction":[{"@type":"ReadAction","target":["http:\/\/lila.valnaloneduca.com\/colsantodomingo2022\/2022\/03\/08\/dia-internacional-de-la-mujer\/"]}]},{"@type":"BreadcrumbList","@id":"http:\/\/lila.valnaloneduca.com\/colsantodomingo2022\/2022\/03\/08\/dia-internacional-de-la-mujer\/#breadcrumb","itemListElement":[{"@type":"ListItem","position":1,"name":"Portada","item":"http:\/\/lila.valnaloneduca.com\/colsantodomingo2022\/"},{"@type":"ListItem","position":2,"name":"D\u00eda Internacional de la Mujer"}]},{"@type":"WebSite","@id":"http:\/\/lila.valnaloneduca.com\/colsantodomingo2022\/#website","url":"http:\/\/lila.valnaloneduca.com\/colsantodomingo2022\/","name":"LILA - La Igualdad Lleva A... - COL SANTO DOMINGO - Navia 21\/22","description":"La Igualdad Lleva A (LILA) es un Proyecto educativo de la Cadena de Formaci\u00f3n para Emprender del Principado de Asturias, que promueve el desarrollo de competencias emprendedoras al servicio de un trabajo para el empoderamiento y la promoci\u00f3n de la igualdad entre ni\u00f1os y ni\u00f1as de 3\u00ba y 4\u00ba curso de Educaci\u00f3n Primaria.","publisher":{"@id":"http:\/\/lila.valnaloneduca.com\/colsantodomingo2022\/#organization"},"potentialAction":[{"@type":"SearchAction","target":{"@type":"EntryPoint","urlTemplate":"http:\/\/lila.valnaloneduca.com\/colsantodomingo2022\/?s={search_term_string}"},"query-input":{"@type":"PropertyValueSpecification","valueRequired":true,"valueName":"search_term_string"}}],"inLanguage":"es"},{"@type":"Organization","@id":"http:\/\/lila.valnaloneduca.com\/colsantodomingo2022\/#organization","name":"LILA - La Igualdad Lleva A... - COL SANTO DOMINGO - Navia 21\/22","url":"http:\/\/lila.valnaloneduca.com\/colsantodomingo2022\/","logo":{"@type":"ImageObject","inLanguage":"es","@id":"http:\/\/lila.valnaloneduca.com\/colsantodomingo2022\/#\/schema\/logo\/image\/","url":"https:\/\/i0.wp.com\/lila.valnaloneduca.com\/colsantodomingo2022\/wp-content\/uploads\/sites\/19\/2021\/10\/cropped-cropped-logo-cabecero.png?fit=240%2C240&ssl=1","contentUrl":"https:\/\/i0.wp.com\/lila.valnaloneduca.com\/colsantodomingo2022\/wp-content\/uploads\/sites\/19\/2021\/10\/cropped-cropped-logo-cabecero.png?fit=240%2C240&ssl=1","width":240,"height":240,"caption":"LILA - La Igualdad Lleva A... - COL SANTO DOMINGO - Navia 21\/22"},"image":{"@id":"http:\/\/lila.valnaloneduca.com\/colsantodomingo2022\/#\/schema\/logo\/image\/"}},{"@type":"Person","@id":"","url":"https:\/\/lila.valnaloneduca.com\/colsantodomingo2022\/author\/"}]}},"jetpack_featured_media_url":"","jetpack_sharing_enabled":true,"_links":{"self":[{"href":"https:\/\/lila.valnaloneduca.com\/colsantodomingo2022\/wp-json\/wp\/v2\/posts\/137","targetHints":{"allow":["GET"]}}],"collection":[{"href":"https:\/\/lila.valnaloneduca.com\/colsantodomingo2022\/wp-json\/wp\/v2\/posts"}],"about":[{"href":"https:\/\/lila.valnaloneduca.com\/colsantodomingo2022\/wp-json\/wp\/v2\/types\/post"}],"author":[{"embeddable":true,"href":"https:\/\/lila.valnaloneduca.com\/colsantodomingo2022\/wp-json\/wp\/v2\/users\/20"}],"replies":[{"embeddable":true,"href":"https:\/\/lila.valnaloneduca.com\/colsantodomingo2022\/wp-json\/wp\/v2\/comments?post=137"}],"version-history":[{"count":4,"href":"https:\/\/lila.valnaloneduca.com\/colsantodomingo2022\/wp-json\/wp\/v2\/posts\/137\/revisions"}],"predecessor-version":[{"id":141,"href":"https:\/\/lila.valnaloneduca.com\/colsantodomingo2022\/wp-json\/wp\/v2\/posts\/137\/revisions\/141"}],"wp:attachment":[{"href":"https:\/\/lila.valnaloneduca.com\/colsantodomingo2022\/wp-json\/wp\/v2\/media?parent=137"}],"wp:term":[{"taxonomy":"category","embeddable":true,"href":"https:\/\/lila.valnaloneduca.com\/colsantodomingo2022\/wp-json\/wp\/v2\/categories?post=137"},{"taxonomy":"post_tag","embeddable":true,"href":"https:\/\/lila.valnaloneduca.com\/colsantodomingo2022\/wp-json\/wp\/v2\/tags?post=137"}],"curies":[{"name":"wp","href":"https:\/\/api.w.org\/{rel}","templated":true}]}}