{"id":146,"date":"2022-05-09T20:54:31","date_gmt":"2022-05-09T20:54:31","guid":{"rendered":"http:\/\/lila.valnaloneduca.com\/colsantodomingo2022\/?p=146"},"modified":"2022-05-09T21:12:36","modified_gmt":"2022-05-09T21:12:36","slug":"mujeres-actuales","status":"publish","type":"post","link":"https:\/\/lila.valnaloneduca.com\/colsantodomingo2022\/2022\/05\/09\/mujeres-actuales\/","title":{"rendered":"Mujeres actuales"},"content":{"rendered":"\n<p>En los \u00faltimos meses hemos analizado la vida de muchas mujeres que marcaron \u00abun antes y un despu\u00e9s\u00bb en el camino hacia la igualdad: Ana Frank, Coco Chanel, Marie Curie, Amelia Earhart&#8230;<\/p>\n\n\n\n<p>Ahora lleg\u00f3 el momento de conocer a mujeres actuales que, cada d\u00eda, ponen en valor su capacidad a nivel personal y laboral.<\/p>\n\n\n\n<p>En esta ocasi\u00f3n tuvimos la oportunidad de conocer a dos mujeres con mucha vocaci\u00f3n por su trabajo: In\u00e9s (marina mercante) e Isabel (polic\u00eda local).<\/p>\n\n\n\n<figure class=\"wp-block-image size-large\"><img data-recalc-dims=\"1\" loading=\"lazy\" decoding=\"async\" width=\"840\" height=\"630\" src=\"https:\/\/i0.wp.com\/lila.valnaloneduca.com\/colsantodomingo2022\/wp-content\/uploads\/sites\/19\/2022\/05\/WhatsApp-Image-2022-05-09-at-10.02.52-PM-1.jpeg?resize=840%2C630\" alt=\"\" class=\"wp-image-149\" srcset=\"https:\/\/i0.wp.com\/lila.valnaloneduca.com\/colsantodomingo2022\/wp-content\/uploads\/sites\/19\/2022\/05\/WhatsApp-Image-2022-05-09-at-10.02.52-PM-1.jpeg?resize=1024%2C768&amp;ssl=1 1024w, https:\/\/i0.wp.com\/lila.valnaloneduca.com\/colsantodomingo2022\/wp-content\/uploads\/sites\/19\/2022\/05\/WhatsApp-Image-2022-05-09-at-10.02.52-PM-1.jpeg?resize=300%2C225&amp;ssl=1 300w, https:\/\/i0.wp.com\/lila.valnaloneduca.com\/colsantodomingo2022\/wp-content\/uploads\/sites\/19\/2022\/05\/WhatsApp-Image-2022-05-09-at-10.02.52-PM-1.jpeg?resize=768%2C576&amp;ssl=1 768w, https:\/\/i0.wp.com\/lila.valnaloneduca.com\/colsantodomingo2022\/wp-content\/uploads\/sites\/19\/2022\/05\/WhatsApp-Image-2022-05-09-at-10.02.52-PM-1.jpeg?resize=1536%2C1152&amp;ssl=1 1536w, https:\/\/i0.wp.com\/lila.valnaloneduca.com\/colsantodomingo2022\/wp-content\/uploads\/sites\/19\/2022\/05\/WhatsApp-Image-2022-05-09-at-10.02.52-PM-1.jpeg?resize=1200%2C900&amp;ssl=1 1200w, https:\/\/i0.wp.com\/lila.valnaloneduca.com\/colsantodomingo2022\/wp-content\/uploads\/sites\/19\/2022\/05\/WhatsApp-Image-2022-05-09-at-10.02.52-PM-1.jpeg?w=1600&amp;ssl=1 1600w\" sizes=\"auto, (max-width: 709px) 85vw, (max-width: 909px) 67vw, (max-width: 1362px) 62vw, 840px\" \/><figcaption>Visita de In\u00e9s (marina mercante)<\/figcaption><\/figure>\n\n\n\n<figure class=\"wp-block-image size-large\"><img data-recalc-dims=\"1\" loading=\"lazy\" decoding=\"async\" width=\"840\" height=\"630\" src=\"https:\/\/i0.wp.com\/lila.valnaloneduca.com\/colsantodomingo2022\/wp-content\/uploads\/sites\/19\/2022\/05\/WhatsApp-Image-2022-05-09-at-10.02.51-PM-1.jpeg?resize=840%2C630\" alt=\"\" class=\"wp-image-148\" srcset=\"https:\/\/i0.wp.com\/lila.valnaloneduca.com\/colsantodomingo2022\/wp-content\/uploads\/sites\/19\/2022\/05\/WhatsApp-Image-2022-05-09-at-10.02.51-PM-1.jpeg?resize=1024%2C768&amp;ssl=1 1024w, https:\/\/i0.wp.com\/lila.valnaloneduca.com\/colsantodomingo2022\/wp-content\/uploads\/sites\/19\/2022\/05\/WhatsApp-Image-2022-05-09-at-10.02.51-PM-1.jpeg?resize=300%2C225&amp;ssl=1 300w, https:\/\/i0.wp.com\/lila.valnaloneduca.com\/colsantodomingo2022\/wp-content\/uploads\/sites\/19\/2022\/05\/WhatsApp-Image-2022-05-09-at-10.02.51-PM-1.jpeg?resize=768%2C576&amp;ssl=1 768w, https:\/\/i0.wp.com\/lila.valnaloneduca.com\/colsantodomingo2022\/wp-content\/uploads\/sites\/19\/2022\/05\/WhatsApp-Image-2022-05-09-at-10.02.51-PM-1.jpeg?resize=1536%2C1153&amp;ssl=1 1536w, https:\/\/i0.wp.com\/lila.valnaloneduca.com\/colsantodomingo2022\/wp-content\/uploads\/sites\/19\/2022\/05\/WhatsApp-Image-2022-05-09-at-10.02.51-PM-1.jpeg?resize=1200%2C901&amp;ssl=1 1200w, https:\/\/i0.wp.com\/lila.valnaloneduca.com\/colsantodomingo2022\/wp-content\/uploads\/sites\/19\/2022\/05\/WhatsApp-Image-2022-05-09-at-10.02.51-PM-1.jpeg?w=1599&amp;ssl=1 1599w\" sizes=\"auto, (max-width: 709px) 85vw, (max-width: 909px) 67vw, (max-width: 1362px) 62vw, 840px\" \/><figcaption>Visita de Isabel (polic\u00eda local)<\/figcaption><\/figure>\n\n\n\n<p>Ambas nos explicaron su oficio (antiguamente asociado al g\u00e9nero masculino), pero tambi\u00e9n por qu\u00e9 lo eligieron, qu\u00e9 formaci\u00f3n tuvieron que realizar y c\u00f3mo se sienten desempe\u00f1ando su labor. Adem\u00e1s, respondieron a nuestras curiosidades, nos ense\u00f1aron muchas fotos y nos mostraron algunos de sus materiales de trabajo. <\/p>\n\n\n\n<figure class=\"wp-block-image size-large\"><img data-recalc-dims=\"1\" loading=\"lazy\" decoding=\"async\" width=\"840\" height=\"630\" src=\"https:\/\/i0.wp.com\/lila.valnaloneduca.com\/colsantodomingo2022\/wp-content\/uploads\/sites\/19\/2022\/05\/WhatsApp-Image-2022-05-09-at-10.02.52-PM-2.jpeg?resize=840%2C630\" alt=\"\" class=\"wp-image-153\" srcset=\"https:\/\/i0.wp.com\/lila.valnaloneduca.com\/colsantodomingo2022\/wp-content\/uploads\/sites\/19\/2022\/05\/WhatsApp-Image-2022-05-09-at-10.02.52-PM-2.jpeg?resize=1024%2C768&amp;ssl=1 1024w, https:\/\/i0.wp.com\/lila.valnaloneduca.com\/colsantodomingo2022\/wp-content\/uploads\/sites\/19\/2022\/05\/WhatsApp-Image-2022-05-09-at-10.02.52-PM-2.jpeg?resize=300%2C225&amp;ssl=1 300w, https:\/\/i0.wp.com\/lila.valnaloneduca.com\/colsantodomingo2022\/wp-content\/uploads\/sites\/19\/2022\/05\/WhatsApp-Image-2022-05-09-at-10.02.52-PM-2.jpeg?resize=768%2C576&amp;ssl=1 768w, https:\/\/i0.wp.com\/lila.valnaloneduca.com\/colsantodomingo2022\/wp-content\/uploads\/sites\/19\/2022\/05\/WhatsApp-Image-2022-05-09-at-10.02.52-PM-2.jpeg?resize=1536%2C1152&amp;ssl=1 1536w, https:\/\/i0.wp.com\/lila.valnaloneduca.com\/colsantodomingo2022\/wp-content\/uploads\/sites\/19\/2022\/05\/WhatsApp-Image-2022-05-09-at-10.02.52-PM-2.jpeg?resize=1200%2C900&amp;ssl=1 1200w, https:\/\/i0.wp.com\/lila.valnaloneduca.com\/colsantodomingo2022\/wp-content\/uploads\/sites\/19\/2022\/05\/WhatsApp-Image-2022-05-09-at-10.02.52-PM-2.jpeg?w=1600&amp;ssl=1 1600w\" sizes=\"auto, (max-width: 709px) 85vw, (max-width: 909px) 67vw, (max-width: 1362px) 62vw, 840px\" \/><figcaption>Fotograf\u00eda: Uniforme de las primeras mujeres polic\u00eda<\/figcaption><\/figure>\n\n\n\n<figure class=\"wp-block-image size-large\"><img data-recalc-dims=\"1\" loading=\"lazy\" decoding=\"async\" width=\"840\" height=\"471\" src=\"https:\/\/i0.wp.com\/lila.valnaloneduca.com\/colsantodomingo2022\/wp-content\/uploads\/sites\/19\/2022\/05\/WhatsApp-Image-2022-05-09-at-10.27.54-PM.jpeg?resize=840%2C471\" alt=\"\" class=\"wp-image-156\" srcset=\"https:\/\/i0.wp.com\/lila.valnaloneduca.com\/colsantodomingo2022\/wp-content\/uploads\/sites\/19\/2022\/05\/WhatsApp-Image-2022-05-09-at-10.27.54-PM.jpeg?resize=1024%2C574&amp;ssl=1 1024w, https:\/\/i0.wp.com\/lila.valnaloneduca.com\/colsantodomingo2022\/wp-content\/uploads\/sites\/19\/2022\/05\/WhatsApp-Image-2022-05-09-at-10.27.54-PM.jpeg?resize=300%2C168&amp;ssl=1 300w, https:\/\/i0.wp.com\/lila.valnaloneduca.com\/colsantodomingo2022\/wp-content\/uploads\/sites\/19\/2022\/05\/WhatsApp-Image-2022-05-09-at-10.27.54-PM.jpeg?resize=768%2C431&amp;ssl=1 768w, https:\/\/i0.wp.com\/lila.valnaloneduca.com\/colsantodomingo2022\/wp-content\/uploads\/sites\/19\/2022\/05\/WhatsApp-Image-2022-05-09-at-10.27.54-PM.jpeg?resize=1536%2C862&amp;ssl=1 1536w, https:\/\/i0.wp.com\/lila.valnaloneduca.com\/colsantodomingo2022\/wp-content\/uploads\/sites\/19\/2022\/05\/WhatsApp-Image-2022-05-09-at-10.27.54-PM.jpeg?resize=1200%2C673&amp;ssl=1 1200w, https:\/\/i0.wp.com\/lila.valnaloneduca.com\/colsantodomingo2022\/wp-content\/uploads\/sites\/19\/2022\/05\/WhatsApp-Image-2022-05-09-at-10.27.54-PM.jpeg?w=1599&amp;ssl=1 1599w\" sizes=\"auto, (max-width: 709px) 85vw, (max-width: 909px) 67vw, (max-width: 1362px) 62vw, 840px\" \/><figcaption>Equipamiento policial<\/figcaption><\/figure>\n\n\n\n<p>\u00a1Gracias In\u00e9s! \u00a1Gracias Isabel! En estas sesiones nos lo pasamos genial, pero tambi\u00e9n adquirimos muchos aprendizajes que enriquecen el Proyecto LILA:<\/p>\n\n\n\n<p>Aunque a\u00fan no tenemos claro cu\u00e1l ser\u00e1 nuestra profesi\u00f3n, s\u00ed sabemos que con ilusi\u00f3n, esfuerzo y constancia podemos conseguir todos nuestros objetivos (independientemente de ser ni\u00f1os o ni\u00f1as).<\/p>\n\n\n\n<p>\u00bfY t\u00fa? \u00bfYa sabes qu\u00e9 quieres ser de mayor?<\/p>\n","protected":false},"excerpt":{"rendered":"<p>En los \u00faltimos meses hemos analizado la vida de muchas mujeres que marcaron \u00abun antes y un despu\u00e9s\u00bb en el camino hacia la igualdad: Ana Frank, Coco Chanel, Marie Curie, Amelia Earhart&#8230; Ahora lleg\u00f3 el momento de conocer a mujeres actuales que, cada d\u00eda, ponen en valor su capacidad a nivel personal y laboral. En &hellip; <a href=\"https:\/\/lila.valnaloneduca.com\/colsantodomingo2022\/2022\/05\/09\/mujeres-actuales\/\" class=\"more-link\">Continuar leyendo<span class=\"screen-reader-text\"> \u00abMujeres actuales\u00bb<\/span><\/a><\/p>\n","protected":false},"author":20,"featured_media":0,"comment_status":"open","ping_status":"open","sticky":false,"template":"","format":"standard","meta":{"_jetpack_memberships_contains_paid_content":false,"footnotes":""},"categories":[1],"tags":[],"class_list":["post-146","post","type-post","status-publish","format-standard","hentry","category-sin-categoria"],"yoast_head":"<!-- This site is optimized with the Yoast SEO plugin v27.5 - https:\/\/yoast.com\/product\/yoast-seo-wordpress\/ -->\n<title>Mujeres actuales - LILA - La Igualdad Lleva A... - COL SANTO DOMINGO - Navia 21\/22<\/title>\n<meta name=\"robots\" content=\"index, follow, max-snippet:-1, max-image-preview:large, max-video-preview:-1\" \/>\n<link rel=\"canonical\" href=\"http:\/\/lila.valnaloneduca.com\/colsantodomingo2022\/2022\/05\/09\/mujeres-actuales\/\" \/>\n<meta property=\"og:locale\" content=\"es_ES\" \/>\n<meta property=\"og:type\" content=\"article\" \/>\n<meta property=\"og:title\" content=\"Mujeres actuales - LILA - La Igualdad Lleva A... - COL SANTO DOMINGO - Navia 21\/22\" \/>\n<meta property=\"og:description\" content=\"En los \u00faltimos meses hemos analizado la vida de muchas mujeres que marcaron \u00abun antes y un despu\u00e9s\u00bb en el camino hacia la igualdad: Ana Frank, Coco Chanel, Marie Curie, Amelia Earhart&#8230; Ahora lleg\u00f3 el momento de conocer a mujeres actuales que, cada d\u00eda, ponen en valor su capacidad a nivel personal y laboral. En &hellip; Continuar leyendo &quot;Mujeres actuales&quot;\" \/>\n<meta property=\"og:url\" content=\"http:\/\/lila.valnaloneduca.com\/colsantodomingo2022\/2022\/05\/09\/mujeres-actuales\/\" \/>\n<meta property=\"og:site_name\" content=\"LILA - La Igualdad Lleva A... - COL SANTO DOMINGO - Navia 21\/22\" \/>\n<meta property=\"article:published_time\" content=\"2022-05-09T20:54:31+00:00\" \/>\n<meta property=\"article:modified_time\" content=\"2022-05-09T21:12:36+00:00\" \/>\n<meta property=\"og:image\" content=\"http:\/\/lila.valnaloneduca.com\/colsantodomingo2022\/wp-content\/uploads\/sites\/19\/2022\/05\/WhatsApp-Image-2022-05-09-at-10.02.52-PM-1-1024x768.jpeg\" \/>\n<meta name=\"twitter:card\" content=\"summary_large_image\" \/>\n<meta name=\"twitter:label1\" content=\"Escrito por\" \/>\n\t<meta name=\"twitter:data1\" content=\"\" \/>\n\t<meta name=\"twitter:label2\" content=\"Tiempo de lectura\" \/>\n\t<meta name=\"twitter:data2\" content=\"2 minutos\" \/>\n<script type=\"application\/ld+json\" class=\"yoast-schema-graph\">{\"@context\":\"https:\\\/\\\/schema.org\",\"@graph\":[{\"@type\":\"Article\",\"@id\":\"http:\\\/\\\/lila.valnaloneduca.com\\\/colsantodomingo2022\\\/2022\\\/05\\\/09\\\/mujeres-actuales\\\/#article\",\"isPartOf\":{\"@id\":\"http:\\\/\\\/lila.valnaloneduca.com\\\/colsantodomingo2022\\\/2022\\\/05\\\/09\\\/mujeres-actuales\\\/\"},\"author\":{\"name\":\"\",\"@id\":\"\"},\"headline\":\"Mujeres actuales\",\"datePublished\":\"2022-05-09T20:54:31+00:00\",\"dateModified\":\"2022-05-09T21:12:36+00:00\",\"mainEntityOfPage\":{\"@id\":\"http:\\\/\\\/lila.valnaloneduca.com\\\/colsantodomingo2022\\\/2022\\\/05\\\/09\\\/mujeres-actuales\\\/\"},\"wordCount\":228,\"commentCount\":0,\"publisher\":{\"@id\":\"http:\\\/\\\/lila.valnaloneduca.com\\\/colsantodomingo2022\\\/#organization\"},\"image\":{\"@id\":\"http:\\\/\\\/lila.valnaloneduca.com\\\/colsantodomingo2022\\\/2022\\\/05\\\/09\\\/mujeres-actuales\\\/#primaryimage\"},\"thumbnailUrl\":\"http:\\\/\\\/lila.valnaloneduca.com\\\/colsantodomingo2022\\\/wp-content\\\/uploads\\\/sites\\\/19\\\/2022\\\/05\\\/WhatsApp-Image-2022-05-09-at-10.02.52-PM-1-1024x768.jpeg\",\"inLanguage\":\"es\",\"potentialAction\":[{\"@type\":\"CommentAction\",\"name\":\"Comment\",\"target\":[\"http:\\\/\\\/lila.valnaloneduca.com\\\/colsantodomingo2022\\\/2022\\\/05\\\/09\\\/mujeres-actuales\\\/#respond\"]}]},{\"@type\":\"WebPage\",\"@id\":\"http:\\\/\\\/lila.valnaloneduca.com\\\/colsantodomingo2022\\\/2022\\\/05\\\/09\\\/mujeres-actuales\\\/\",\"url\":\"http:\\\/\\\/lila.valnaloneduca.com\\\/colsantodomingo2022\\\/2022\\\/05\\\/09\\\/mujeres-actuales\\\/\",\"name\":\"Mujeres actuales - LILA - La Igualdad Lleva A... - COL SANTO DOMINGO - Navia 21\\\/22\",\"isPartOf\":{\"@id\":\"http:\\\/\\\/lila.valnaloneduca.com\\\/colsantodomingo2022\\\/#website\"},\"primaryImageOfPage\":{\"@id\":\"http:\\\/\\\/lila.valnaloneduca.com\\\/colsantodomingo2022\\\/2022\\\/05\\\/09\\\/mujeres-actuales\\\/#primaryimage\"},\"image\":{\"@id\":\"http:\\\/\\\/lila.valnaloneduca.com\\\/colsantodomingo2022\\\/2022\\\/05\\\/09\\\/mujeres-actuales\\\/#primaryimage\"},\"thumbnailUrl\":\"http:\\\/\\\/lila.valnaloneduca.com\\\/colsantodomingo2022\\\/wp-content\\\/uploads\\\/sites\\\/19\\\/2022\\\/05\\\/WhatsApp-Image-2022-05-09-at-10.02.52-PM-1-1024x768.jpeg\",\"datePublished\":\"2022-05-09T20:54:31+00:00\",\"dateModified\":\"2022-05-09T21:12:36+00:00\",\"breadcrumb\":{\"@id\":\"http:\\\/\\\/lila.valnaloneduca.com\\\/colsantodomingo2022\\\/2022\\\/05\\\/09\\\/mujeres-actuales\\\/#breadcrumb\"},\"inLanguage\":\"es\",\"potentialAction\":[{\"@type\":\"ReadAction\",\"target\":[\"http:\\\/\\\/lila.valnaloneduca.com\\\/colsantodomingo2022\\\/2022\\\/05\\\/09\\\/mujeres-actuales\\\/\"]}]},{\"@type\":\"ImageObject\",\"inLanguage\":\"es\",\"@id\":\"http:\\\/\\\/lila.valnaloneduca.com\\\/colsantodomingo2022\\\/2022\\\/05\\\/09\\\/mujeres-actuales\\\/#primaryimage\",\"url\":\"http:\\\/\\\/lila.valnaloneduca.com\\\/colsantodomingo2022\\\/wp-content\\\/uploads\\\/sites\\\/19\\\/2022\\\/05\\\/WhatsApp-Image-2022-05-09-at-10.02.52-PM-1-1024x768.jpeg\",\"contentUrl\":\"http:\\\/\\\/lila.valnaloneduca.com\\\/colsantodomingo2022\\\/wp-content\\\/uploads\\\/sites\\\/19\\\/2022\\\/05\\\/WhatsApp-Image-2022-05-09-at-10.02.52-PM-1-1024x768.jpeg\"},{\"@type\":\"BreadcrumbList\",\"@id\":\"http:\\\/\\\/lila.valnaloneduca.com\\\/colsantodomingo2022\\\/2022\\\/05\\\/09\\\/mujeres-actuales\\\/#breadcrumb\",\"itemListElement\":[{\"@type\":\"ListItem\",\"position\":1,\"name\":\"Portada\",\"item\":\"http:\\\/\\\/lila.valnaloneduca.com\\\/colsantodomingo2022\\\/\"},{\"@type\":\"ListItem\",\"position\":2,\"name\":\"Mujeres actuales\"}]},{\"@type\":\"WebSite\",\"@id\":\"http:\\\/\\\/lila.valnaloneduca.com\\\/colsantodomingo2022\\\/#website\",\"url\":\"http:\\\/\\\/lila.valnaloneduca.com\\\/colsantodomingo2022\\\/\",\"name\":\"LILA - La Igualdad Lleva A... - COL SANTO DOMINGO - Navia 21\\\/22\",\"description\":\"La Igualdad Lleva A (LILA) es un Proyecto educativo de la Cadena de Formaci\u00f3n para Emprender del Principado de Asturias, que promueve el desarrollo de competencias emprendedoras al servicio de un trabajo para el empoderamiento y la promoci\u00f3n de la igualdad entre ni\u00f1os y ni\u00f1as de 3\u00ba y 4\u00ba curso de Educaci\u00f3n Primaria.\",\"publisher\":{\"@id\":\"http:\\\/\\\/lila.valnaloneduca.com\\\/colsantodomingo2022\\\/#organization\"},\"potentialAction\":[{\"@type\":\"SearchAction\",\"target\":{\"@type\":\"EntryPoint\",\"urlTemplate\":\"http:\\\/\\\/lila.valnaloneduca.com\\\/colsantodomingo2022\\\/?s={search_term_string}\"},\"query-input\":{\"@type\":\"PropertyValueSpecification\",\"valueRequired\":true,\"valueName\":\"search_term_string\"}}],\"inLanguage\":\"es\"},{\"@type\":\"Organization\",\"@id\":\"http:\\\/\\\/lila.valnaloneduca.com\\\/colsantodomingo2022\\\/#organization\",\"name\":\"LILA - La Igualdad Lleva A... - COL SANTO DOMINGO - Navia 21\\\/22\",\"url\":\"http:\\\/\\\/lila.valnaloneduca.com\\\/colsantodomingo2022\\\/\",\"logo\":{\"@type\":\"ImageObject\",\"inLanguage\":\"es\",\"@id\":\"http:\\\/\\\/lila.valnaloneduca.com\\\/colsantodomingo2022\\\/#\\\/schema\\\/logo\\\/image\\\/\",\"url\":\"https:\\\/\\\/i0.wp.com\\\/lila.valnaloneduca.com\\\/colsantodomingo2022\\\/wp-content\\\/uploads\\\/sites\\\/19\\\/2021\\\/10\\\/cropped-cropped-logo-cabecero.png?fit=240%2C240&ssl=1\",\"contentUrl\":\"https:\\\/\\\/i0.wp.com\\\/lila.valnaloneduca.com\\\/colsantodomingo2022\\\/wp-content\\\/uploads\\\/sites\\\/19\\\/2021\\\/10\\\/cropped-cropped-logo-cabecero.png?fit=240%2C240&ssl=1\",\"width\":240,\"height\":240,\"caption\":\"LILA - La Igualdad Lleva A... - COL SANTO DOMINGO - Navia 21\\\/22\"},\"image\":{\"@id\":\"http:\\\/\\\/lila.valnaloneduca.com\\\/colsantodomingo2022\\\/#\\\/schema\\\/logo\\\/image\\\/\"}},{\"@type\":\"Person\",\"@id\":\"\",\"url\":\"https:\\\/\\\/lila.valnaloneduca.com\\\/colsantodomingo2022\\\/author\\\/\"}]}<\/script>\n<!-- \/ Yoast SEO plugin. -->","yoast_head_json":{"title":"Mujeres actuales - LILA - La Igualdad Lleva A... - COL SANTO DOMINGO - Navia 21\/22","robots":{"index":"index","follow":"follow","max-snippet":"max-snippet:-1","max-image-preview":"max-image-preview:large","max-video-preview":"max-video-preview:-1"},"canonical":"http:\/\/lila.valnaloneduca.com\/colsantodomingo2022\/2022\/05\/09\/mujeres-actuales\/","og_locale":"es_ES","og_type":"article","og_title":"Mujeres actuales - LILA - La Igualdad Lleva A... - COL SANTO DOMINGO - Navia 21\/22","og_description":"En los \u00faltimos meses hemos analizado la vida de muchas mujeres que marcaron \u00abun antes y un despu\u00e9s\u00bb en el camino hacia la igualdad: Ana Frank, Coco Chanel, Marie Curie, Amelia Earhart&#8230; Ahora lleg\u00f3 el momento de conocer a mujeres actuales que, cada d\u00eda, ponen en valor su capacidad a nivel personal y laboral. En &hellip; Continuar leyendo \"Mujeres actuales\"","og_url":"http:\/\/lila.valnaloneduca.com\/colsantodomingo2022\/2022\/05\/09\/mujeres-actuales\/","og_site_name":"LILA - La Igualdad Lleva A... - COL SANTO DOMINGO - Navia 21\/22","article_published_time":"2022-05-09T20:54:31+00:00","article_modified_time":"2022-05-09T21:12:36+00:00","og_image":[{"url":"http:\/\/lila.valnaloneduca.com\/colsantodomingo2022\/wp-content\/uploads\/sites\/19\/2022\/05\/WhatsApp-Image-2022-05-09-at-10.02.52-PM-1-1024x768.jpeg","type":"","width":"","height":""}],"twitter_card":"summary_large_image","twitter_misc":{"Escrito por":"","Tiempo de lectura":"2 minutos"},"schema":{"@context":"https:\/\/schema.org","@graph":[{"@type":"Article","@id":"http:\/\/lila.valnaloneduca.com\/colsantodomingo2022\/2022\/05\/09\/mujeres-actuales\/#article","isPartOf":{"@id":"http:\/\/lila.valnaloneduca.com\/colsantodomingo2022\/2022\/05\/09\/mujeres-actuales\/"},"author":{"name":"","@id":""},"headline":"Mujeres actuales","datePublished":"2022-05-09T20:54:31+00:00","dateModified":"2022-05-09T21:12:36+00:00","mainEntityOfPage":{"@id":"http:\/\/lila.valnaloneduca.com\/colsantodomingo2022\/2022\/05\/09\/mujeres-actuales\/"},"wordCount":228,"commentCount":0,"publisher":{"@id":"http:\/\/lila.valnaloneduca.com\/colsantodomingo2022\/#organization"},"image":{"@id":"http:\/\/lila.valnaloneduca.com\/colsantodomingo2022\/2022\/05\/09\/mujeres-actuales\/#primaryimage"},"thumbnailUrl":"http:\/\/lila.valnaloneduca.com\/colsantodomingo2022\/wp-content\/uploads\/sites\/19\/2022\/05\/WhatsApp-Image-2022-05-09-at-10.02.52-PM-1-1024x768.jpeg","inLanguage":"es","potentialAction":[{"@type":"CommentAction","name":"Comment","target":["http:\/\/lila.valnaloneduca.com\/colsantodomingo2022\/2022\/05\/09\/mujeres-actuales\/#respond"]}]},{"@type":"WebPage","@id":"http:\/\/lila.valnaloneduca.com\/colsantodomingo2022\/2022\/05\/09\/mujeres-actuales\/","url":"http:\/\/lila.valnaloneduca.com\/colsantodomingo2022\/2022\/05\/09\/mujeres-actuales\/","name":"Mujeres actuales - LILA - La Igualdad Lleva A... - COL SANTO DOMINGO - Navia 21\/22","isPartOf":{"@id":"http:\/\/lila.valnaloneduca.com\/colsantodomingo2022\/#website"},"primaryImageOfPage":{"@id":"http:\/\/lila.valnaloneduca.com\/colsantodomingo2022\/2022\/05\/09\/mujeres-actuales\/#primaryimage"},"image":{"@id":"http:\/\/lila.valnaloneduca.com\/colsantodomingo2022\/2022\/05\/09\/mujeres-actuales\/#primaryimage"},"thumbnailUrl":"http:\/\/lila.valnaloneduca.com\/colsantodomingo2022\/wp-content\/uploads\/sites\/19\/2022\/05\/WhatsApp-Image-2022-05-09-at-10.02.52-PM-1-1024x768.jpeg","datePublished":"2022-05-09T20:54:31+00:00","dateModified":"2022-05-09T21:12:36+00:00","breadcrumb":{"@id":"http:\/\/lila.valnaloneduca.com\/colsantodomingo2022\/2022\/05\/09\/mujeres-actuales\/#breadcrumb"},"inLanguage":"es","potentialAction":[{"@type":"ReadAction","target":["http:\/\/lila.valnaloneduca.com\/colsantodomingo2022\/2022\/05\/09\/mujeres-actuales\/"]}]},{"@type":"ImageObject","inLanguage":"es","@id":"http:\/\/lila.valnaloneduca.com\/colsantodomingo2022\/2022\/05\/09\/mujeres-actuales\/#primaryimage","url":"http:\/\/lila.valnaloneduca.com\/colsantodomingo2022\/wp-content\/uploads\/sites\/19\/2022\/05\/WhatsApp-Image-2022-05-09-at-10.02.52-PM-1-1024x768.jpeg","contentUrl":"http:\/\/lila.valnaloneduca.com\/colsantodomingo2022\/wp-content\/uploads\/sites\/19\/2022\/05\/WhatsApp-Image-2022-05-09-at-10.02.52-PM-1-1024x768.jpeg"},{"@type":"BreadcrumbList","@id":"http:\/\/lila.valnaloneduca.com\/colsantodomingo2022\/2022\/05\/09\/mujeres-actuales\/#breadcrumb","itemListElement":[{"@type":"ListItem","position":1,"name":"Portada","item":"http:\/\/lila.valnaloneduca.com\/colsantodomingo2022\/"},{"@type":"ListItem","position":2,"name":"Mujeres actuales"}]},{"@type":"WebSite","@id":"http:\/\/lila.valnaloneduca.com\/colsantodomingo2022\/#website","url":"http:\/\/lila.valnaloneduca.com\/colsantodomingo2022\/","name":"LILA - La Igualdad Lleva A... - COL SANTO DOMINGO - Navia 21\/22","description":"La Igualdad Lleva A (LILA) es un Proyecto educativo de la Cadena de Formaci\u00f3n para Emprender del Principado de Asturias, que promueve el desarrollo de competencias emprendedoras al servicio de un trabajo para el empoderamiento y la promoci\u00f3n de la igualdad entre ni\u00f1os y ni\u00f1as de 3\u00ba y 4\u00ba curso de Educaci\u00f3n Primaria.","publisher":{"@id":"http:\/\/lila.valnaloneduca.com\/colsantodomingo2022\/#organization"},"potentialAction":[{"@type":"SearchAction","target":{"@type":"EntryPoint","urlTemplate":"http:\/\/lila.valnaloneduca.com\/colsantodomingo2022\/?s={search_term_string}"},"query-input":{"@type":"PropertyValueSpecification","valueRequired":true,"valueName":"search_term_string"}}],"inLanguage":"es"},{"@type":"Organization","@id":"http:\/\/lila.valnaloneduca.com\/colsantodomingo2022\/#organization","name":"LILA - La Igualdad Lleva A... - COL SANTO DOMINGO - Navia 21\/22","url":"http:\/\/lila.valnaloneduca.com\/colsantodomingo2022\/","logo":{"@type":"ImageObject","inLanguage":"es","@id":"http:\/\/lila.valnaloneduca.com\/colsantodomingo2022\/#\/schema\/logo\/image\/","url":"https:\/\/i0.wp.com\/lila.valnaloneduca.com\/colsantodomingo2022\/wp-content\/uploads\/sites\/19\/2021\/10\/cropped-cropped-logo-cabecero.png?fit=240%2C240&ssl=1","contentUrl":"https:\/\/i0.wp.com\/lila.valnaloneduca.com\/colsantodomingo2022\/wp-content\/uploads\/sites\/19\/2021\/10\/cropped-cropped-logo-cabecero.png?fit=240%2C240&ssl=1","width":240,"height":240,"caption":"LILA - La Igualdad Lleva A... - COL SANTO DOMINGO - Navia 21\/22"},"image":{"@id":"http:\/\/lila.valnaloneduca.com\/colsantodomingo2022\/#\/schema\/logo\/image\/"}},{"@type":"Person","@id":"","url":"https:\/\/lila.valnaloneduca.com\/colsantodomingo2022\/author\/"}]}},"jetpack_featured_media_url":"","jetpack_sharing_enabled":true,"_links":{"self":[{"href":"https:\/\/lila.valnaloneduca.com\/colsantodomingo2022\/wp-json\/wp\/v2\/posts\/146","targetHints":{"allow":["GET"]}}],"collection":[{"href":"https:\/\/lila.valnaloneduca.com\/colsantodomingo2022\/wp-json\/wp\/v2\/posts"}],"about":[{"href":"https:\/\/lila.valnaloneduca.com\/colsantodomingo2022\/wp-json\/wp\/v2\/types\/post"}],"author":[{"embeddable":true,"href":"https:\/\/lila.valnaloneduca.com\/colsantodomingo2022\/wp-json\/wp\/v2\/users\/20"}],"replies":[{"embeddable":true,"href":"https:\/\/lila.valnaloneduca.com\/colsantodomingo2022\/wp-json\/wp\/v2\/comments?post=146"}],"version-history":[{"count":6,"href":"https:\/\/lila.valnaloneduca.com\/colsantodomingo2022\/wp-json\/wp\/v2\/posts\/146\/revisions"}],"predecessor-version":[{"id":163,"href":"https:\/\/lila.valnaloneduca.com\/colsantodomingo2022\/wp-json\/wp\/v2\/posts\/146\/revisions\/163"}],"wp:attachment":[{"href":"https:\/\/lila.valnaloneduca.com\/colsantodomingo2022\/wp-json\/wp\/v2\/media?parent=146"}],"wp:term":[{"taxonomy":"category","embeddable":true,"href":"https:\/\/lila.valnaloneduca.com\/colsantodomingo2022\/wp-json\/wp\/v2\/categories?post=146"},{"taxonomy":"post_tag","embeddable":true,"href":"https:\/\/lila.valnaloneduca.com\/colsantodomingo2022\/wp-json\/wp\/v2\/tags?post=146"}],"curies":[{"name":"wp","href":"https:\/\/api.w.org\/{rel}","templated":true}]}}