{"id":166,"date":"2022-06-20T10:28:21","date_gmt":"2022-06-20T10:28:21","guid":{"rendered":"http:\/\/lila.valnaloneduca.com\/colsantodomingo2022\/?p=166"},"modified":"2022-06-20T15:54:43","modified_gmt":"2022-06-20T15:54:43","slug":"manos-a-la-obra","status":"publish","type":"post","link":"https:\/\/lila.valnaloneduca.com\/colsantodomingo2022\/2022\/06\/20\/manos-a-la-obra\/","title":{"rendered":"\u00a1Manos a la obra!"},"content":{"rendered":"\n<p>Despu\u00e9s de tantos meses de trabajo, ha llegado la hora de poner en pr\u00e1ctica todo lo aprendido en el desarrollo de este proyecto \u00a1y crear el producto final!.<\/p>\n\n\n\n<p>Tras valorar diferentes opciones, el alumnado de 3\u00ba EP hemos decidido dise\u00f1ar y elaborar nuestro propio cuento, titulado: \u00abMi cole es LILA\u00bb.<\/p>\n\n\n\n<p>Para crearlo, hemos tenido que aportar y escuchar muchas ideas, reflexionar sobre las opciones m\u00e1s adecuadas, llegar a acuerdos y tomar decisiones, siempre desde un clima positivo. <\/p>\n\n\n\n<figure class=\"wp-block-image size-large\"><img data-recalc-dims=\"1\" loading=\"lazy\" decoding=\"async\" width=\"840\" height=\"630\" src=\"https:\/\/i0.wp.com\/lila.valnaloneduca.com\/colsantodomingo2022\/wp-content\/uploads\/sites\/19\/2022\/06\/WhatsApp-Image-2022-06-20-at-11.22.09-AM.jpeg?resize=840%2C630\" alt=\"\" class=\"wp-image-167\" srcset=\"https:\/\/i0.wp.com\/lila.valnaloneduca.com\/colsantodomingo2022\/wp-content\/uploads\/sites\/19\/2022\/06\/WhatsApp-Image-2022-06-20-at-11.22.09-AM.jpeg?resize=1024%2C768&amp;ssl=1 1024w, https:\/\/i0.wp.com\/lila.valnaloneduca.com\/colsantodomingo2022\/wp-content\/uploads\/sites\/19\/2022\/06\/WhatsApp-Image-2022-06-20-at-11.22.09-AM.jpeg?resize=300%2C225&amp;ssl=1 300w, https:\/\/i0.wp.com\/lila.valnaloneduca.com\/colsantodomingo2022\/wp-content\/uploads\/sites\/19\/2022\/06\/WhatsApp-Image-2022-06-20-at-11.22.09-AM.jpeg?resize=768%2C576&amp;ssl=1 768w, https:\/\/i0.wp.com\/lila.valnaloneduca.com\/colsantodomingo2022\/wp-content\/uploads\/sites\/19\/2022\/06\/WhatsApp-Image-2022-06-20-at-11.22.09-AM.jpeg?resize=1536%2C1152&amp;ssl=1 1536w, https:\/\/i0.wp.com\/lila.valnaloneduca.com\/colsantodomingo2022\/wp-content\/uploads\/sites\/19\/2022\/06\/WhatsApp-Image-2022-06-20-at-11.22.09-AM.jpeg?resize=1200%2C900&amp;ssl=1 1200w, https:\/\/i0.wp.com\/lila.valnaloneduca.com\/colsantodomingo2022\/wp-content\/uploads\/sites\/19\/2022\/06\/WhatsApp-Image-2022-06-20-at-11.22.09-AM.jpeg?w=2000&amp;ssl=1 2000w, https:\/\/i0.wp.com\/lila.valnaloneduca.com\/colsantodomingo2022\/wp-content\/uploads\/sites\/19\/2022\/06\/WhatsApp-Image-2022-06-20-at-11.22.09-AM.jpeg?w=1680 1680w\" sizes=\"auto, (max-width: 709px) 85vw, (max-width: 909px) 67vw, (max-width: 1362px) 62vw, 840px\" \/><figcaption>Notas de la \u00ablluvia de ideas\u00bb.<\/figcaption><\/figure>\n\n\n\n<p>Adem\u00e1s, tras ordenar todas las ideas aceptadas, caracterizamos a los protagonistas, redactamos la historia, decidimos c\u00f3mo presentarla e ilustramos cada una de las l\u00e1minas, para crear nuestro cuento en formato f\u00edsico.<\/p>\n\n\n\n<figure class=\"wp-block-image size-large\"><img data-recalc-dims=\"1\" loading=\"lazy\" decoding=\"async\" width=\"840\" height=\"840\" src=\"https:\/\/i0.wp.com\/lila.valnaloneduca.com\/colsantodomingo2022\/wp-content\/uploads\/sites\/19\/2022\/06\/WhatsApp-Image-2022-06-20-at-11.28.17-AM.jpeg?resize=840%2C840\" alt=\"\" class=\"wp-image-168\" srcset=\"https:\/\/i0.wp.com\/lila.valnaloneduca.com\/colsantodomingo2022\/wp-content\/uploads\/sites\/19\/2022\/06\/WhatsApp-Image-2022-06-20-at-11.28.17-AM.jpeg?resize=1024%2C1024&amp;ssl=1 1024w, https:\/\/i0.wp.com\/lila.valnaloneduca.com\/colsantodomingo2022\/wp-content\/uploads\/sites\/19\/2022\/06\/WhatsApp-Image-2022-06-20-at-11.28.17-AM.jpeg?resize=300%2C300&amp;ssl=1 300w, https:\/\/i0.wp.com\/lila.valnaloneduca.com\/colsantodomingo2022\/wp-content\/uploads\/sites\/19\/2022\/06\/WhatsApp-Image-2022-06-20-at-11.28.17-AM.jpeg?resize=150%2C150&amp;ssl=1 150w, https:\/\/i0.wp.com\/lila.valnaloneduca.com\/colsantodomingo2022\/wp-content\/uploads\/sites\/19\/2022\/06\/WhatsApp-Image-2022-06-20-at-11.28.17-AM.jpeg?resize=768%2C768&amp;ssl=1 768w, https:\/\/i0.wp.com\/lila.valnaloneduca.com\/colsantodomingo2022\/wp-content\/uploads\/sites\/19\/2022\/06\/WhatsApp-Image-2022-06-20-at-11.28.17-AM.jpeg?resize=1536%2C1536&amp;ssl=1 1536w, https:\/\/i0.wp.com\/lila.valnaloneduca.com\/colsantodomingo2022\/wp-content\/uploads\/sites\/19\/2022\/06\/WhatsApp-Image-2022-06-20-at-11.28.17-AM.jpeg?resize=1200%2C1200&amp;ssl=1 1200w, https:\/\/i0.wp.com\/lila.valnaloneduca.com\/colsantodomingo2022\/wp-content\/uploads\/sites\/19\/2022\/06\/WhatsApp-Image-2022-06-20-at-11.28.17-AM.jpeg?w=1600&amp;ssl=1 1600w\" sizes=\"auto, (max-width: 709px) 85vw, (max-width: 909px) 67vw, (max-width: 1362px) 62vw, 840px\" \/><figcaption>Alumnos\/as ilustrando las l\u00e1minas.<\/figcaption><\/figure>\n\n\n\n<p>Por supuesto, este es un trabajo en equipo con mucha complejidad, que nos ha supuesto mucho esfuerzo a todos\/as y nos mantuvo ocupados durante mucho tiempo. De todos modos, el resultado mereci\u00f3 la pena: estamos muy orgullosos\/as de lo que hemos conseguido.<\/p>\n\n\n\n<p>\u00a1Esperamos que a vosotros\/as os guste tanto como a nosotros\/as!<\/p>\n\n\n\n<figure class=\"wp-block-image size-large\"><img data-recalc-dims=\"1\" loading=\"lazy\" decoding=\"async\" width=\"840\" height=\"630\" src=\"https:\/\/i0.wp.com\/lila.valnaloneduca.com\/colsantodomingo2022\/wp-content\/uploads\/sites\/19\/2022\/06\/WhatsApp-Image-2022-06-20-at-11.21.57-AM-1.jpeg?resize=840%2C630\" alt=\"\" class=\"wp-image-171\" srcset=\"https:\/\/i0.wp.com\/lila.valnaloneduca.com\/colsantodomingo2022\/wp-content\/uploads\/sites\/19\/2022\/06\/WhatsApp-Image-2022-06-20-at-11.21.57-AM-1.jpeg?resize=1024%2C768&amp;ssl=1 1024w, https:\/\/i0.wp.com\/lila.valnaloneduca.com\/colsantodomingo2022\/wp-content\/uploads\/sites\/19\/2022\/06\/WhatsApp-Image-2022-06-20-at-11.21.57-AM-1.jpeg?resize=300%2C225&amp;ssl=1 300w, https:\/\/i0.wp.com\/lila.valnaloneduca.com\/colsantodomingo2022\/wp-content\/uploads\/sites\/19\/2022\/06\/WhatsApp-Image-2022-06-20-at-11.21.57-AM-1.jpeg?resize=768%2C576&amp;ssl=1 768w, https:\/\/i0.wp.com\/lila.valnaloneduca.com\/colsantodomingo2022\/wp-content\/uploads\/sites\/19\/2022\/06\/WhatsApp-Image-2022-06-20-at-11.21.57-AM-1.jpeg?resize=1536%2C1152&amp;ssl=1 1536w, https:\/\/i0.wp.com\/lila.valnaloneduca.com\/colsantodomingo2022\/wp-content\/uploads\/sites\/19\/2022\/06\/WhatsApp-Image-2022-06-20-at-11.21.57-AM-1.jpeg?resize=1200%2C900&amp;ssl=1 1200w, https:\/\/i0.wp.com\/lila.valnaloneduca.com\/colsantodomingo2022\/wp-content\/uploads\/sites\/19\/2022\/06\/WhatsApp-Image-2022-06-20-at-11.21.57-AM-1.jpeg?w=2000&amp;ssl=1 2000w, https:\/\/i0.wp.com\/lila.valnaloneduca.com\/colsantodomingo2022\/wp-content\/uploads\/sites\/19\/2022\/06\/WhatsApp-Image-2022-06-20-at-11.21.57-AM-1.jpeg?w=1680 1680w\" sizes=\"auto, (max-width: 709px) 85vw, (max-width: 909px) 67vw, (max-width: 1362px) 62vw, 840px\" \/><figcaption>Producto final: Cuento \u00abMi cole es LILA\u00bb.<\/figcaption><\/figure>\n\n\n\n<p><\/p>\n","protected":false},"excerpt":{"rendered":"<p>Despu\u00e9s de tantos meses de trabajo, ha llegado la hora de poner en pr\u00e1ctica todo lo aprendido en el desarrollo de este proyecto \u00a1y crear el producto final!. Tras valorar diferentes opciones, el alumnado de 3\u00ba EP hemos decidido dise\u00f1ar y elaborar nuestro propio cuento, titulado: \u00abMi cole es LILA\u00bb. Para crearlo, hemos tenido que &hellip; <a href=\"https:\/\/lila.valnaloneduca.com\/colsantodomingo2022\/2022\/06\/20\/manos-a-la-obra\/\" class=\"more-link\">Continuar leyendo<span class=\"screen-reader-text\"> \u00ab\u00a1Manos a la obra!\u00bb<\/span><\/a><\/p>\n","protected":false},"author":20,"featured_media":0,"comment_status":"open","ping_status":"open","sticky":false,"template":"","format":"standard","meta":{"_jetpack_memberships_contains_paid_content":false,"footnotes":""},"categories":[1],"tags":[],"class_list":["post-166","post","type-post","status-publish","format-standard","hentry","category-sin-categoria"],"yoast_head":"<!-- This site is optimized with the Yoast SEO plugin v27.5 - https:\/\/yoast.com\/product\/yoast-seo-wordpress\/ -->\n<title>\u00a1Manos a la obra! - LILA - La Igualdad Lleva A... - COL SANTO DOMINGO - Navia 21\/22<\/title>\n<meta name=\"robots\" content=\"index, follow, max-snippet:-1, max-image-preview:large, max-video-preview:-1\" \/>\n<link rel=\"canonical\" href=\"http:\/\/lila.valnaloneduca.com\/colsantodomingo2022\/2022\/06\/20\/manos-a-la-obra\/\" \/>\n<meta property=\"og:locale\" content=\"es_ES\" \/>\n<meta property=\"og:type\" content=\"article\" \/>\n<meta property=\"og:title\" content=\"\u00a1Manos a la obra! - LILA - La Igualdad Lleva A... - COL SANTO DOMINGO - Navia 21\/22\" \/>\n<meta property=\"og:description\" content=\"Despu\u00e9s de tantos meses de trabajo, ha llegado la hora de poner en pr\u00e1ctica todo lo aprendido en el desarrollo de este proyecto \u00a1y crear el producto final!. Tras valorar diferentes opciones, el alumnado de 3\u00ba EP hemos decidido dise\u00f1ar y elaborar nuestro propio cuento, titulado: \u00abMi cole es LILA\u00bb. Para crearlo, hemos tenido que &hellip; Continuar leyendo &quot;\u00a1Manos a la obra!&quot;\" \/>\n<meta property=\"og:url\" content=\"http:\/\/lila.valnaloneduca.com\/colsantodomingo2022\/2022\/06\/20\/manos-a-la-obra\/\" \/>\n<meta property=\"og:site_name\" content=\"LILA - La Igualdad Lleva A... - COL SANTO DOMINGO - Navia 21\/22\" \/>\n<meta property=\"article:published_time\" content=\"2022-06-20T10:28:21+00:00\" \/>\n<meta property=\"article:modified_time\" content=\"2022-06-20T15:54:43+00:00\" \/>\n<meta property=\"og:image\" content=\"http:\/\/lila.valnaloneduca.com\/colsantodomingo2022\/wp-content\/uploads\/sites\/19\/2022\/06\/WhatsApp-Image-2022-06-20-at-11.22.09-AM-1024x768.jpeg\" \/>\n<meta name=\"twitter:card\" content=\"summary_large_image\" \/>\n<meta name=\"twitter:label1\" content=\"Escrito por\" \/>\n\t<meta name=\"twitter:data1\" content=\"\" \/>\n\t<meta name=\"twitter:label2\" content=\"Tiempo de lectura\" \/>\n\t<meta name=\"twitter:data2\" content=\"2 minutos\" \/>\n<script type=\"application\/ld+json\" class=\"yoast-schema-graph\">{\"@context\":\"https:\\\/\\\/schema.org\",\"@graph\":[{\"@type\":\"Article\",\"@id\":\"http:\\\/\\\/lila.valnaloneduca.com\\\/colsantodomingo2022\\\/2022\\\/06\\\/20\\\/manos-a-la-obra\\\/#article\",\"isPartOf\":{\"@id\":\"http:\\\/\\\/lila.valnaloneduca.com\\\/colsantodomingo2022\\\/2022\\\/06\\\/20\\\/manos-a-la-obra\\\/\"},\"author\":{\"name\":\"\",\"@id\":\"\"},\"headline\":\"\u00a1Manos a la obra!\",\"datePublished\":\"2022-06-20T10:28:21+00:00\",\"dateModified\":\"2022-06-20T15:54:43+00:00\",\"mainEntityOfPage\":{\"@id\":\"http:\\\/\\\/lila.valnaloneduca.com\\\/colsantodomingo2022\\\/2022\\\/06\\\/20\\\/manos-a-la-obra\\\/\"},\"wordCount\":194,\"commentCount\":0,\"publisher\":{\"@id\":\"http:\\\/\\\/lila.valnaloneduca.com\\\/colsantodomingo2022\\\/#organization\"},\"image\":{\"@id\":\"http:\\\/\\\/lila.valnaloneduca.com\\\/colsantodomingo2022\\\/2022\\\/06\\\/20\\\/manos-a-la-obra\\\/#primaryimage\"},\"thumbnailUrl\":\"http:\\\/\\\/lila.valnaloneduca.com\\\/colsantodomingo2022\\\/wp-content\\\/uploads\\\/sites\\\/19\\\/2022\\\/06\\\/WhatsApp-Image-2022-06-20-at-11.22.09-AM-1024x768.jpeg\",\"inLanguage\":\"es\",\"potentialAction\":[{\"@type\":\"CommentAction\",\"name\":\"Comment\",\"target\":[\"http:\\\/\\\/lila.valnaloneduca.com\\\/colsantodomingo2022\\\/2022\\\/06\\\/20\\\/manos-a-la-obra\\\/#respond\"]}]},{\"@type\":\"WebPage\",\"@id\":\"http:\\\/\\\/lila.valnaloneduca.com\\\/colsantodomingo2022\\\/2022\\\/06\\\/20\\\/manos-a-la-obra\\\/\",\"url\":\"http:\\\/\\\/lila.valnaloneduca.com\\\/colsantodomingo2022\\\/2022\\\/06\\\/20\\\/manos-a-la-obra\\\/\",\"name\":\"\u00a1Manos a la obra! - LILA - La Igualdad Lleva A... - COL SANTO DOMINGO - Navia 21\\\/22\",\"isPartOf\":{\"@id\":\"http:\\\/\\\/lila.valnaloneduca.com\\\/colsantodomingo2022\\\/#website\"},\"primaryImageOfPage\":{\"@id\":\"http:\\\/\\\/lila.valnaloneduca.com\\\/colsantodomingo2022\\\/2022\\\/06\\\/20\\\/manos-a-la-obra\\\/#primaryimage\"},\"image\":{\"@id\":\"http:\\\/\\\/lila.valnaloneduca.com\\\/colsantodomingo2022\\\/2022\\\/06\\\/20\\\/manos-a-la-obra\\\/#primaryimage\"},\"thumbnailUrl\":\"http:\\\/\\\/lila.valnaloneduca.com\\\/colsantodomingo2022\\\/wp-content\\\/uploads\\\/sites\\\/19\\\/2022\\\/06\\\/WhatsApp-Image-2022-06-20-at-11.22.09-AM-1024x768.jpeg\",\"datePublished\":\"2022-06-20T10:28:21+00:00\",\"dateModified\":\"2022-06-20T15:54:43+00:00\",\"breadcrumb\":{\"@id\":\"http:\\\/\\\/lila.valnaloneduca.com\\\/colsantodomingo2022\\\/2022\\\/06\\\/20\\\/manos-a-la-obra\\\/#breadcrumb\"},\"inLanguage\":\"es\",\"potentialAction\":[{\"@type\":\"ReadAction\",\"target\":[\"http:\\\/\\\/lila.valnaloneduca.com\\\/colsantodomingo2022\\\/2022\\\/06\\\/20\\\/manos-a-la-obra\\\/\"]}]},{\"@type\":\"ImageObject\",\"inLanguage\":\"es\",\"@id\":\"http:\\\/\\\/lila.valnaloneduca.com\\\/colsantodomingo2022\\\/2022\\\/06\\\/20\\\/manos-a-la-obra\\\/#primaryimage\",\"url\":\"http:\\\/\\\/lila.valnaloneduca.com\\\/colsantodomingo2022\\\/wp-content\\\/uploads\\\/sites\\\/19\\\/2022\\\/06\\\/WhatsApp-Image-2022-06-20-at-11.22.09-AM-1024x768.jpeg\",\"contentUrl\":\"http:\\\/\\\/lila.valnaloneduca.com\\\/colsantodomingo2022\\\/wp-content\\\/uploads\\\/sites\\\/19\\\/2022\\\/06\\\/WhatsApp-Image-2022-06-20-at-11.22.09-AM-1024x768.jpeg\"},{\"@type\":\"BreadcrumbList\",\"@id\":\"http:\\\/\\\/lila.valnaloneduca.com\\\/colsantodomingo2022\\\/2022\\\/06\\\/20\\\/manos-a-la-obra\\\/#breadcrumb\",\"itemListElement\":[{\"@type\":\"ListItem\",\"position\":1,\"name\":\"Portada\",\"item\":\"http:\\\/\\\/lila.valnaloneduca.com\\\/colsantodomingo2022\\\/\"},{\"@type\":\"ListItem\",\"position\":2,\"name\":\"\u00a1Manos a la obra!\"}]},{\"@type\":\"WebSite\",\"@id\":\"http:\\\/\\\/lila.valnaloneduca.com\\\/colsantodomingo2022\\\/#website\",\"url\":\"http:\\\/\\\/lila.valnaloneduca.com\\\/colsantodomingo2022\\\/\",\"name\":\"LILA - La Igualdad Lleva A... - COL SANTO DOMINGO - Navia 21\\\/22\",\"description\":\"La Igualdad Lleva A (LILA) es un Proyecto educativo de la Cadena de Formaci\u00f3n para Emprender del Principado de Asturias, que promueve el desarrollo de competencias emprendedoras al servicio de un trabajo para el empoderamiento y la promoci\u00f3n de la igualdad entre ni\u00f1os y ni\u00f1as de 3\u00ba y 4\u00ba curso de Educaci\u00f3n Primaria.\",\"publisher\":{\"@id\":\"http:\\\/\\\/lila.valnaloneduca.com\\\/colsantodomingo2022\\\/#organization\"},\"potentialAction\":[{\"@type\":\"SearchAction\",\"target\":{\"@type\":\"EntryPoint\",\"urlTemplate\":\"http:\\\/\\\/lila.valnaloneduca.com\\\/colsantodomingo2022\\\/?s={search_term_string}\"},\"query-input\":{\"@type\":\"PropertyValueSpecification\",\"valueRequired\":true,\"valueName\":\"search_term_string\"}}],\"inLanguage\":\"es\"},{\"@type\":\"Organization\",\"@id\":\"http:\\\/\\\/lila.valnaloneduca.com\\\/colsantodomingo2022\\\/#organization\",\"name\":\"LILA - La Igualdad Lleva A... - COL SANTO DOMINGO - Navia 21\\\/22\",\"url\":\"http:\\\/\\\/lila.valnaloneduca.com\\\/colsantodomingo2022\\\/\",\"logo\":{\"@type\":\"ImageObject\",\"inLanguage\":\"es\",\"@id\":\"http:\\\/\\\/lila.valnaloneduca.com\\\/colsantodomingo2022\\\/#\\\/schema\\\/logo\\\/image\\\/\",\"url\":\"https:\\\/\\\/i0.wp.com\\\/lila.valnaloneduca.com\\\/colsantodomingo2022\\\/wp-content\\\/uploads\\\/sites\\\/19\\\/2021\\\/10\\\/cropped-cropped-logo-cabecero.png?fit=240%2C240&ssl=1\",\"contentUrl\":\"https:\\\/\\\/i0.wp.com\\\/lila.valnaloneduca.com\\\/colsantodomingo2022\\\/wp-content\\\/uploads\\\/sites\\\/19\\\/2021\\\/10\\\/cropped-cropped-logo-cabecero.png?fit=240%2C240&ssl=1\",\"width\":240,\"height\":240,\"caption\":\"LILA - La Igualdad Lleva A... - COL SANTO DOMINGO - Navia 21\\\/22\"},\"image\":{\"@id\":\"http:\\\/\\\/lila.valnaloneduca.com\\\/colsantodomingo2022\\\/#\\\/schema\\\/logo\\\/image\\\/\"}},{\"@type\":\"Person\",\"@id\":\"\",\"url\":\"https:\\\/\\\/lila.valnaloneduca.com\\\/colsantodomingo2022\\\/author\\\/\"}]}<\/script>\n<!-- \/ Yoast SEO plugin. -->","yoast_head_json":{"title":"\u00a1Manos a la obra! - LILA - La Igualdad Lleva A... - COL SANTO DOMINGO - Navia 21\/22","robots":{"index":"index","follow":"follow","max-snippet":"max-snippet:-1","max-image-preview":"max-image-preview:large","max-video-preview":"max-video-preview:-1"},"canonical":"http:\/\/lila.valnaloneduca.com\/colsantodomingo2022\/2022\/06\/20\/manos-a-la-obra\/","og_locale":"es_ES","og_type":"article","og_title":"\u00a1Manos a la obra! - LILA - La Igualdad Lleva A... - COL SANTO DOMINGO - Navia 21\/22","og_description":"Despu\u00e9s de tantos meses de trabajo, ha llegado la hora de poner en pr\u00e1ctica todo lo aprendido en el desarrollo de este proyecto \u00a1y crear el producto final!. Tras valorar diferentes opciones, el alumnado de 3\u00ba EP hemos decidido dise\u00f1ar y elaborar nuestro propio cuento, titulado: \u00abMi cole es LILA\u00bb. Para crearlo, hemos tenido que &hellip; Continuar leyendo \"\u00a1Manos a la obra!\"","og_url":"http:\/\/lila.valnaloneduca.com\/colsantodomingo2022\/2022\/06\/20\/manos-a-la-obra\/","og_site_name":"LILA - La Igualdad Lleva A... - COL SANTO DOMINGO - Navia 21\/22","article_published_time":"2022-06-20T10:28:21+00:00","article_modified_time":"2022-06-20T15:54:43+00:00","og_image":[{"url":"http:\/\/lila.valnaloneduca.com\/colsantodomingo2022\/wp-content\/uploads\/sites\/19\/2022\/06\/WhatsApp-Image-2022-06-20-at-11.22.09-AM-1024x768.jpeg","type":"","width":"","height":""}],"twitter_card":"summary_large_image","twitter_misc":{"Escrito por":"","Tiempo de lectura":"2 minutos"},"schema":{"@context":"https:\/\/schema.org","@graph":[{"@type":"Article","@id":"http:\/\/lila.valnaloneduca.com\/colsantodomingo2022\/2022\/06\/20\/manos-a-la-obra\/#article","isPartOf":{"@id":"http:\/\/lila.valnaloneduca.com\/colsantodomingo2022\/2022\/06\/20\/manos-a-la-obra\/"},"author":{"name":"","@id":""},"headline":"\u00a1Manos a la obra!","datePublished":"2022-06-20T10:28:21+00:00","dateModified":"2022-06-20T15:54:43+00:00","mainEntityOfPage":{"@id":"http:\/\/lila.valnaloneduca.com\/colsantodomingo2022\/2022\/06\/20\/manos-a-la-obra\/"},"wordCount":194,"commentCount":0,"publisher":{"@id":"http:\/\/lila.valnaloneduca.com\/colsantodomingo2022\/#organization"},"image":{"@id":"http:\/\/lila.valnaloneduca.com\/colsantodomingo2022\/2022\/06\/20\/manos-a-la-obra\/#primaryimage"},"thumbnailUrl":"http:\/\/lila.valnaloneduca.com\/colsantodomingo2022\/wp-content\/uploads\/sites\/19\/2022\/06\/WhatsApp-Image-2022-06-20-at-11.22.09-AM-1024x768.jpeg","inLanguage":"es","potentialAction":[{"@type":"CommentAction","name":"Comment","target":["http:\/\/lila.valnaloneduca.com\/colsantodomingo2022\/2022\/06\/20\/manos-a-la-obra\/#respond"]}]},{"@type":"WebPage","@id":"http:\/\/lila.valnaloneduca.com\/colsantodomingo2022\/2022\/06\/20\/manos-a-la-obra\/","url":"http:\/\/lila.valnaloneduca.com\/colsantodomingo2022\/2022\/06\/20\/manos-a-la-obra\/","name":"\u00a1Manos a la obra! - LILA - La Igualdad Lleva A... - COL SANTO DOMINGO - Navia 21\/22","isPartOf":{"@id":"http:\/\/lila.valnaloneduca.com\/colsantodomingo2022\/#website"},"primaryImageOfPage":{"@id":"http:\/\/lila.valnaloneduca.com\/colsantodomingo2022\/2022\/06\/20\/manos-a-la-obra\/#primaryimage"},"image":{"@id":"http:\/\/lila.valnaloneduca.com\/colsantodomingo2022\/2022\/06\/20\/manos-a-la-obra\/#primaryimage"},"thumbnailUrl":"http:\/\/lila.valnaloneduca.com\/colsantodomingo2022\/wp-content\/uploads\/sites\/19\/2022\/06\/WhatsApp-Image-2022-06-20-at-11.22.09-AM-1024x768.jpeg","datePublished":"2022-06-20T10:28:21+00:00","dateModified":"2022-06-20T15:54:43+00:00","breadcrumb":{"@id":"http:\/\/lila.valnaloneduca.com\/colsantodomingo2022\/2022\/06\/20\/manos-a-la-obra\/#breadcrumb"},"inLanguage":"es","potentialAction":[{"@type":"ReadAction","target":["http:\/\/lila.valnaloneduca.com\/colsantodomingo2022\/2022\/06\/20\/manos-a-la-obra\/"]}]},{"@type":"ImageObject","inLanguage":"es","@id":"http:\/\/lila.valnaloneduca.com\/colsantodomingo2022\/2022\/06\/20\/manos-a-la-obra\/#primaryimage","url":"http:\/\/lila.valnaloneduca.com\/colsantodomingo2022\/wp-content\/uploads\/sites\/19\/2022\/06\/WhatsApp-Image-2022-06-20-at-11.22.09-AM-1024x768.jpeg","contentUrl":"http:\/\/lila.valnaloneduca.com\/colsantodomingo2022\/wp-content\/uploads\/sites\/19\/2022\/06\/WhatsApp-Image-2022-06-20-at-11.22.09-AM-1024x768.jpeg"},{"@type":"BreadcrumbList","@id":"http:\/\/lila.valnaloneduca.com\/colsantodomingo2022\/2022\/06\/20\/manos-a-la-obra\/#breadcrumb","itemListElement":[{"@type":"ListItem","position":1,"name":"Portada","item":"http:\/\/lila.valnaloneduca.com\/colsantodomingo2022\/"},{"@type":"ListItem","position":2,"name":"\u00a1Manos a la obra!"}]},{"@type":"WebSite","@id":"http:\/\/lila.valnaloneduca.com\/colsantodomingo2022\/#website","url":"http:\/\/lila.valnaloneduca.com\/colsantodomingo2022\/","name":"LILA - La Igualdad Lleva A... - COL SANTO DOMINGO - Navia 21\/22","description":"La Igualdad Lleva A (LILA) es un Proyecto educativo de la Cadena de Formaci\u00f3n para Emprender del Principado de Asturias, que promueve el desarrollo de competencias emprendedoras al servicio de un trabajo para el empoderamiento y la promoci\u00f3n de la igualdad entre ni\u00f1os y ni\u00f1as de 3\u00ba y 4\u00ba curso de Educaci\u00f3n Primaria.","publisher":{"@id":"http:\/\/lila.valnaloneduca.com\/colsantodomingo2022\/#organization"},"potentialAction":[{"@type":"SearchAction","target":{"@type":"EntryPoint","urlTemplate":"http:\/\/lila.valnaloneduca.com\/colsantodomingo2022\/?s={search_term_string}"},"query-input":{"@type":"PropertyValueSpecification","valueRequired":true,"valueName":"search_term_string"}}],"inLanguage":"es"},{"@type":"Organization","@id":"http:\/\/lila.valnaloneduca.com\/colsantodomingo2022\/#organization","name":"LILA - La Igualdad Lleva A... - COL SANTO DOMINGO - Navia 21\/22","url":"http:\/\/lila.valnaloneduca.com\/colsantodomingo2022\/","logo":{"@type":"ImageObject","inLanguage":"es","@id":"http:\/\/lila.valnaloneduca.com\/colsantodomingo2022\/#\/schema\/logo\/image\/","url":"https:\/\/i0.wp.com\/lila.valnaloneduca.com\/colsantodomingo2022\/wp-content\/uploads\/sites\/19\/2021\/10\/cropped-cropped-logo-cabecero.png?fit=240%2C240&ssl=1","contentUrl":"https:\/\/i0.wp.com\/lila.valnaloneduca.com\/colsantodomingo2022\/wp-content\/uploads\/sites\/19\/2021\/10\/cropped-cropped-logo-cabecero.png?fit=240%2C240&ssl=1","width":240,"height":240,"caption":"LILA - La Igualdad Lleva A... - COL SANTO DOMINGO - Navia 21\/22"},"image":{"@id":"http:\/\/lila.valnaloneduca.com\/colsantodomingo2022\/#\/schema\/logo\/image\/"}},{"@type":"Person","@id":"","url":"https:\/\/lila.valnaloneduca.com\/colsantodomingo2022\/author\/"}]}},"jetpack_featured_media_url":"","jetpack_sharing_enabled":true,"_links":{"self":[{"href":"https:\/\/lila.valnaloneduca.com\/colsantodomingo2022\/wp-json\/wp\/v2\/posts\/166","targetHints":{"allow":["GET"]}}],"collection":[{"href":"https:\/\/lila.valnaloneduca.com\/colsantodomingo2022\/wp-json\/wp\/v2\/posts"}],"about":[{"href":"https:\/\/lila.valnaloneduca.com\/colsantodomingo2022\/wp-json\/wp\/v2\/types\/post"}],"author":[{"embeddable":true,"href":"https:\/\/lila.valnaloneduca.com\/colsantodomingo2022\/wp-json\/wp\/v2\/users\/20"}],"replies":[{"embeddable":true,"href":"https:\/\/lila.valnaloneduca.com\/colsantodomingo2022\/wp-json\/wp\/v2\/comments?post=166"}],"version-history":[{"count":4,"href":"https:\/\/lila.valnaloneduca.com\/colsantodomingo2022\/wp-json\/wp\/v2\/posts\/166\/revisions"}],"predecessor-version":[{"id":183,"href":"https:\/\/lila.valnaloneduca.com\/colsantodomingo2022\/wp-json\/wp\/v2\/posts\/166\/revisions\/183"}],"wp:attachment":[{"href":"https:\/\/lila.valnaloneduca.com\/colsantodomingo2022\/wp-json\/wp\/v2\/media?parent=166"}],"wp:term":[{"taxonomy":"category","embeddable":true,"href":"https:\/\/lila.valnaloneduca.com\/colsantodomingo2022\/wp-json\/wp\/v2\/categories?post=166"},{"taxonomy":"post_tag","embeddable":true,"href":"https:\/\/lila.valnaloneduca.com\/colsantodomingo2022\/wp-json\/wp\/v2\/tags?post=166"}],"curies":[{"name":"wp","href":"https:\/\/api.w.org\/{rel}","templated":true}]}}