{"id":175,"date":"2022-06-20T10:49:16","date_gmt":"2022-06-20T10:49:16","guid":{"rendered":"http:\/\/lila.valnaloneduca.com\/colsantodomingo2022\/?p=175"},"modified":"2022-06-20T20:25:31","modified_gmt":"2022-06-20T20:25:31","slug":"llegamos-a-la-meta","status":"publish","type":"post","link":"https:\/\/lila.valnaloneduca.com\/colsantodomingo2022\/2022\/06\/20\/llegamos-a-la-meta\/","title":{"rendered":"Llegamos a la meta."},"content":{"rendered":"\n<p>Ha llegado el momento de dar por finalizado el Proyecto \u00abLILA. La Igualdad Lleva A\u00bb, un proyecto con el que hemos aprendido un mont\u00f3n de cosas. <\/p>\n\n\n\n<p>Enumerar cada una de ellas ser\u00eda imposible y mencionar \u00fanicamente unas pocas no nos parece justo (todas son igual de importantes). Lo que s\u00ed estamos dispuestos a hacer es aplicar todos los aprendizajes en nuestro d\u00eda a d\u00eda, para que la igualdad de g\u00e9nero sea, dentro de poco, una realidad.<\/p>\n\n\n\n<p>Aprovechamos este momento para mostraros nuestro Rinc\u00f3n LILA despu\u00e9s de tanto trabajo. Creemos que puede ser una buena representaci\u00f3n de las actividades realizadas, aunque hicimos muchas m\u00e1s.<\/p>\n\n\n\n<figure class=\"wp-block-image size-large\"><img data-recalc-dims=\"1\" loading=\"lazy\" decoding=\"async\" width=\"840\" height=\"630\" src=\"https:\/\/i0.wp.com\/lila.valnaloneduca.com\/colsantodomingo2022\/wp-content\/uploads\/sites\/19\/2022\/06\/WhatsApp-Image-2022-06-20-at-11.22.00-AM.jpeg?resize=840%2C630\" alt=\"\" class=\"wp-image-176\" srcset=\"https:\/\/i0.wp.com\/lila.valnaloneduca.com\/colsantodomingo2022\/wp-content\/uploads\/sites\/19\/2022\/06\/WhatsApp-Image-2022-06-20-at-11.22.00-AM.jpeg?resize=1024%2C768&amp;ssl=1 1024w, https:\/\/i0.wp.com\/lila.valnaloneduca.com\/colsantodomingo2022\/wp-content\/uploads\/sites\/19\/2022\/06\/WhatsApp-Image-2022-06-20-at-11.22.00-AM.jpeg?resize=300%2C225&amp;ssl=1 300w, https:\/\/i0.wp.com\/lila.valnaloneduca.com\/colsantodomingo2022\/wp-content\/uploads\/sites\/19\/2022\/06\/WhatsApp-Image-2022-06-20-at-11.22.00-AM.jpeg?resize=768%2C576&amp;ssl=1 768w, https:\/\/i0.wp.com\/lila.valnaloneduca.com\/colsantodomingo2022\/wp-content\/uploads\/sites\/19\/2022\/06\/WhatsApp-Image-2022-06-20-at-11.22.00-AM.jpeg?resize=1536%2C1152&amp;ssl=1 1536w, https:\/\/i0.wp.com\/lila.valnaloneduca.com\/colsantodomingo2022\/wp-content\/uploads\/sites\/19\/2022\/06\/WhatsApp-Image-2022-06-20-at-11.22.00-AM.jpeg?resize=1200%2C900&amp;ssl=1 1200w, https:\/\/i0.wp.com\/lila.valnaloneduca.com\/colsantodomingo2022\/wp-content\/uploads\/sites\/19\/2022\/06\/WhatsApp-Image-2022-06-20-at-11.22.00-AM.jpeg?w=2000&amp;ssl=1 2000w, https:\/\/i0.wp.com\/lila.valnaloneduca.com\/colsantodomingo2022\/wp-content\/uploads\/sites\/19\/2022\/06\/WhatsApp-Image-2022-06-20-at-11.22.00-AM.jpeg?w=1680 1680w\" sizes=\"auto, (max-width: 709px) 85vw, (max-width: 909px) 67vw, (max-width: 1362px) 62vw, 840px\" \/><figcaption>Rinc\u00f3n LILA, una vez finalizado el proyecto.<\/figcaption><\/figure>\n\n\n\n<p>Adem\u00e1s, damos las gracias a Valnal\u00f3n (en especial, a Amara), por habernos acompa\u00f1ado durante este curso y facilitarnos el desarrollo del proyecto. Tambi\u00e9n mostramos nuestro agradecimiento a todas las personas que, de una manera u otra, colaboraron con nosotros\/as e hicieron posible tanto aprendizaje y disfrute.<\/p>\n\n\n\n<p>Ahora s\u00ed, nos despedimos con una foto de grupo (aunque faltan algunos compa\u00f1eros), tras recibir los certificados que la Consejera de Educaci\u00f3n y el Consejero de Industria, Empleo y Promoci\u00f3n Econ\u00f3mica nos han enviado. <\/p>\n\n\n\n<figure class=\"wp-block-image size-large\"><img data-recalc-dims=\"1\" loading=\"lazy\" decoding=\"async\" width=\"840\" height=\"630\" src=\"https:\/\/i0.wp.com\/lila.valnaloneduca.com\/colsantodomingo2022\/wp-content\/uploads\/sites\/19\/2022\/06\/WhatsApp-Image-2022-06-20-at-12.06.01-PM.jpeg?resize=840%2C630\" alt=\"\" class=\"wp-image-177\" srcset=\"https:\/\/i0.wp.com\/lila.valnaloneduca.com\/colsantodomingo2022\/wp-content\/uploads\/sites\/19\/2022\/06\/WhatsApp-Image-2022-06-20-at-12.06.01-PM.jpeg?resize=1024%2C768&amp;ssl=1 1024w, https:\/\/i0.wp.com\/lila.valnaloneduca.com\/colsantodomingo2022\/wp-content\/uploads\/sites\/19\/2022\/06\/WhatsApp-Image-2022-06-20-at-12.06.01-PM.jpeg?resize=300%2C225&amp;ssl=1 300w, https:\/\/i0.wp.com\/lila.valnaloneduca.com\/colsantodomingo2022\/wp-content\/uploads\/sites\/19\/2022\/06\/WhatsApp-Image-2022-06-20-at-12.06.01-PM.jpeg?resize=768%2C576&amp;ssl=1 768w, https:\/\/i0.wp.com\/lila.valnaloneduca.com\/colsantodomingo2022\/wp-content\/uploads\/sites\/19\/2022\/06\/WhatsApp-Image-2022-06-20-at-12.06.01-PM.jpeg?resize=1536%2C1152&amp;ssl=1 1536w, https:\/\/i0.wp.com\/lila.valnaloneduca.com\/colsantodomingo2022\/wp-content\/uploads\/sites\/19\/2022\/06\/WhatsApp-Image-2022-06-20-at-12.06.01-PM.jpeg?resize=1200%2C900&amp;ssl=1 1200w, https:\/\/i0.wp.com\/lila.valnaloneduca.com\/colsantodomingo2022\/wp-content\/uploads\/sites\/19\/2022\/06\/WhatsApp-Image-2022-06-20-at-12.06.01-PM.jpeg?w=2000&amp;ssl=1 2000w, https:\/\/i0.wp.com\/lila.valnaloneduca.com\/colsantodomingo2022\/wp-content\/uploads\/sites\/19\/2022\/06\/WhatsApp-Image-2022-06-20-at-12.06.01-PM.jpeg?w=1680 1680w\" sizes=\"auto, (max-width: 709px) 85vw, (max-width: 909px) 67vw, (max-width: 1362px) 62vw, 840px\" \/><figcaption>Entrega de certificados de participaci\u00f3n.<\/figcaption><\/figure>\n\n\n\n<p>\u00a1Hasta pronto!<\/p>\n","protected":false},"excerpt":{"rendered":"<p>Ha llegado el momento de dar por finalizado el Proyecto \u00abLILA. La Igualdad Lleva A\u00bb, un proyecto con el que hemos aprendido un mont\u00f3n de cosas. Enumerar cada una de ellas ser\u00eda imposible y mencionar \u00fanicamente unas pocas no nos parece justo (todas son igual de importantes). Lo que s\u00ed estamos dispuestos a hacer es &hellip; <a href=\"https:\/\/lila.valnaloneduca.com\/colsantodomingo2022\/2022\/06\/20\/llegamos-a-la-meta\/\" class=\"more-link\">Continuar leyendo<span class=\"screen-reader-text\"> \u00abLlegamos a la meta.\u00bb<\/span><\/a><\/p>\n","protected":false},"author":20,"featured_media":0,"comment_status":"open","ping_status":"open","sticky":false,"template":"","format":"standard","meta":{"_jetpack_memberships_contains_paid_content":false,"footnotes":""},"categories":[1],"tags":[],"class_list":["post-175","post","type-post","status-publish","format-standard","hentry","category-sin-categoria"],"yoast_head":"<!-- This site is optimized with the Yoast SEO plugin v27.5 - https:\/\/yoast.com\/product\/yoast-seo-wordpress\/ -->\n<title>Llegamos a la meta. - LILA - La Igualdad Lleva A... - COL SANTO DOMINGO - Navia 21\/22<\/title>\n<meta name=\"robots\" content=\"index, follow, max-snippet:-1, max-image-preview:large, max-video-preview:-1\" \/>\n<link rel=\"canonical\" href=\"http:\/\/lila.valnaloneduca.com\/colsantodomingo2022\/2022\/06\/20\/llegamos-a-la-meta\/\" \/>\n<meta property=\"og:locale\" content=\"es_ES\" \/>\n<meta property=\"og:type\" content=\"article\" \/>\n<meta property=\"og:title\" content=\"Llegamos a la meta. - LILA - La Igualdad Lleva A... - COL SANTO DOMINGO - Navia 21\/22\" \/>\n<meta property=\"og:description\" content=\"Ha llegado el momento de dar por finalizado el Proyecto \u00abLILA. La Igualdad Lleva A\u00bb, un proyecto con el que hemos aprendido un mont\u00f3n de cosas. Enumerar cada una de ellas ser\u00eda imposible y mencionar \u00fanicamente unas pocas no nos parece justo (todas son igual de importantes). Lo que s\u00ed estamos dispuestos a hacer es &hellip; Continuar leyendo &quot;Llegamos a la meta.&quot;\" \/>\n<meta property=\"og:url\" content=\"http:\/\/lila.valnaloneduca.com\/colsantodomingo2022\/2022\/06\/20\/llegamos-a-la-meta\/\" \/>\n<meta property=\"og:site_name\" content=\"LILA - La Igualdad Lleva A... - COL SANTO DOMINGO - Navia 21\/22\" \/>\n<meta property=\"article:published_time\" content=\"2022-06-20T10:49:16+00:00\" \/>\n<meta property=\"article:modified_time\" content=\"2022-06-20T20:25:31+00:00\" \/>\n<meta property=\"og:image\" content=\"http:\/\/lila.valnaloneduca.com\/colsantodomingo2022\/wp-content\/uploads\/sites\/19\/2022\/06\/WhatsApp-Image-2022-06-20-at-11.22.00-AM-1024x768.jpeg\" \/>\n<meta name=\"twitter:card\" content=\"summary_large_image\" \/>\n<meta name=\"twitter:label1\" content=\"Escrito por\" \/>\n\t<meta name=\"twitter:data1\" content=\"\" \/>\n\t<meta name=\"twitter:label2\" content=\"Tiempo de lectura\" \/>\n\t<meta name=\"twitter:data2\" content=\"2 minutos\" \/>\n<script type=\"application\/ld+json\" class=\"yoast-schema-graph\">{\"@context\":\"https:\\\/\\\/schema.org\",\"@graph\":[{\"@type\":\"Article\",\"@id\":\"http:\\\/\\\/lila.valnaloneduca.com\\\/colsantodomingo2022\\\/2022\\\/06\\\/20\\\/llegamos-a-la-meta\\\/#article\",\"isPartOf\":{\"@id\":\"http:\\\/\\\/lila.valnaloneduca.com\\\/colsantodomingo2022\\\/2022\\\/06\\\/20\\\/llegamos-a-la-meta\\\/\"},\"author\":{\"name\":\"\",\"@id\":\"\"},\"headline\":\"Llegamos a la meta.\",\"datePublished\":\"2022-06-20T10:49:16+00:00\",\"dateModified\":\"2022-06-20T20:25:31+00:00\",\"mainEntityOfPage\":{\"@id\":\"http:\\\/\\\/lila.valnaloneduca.com\\\/colsantodomingo2022\\\/2022\\\/06\\\/20\\\/llegamos-a-la-meta\\\/\"},\"wordCount\":221,\"commentCount\":0,\"publisher\":{\"@id\":\"http:\\\/\\\/lila.valnaloneduca.com\\\/colsantodomingo2022\\\/#organization\"},\"image\":{\"@id\":\"http:\\\/\\\/lila.valnaloneduca.com\\\/colsantodomingo2022\\\/2022\\\/06\\\/20\\\/llegamos-a-la-meta\\\/#primaryimage\"},\"thumbnailUrl\":\"http:\\\/\\\/lila.valnaloneduca.com\\\/colsantodomingo2022\\\/wp-content\\\/uploads\\\/sites\\\/19\\\/2022\\\/06\\\/WhatsApp-Image-2022-06-20-at-11.22.00-AM-1024x768.jpeg\",\"inLanguage\":\"es\",\"potentialAction\":[{\"@type\":\"CommentAction\",\"name\":\"Comment\",\"target\":[\"http:\\\/\\\/lila.valnaloneduca.com\\\/colsantodomingo2022\\\/2022\\\/06\\\/20\\\/llegamos-a-la-meta\\\/#respond\"]}]},{\"@type\":\"WebPage\",\"@id\":\"http:\\\/\\\/lila.valnaloneduca.com\\\/colsantodomingo2022\\\/2022\\\/06\\\/20\\\/llegamos-a-la-meta\\\/\",\"url\":\"http:\\\/\\\/lila.valnaloneduca.com\\\/colsantodomingo2022\\\/2022\\\/06\\\/20\\\/llegamos-a-la-meta\\\/\",\"name\":\"Llegamos a la meta. - LILA - La Igualdad Lleva A... - COL SANTO DOMINGO - Navia 21\\\/22\",\"isPartOf\":{\"@id\":\"http:\\\/\\\/lila.valnaloneduca.com\\\/colsantodomingo2022\\\/#website\"},\"primaryImageOfPage\":{\"@id\":\"http:\\\/\\\/lila.valnaloneduca.com\\\/colsantodomingo2022\\\/2022\\\/06\\\/20\\\/llegamos-a-la-meta\\\/#primaryimage\"},\"image\":{\"@id\":\"http:\\\/\\\/lila.valnaloneduca.com\\\/colsantodomingo2022\\\/2022\\\/06\\\/20\\\/llegamos-a-la-meta\\\/#primaryimage\"},\"thumbnailUrl\":\"http:\\\/\\\/lila.valnaloneduca.com\\\/colsantodomingo2022\\\/wp-content\\\/uploads\\\/sites\\\/19\\\/2022\\\/06\\\/WhatsApp-Image-2022-06-20-at-11.22.00-AM-1024x768.jpeg\",\"datePublished\":\"2022-06-20T10:49:16+00:00\",\"dateModified\":\"2022-06-20T20:25:31+00:00\",\"breadcrumb\":{\"@id\":\"http:\\\/\\\/lila.valnaloneduca.com\\\/colsantodomingo2022\\\/2022\\\/06\\\/20\\\/llegamos-a-la-meta\\\/#breadcrumb\"},\"inLanguage\":\"es\",\"potentialAction\":[{\"@type\":\"ReadAction\",\"target\":[\"http:\\\/\\\/lila.valnaloneduca.com\\\/colsantodomingo2022\\\/2022\\\/06\\\/20\\\/llegamos-a-la-meta\\\/\"]}]},{\"@type\":\"ImageObject\",\"inLanguage\":\"es\",\"@id\":\"http:\\\/\\\/lila.valnaloneduca.com\\\/colsantodomingo2022\\\/2022\\\/06\\\/20\\\/llegamos-a-la-meta\\\/#primaryimage\",\"url\":\"http:\\\/\\\/lila.valnaloneduca.com\\\/colsantodomingo2022\\\/wp-content\\\/uploads\\\/sites\\\/19\\\/2022\\\/06\\\/WhatsApp-Image-2022-06-20-at-11.22.00-AM-1024x768.jpeg\",\"contentUrl\":\"http:\\\/\\\/lila.valnaloneduca.com\\\/colsantodomingo2022\\\/wp-content\\\/uploads\\\/sites\\\/19\\\/2022\\\/06\\\/WhatsApp-Image-2022-06-20-at-11.22.00-AM-1024x768.jpeg\"},{\"@type\":\"BreadcrumbList\",\"@id\":\"http:\\\/\\\/lila.valnaloneduca.com\\\/colsantodomingo2022\\\/2022\\\/06\\\/20\\\/llegamos-a-la-meta\\\/#breadcrumb\",\"itemListElement\":[{\"@type\":\"ListItem\",\"position\":1,\"name\":\"Portada\",\"item\":\"http:\\\/\\\/lila.valnaloneduca.com\\\/colsantodomingo2022\\\/\"},{\"@type\":\"ListItem\",\"position\":2,\"name\":\"Llegamos a la meta.\"}]},{\"@type\":\"WebSite\",\"@id\":\"http:\\\/\\\/lila.valnaloneduca.com\\\/colsantodomingo2022\\\/#website\",\"url\":\"http:\\\/\\\/lila.valnaloneduca.com\\\/colsantodomingo2022\\\/\",\"name\":\"LILA - La Igualdad Lleva A... - COL SANTO DOMINGO - Navia 21\\\/22\",\"description\":\"La Igualdad Lleva A (LILA) es un Proyecto educativo de la Cadena de Formaci\u00f3n para Emprender del Principado de Asturias, que promueve el desarrollo de competencias emprendedoras al servicio de un trabajo para el empoderamiento y la promoci\u00f3n de la igualdad entre ni\u00f1os y ni\u00f1as de 3\u00ba y 4\u00ba curso de Educaci\u00f3n Primaria.\",\"publisher\":{\"@id\":\"http:\\\/\\\/lila.valnaloneduca.com\\\/colsantodomingo2022\\\/#organization\"},\"potentialAction\":[{\"@type\":\"SearchAction\",\"target\":{\"@type\":\"EntryPoint\",\"urlTemplate\":\"http:\\\/\\\/lila.valnaloneduca.com\\\/colsantodomingo2022\\\/?s={search_term_string}\"},\"query-input\":{\"@type\":\"PropertyValueSpecification\",\"valueRequired\":true,\"valueName\":\"search_term_string\"}}],\"inLanguage\":\"es\"},{\"@type\":\"Organization\",\"@id\":\"http:\\\/\\\/lila.valnaloneduca.com\\\/colsantodomingo2022\\\/#organization\",\"name\":\"LILA - La Igualdad Lleva A... - COL SANTO DOMINGO - Navia 21\\\/22\",\"url\":\"http:\\\/\\\/lila.valnaloneduca.com\\\/colsantodomingo2022\\\/\",\"logo\":{\"@type\":\"ImageObject\",\"inLanguage\":\"es\",\"@id\":\"http:\\\/\\\/lila.valnaloneduca.com\\\/colsantodomingo2022\\\/#\\\/schema\\\/logo\\\/image\\\/\",\"url\":\"https:\\\/\\\/i0.wp.com\\\/lila.valnaloneduca.com\\\/colsantodomingo2022\\\/wp-content\\\/uploads\\\/sites\\\/19\\\/2021\\\/10\\\/cropped-cropped-logo-cabecero.png?fit=240%2C240&ssl=1\",\"contentUrl\":\"https:\\\/\\\/i0.wp.com\\\/lila.valnaloneduca.com\\\/colsantodomingo2022\\\/wp-content\\\/uploads\\\/sites\\\/19\\\/2021\\\/10\\\/cropped-cropped-logo-cabecero.png?fit=240%2C240&ssl=1\",\"width\":240,\"height\":240,\"caption\":\"LILA - La Igualdad Lleva A... - COL SANTO DOMINGO - Navia 21\\\/22\"},\"image\":{\"@id\":\"http:\\\/\\\/lila.valnaloneduca.com\\\/colsantodomingo2022\\\/#\\\/schema\\\/logo\\\/image\\\/\"}},{\"@type\":\"Person\",\"@id\":\"\",\"url\":\"https:\\\/\\\/lila.valnaloneduca.com\\\/colsantodomingo2022\\\/author\\\/\"}]}<\/script>\n<!-- \/ Yoast SEO plugin. -->","yoast_head_json":{"title":"Llegamos a la meta. - LILA - La Igualdad Lleva A... - COL SANTO DOMINGO - Navia 21\/22","robots":{"index":"index","follow":"follow","max-snippet":"max-snippet:-1","max-image-preview":"max-image-preview:large","max-video-preview":"max-video-preview:-1"},"canonical":"http:\/\/lila.valnaloneduca.com\/colsantodomingo2022\/2022\/06\/20\/llegamos-a-la-meta\/","og_locale":"es_ES","og_type":"article","og_title":"Llegamos a la meta. - LILA - La Igualdad Lleva A... - COL SANTO DOMINGO - Navia 21\/22","og_description":"Ha llegado el momento de dar por finalizado el Proyecto \u00abLILA. La Igualdad Lleva A\u00bb, un proyecto con el que hemos aprendido un mont\u00f3n de cosas. Enumerar cada una de ellas ser\u00eda imposible y mencionar \u00fanicamente unas pocas no nos parece justo (todas son igual de importantes). Lo que s\u00ed estamos dispuestos a hacer es &hellip; Continuar leyendo \"Llegamos a la meta.\"","og_url":"http:\/\/lila.valnaloneduca.com\/colsantodomingo2022\/2022\/06\/20\/llegamos-a-la-meta\/","og_site_name":"LILA - La Igualdad Lleva A... - COL SANTO DOMINGO - Navia 21\/22","article_published_time":"2022-06-20T10:49:16+00:00","article_modified_time":"2022-06-20T20:25:31+00:00","og_image":[{"url":"http:\/\/lila.valnaloneduca.com\/colsantodomingo2022\/wp-content\/uploads\/sites\/19\/2022\/06\/WhatsApp-Image-2022-06-20-at-11.22.00-AM-1024x768.jpeg","type":"","width":"","height":""}],"twitter_card":"summary_large_image","twitter_misc":{"Escrito por":"","Tiempo de lectura":"2 minutos"},"schema":{"@context":"https:\/\/schema.org","@graph":[{"@type":"Article","@id":"http:\/\/lila.valnaloneduca.com\/colsantodomingo2022\/2022\/06\/20\/llegamos-a-la-meta\/#article","isPartOf":{"@id":"http:\/\/lila.valnaloneduca.com\/colsantodomingo2022\/2022\/06\/20\/llegamos-a-la-meta\/"},"author":{"name":"","@id":""},"headline":"Llegamos a la meta.","datePublished":"2022-06-20T10:49:16+00:00","dateModified":"2022-06-20T20:25:31+00:00","mainEntityOfPage":{"@id":"http:\/\/lila.valnaloneduca.com\/colsantodomingo2022\/2022\/06\/20\/llegamos-a-la-meta\/"},"wordCount":221,"commentCount":0,"publisher":{"@id":"http:\/\/lila.valnaloneduca.com\/colsantodomingo2022\/#organization"},"image":{"@id":"http:\/\/lila.valnaloneduca.com\/colsantodomingo2022\/2022\/06\/20\/llegamos-a-la-meta\/#primaryimage"},"thumbnailUrl":"http:\/\/lila.valnaloneduca.com\/colsantodomingo2022\/wp-content\/uploads\/sites\/19\/2022\/06\/WhatsApp-Image-2022-06-20-at-11.22.00-AM-1024x768.jpeg","inLanguage":"es","potentialAction":[{"@type":"CommentAction","name":"Comment","target":["http:\/\/lila.valnaloneduca.com\/colsantodomingo2022\/2022\/06\/20\/llegamos-a-la-meta\/#respond"]}]},{"@type":"WebPage","@id":"http:\/\/lila.valnaloneduca.com\/colsantodomingo2022\/2022\/06\/20\/llegamos-a-la-meta\/","url":"http:\/\/lila.valnaloneduca.com\/colsantodomingo2022\/2022\/06\/20\/llegamos-a-la-meta\/","name":"Llegamos a la meta. - LILA - La Igualdad Lleva A... - COL SANTO DOMINGO - Navia 21\/22","isPartOf":{"@id":"http:\/\/lila.valnaloneduca.com\/colsantodomingo2022\/#website"},"primaryImageOfPage":{"@id":"http:\/\/lila.valnaloneduca.com\/colsantodomingo2022\/2022\/06\/20\/llegamos-a-la-meta\/#primaryimage"},"image":{"@id":"http:\/\/lila.valnaloneduca.com\/colsantodomingo2022\/2022\/06\/20\/llegamos-a-la-meta\/#primaryimage"},"thumbnailUrl":"http:\/\/lila.valnaloneduca.com\/colsantodomingo2022\/wp-content\/uploads\/sites\/19\/2022\/06\/WhatsApp-Image-2022-06-20-at-11.22.00-AM-1024x768.jpeg","datePublished":"2022-06-20T10:49:16+00:00","dateModified":"2022-06-20T20:25:31+00:00","breadcrumb":{"@id":"http:\/\/lila.valnaloneduca.com\/colsantodomingo2022\/2022\/06\/20\/llegamos-a-la-meta\/#breadcrumb"},"inLanguage":"es","potentialAction":[{"@type":"ReadAction","target":["http:\/\/lila.valnaloneduca.com\/colsantodomingo2022\/2022\/06\/20\/llegamos-a-la-meta\/"]}]},{"@type":"ImageObject","inLanguage":"es","@id":"http:\/\/lila.valnaloneduca.com\/colsantodomingo2022\/2022\/06\/20\/llegamos-a-la-meta\/#primaryimage","url":"http:\/\/lila.valnaloneduca.com\/colsantodomingo2022\/wp-content\/uploads\/sites\/19\/2022\/06\/WhatsApp-Image-2022-06-20-at-11.22.00-AM-1024x768.jpeg","contentUrl":"http:\/\/lila.valnaloneduca.com\/colsantodomingo2022\/wp-content\/uploads\/sites\/19\/2022\/06\/WhatsApp-Image-2022-06-20-at-11.22.00-AM-1024x768.jpeg"},{"@type":"BreadcrumbList","@id":"http:\/\/lila.valnaloneduca.com\/colsantodomingo2022\/2022\/06\/20\/llegamos-a-la-meta\/#breadcrumb","itemListElement":[{"@type":"ListItem","position":1,"name":"Portada","item":"http:\/\/lila.valnaloneduca.com\/colsantodomingo2022\/"},{"@type":"ListItem","position":2,"name":"Llegamos a la meta."}]},{"@type":"WebSite","@id":"http:\/\/lila.valnaloneduca.com\/colsantodomingo2022\/#website","url":"http:\/\/lila.valnaloneduca.com\/colsantodomingo2022\/","name":"LILA - La Igualdad Lleva A... - COL SANTO DOMINGO - Navia 21\/22","description":"La Igualdad Lleva A (LILA) es un Proyecto educativo de la Cadena de Formaci\u00f3n para Emprender del Principado de Asturias, que promueve el desarrollo de competencias emprendedoras al servicio de un trabajo para el empoderamiento y la promoci\u00f3n de la igualdad entre ni\u00f1os y ni\u00f1as de 3\u00ba y 4\u00ba curso de Educaci\u00f3n Primaria.","publisher":{"@id":"http:\/\/lila.valnaloneduca.com\/colsantodomingo2022\/#organization"},"potentialAction":[{"@type":"SearchAction","target":{"@type":"EntryPoint","urlTemplate":"http:\/\/lila.valnaloneduca.com\/colsantodomingo2022\/?s={search_term_string}"},"query-input":{"@type":"PropertyValueSpecification","valueRequired":true,"valueName":"search_term_string"}}],"inLanguage":"es"},{"@type":"Organization","@id":"http:\/\/lila.valnaloneduca.com\/colsantodomingo2022\/#organization","name":"LILA - La Igualdad Lleva A... - COL SANTO DOMINGO - Navia 21\/22","url":"http:\/\/lila.valnaloneduca.com\/colsantodomingo2022\/","logo":{"@type":"ImageObject","inLanguage":"es","@id":"http:\/\/lila.valnaloneduca.com\/colsantodomingo2022\/#\/schema\/logo\/image\/","url":"https:\/\/i0.wp.com\/lila.valnaloneduca.com\/colsantodomingo2022\/wp-content\/uploads\/sites\/19\/2021\/10\/cropped-cropped-logo-cabecero.png?fit=240%2C240&ssl=1","contentUrl":"https:\/\/i0.wp.com\/lila.valnaloneduca.com\/colsantodomingo2022\/wp-content\/uploads\/sites\/19\/2021\/10\/cropped-cropped-logo-cabecero.png?fit=240%2C240&ssl=1","width":240,"height":240,"caption":"LILA - La Igualdad Lleva A... - COL SANTO DOMINGO - Navia 21\/22"},"image":{"@id":"http:\/\/lila.valnaloneduca.com\/colsantodomingo2022\/#\/schema\/logo\/image\/"}},{"@type":"Person","@id":"","url":"https:\/\/lila.valnaloneduca.com\/colsantodomingo2022\/author\/"}]}},"jetpack_featured_media_url":"","jetpack_sharing_enabled":true,"_links":{"self":[{"href":"https:\/\/lila.valnaloneduca.com\/colsantodomingo2022\/wp-json\/wp\/v2\/posts\/175","targetHints":{"allow":["GET"]}}],"collection":[{"href":"https:\/\/lila.valnaloneduca.com\/colsantodomingo2022\/wp-json\/wp\/v2\/posts"}],"about":[{"href":"https:\/\/lila.valnaloneduca.com\/colsantodomingo2022\/wp-json\/wp\/v2\/types\/post"}],"author":[{"embeddable":true,"href":"https:\/\/lila.valnaloneduca.com\/colsantodomingo2022\/wp-json\/wp\/v2\/users\/20"}],"replies":[{"embeddable":true,"href":"https:\/\/lila.valnaloneduca.com\/colsantodomingo2022\/wp-json\/wp\/v2\/comments?post=175"}],"version-history":[{"count":4,"href":"https:\/\/lila.valnaloneduca.com\/colsantodomingo2022\/wp-json\/wp\/v2\/posts\/175\/revisions"}],"predecessor-version":[{"id":184,"href":"https:\/\/lila.valnaloneduca.com\/colsantodomingo2022\/wp-json\/wp\/v2\/posts\/175\/revisions\/184"}],"wp:attachment":[{"href":"https:\/\/lila.valnaloneduca.com\/colsantodomingo2022\/wp-json\/wp\/v2\/media?parent=175"}],"wp:term":[{"taxonomy":"category","embeddable":true,"href":"https:\/\/lila.valnaloneduca.com\/colsantodomingo2022\/wp-json\/wp\/v2\/categories?post=175"},{"taxonomy":"post_tag","embeddable":true,"href":"https:\/\/lila.valnaloneduca.com\/colsantodomingo2022\/wp-json\/wp\/v2\/tags?post=175"}],"curies":[{"name":"wp","href":"https:\/\/api.w.org\/{rel}","templated":true}]}}