{"id":49,"date":"2021-02-13T10:30:21","date_gmt":"2021-02-13T10:30:21","guid":{"rendered":"http:\/\/lila.valnaloneduca.com\/cpbenedictobembibretorre2021\/?p=49"},"modified":"2021-02-13T10:30:22","modified_gmt":"2021-02-13T10:30:22","slug":"etapa-2-2","status":"publish","type":"post","link":"https:\/\/lila.valnaloneduca.com\/cpbenedictobembibretorre2021\/2021\/02\/13\/etapa-2-2\/","title":{"rendered":"Etapa 2"},"content":{"rendered":"\n<p id=\"block-9f88fdf6-192c-46cd-a20e-007bb78575b3\">4\u00baEP \u2013 C.P. Benedicto Bembibre Torre.<\/p>\n\n\n\n<p id=\"block-96247a7c-738c-4410-b639-65c898a28b27\">2\u00b0 etapa: El Reto.<\/p>\n\n\n\n<p id=\"block-471f2870-a90b-4259-aa3d-5e6d07daa59d\">A trav\u00e9s de la etapa 2 se presentan las capacidades y atributos que tienen las personas que emprenden ahora y que lo han hecho a lo largo de la historia, con alusi\u00f3n a mujeres referentes en el deporte, el campo reivindicativo y social, la ciencia o el cambio clim\u00e1tico; se comparten experiencias de sus familias con iniciativas particulares emprendedoras que pueden presentar en el aula. Se analizan las profesiones m\u00e1s comunes para los hombres y las mujeres en la sociedad. Es por lo tanto una fase crucial para la participaci\u00f3n de las familias y de otras personas emprendedoras ajenas al aula. Por \u00faltimo, se vuelven a empoderar las habilidades personales de las ni\u00f1as y ni\u00f1os, sus gustos e intereses y el trabajo para la potenciaci\u00f3n de la autonom\u00eda para llevarlo todo a cabo.<\/p>\n\n\n\n<figure class=\"wp-block-embed is-type-wp-embed is-provider-genially wp-block-embed-genially\"><div class=\"wp-block-embed__wrapper\">\n<iframe class=\"wp-embedded-content\" sandbox=\"allow-scripts\" security=\"restricted\" title=\"LILA Etapa 2\" frameborder='0' width='1200' height='675' src='https:\/\/view.genial.ly\/6024e3017d47a66c1228da66#?secret=JWFgWh0AbW' data-secret='JWFgWh0AbW' scrolling='yes'><\/iframe>\n<\/div><\/figure>\n","protected":false},"excerpt":{"rendered":"<p>4\u00baEP \u2013 C.P. Benedicto Bembibre Torre. 2\u00b0 etapa: El Reto. A trav\u00e9s de la etapa 2 se presentan las capacidades y atributos que tienen las personas que emprenden ahora y que lo han hecho a lo largo de la historia, con alusi\u00f3n a mujeres referentes en el deporte, el campo reivindicativo y social, la ciencia &hellip; <a href=\"https:\/\/lila.valnaloneduca.com\/cpbenedictobembibretorre2021\/2021\/02\/13\/etapa-2-2\/\" class=\"more-link\">Continuar leyendo<span class=\"screen-reader-text\"> \u00abEtapa 2\u00bb<\/span><\/a><\/p>\n","protected":false},"author":8,"featured_media":51,"comment_status":"open","ping_status":"open","sticky":false,"template":"","format":"standard","meta":{"_jetpack_memberships_contains_paid_content":false,"footnotes":""},"categories":[1],"tags":[],"class_list":["post-49","post","type-post","status-publish","format-standard","has-post-thumbnail","hentry","category-sin-categoria"],"yoast_head":"<!-- This site is optimized with the Yoast SEO plugin v27.4 - https:\/\/yoast.com\/product\/yoast-seo-wordpress\/ -->\n<title>Etapa 2 - La Igualdad Lleva A \u2026 \u2013 C.P. BENEDICTO BEMBIBRE TORRE- Lada- Langreo<\/title>\n<meta name=\"robots\" content=\"index, follow, max-snippet:-1, max-image-preview:large, max-video-preview:-1\" \/>\n<link rel=\"canonical\" href=\"http:\/\/lila.valnaloneduca.com\/cpbenedictobembibretorre2021\/2021\/02\/13\/etapa-2-2\/\" \/>\n<meta property=\"og:locale\" content=\"es_ES\" \/>\n<meta property=\"og:type\" content=\"article\" \/>\n<meta property=\"og:title\" content=\"Etapa 2 - La Igualdad Lleva A \u2026 \u2013 C.P. BENEDICTO BEMBIBRE TORRE- Lada- Langreo\" \/>\n<meta property=\"og:description\" content=\"4\u00baEP \u2013 C.P. Benedicto Bembibre Torre. 2\u00b0 etapa: El Reto. A trav\u00e9s de la etapa 2 se presentan las capacidades y atributos que tienen las personas que emprenden ahora y que lo han hecho a lo largo de la historia, con alusi\u00f3n a mujeres referentes en el deporte, el campo reivindicativo y social, la ciencia &hellip; Continuar leyendo &quot;Etapa 2&quot;\" \/>\n<meta property=\"og:url\" content=\"http:\/\/lila.valnaloneduca.com\/cpbenedictobembibretorre2021\/2021\/02\/13\/etapa-2-2\/\" \/>\n<meta property=\"og:site_name\" content=\"La Igualdad Lleva A \u2026 \u2013 C.P. BENEDICTO BEMBIBRE TORRE- Lada- Langreo\" \/>\n<meta property=\"article:published_time\" content=\"2021-02-13T10:30:21+00:00\" \/>\n<meta property=\"article:modified_time\" content=\"2021-02-13T10:30:22+00:00\" \/>\n<meta property=\"og:image\" content=\"http:\/\/lila.valnaloneduca.com\/cpbenedictobembibretorre2021\/wp-content\/uploads\/sites\/8\/2021\/02\/4oEP-Etapa-2-1-scaled.jpg\" \/>\n\t<meta property=\"og:image:width\" content=\"2560\" \/>\n\t<meta property=\"og:image:height\" content=\"1440\" \/>\n\t<meta property=\"og:image:type\" content=\"image\/jpeg\" \/>\n<meta name=\"twitter:card\" content=\"summary_large_image\" \/>\n<meta name=\"twitter:label1\" content=\"Escrito por\" \/>\n\t<meta name=\"twitter:data1\" content=\"\" \/>\n\t<meta name=\"twitter:label2\" content=\"Tiempo de lectura\" \/>\n\t<meta name=\"twitter:data2\" content=\"1 minuto\" \/>\n<script type=\"application\/ld+json\" class=\"yoast-schema-graph\">{\"@context\":\"https:\\\/\\\/schema.org\",\"@graph\":[{\"@type\":\"Article\",\"@id\":\"http:\\\/\\\/lila.valnaloneduca.com\\\/cpbenedictobembibretorre2021\\\/2021\\\/02\\\/13\\\/etapa-2-2\\\/#article\",\"isPartOf\":{\"@id\":\"http:\\\/\\\/lila.valnaloneduca.com\\\/cpbenedictobembibretorre2021\\\/2021\\\/02\\\/13\\\/etapa-2-2\\\/\"},\"author\":{\"name\":\"\",\"@id\":\"\"},\"headline\":\"Etapa 2\",\"datePublished\":\"2021-02-13T10:30:21+00:00\",\"dateModified\":\"2021-02-13T10:30:22+00:00\",\"mainEntityOfPage\":{\"@id\":\"http:\\\/\\\/lila.valnaloneduca.com\\\/cpbenedictobembibretorre2021\\\/2021\\\/02\\\/13\\\/etapa-2-2\\\/\"},\"wordCount\":161,\"commentCount\":0,\"publisher\":{\"@id\":\"http:\\\/\\\/lila.valnaloneduca.com\\\/cpbenedictobembibretorre2021\\\/#organization\"},\"image\":{\"@id\":\"http:\\\/\\\/lila.valnaloneduca.com\\\/cpbenedictobembibretorre2021\\\/2021\\\/02\\\/13\\\/etapa-2-2\\\/#primaryimage\"},\"thumbnailUrl\":\"https:\\\/\\\/lila.valnaloneduca.com\\\/cpbenedictobembibretorre2021\\\/wp-content\\\/uploads\\\/sites\\\/8\\\/2021\\\/02\\\/4oEP-Etapa-2-1-scaled.jpg\",\"inLanguage\":\"es\",\"potentialAction\":[{\"@type\":\"CommentAction\",\"name\":\"Comment\",\"target\":[\"http:\\\/\\\/lila.valnaloneduca.com\\\/cpbenedictobembibretorre2021\\\/2021\\\/02\\\/13\\\/etapa-2-2\\\/#respond\"]}]},{\"@type\":\"WebPage\",\"@id\":\"http:\\\/\\\/lila.valnaloneduca.com\\\/cpbenedictobembibretorre2021\\\/2021\\\/02\\\/13\\\/etapa-2-2\\\/\",\"url\":\"http:\\\/\\\/lila.valnaloneduca.com\\\/cpbenedictobembibretorre2021\\\/2021\\\/02\\\/13\\\/etapa-2-2\\\/\",\"name\":\"Etapa 2 - La Igualdad Lleva A \u2026 \u2013 C.P. BENEDICTO BEMBIBRE TORRE- Lada- Langreo\",\"isPartOf\":{\"@id\":\"http:\\\/\\\/lila.valnaloneduca.com\\\/cpbenedictobembibretorre2021\\\/#website\"},\"primaryImageOfPage\":{\"@id\":\"http:\\\/\\\/lila.valnaloneduca.com\\\/cpbenedictobembibretorre2021\\\/2021\\\/02\\\/13\\\/etapa-2-2\\\/#primaryimage\"},\"image\":{\"@id\":\"http:\\\/\\\/lila.valnaloneduca.com\\\/cpbenedictobembibretorre2021\\\/2021\\\/02\\\/13\\\/etapa-2-2\\\/#primaryimage\"},\"thumbnailUrl\":\"https:\\\/\\\/lila.valnaloneduca.com\\\/cpbenedictobembibretorre2021\\\/wp-content\\\/uploads\\\/sites\\\/8\\\/2021\\\/02\\\/4oEP-Etapa-2-1-scaled.jpg\",\"datePublished\":\"2021-02-13T10:30:21+00:00\",\"dateModified\":\"2021-02-13T10:30:22+00:00\",\"breadcrumb\":{\"@id\":\"http:\\\/\\\/lila.valnaloneduca.com\\\/cpbenedictobembibretorre2021\\\/2021\\\/02\\\/13\\\/etapa-2-2\\\/#breadcrumb\"},\"inLanguage\":\"es\",\"potentialAction\":[{\"@type\":\"ReadAction\",\"target\":[\"http:\\\/\\\/lila.valnaloneduca.com\\\/cpbenedictobembibretorre2021\\\/2021\\\/02\\\/13\\\/etapa-2-2\\\/\"]}]},{\"@type\":\"ImageObject\",\"inLanguage\":\"es\",\"@id\":\"http:\\\/\\\/lila.valnaloneduca.com\\\/cpbenedictobembibretorre2021\\\/2021\\\/02\\\/13\\\/etapa-2-2\\\/#primaryimage\",\"url\":\"https:\\\/\\\/lila.valnaloneduca.com\\\/cpbenedictobembibretorre2021\\\/wp-content\\\/uploads\\\/sites\\\/8\\\/2021\\\/02\\\/4oEP-Etapa-2-1-scaled.jpg\",\"contentUrl\":\"https:\\\/\\\/lila.valnaloneduca.com\\\/cpbenedictobembibretorre2021\\\/wp-content\\\/uploads\\\/sites\\\/8\\\/2021\\\/02\\\/4oEP-Etapa-2-1-scaled.jpg\",\"width\":2560,\"height\":1440},{\"@type\":\"BreadcrumbList\",\"@id\":\"http:\\\/\\\/lila.valnaloneduca.com\\\/cpbenedictobembibretorre2021\\\/2021\\\/02\\\/13\\\/etapa-2-2\\\/#breadcrumb\",\"itemListElement\":[{\"@type\":\"ListItem\",\"position\":1,\"name\":\"Portada\",\"item\":\"http:\\\/\\\/lila.valnaloneduca.com\\\/cpbenedictobembibretorre2021\\\/\"},{\"@type\":\"ListItem\",\"position\":2,\"name\":\"Etapa 2\"}]},{\"@type\":\"WebSite\",\"@id\":\"http:\\\/\\\/lila.valnaloneduca.com\\\/cpbenedictobembibretorre2021\\\/#website\",\"url\":\"http:\\\/\\\/lila.valnaloneduca.com\\\/cpbenedictobembibretorre2021\\\/\",\"name\":\"La Igualdad Lleva A \u2026 \u2013 C.P. BENEDICTO BEMBIBRE TORRE- Lada- Langreo\",\"description\":\"La Igualdad Lleva A (LILA) es un Proyecto educativo de la Cadena de Formaci\u00f3n para Emprender del Principado de Asturias, que promueve el desarrollo de competencias emprendedoras al servicio de un trabajo para el empoderamiento y la promoci\u00f3n de la igualdad entre ni\u00f1os y ni\u00f1as de 3\u00ba y 4\u00ba curso de Educaci\u00f3n Primaria.\",\"publisher\":{\"@id\":\"http:\\\/\\\/lila.valnaloneduca.com\\\/cpbenedictobembibretorre2021\\\/#organization\"},\"potentialAction\":[{\"@type\":\"SearchAction\",\"target\":{\"@type\":\"EntryPoint\",\"urlTemplate\":\"http:\\\/\\\/lila.valnaloneduca.com\\\/cpbenedictobembibretorre2021\\\/?s={search_term_string}\"},\"query-input\":{\"@type\":\"PropertyValueSpecification\",\"valueRequired\":true,\"valueName\":\"search_term_string\"}}],\"inLanguage\":\"es\"},{\"@type\":\"Organization\",\"@id\":\"http:\\\/\\\/lila.valnaloneduca.com\\\/cpbenedictobembibretorre2021\\\/#organization\",\"name\":\"La Igualdad Lleva A \u2026 \u2013 C.P. BENEDICTO BEMBIBRE TORRE- Lada- Langreo\",\"url\":\"http:\\\/\\\/lila.valnaloneduca.com\\\/cpbenedictobembibretorre2021\\\/\",\"logo\":{\"@type\":\"ImageObject\",\"inLanguage\":\"es\",\"@id\":\"http:\\\/\\\/lila.valnaloneduca.com\\\/cpbenedictobembibretorre2021\\\/#\\\/schema\\\/logo\\\/image\\\/\",\"url\":\"https:\\\/\\\/lila.valnaloneduca.com\\\/cpbenedictobembibretorre2021\\\/wp-content\\\/uploads\\\/sites\\\/8\\\/2021\\\/01\\\/cropped-logo-cabecero.png\",\"contentUrl\":\"https:\\\/\\\/lila.valnaloneduca.com\\\/cpbenedictobembibretorre2021\\\/wp-content\\\/uploads\\\/sites\\\/8\\\/2021\\\/01\\\/cropped-logo-cabecero.png\",\"width\":240,\"height\":139,\"caption\":\"La Igualdad Lleva A \u2026 \u2013 C.P. BENEDICTO BEMBIBRE TORRE- Lada- Langreo\"},\"image\":{\"@id\":\"http:\\\/\\\/lila.valnaloneduca.com\\\/cpbenedictobembibretorre2021\\\/#\\\/schema\\\/logo\\\/image\\\/\"}},{\"@type\":\"Person\",\"@id\":\"\",\"url\":\"https:\\\/\\\/lila.valnaloneduca.com\\\/cpbenedictobembibretorre2021\\\/author\\\/\"}]}<\/script>\n<!-- \/ Yoast SEO plugin. -->","yoast_head_json":{"title":"Etapa 2 - La Igualdad Lleva A \u2026 \u2013 C.P. BENEDICTO BEMBIBRE TORRE- Lada- Langreo","robots":{"index":"index","follow":"follow","max-snippet":"max-snippet:-1","max-image-preview":"max-image-preview:large","max-video-preview":"max-video-preview:-1"},"canonical":"http:\/\/lila.valnaloneduca.com\/cpbenedictobembibretorre2021\/2021\/02\/13\/etapa-2-2\/","og_locale":"es_ES","og_type":"article","og_title":"Etapa 2 - La Igualdad Lleva A \u2026 \u2013 C.P. BENEDICTO BEMBIBRE TORRE- Lada- Langreo","og_description":"4\u00baEP \u2013 C.P. Benedicto Bembibre Torre. 2\u00b0 etapa: El Reto. A trav\u00e9s de la etapa 2 se presentan las capacidades y atributos que tienen las personas que emprenden ahora y que lo han hecho a lo largo de la historia, con alusi\u00f3n a mujeres referentes en el deporte, el campo reivindicativo y social, la ciencia &hellip; Continuar leyendo \"Etapa 2\"","og_url":"http:\/\/lila.valnaloneduca.com\/cpbenedictobembibretorre2021\/2021\/02\/13\/etapa-2-2\/","og_site_name":"La Igualdad Lleva A \u2026 \u2013 C.P. BENEDICTO BEMBIBRE TORRE- Lada- Langreo","article_published_time":"2021-02-13T10:30:21+00:00","article_modified_time":"2021-02-13T10:30:22+00:00","og_image":[{"width":2560,"height":1440,"url":"http:\/\/lila.valnaloneduca.com\/cpbenedictobembibretorre2021\/wp-content\/uploads\/sites\/8\/2021\/02\/4oEP-Etapa-2-1-scaled.jpg","type":"image\/jpeg"}],"twitter_card":"summary_large_image","twitter_misc":{"Escrito por":"","Tiempo de lectura":"1 minuto"},"schema":{"@context":"https:\/\/schema.org","@graph":[{"@type":"Article","@id":"http:\/\/lila.valnaloneduca.com\/cpbenedictobembibretorre2021\/2021\/02\/13\/etapa-2-2\/#article","isPartOf":{"@id":"http:\/\/lila.valnaloneduca.com\/cpbenedictobembibretorre2021\/2021\/02\/13\/etapa-2-2\/"},"author":{"name":"","@id":""},"headline":"Etapa 2","datePublished":"2021-02-13T10:30:21+00:00","dateModified":"2021-02-13T10:30:22+00:00","mainEntityOfPage":{"@id":"http:\/\/lila.valnaloneduca.com\/cpbenedictobembibretorre2021\/2021\/02\/13\/etapa-2-2\/"},"wordCount":161,"commentCount":0,"publisher":{"@id":"http:\/\/lila.valnaloneduca.com\/cpbenedictobembibretorre2021\/#organization"},"image":{"@id":"http:\/\/lila.valnaloneduca.com\/cpbenedictobembibretorre2021\/2021\/02\/13\/etapa-2-2\/#primaryimage"},"thumbnailUrl":"https:\/\/lila.valnaloneduca.com\/cpbenedictobembibretorre2021\/wp-content\/uploads\/sites\/8\/2021\/02\/4oEP-Etapa-2-1-scaled.jpg","inLanguage":"es","potentialAction":[{"@type":"CommentAction","name":"Comment","target":["http:\/\/lila.valnaloneduca.com\/cpbenedictobembibretorre2021\/2021\/02\/13\/etapa-2-2\/#respond"]}]},{"@type":"WebPage","@id":"http:\/\/lila.valnaloneduca.com\/cpbenedictobembibretorre2021\/2021\/02\/13\/etapa-2-2\/","url":"http:\/\/lila.valnaloneduca.com\/cpbenedictobembibretorre2021\/2021\/02\/13\/etapa-2-2\/","name":"Etapa 2 - La Igualdad Lleva A \u2026 \u2013 C.P. BENEDICTO BEMBIBRE TORRE- Lada- Langreo","isPartOf":{"@id":"http:\/\/lila.valnaloneduca.com\/cpbenedictobembibretorre2021\/#website"},"primaryImageOfPage":{"@id":"http:\/\/lila.valnaloneduca.com\/cpbenedictobembibretorre2021\/2021\/02\/13\/etapa-2-2\/#primaryimage"},"image":{"@id":"http:\/\/lila.valnaloneduca.com\/cpbenedictobembibretorre2021\/2021\/02\/13\/etapa-2-2\/#primaryimage"},"thumbnailUrl":"https:\/\/lila.valnaloneduca.com\/cpbenedictobembibretorre2021\/wp-content\/uploads\/sites\/8\/2021\/02\/4oEP-Etapa-2-1-scaled.jpg","datePublished":"2021-02-13T10:30:21+00:00","dateModified":"2021-02-13T10:30:22+00:00","breadcrumb":{"@id":"http:\/\/lila.valnaloneduca.com\/cpbenedictobembibretorre2021\/2021\/02\/13\/etapa-2-2\/#breadcrumb"},"inLanguage":"es","potentialAction":[{"@type":"ReadAction","target":["http:\/\/lila.valnaloneduca.com\/cpbenedictobembibretorre2021\/2021\/02\/13\/etapa-2-2\/"]}]},{"@type":"ImageObject","inLanguage":"es","@id":"http:\/\/lila.valnaloneduca.com\/cpbenedictobembibretorre2021\/2021\/02\/13\/etapa-2-2\/#primaryimage","url":"https:\/\/lila.valnaloneduca.com\/cpbenedictobembibretorre2021\/wp-content\/uploads\/sites\/8\/2021\/02\/4oEP-Etapa-2-1-scaled.jpg","contentUrl":"https:\/\/lila.valnaloneduca.com\/cpbenedictobembibretorre2021\/wp-content\/uploads\/sites\/8\/2021\/02\/4oEP-Etapa-2-1-scaled.jpg","width":2560,"height":1440},{"@type":"BreadcrumbList","@id":"http:\/\/lila.valnaloneduca.com\/cpbenedictobembibretorre2021\/2021\/02\/13\/etapa-2-2\/#breadcrumb","itemListElement":[{"@type":"ListItem","position":1,"name":"Portada","item":"http:\/\/lila.valnaloneduca.com\/cpbenedictobembibretorre2021\/"},{"@type":"ListItem","position":2,"name":"Etapa 2"}]},{"@type":"WebSite","@id":"http:\/\/lila.valnaloneduca.com\/cpbenedictobembibretorre2021\/#website","url":"http:\/\/lila.valnaloneduca.com\/cpbenedictobembibretorre2021\/","name":"La Igualdad Lleva A \u2026 \u2013 C.P. BENEDICTO BEMBIBRE TORRE- Lada- Langreo","description":"La Igualdad Lleva A (LILA) es un Proyecto educativo de la Cadena de Formaci\u00f3n para Emprender del Principado de Asturias, que promueve el desarrollo de competencias emprendedoras al servicio de un trabajo para el empoderamiento y la promoci\u00f3n de la igualdad entre ni\u00f1os y ni\u00f1as de 3\u00ba y 4\u00ba curso de Educaci\u00f3n Primaria.","publisher":{"@id":"http:\/\/lila.valnaloneduca.com\/cpbenedictobembibretorre2021\/#organization"},"potentialAction":[{"@type":"SearchAction","target":{"@type":"EntryPoint","urlTemplate":"http:\/\/lila.valnaloneduca.com\/cpbenedictobembibretorre2021\/?s={search_term_string}"},"query-input":{"@type":"PropertyValueSpecification","valueRequired":true,"valueName":"search_term_string"}}],"inLanguage":"es"},{"@type":"Organization","@id":"http:\/\/lila.valnaloneduca.com\/cpbenedictobembibretorre2021\/#organization","name":"La Igualdad Lleva A \u2026 \u2013 C.P. BENEDICTO BEMBIBRE TORRE- Lada- Langreo","url":"http:\/\/lila.valnaloneduca.com\/cpbenedictobembibretorre2021\/","logo":{"@type":"ImageObject","inLanguage":"es","@id":"http:\/\/lila.valnaloneduca.com\/cpbenedictobembibretorre2021\/#\/schema\/logo\/image\/","url":"https:\/\/lila.valnaloneduca.com\/cpbenedictobembibretorre2021\/wp-content\/uploads\/sites\/8\/2021\/01\/cropped-logo-cabecero.png","contentUrl":"https:\/\/lila.valnaloneduca.com\/cpbenedictobembibretorre2021\/wp-content\/uploads\/sites\/8\/2021\/01\/cropped-logo-cabecero.png","width":240,"height":139,"caption":"La Igualdad Lleva A \u2026 \u2013 C.P. BENEDICTO BEMBIBRE TORRE- Lada- Langreo"},"image":{"@id":"http:\/\/lila.valnaloneduca.com\/cpbenedictobembibretorre2021\/#\/schema\/logo\/image\/"}},{"@type":"Person","@id":"","url":"https:\/\/lila.valnaloneduca.com\/cpbenedictobembibretorre2021\/author\/"}]}},"jetpack_featured_media_url":"https:\/\/lila.valnaloneduca.com\/cpbenedictobembibretorre2021\/wp-content\/uploads\/sites\/8\/2021\/02\/4oEP-Etapa-2-1-scaled.jpg","jetpack_sharing_enabled":true,"_links":{"self":[{"href":"https:\/\/lila.valnaloneduca.com\/cpbenedictobembibretorre2021\/wp-json\/wp\/v2\/posts\/49","targetHints":{"allow":["GET"]}}],"collection":[{"href":"https:\/\/lila.valnaloneduca.com\/cpbenedictobembibretorre2021\/wp-json\/wp\/v2\/posts"}],"about":[{"href":"https:\/\/lila.valnaloneduca.com\/cpbenedictobembibretorre2021\/wp-json\/wp\/v2\/types\/post"}],"author":[{"embeddable":true,"href":"https:\/\/lila.valnaloneduca.com\/cpbenedictobembibretorre2021\/wp-json\/wp\/v2\/users\/8"}],"replies":[{"embeddable":true,"href":"https:\/\/lila.valnaloneduca.com\/cpbenedictobembibretorre2021\/wp-json\/wp\/v2\/comments?post=49"}],"version-history":[{"count":1,"href":"https:\/\/lila.valnaloneduca.com\/cpbenedictobembibretorre2021\/wp-json\/wp\/v2\/posts\/49\/revisions"}],"predecessor-version":[{"id":52,"href":"https:\/\/lila.valnaloneduca.com\/cpbenedictobembibretorre2021\/wp-json\/wp\/v2\/posts\/49\/revisions\/52"}],"wp:featuredmedia":[{"embeddable":true,"href":"https:\/\/lila.valnaloneduca.com\/cpbenedictobembibretorre2021\/wp-json\/wp\/v2\/media\/51"}],"wp:attachment":[{"href":"https:\/\/lila.valnaloneduca.com\/cpbenedictobembibretorre2021\/wp-json\/wp\/v2\/media?parent=49"}],"wp:term":[{"taxonomy":"category","embeddable":true,"href":"https:\/\/lila.valnaloneduca.com\/cpbenedictobembibretorre2021\/wp-json\/wp\/v2\/categories?post=49"},{"taxonomy":"post_tag","embeddable":true,"href":"https:\/\/lila.valnaloneduca.com\/cpbenedictobembibretorre2021\/wp-json\/wp\/v2\/tags?post=49"}],"curies":[{"name":"wp","href":"https:\/\/api.w.org\/{rel}","templated":true}]}}