{"id":28,"date":"2024-10-07T14:21:47","date_gmt":"2024-10-07T12:21:47","guid":{"rendered":"http:\/\/lila.valnaloneduca.com\/cpelvillar2425\/?p=28"},"modified":"2024-10-07T14:21:48","modified_gmt":"2024-10-07T12:21:48","slug":"empezamos-otro-curso-mas-mirando-en-lila","status":"publish","type":"post","link":"https:\/\/lila.valnaloneduca.com\/cpelvillar2425\/2024\/10\/07\/empezamos-otro-curso-mas-mirando-en-lila\/","title":{"rendered":"Empezamos otro curso m\u00e1s mirando en LILA"},"content":{"rendered":"\n<p>Este curso el alumnado de 6\u00ba del CP El Villar de Trubia participaremos en el Proyecto LILA.<\/p>\n\n\n<div class=\"wp-block-image\">\n<figure class=\"aligncenter size-large is-resized\"><img decoding=\"async\" src=\"https:\/\/alojaweb.educastur.es\/documents\/1950044\/1972077\/f.+cole.JPG\/690020f0-d3dc-45d6-9387-af4200c85507?t=1509104066395\" alt=\"\" style=\"width:332px;height:auto\" \/><\/figure>\n<\/div>","protected":false},"excerpt":{"rendered":"<p>Este curso el alumnado de 6\u00ba del CP El Villar de Trubia participaremos en el Proyecto LILA.<\/p>\n","protected":false},"author":2,"featured_media":0,"comment_status":"open","ping_status":"open","sticky":false,"template":"","format":"standard","meta":{"footnotes":""},"categories":[1],"tags":[],"class_list":["post-28","post","type-post","status-publish","format-standard","hentry","category-sin-categoria"],"yoast_head":"<!-- This site is optimized with the Yoast SEO plugin v27.5 - https:\/\/yoast.com\/product\/yoast-seo-wordpress\/ -->\n<title>Empezamos otro curso m\u00e1s mirando en LILA - LILA \u2013 La Igualdad Lleva A\u2026 \u2013 C.P. EL VILLAR \u2013 Trubia (Oviedo) \u2013 24\/25<\/title>\n<meta name=\"robots\" content=\"index, follow, max-snippet:-1, max-image-preview:large, max-video-preview:-1\" \/>\n<link rel=\"canonical\" href=\"http:\/\/lila.valnaloneduca.com\/cpelvillar2425\/2024\/10\/07\/empezamos-otro-curso-mas-mirando-en-lila\/\" \/>\n<meta property=\"og:locale\" content=\"es_ES\" \/>\n<meta property=\"og:type\" content=\"article\" \/>\n<meta property=\"og:title\" content=\"Empezamos otro curso m\u00e1s mirando en LILA - LILA \u2013 La Igualdad Lleva A\u2026 \u2013 C.P. EL VILLAR \u2013 Trubia (Oviedo) \u2013 24\/25\" \/>\n<meta property=\"og:description\" content=\"Este curso el alumnado de 6\u00ba del CP El Villar de Trubia participaremos en el Proyecto LILA.\" \/>\n<meta property=\"og:url\" content=\"http:\/\/lila.valnaloneduca.com\/cpelvillar2425\/2024\/10\/07\/empezamos-otro-curso-mas-mirando-en-lila\/\" \/>\n<meta property=\"og:site_name\" content=\"LILA \u2013 La Igualdad Lleva A\u2026 \u2013 C.P. EL VILLAR \u2013 Trubia (Oviedo) \u2013 24\/25\" \/>\n<meta property=\"article:published_time\" content=\"2024-10-07T12:21:47+00:00\" \/>\n<meta property=\"article:modified_time\" content=\"2024-10-07T12:21:48+00:00\" \/>\n<meta property=\"og:image\" content=\"https:\/\/alojaweb.educastur.es\/documents\/1950044\/1972077\/f.+cole.JPG\/690020f0-d3dc-45d6-9387-af4200c85507?t=1509104066395\" \/>\n<meta name=\"author\" content=\"lila\" \/>\n<meta name=\"twitter:card\" content=\"summary_large_image\" \/>\n<meta name=\"twitter:label1\" content=\"Escrito por\" \/>\n\t<meta name=\"twitter:data1\" content=\"lila\" \/>\n\t<meta name=\"twitter:label2\" content=\"Tiempo de lectura\" \/>\n\t<meta name=\"twitter:data2\" content=\"1 minuto\" \/>\n<script type=\"application\/ld+json\" class=\"yoast-schema-graph\">{\"@context\":\"https:\\\/\\\/schema.org\",\"@graph\":[{\"@type\":\"Article\",\"@id\":\"http:\\\/\\\/lila.valnaloneduca.com\\\/cpelvillar2425\\\/2024\\\/10\\\/07\\\/empezamos-otro-curso-mas-mirando-en-lila\\\/#article\",\"isPartOf\":{\"@id\":\"http:\\\/\\\/lila.valnaloneduca.com\\\/cpelvillar2425\\\/2024\\\/10\\\/07\\\/empezamos-otro-curso-mas-mirando-en-lila\\\/\"},\"author\":{\"name\":\"lila\",\"@id\":\"http:\\\/\\\/lila.valnaloneduca.com\\\/cpelvillar2425\\\/#\\\/schema\\\/person\\\/b1d0422b250e580f42a136a82137c682\"},\"headline\":\"Empezamos otro curso m\u00e1s mirando en LILA\",\"datePublished\":\"2024-10-07T12:21:47+00:00\",\"dateModified\":\"2024-10-07T12:21:48+00:00\",\"mainEntityOfPage\":{\"@id\":\"http:\\\/\\\/lila.valnaloneduca.com\\\/cpelvillar2425\\\/2024\\\/10\\\/07\\\/empezamos-otro-curso-mas-mirando-en-lila\\\/\"},\"wordCount\":24,\"commentCount\":0,\"publisher\":{\"@id\":\"http:\\\/\\\/lila.valnaloneduca.com\\\/cpelvillar2425\\\/#organization\"},\"image\":{\"@id\":\"http:\\\/\\\/lila.valnaloneduca.com\\\/cpelvillar2425\\\/2024\\\/10\\\/07\\\/empezamos-otro-curso-mas-mirando-en-lila\\\/#primaryimage\"},\"thumbnailUrl\":\"https:\\\/\\\/alojaweb.educastur.es\\\/documents\\\/1950044\\\/1972077\\\/f.+cole.JPG\\\/690020f0-d3dc-45d6-9387-af4200c85507?t=1509104066395\",\"inLanguage\":\"es\",\"potentialAction\":[{\"@type\":\"CommentAction\",\"name\":\"Comment\",\"target\":[\"http:\\\/\\\/lila.valnaloneduca.com\\\/cpelvillar2425\\\/2024\\\/10\\\/07\\\/empezamos-otro-curso-mas-mirando-en-lila\\\/#respond\"]}]},{\"@type\":\"WebPage\",\"@id\":\"http:\\\/\\\/lila.valnaloneduca.com\\\/cpelvillar2425\\\/2024\\\/10\\\/07\\\/empezamos-otro-curso-mas-mirando-en-lila\\\/\",\"url\":\"http:\\\/\\\/lila.valnaloneduca.com\\\/cpelvillar2425\\\/2024\\\/10\\\/07\\\/empezamos-otro-curso-mas-mirando-en-lila\\\/\",\"name\":\"Empezamos otro curso m\u00e1s mirando en LILA - LILA \u2013 La Igualdad Lleva A\u2026 \u2013 C.P. EL VILLAR \u2013 Trubia (Oviedo) \u2013 24\\\/25\",\"isPartOf\":{\"@id\":\"http:\\\/\\\/lila.valnaloneduca.com\\\/cpelvillar2425\\\/#website\"},\"primaryImageOfPage\":{\"@id\":\"http:\\\/\\\/lila.valnaloneduca.com\\\/cpelvillar2425\\\/2024\\\/10\\\/07\\\/empezamos-otro-curso-mas-mirando-en-lila\\\/#primaryimage\"},\"image\":{\"@id\":\"http:\\\/\\\/lila.valnaloneduca.com\\\/cpelvillar2425\\\/2024\\\/10\\\/07\\\/empezamos-otro-curso-mas-mirando-en-lila\\\/#primaryimage\"},\"thumbnailUrl\":\"https:\\\/\\\/alojaweb.educastur.es\\\/documents\\\/1950044\\\/1972077\\\/f.+cole.JPG\\\/690020f0-d3dc-45d6-9387-af4200c85507?t=1509104066395\",\"datePublished\":\"2024-10-07T12:21:47+00:00\",\"dateModified\":\"2024-10-07T12:21:48+00:00\",\"breadcrumb\":{\"@id\":\"http:\\\/\\\/lila.valnaloneduca.com\\\/cpelvillar2425\\\/2024\\\/10\\\/07\\\/empezamos-otro-curso-mas-mirando-en-lila\\\/#breadcrumb\"},\"inLanguage\":\"es\",\"potentialAction\":[{\"@type\":\"ReadAction\",\"target\":[\"http:\\\/\\\/lila.valnaloneduca.com\\\/cpelvillar2425\\\/2024\\\/10\\\/07\\\/empezamos-otro-curso-mas-mirando-en-lila\\\/\"]}]},{\"@type\":\"ImageObject\",\"inLanguage\":\"es\",\"@id\":\"http:\\\/\\\/lila.valnaloneduca.com\\\/cpelvillar2425\\\/2024\\\/10\\\/07\\\/empezamos-otro-curso-mas-mirando-en-lila\\\/#primaryimage\",\"url\":\"https:\\\/\\\/alojaweb.educastur.es\\\/documents\\\/1950044\\\/1972077\\\/f.+cole.JPG\\\/690020f0-d3dc-45d6-9387-af4200c85507?t=1509104066395\",\"contentUrl\":\"https:\\\/\\\/alojaweb.educastur.es\\\/documents\\\/1950044\\\/1972077\\\/f.+cole.JPG\\\/690020f0-d3dc-45d6-9387-af4200c85507?t=1509104066395\"},{\"@type\":\"BreadcrumbList\",\"@id\":\"http:\\\/\\\/lila.valnaloneduca.com\\\/cpelvillar2425\\\/2024\\\/10\\\/07\\\/empezamos-otro-curso-mas-mirando-en-lila\\\/#breadcrumb\",\"itemListElement\":[{\"@type\":\"ListItem\",\"position\":1,\"name\":\"Portada\",\"item\":\"http:\\\/\\\/lila.valnaloneduca.com\\\/cpelvillar2425\\\/\"},{\"@type\":\"ListItem\",\"position\":2,\"name\":\"Empezamos otro curso m\u00e1s mirando en LILA\"}]},{\"@type\":\"WebSite\",\"@id\":\"http:\\\/\\\/lila.valnaloneduca.com\\\/cpelvillar2425\\\/#website\",\"url\":\"http:\\\/\\\/lila.valnaloneduca.com\\\/cpelvillar2425\\\/\",\"name\":\"LILA \u2013 La Igualdad Lleva A\u2026 \u2013 C.P. EL VILLAR \u2013 Trubia (Oviedo) \u2013 24\\\/25\",\"description\":\"La Igualdad Lleva A \u2026 (LILA) es un Proyecto educativo de la Cadena de Formaci\u00f3n para Emprender del Principado de Asturias, que promueve el desarrollo de competencias emprendedoras al servicio de un trabajo para el empoderamiento y la promoci\u00f3n de la igualdad entre ni\u00f1os y ni\u00f1as de Educaci\u00f3n Primaria.\",\"publisher\":{\"@id\":\"http:\\\/\\\/lila.valnaloneduca.com\\\/cpelvillar2425\\\/#organization\"},\"potentialAction\":[{\"@type\":\"SearchAction\",\"target\":{\"@type\":\"EntryPoint\",\"urlTemplate\":\"http:\\\/\\\/lila.valnaloneduca.com\\\/cpelvillar2425\\\/?s={search_term_string}\"},\"query-input\":{\"@type\":\"PropertyValueSpecification\",\"valueRequired\":true,\"valueName\":\"search_term_string\"}}],\"inLanguage\":\"es\"},{\"@type\":\"Organization\",\"@id\":\"http:\\\/\\\/lila.valnaloneduca.com\\\/cpelvillar2425\\\/#organization\",\"name\":\"LILA \u2013 La Igualdad Lleva A\u2026 \u2013 C.P. EL VILLAR \u2013 Trubia (Oviedo) \u2013 24\\\/25\",\"url\":\"http:\\\/\\\/lila.valnaloneduca.com\\\/cpelvillar2425\\\/\",\"logo\":{\"@type\":\"ImageObject\",\"inLanguage\":\"es\",\"@id\":\"http:\\\/\\\/lila.valnaloneduca.com\\\/cpelvillar2425\\\/#\\\/schema\\\/logo\\\/image\\\/\",\"url\":\"https:\\\/\\\/lila.valnaloneduca.com\\\/cpelvillar2425\\\/wp-content\\\/uploads\\\/sites\\\/50\\\/2024\\\/10\\\/cropped-cropped-cropped-cabecero-1-1.jpg\",\"contentUrl\":\"https:\\\/\\\/lila.valnaloneduca.com\\\/cpelvillar2425\\\/wp-content\\\/uploads\\\/sites\\\/50\\\/2024\\\/10\\\/cropped-cropped-cropped-cabecero-1-1.jpg\",\"width\":240,\"height\":118,\"caption\":\"LILA \u2013 La Igualdad Lleva A\u2026 \u2013 C.P. EL VILLAR \u2013 Trubia (Oviedo) \u2013 24\\\/25\"},\"image\":{\"@id\":\"http:\\\/\\\/lila.valnaloneduca.com\\\/cpelvillar2425\\\/#\\\/schema\\\/logo\\\/image\\\/\"}},{\"@type\":\"Person\",\"@id\":\"http:\\\/\\\/lila.valnaloneduca.com\\\/cpelvillar2425\\\/#\\\/schema\\\/person\\\/b1d0422b250e580f42a136a82137c682\",\"name\":\"lila\",\"image\":{\"@type\":\"ImageObject\",\"inLanguage\":\"es\",\"@id\":\"https:\\\/\\\/secure.gravatar.com\\\/avatar\\\/0a19043ae51bb80b0374edd52905a2458416f7c4e271ad0f728fde45dd03a88e?s=96&d=mm&r=g\",\"url\":\"https:\\\/\\\/secure.gravatar.com\\\/avatar\\\/0a19043ae51bb80b0374edd52905a2458416f7c4e271ad0f728fde45dd03a88e?s=96&d=mm&r=g\",\"contentUrl\":\"https:\\\/\\\/secure.gravatar.com\\\/avatar\\\/0a19043ae51bb80b0374edd52905a2458416f7c4e271ad0f728fde45dd03a88e?s=96&d=mm&r=g\",\"caption\":\"lila\"},\"url\":\"https:\\\/\\\/lila.valnaloneduca.com\\\/cpelvillar2425\\\/author\\\/lila\\\/\"}]}<\/script>\n<!-- \/ Yoast SEO plugin. -->","yoast_head_json":{"title":"Empezamos otro curso m\u00e1s mirando en LILA - LILA \u2013 La Igualdad Lleva A\u2026 \u2013 C.P. EL VILLAR \u2013 Trubia (Oviedo) \u2013 24\/25","robots":{"index":"index","follow":"follow","max-snippet":"max-snippet:-1","max-image-preview":"max-image-preview:large","max-video-preview":"max-video-preview:-1"},"canonical":"http:\/\/lila.valnaloneduca.com\/cpelvillar2425\/2024\/10\/07\/empezamos-otro-curso-mas-mirando-en-lila\/","og_locale":"es_ES","og_type":"article","og_title":"Empezamos otro curso m\u00e1s mirando en LILA - LILA \u2013 La Igualdad Lleva A\u2026 \u2013 C.P. EL VILLAR \u2013 Trubia (Oviedo) \u2013 24\/25","og_description":"Este curso el alumnado de 6\u00ba del CP El Villar de Trubia participaremos en el Proyecto LILA.","og_url":"http:\/\/lila.valnaloneduca.com\/cpelvillar2425\/2024\/10\/07\/empezamos-otro-curso-mas-mirando-en-lila\/","og_site_name":"LILA \u2013 La Igualdad Lleva A\u2026 \u2013 C.P. EL VILLAR \u2013 Trubia (Oviedo) \u2013 24\/25","article_published_time":"2024-10-07T12:21:47+00:00","article_modified_time":"2024-10-07T12:21:48+00:00","og_image":[{"url":"https:\/\/alojaweb.educastur.es\/documents\/1950044\/1972077\/f.+cole.JPG\/690020f0-d3dc-45d6-9387-af4200c85507?t=1509104066395","type":"","width":"","height":""}],"author":"lila","twitter_card":"summary_large_image","twitter_misc":{"Escrito por":"lila","Tiempo de lectura":"1 minuto"},"schema":{"@context":"https:\/\/schema.org","@graph":[{"@type":"Article","@id":"http:\/\/lila.valnaloneduca.com\/cpelvillar2425\/2024\/10\/07\/empezamos-otro-curso-mas-mirando-en-lila\/#article","isPartOf":{"@id":"http:\/\/lila.valnaloneduca.com\/cpelvillar2425\/2024\/10\/07\/empezamos-otro-curso-mas-mirando-en-lila\/"},"author":{"name":"lila","@id":"http:\/\/lila.valnaloneduca.com\/cpelvillar2425\/#\/schema\/person\/b1d0422b250e580f42a136a82137c682"},"headline":"Empezamos otro curso m\u00e1s mirando en LILA","datePublished":"2024-10-07T12:21:47+00:00","dateModified":"2024-10-07T12:21:48+00:00","mainEntityOfPage":{"@id":"http:\/\/lila.valnaloneduca.com\/cpelvillar2425\/2024\/10\/07\/empezamos-otro-curso-mas-mirando-en-lila\/"},"wordCount":24,"commentCount":0,"publisher":{"@id":"http:\/\/lila.valnaloneduca.com\/cpelvillar2425\/#organization"},"image":{"@id":"http:\/\/lila.valnaloneduca.com\/cpelvillar2425\/2024\/10\/07\/empezamos-otro-curso-mas-mirando-en-lila\/#primaryimage"},"thumbnailUrl":"https:\/\/alojaweb.educastur.es\/documents\/1950044\/1972077\/f.+cole.JPG\/690020f0-d3dc-45d6-9387-af4200c85507?t=1509104066395","inLanguage":"es","potentialAction":[{"@type":"CommentAction","name":"Comment","target":["http:\/\/lila.valnaloneduca.com\/cpelvillar2425\/2024\/10\/07\/empezamos-otro-curso-mas-mirando-en-lila\/#respond"]}]},{"@type":"WebPage","@id":"http:\/\/lila.valnaloneduca.com\/cpelvillar2425\/2024\/10\/07\/empezamos-otro-curso-mas-mirando-en-lila\/","url":"http:\/\/lila.valnaloneduca.com\/cpelvillar2425\/2024\/10\/07\/empezamos-otro-curso-mas-mirando-en-lila\/","name":"Empezamos otro curso m\u00e1s mirando en LILA - LILA \u2013 La Igualdad Lleva A\u2026 \u2013 C.P. EL VILLAR \u2013 Trubia (Oviedo) \u2013 24\/25","isPartOf":{"@id":"http:\/\/lila.valnaloneduca.com\/cpelvillar2425\/#website"},"primaryImageOfPage":{"@id":"http:\/\/lila.valnaloneduca.com\/cpelvillar2425\/2024\/10\/07\/empezamos-otro-curso-mas-mirando-en-lila\/#primaryimage"},"image":{"@id":"http:\/\/lila.valnaloneduca.com\/cpelvillar2425\/2024\/10\/07\/empezamos-otro-curso-mas-mirando-en-lila\/#primaryimage"},"thumbnailUrl":"https:\/\/alojaweb.educastur.es\/documents\/1950044\/1972077\/f.+cole.JPG\/690020f0-d3dc-45d6-9387-af4200c85507?t=1509104066395","datePublished":"2024-10-07T12:21:47+00:00","dateModified":"2024-10-07T12:21:48+00:00","breadcrumb":{"@id":"http:\/\/lila.valnaloneduca.com\/cpelvillar2425\/2024\/10\/07\/empezamos-otro-curso-mas-mirando-en-lila\/#breadcrumb"},"inLanguage":"es","potentialAction":[{"@type":"ReadAction","target":["http:\/\/lila.valnaloneduca.com\/cpelvillar2425\/2024\/10\/07\/empezamos-otro-curso-mas-mirando-en-lila\/"]}]},{"@type":"ImageObject","inLanguage":"es","@id":"http:\/\/lila.valnaloneduca.com\/cpelvillar2425\/2024\/10\/07\/empezamos-otro-curso-mas-mirando-en-lila\/#primaryimage","url":"https:\/\/alojaweb.educastur.es\/documents\/1950044\/1972077\/f.+cole.JPG\/690020f0-d3dc-45d6-9387-af4200c85507?t=1509104066395","contentUrl":"https:\/\/alojaweb.educastur.es\/documents\/1950044\/1972077\/f.+cole.JPG\/690020f0-d3dc-45d6-9387-af4200c85507?t=1509104066395"},{"@type":"BreadcrumbList","@id":"http:\/\/lila.valnaloneduca.com\/cpelvillar2425\/2024\/10\/07\/empezamos-otro-curso-mas-mirando-en-lila\/#breadcrumb","itemListElement":[{"@type":"ListItem","position":1,"name":"Portada","item":"http:\/\/lila.valnaloneduca.com\/cpelvillar2425\/"},{"@type":"ListItem","position":2,"name":"Empezamos otro curso m\u00e1s mirando en LILA"}]},{"@type":"WebSite","@id":"http:\/\/lila.valnaloneduca.com\/cpelvillar2425\/#website","url":"http:\/\/lila.valnaloneduca.com\/cpelvillar2425\/","name":"LILA \u2013 La Igualdad Lleva A\u2026 \u2013 C.P. EL VILLAR \u2013 Trubia (Oviedo) \u2013 24\/25","description":"La Igualdad Lleva A \u2026 (LILA) es un Proyecto educativo de la Cadena de Formaci\u00f3n para Emprender del Principado de Asturias, que promueve el desarrollo de competencias emprendedoras al servicio de un trabajo para el empoderamiento y la promoci\u00f3n de la igualdad entre ni\u00f1os y ni\u00f1as de Educaci\u00f3n Primaria.","publisher":{"@id":"http:\/\/lila.valnaloneduca.com\/cpelvillar2425\/#organization"},"potentialAction":[{"@type":"SearchAction","target":{"@type":"EntryPoint","urlTemplate":"http:\/\/lila.valnaloneduca.com\/cpelvillar2425\/?s={search_term_string}"},"query-input":{"@type":"PropertyValueSpecification","valueRequired":true,"valueName":"search_term_string"}}],"inLanguage":"es"},{"@type":"Organization","@id":"http:\/\/lila.valnaloneduca.com\/cpelvillar2425\/#organization","name":"LILA \u2013 La Igualdad Lleva A\u2026 \u2013 C.P. EL VILLAR \u2013 Trubia (Oviedo) \u2013 24\/25","url":"http:\/\/lila.valnaloneduca.com\/cpelvillar2425\/","logo":{"@type":"ImageObject","inLanguage":"es","@id":"http:\/\/lila.valnaloneduca.com\/cpelvillar2425\/#\/schema\/logo\/image\/","url":"https:\/\/lila.valnaloneduca.com\/cpelvillar2425\/wp-content\/uploads\/sites\/50\/2024\/10\/cropped-cropped-cropped-cabecero-1-1.jpg","contentUrl":"https:\/\/lila.valnaloneduca.com\/cpelvillar2425\/wp-content\/uploads\/sites\/50\/2024\/10\/cropped-cropped-cropped-cabecero-1-1.jpg","width":240,"height":118,"caption":"LILA \u2013 La Igualdad Lleva A\u2026 \u2013 C.P. EL VILLAR \u2013 Trubia (Oviedo) \u2013 24\/25"},"image":{"@id":"http:\/\/lila.valnaloneduca.com\/cpelvillar2425\/#\/schema\/logo\/image\/"}},{"@type":"Person","@id":"http:\/\/lila.valnaloneduca.com\/cpelvillar2425\/#\/schema\/person\/b1d0422b250e580f42a136a82137c682","name":"lila","image":{"@type":"ImageObject","inLanguage":"es","@id":"https:\/\/secure.gravatar.com\/avatar\/0a19043ae51bb80b0374edd52905a2458416f7c4e271ad0f728fde45dd03a88e?s=96&d=mm&r=g","url":"https:\/\/secure.gravatar.com\/avatar\/0a19043ae51bb80b0374edd52905a2458416f7c4e271ad0f728fde45dd03a88e?s=96&d=mm&r=g","contentUrl":"https:\/\/secure.gravatar.com\/avatar\/0a19043ae51bb80b0374edd52905a2458416f7c4e271ad0f728fde45dd03a88e?s=96&d=mm&r=g","caption":"lila"},"url":"https:\/\/lila.valnaloneduca.com\/cpelvillar2425\/author\/lila\/"}]}},"jetpack_featured_media_url":"","_links":{"self":[{"href":"https:\/\/lila.valnaloneduca.com\/cpelvillar2425\/wp-json\/wp\/v2\/posts\/28","targetHints":{"allow":["GET"]}}],"collection":[{"href":"https:\/\/lila.valnaloneduca.com\/cpelvillar2425\/wp-json\/wp\/v2\/posts"}],"about":[{"href":"https:\/\/lila.valnaloneduca.com\/cpelvillar2425\/wp-json\/wp\/v2\/types\/post"}],"author":[{"embeddable":true,"href":"https:\/\/lila.valnaloneduca.com\/cpelvillar2425\/wp-json\/wp\/v2\/users\/2"}],"replies":[{"embeddable":true,"href":"https:\/\/lila.valnaloneduca.com\/cpelvillar2425\/wp-json\/wp\/v2\/comments?post=28"}],"version-history":[{"count":1,"href":"https:\/\/lila.valnaloneduca.com\/cpelvillar2425\/wp-json\/wp\/v2\/posts\/28\/revisions"}],"predecessor-version":[{"id":29,"href":"https:\/\/lila.valnaloneduca.com\/cpelvillar2425\/wp-json\/wp\/v2\/posts\/28\/revisions\/29"}],"wp:attachment":[{"href":"https:\/\/lila.valnaloneduca.com\/cpelvillar2425\/wp-json\/wp\/v2\/media?parent=28"}],"wp:term":[{"taxonomy":"category","embeddable":true,"href":"https:\/\/lila.valnaloneduca.com\/cpelvillar2425\/wp-json\/wp\/v2\/categories?post=28"},{"taxonomy":"post_tag","embeddable":true,"href":"https:\/\/lila.valnaloneduca.com\/cpelvillar2425\/wp-json\/wp\/v2\/tags?post=28"}],"curies":[{"name":"wp","href":"https:\/\/api.w.org\/{rel}","templated":true}]}}