{"id":31,"date":"2025-02-14T12:40:29","date_gmt":"2025-02-14T11:40:29","guid":{"rendered":"http:\/\/lila.valnaloneduca.com\/cpelvillar2425\/?p=31"},"modified":"2025-02-14T12:40:30","modified_gmt":"2025-02-14T11:40:30","slug":"nuestros-retratos-robot","status":"publish","type":"post","link":"https:\/\/lila.valnaloneduca.com\/cpelvillar2425\/2025\/02\/14\/nuestros-retratos-robot\/","title":{"rendered":"Nuestros retratos robot"},"content":{"rendered":"\n<p>Comenzamos el Proyecto reflexionando sobre nuestras Capacidades Emprendedoras y comprometi\u00e9ndonos a mejorar en aquellas que pensamos que estamos un poquito flojito\/as<\/p>\n\n\n\n<figure class=\"wp-block-image size-large\"><img loading=\"lazy\" decoding=\"async\" width=\"768\" height=\"1024\" src=\"http:\/\/lila.valnaloneduca.com\/cpelvillar2425\/wp-content\/uploads\/sites\/50\/2025\/02\/IMG_8839-768x1024.jpg\" alt=\"\" class=\"wp-image-32\" srcset=\"https:\/\/lila.valnaloneduca.com\/cpelvillar2425\/wp-content\/uploads\/sites\/50\/2025\/02\/IMG_8839-768x1024.jpg 768w, https:\/\/lila.valnaloneduca.com\/cpelvillar2425\/wp-content\/uploads\/sites\/50\/2025\/02\/IMG_8839-225x300.jpg 225w, https:\/\/lila.valnaloneduca.com\/cpelvillar2425\/wp-content\/uploads\/sites\/50\/2025\/02\/IMG_8839.jpg 1024w\" sizes=\"auto, (max-width: 709px) 85vw, (max-width: 909px) 67vw, (max-width: 984px) 61vw, (max-width: 1362px) 45vw, 600px\" \/><\/figure>\n\n\n\n<blockquote class=\"wp-block-quote is-layout-flow wp-block-quote-is-layout-flow\">\n<p>\u00a1Entre todo\/as los conseguiremos!<\/p>\n<\/blockquote>\n\n\n\n<p><\/p>\n","protected":false},"excerpt":{"rendered":"<p>Comenzamos el Proyecto reflexionando sobre nuestras Capacidades Emprendedoras y comprometi\u00e9ndonos a mejorar en aquellas que pensamos que estamos un poquito flojito\/as \u00a1Entre todo\/as los conseguiremos!<\/p>\n","protected":false},"author":2,"featured_media":0,"comment_status":"open","ping_status":"open","sticky":false,"template":"","format":"standard","meta":{"footnotes":""},"categories":[1],"tags":[],"class_list":["post-31","post","type-post","status-publish","format-standard","hentry","category-sin-categoria"],"yoast_head":"<!-- This site is optimized with the Yoast SEO plugin v27.5 - https:\/\/yoast.com\/product\/yoast-seo-wordpress\/ -->\n<title>Nuestros retratos robot - LILA \u2013 La Igualdad Lleva A\u2026 \u2013 C.P. EL VILLAR \u2013 Trubia (Oviedo) \u2013 24\/25<\/title>\n<meta name=\"robots\" content=\"index, follow, max-snippet:-1, max-image-preview:large, max-video-preview:-1\" \/>\n<link rel=\"canonical\" href=\"http:\/\/lila.valnaloneduca.com\/cpelvillar2425\/2025\/02\/14\/nuestros-retratos-robot\/\" \/>\n<meta property=\"og:locale\" content=\"es_ES\" \/>\n<meta property=\"og:type\" content=\"article\" \/>\n<meta property=\"og:title\" content=\"Nuestros retratos robot - LILA \u2013 La Igualdad Lleva A\u2026 \u2013 C.P. EL VILLAR \u2013 Trubia (Oviedo) \u2013 24\/25\" \/>\n<meta property=\"og:description\" content=\"Comenzamos el Proyecto reflexionando sobre nuestras Capacidades Emprendedoras y comprometi\u00e9ndonos a mejorar en aquellas que pensamos que estamos un poquito flojito\/as \u00a1Entre todo\/as los conseguiremos!\" \/>\n<meta property=\"og:url\" content=\"http:\/\/lila.valnaloneduca.com\/cpelvillar2425\/2025\/02\/14\/nuestros-retratos-robot\/\" \/>\n<meta property=\"og:site_name\" content=\"LILA \u2013 La Igualdad Lleva A\u2026 \u2013 C.P. EL VILLAR \u2013 Trubia (Oviedo) \u2013 24\/25\" \/>\n<meta property=\"article:published_time\" content=\"2025-02-14T11:40:29+00:00\" \/>\n<meta property=\"article:modified_time\" content=\"2025-02-14T11:40:30+00:00\" \/>\n<meta property=\"og:image\" content=\"https:\/\/lila.valnaloneduca.com\/cpelvillar2425\/wp-content\/uploads\/sites\/50\/2025\/02\/IMG_8839.jpg\" \/>\n\t<meta property=\"og:image:width\" content=\"1024\" \/>\n\t<meta property=\"og:image:height\" content=\"1365\" \/>\n\t<meta property=\"og:image:type\" content=\"image\/jpeg\" \/>\n<meta name=\"author\" content=\"lila\" \/>\n<meta name=\"twitter:card\" content=\"summary_large_image\" \/>\n<meta name=\"twitter:label1\" content=\"Escrito por\" \/>\n\t<meta name=\"twitter:data1\" content=\"lila\" \/>\n\t<meta name=\"twitter:label2\" content=\"Tiempo de lectura\" \/>\n\t<meta name=\"twitter:data2\" content=\"1 minuto\" \/>\n<script type=\"application\/ld+json\" class=\"yoast-schema-graph\">{\"@context\":\"https:\\\/\\\/schema.org\",\"@graph\":[{\"@type\":\"Article\",\"@id\":\"http:\\\/\\\/lila.valnaloneduca.com\\\/cpelvillar2425\\\/2025\\\/02\\\/14\\\/nuestros-retratos-robot\\\/#article\",\"isPartOf\":{\"@id\":\"http:\\\/\\\/lila.valnaloneduca.com\\\/cpelvillar2425\\\/2025\\\/02\\\/14\\\/nuestros-retratos-robot\\\/\"},\"author\":{\"name\":\"lila\",\"@id\":\"http:\\\/\\\/lila.valnaloneduca.com\\\/cpelvillar2425\\\/#\\\/schema\\\/person\\\/b1d0422b250e580f42a136a82137c682\"},\"headline\":\"Nuestros retratos robot\",\"datePublished\":\"2025-02-14T11:40:29+00:00\",\"dateModified\":\"2025-02-14T11:40:30+00:00\",\"mainEntityOfPage\":{\"@id\":\"http:\\\/\\\/lila.valnaloneduca.com\\\/cpelvillar2425\\\/2025\\\/02\\\/14\\\/nuestros-retratos-robot\\\/\"},\"wordCount\":31,\"commentCount\":0,\"publisher\":{\"@id\":\"http:\\\/\\\/lila.valnaloneduca.com\\\/cpelvillar2425\\\/#organization\"},\"image\":{\"@id\":\"http:\\\/\\\/lila.valnaloneduca.com\\\/cpelvillar2425\\\/2025\\\/02\\\/14\\\/nuestros-retratos-robot\\\/#primaryimage\"},\"thumbnailUrl\":\"http:\\\/\\\/lila.valnaloneduca.com\\\/cpelvillar2425\\\/wp-content\\\/uploads\\\/sites\\\/50\\\/2025\\\/02\\\/IMG_8839-768x1024.jpg\",\"inLanguage\":\"es\",\"potentialAction\":[{\"@type\":\"CommentAction\",\"name\":\"Comment\",\"target\":[\"http:\\\/\\\/lila.valnaloneduca.com\\\/cpelvillar2425\\\/2025\\\/02\\\/14\\\/nuestros-retratos-robot\\\/#respond\"]}]},{\"@type\":\"WebPage\",\"@id\":\"http:\\\/\\\/lila.valnaloneduca.com\\\/cpelvillar2425\\\/2025\\\/02\\\/14\\\/nuestros-retratos-robot\\\/\",\"url\":\"http:\\\/\\\/lila.valnaloneduca.com\\\/cpelvillar2425\\\/2025\\\/02\\\/14\\\/nuestros-retratos-robot\\\/\",\"name\":\"Nuestros retratos robot - LILA \u2013 La Igualdad Lleva A\u2026 \u2013 C.P. EL VILLAR \u2013 Trubia (Oviedo) \u2013 24\\\/25\",\"isPartOf\":{\"@id\":\"http:\\\/\\\/lila.valnaloneduca.com\\\/cpelvillar2425\\\/#website\"},\"primaryImageOfPage\":{\"@id\":\"http:\\\/\\\/lila.valnaloneduca.com\\\/cpelvillar2425\\\/2025\\\/02\\\/14\\\/nuestros-retratos-robot\\\/#primaryimage\"},\"image\":{\"@id\":\"http:\\\/\\\/lila.valnaloneduca.com\\\/cpelvillar2425\\\/2025\\\/02\\\/14\\\/nuestros-retratos-robot\\\/#primaryimage\"},\"thumbnailUrl\":\"http:\\\/\\\/lila.valnaloneduca.com\\\/cpelvillar2425\\\/wp-content\\\/uploads\\\/sites\\\/50\\\/2025\\\/02\\\/IMG_8839-768x1024.jpg\",\"datePublished\":\"2025-02-14T11:40:29+00:00\",\"dateModified\":\"2025-02-14T11:40:30+00:00\",\"breadcrumb\":{\"@id\":\"http:\\\/\\\/lila.valnaloneduca.com\\\/cpelvillar2425\\\/2025\\\/02\\\/14\\\/nuestros-retratos-robot\\\/#breadcrumb\"},\"inLanguage\":\"es\",\"potentialAction\":[{\"@type\":\"ReadAction\",\"target\":[\"http:\\\/\\\/lila.valnaloneduca.com\\\/cpelvillar2425\\\/2025\\\/02\\\/14\\\/nuestros-retratos-robot\\\/\"]}]},{\"@type\":\"ImageObject\",\"inLanguage\":\"es\",\"@id\":\"http:\\\/\\\/lila.valnaloneduca.com\\\/cpelvillar2425\\\/2025\\\/02\\\/14\\\/nuestros-retratos-robot\\\/#primaryimage\",\"url\":\"https:\\\/\\\/lila.valnaloneduca.com\\\/cpelvillar2425\\\/wp-content\\\/uploads\\\/sites\\\/50\\\/2025\\\/02\\\/IMG_8839.jpg\",\"contentUrl\":\"https:\\\/\\\/lila.valnaloneduca.com\\\/cpelvillar2425\\\/wp-content\\\/uploads\\\/sites\\\/50\\\/2025\\\/02\\\/IMG_8839.jpg\",\"width\":1024,\"height\":1365},{\"@type\":\"BreadcrumbList\",\"@id\":\"http:\\\/\\\/lila.valnaloneduca.com\\\/cpelvillar2425\\\/2025\\\/02\\\/14\\\/nuestros-retratos-robot\\\/#breadcrumb\",\"itemListElement\":[{\"@type\":\"ListItem\",\"position\":1,\"name\":\"Portada\",\"item\":\"http:\\\/\\\/lila.valnaloneduca.com\\\/cpelvillar2425\\\/\"},{\"@type\":\"ListItem\",\"position\":2,\"name\":\"Nuestros retratos robot\"}]},{\"@type\":\"WebSite\",\"@id\":\"http:\\\/\\\/lila.valnaloneduca.com\\\/cpelvillar2425\\\/#website\",\"url\":\"http:\\\/\\\/lila.valnaloneduca.com\\\/cpelvillar2425\\\/\",\"name\":\"LILA \u2013 La Igualdad Lleva A\u2026 \u2013 C.P. EL VILLAR \u2013 Trubia (Oviedo) \u2013 24\\\/25\",\"description\":\"La Igualdad Lleva A \u2026 (LILA) es un Proyecto educativo de la Cadena de Formaci\u00f3n para Emprender del Principado de Asturias, que promueve el desarrollo de competencias emprendedoras al servicio de un trabajo para el empoderamiento y la promoci\u00f3n de la igualdad entre ni\u00f1os y ni\u00f1as de Educaci\u00f3n Primaria.\",\"publisher\":{\"@id\":\"http:\\\/\\\/lila.valnaloneduca.com\\\/cpelvillar2425\\\/#organization\"},\"potentialAction\":[{\"@type\":\"SearchAction\",\"target\":{\"@type\":\"EntryPoint\",\"urlTemplate\":\"http:\\\/\\\/lila.valnaloneduca.com\\\/cpelvillar2425\\\/?s={search_term_string}\"},\"query-input\":{\"@type\":\"PropertyValueSpecification\",\"valueRequired\":true,\"valueName\":\"search_term_string\"}}],\"inLanguage\":\"es\"},{\"@type\":\"Organization\",\"@id\":\"http:\\\/\\\/lila.valnaloneduca.com\\\/cpelvillar2425\\\/#organization\",\"name\":\"LILA \u2013 La Igualdad Lleva A\u2026 \u2013 C.P. EL VILLAR \u2013 Trubia (Oviedo) \u2013 24\\\/25\",\"url\":\"http:\\\/\\\/lila.valnaloneduca.com\\\/cpelvillar2425\\\/\",\"logo\":{\"@type\":\"ImageObject\",\"inLanguage\":\"es\",\"@id\":\"http:\\\/\\\/lila.valnaloneduca.com\\\/cpelvillar2425\\\/#\\\/schema\\\/logo\\\/image\\\/\",\"url\":\"https:\\\/\\\/lila.valnaloneduca.com\\\/cpelvillar2425\\\/wp-content\\\/uploads\\\/sites\\\/50\\\/2024\\\/10\\\/cropped-cropped-cropped-cabecero-1-1.jpg\",\"contentUrl\":\"https:\\\/\\\/lila.valnaloneduca.com\\\/cpelvillar2425\\\/wp-content\\\/uploads\\\/sites\\\/50\\\/2024\\\/10\\\/cropped-cropped-cropped-cabecero-1-1.jpg\",\"width\":240,\"height\":118,\"caption\":\"LILA \u2013 La Igualdad Lleva A\u2026 \u2013 C.P. EL VILLAR \u2013 Trubia (Oviedo) \u2013 24\\\/25\"},\"image\":{\"@id\":\"http:\\\/\\\/lila.valnaloneduca.com\\\/cpelvillar2425\\\/#\\\/schema\\\/logo\\\/image\\\/\"}},{\"@type\":\"Person\",\"@id\":\"http:\\\/\\\/lila.valnaloneduca.com\\\/cpelvillar2425\\\/#\\\/schema\\\/person\\\/b1d0422b250e580f42a136a82137c682\",\"name\":\"lila\",\"image\":{\"@type\":\"ImageObject\",\"inLanguage\":\"es\",\"@id\":\"https:\\\/\\\/secure.gravatar.com\\\/avatar\\\/0a19043ae51bb80b0374edd52905a2458416f7c4e271ad0f728fde45dd03a88e?s=96&d=mm&r=g\",\"url\":\"https:\\\/\\\/secure.gravatar.com\\\/avatar\\\/0a19043ae51bb80b0374edd52905a2458416f7c4e271ad0f728fde45dd03a88e?s=96&d=mm&r=g\",\"contentUrl\":\"https:\\\/\\\/secure.gravatar.com\\\/avatar\\\/0a19043ae51bb80b0374edd52905a2458416f7c4e271ad0f728fde45dd03a88e?s=96&d=mm&r=g\",\"caption\":\"lila\"},\"url\":\"https:\\\/\\\/lila.valnaloneduca.com\\\/cpelvillar2425\\\/author\\\/lila\\\/\"}]}<\/script>\n<!-- \/ Yoast SEO plugin. -->","yoast_head_json":{"title":"Nuestros retratos robot - LILA \u2013 La Igualdad Lleva A\u2026 \u2013 C.P. EL VILLAR \u2013 Trubia (Oviedo) \u2013 24\/25","robots":{"index":"index","follow":"follow","max-snippet":"max-snippet:-1","max-image-preview":"max-image-preview:large","max-video-preview":"max-video-preview:-1"},"canonical":"http:\/\/lila.valnaloneduca.com\/cpelvillar2425\/2025\/02\/14\/nuestros-retratos-robot\/","og_locale":"es_ES","og_type":"article","og_title":"Nuestros retratos robot - LILA \u2013 La Igualdad Lleva A\u2026 \u2013 C.P. EL VILLAR \u2013 Trubia (Oviedo) \u2013 24\/25","og_description":"Comenzamos el Proyecto reflexionando sobre nuestras Capacidades Emprendedoras y comprometi\u00e9ndonos a mejorar en aquellas que pensamos que estamos un poquito flojito\/as \u00a1Entre todo\/as los conseguiremos!","og_url":"http:\/\/lila.valnaloneduca.com\/cpelvillar2425\/2025\/02\/14\/nuestros-retratos-robot\/","og_site_name":"LILA \u2013 La Igualdad Lleva A\u2026 \u2013 C.P. EL VILLAR \u2013 Trubia (Oviedo) \u2013 24\/25","article_published_time":"2025-02-14T11:40:29+00:00","article_modified_time":"2025-02-14T11:40:30+00:00","og_image":[{"width":1024,"height":1365,"url":"https:\/\/lila.valnaloneduca.com\/cpelvillar2425\/wp-content\/uploads\/sites\/50\/2025\/02\/IMG_8839.jpg","type":"image\/jpeg"}],"author":"lila","twitter_card":"summary_large_image","twitter_misc":{"Escrito por":"lila","Tiempo de lectura":"1 minuto"},"schema":{"@context":"https:\/\/schema.org","@graph":[{"@type":"Article","@id":"http:\/\/lila.valnaloneduca.com\/cpelvillar2425\/2025\/02\/14\/nuestros-retratos-robot\/#article","isPartOf":{"@id":"http:\/\/lila.valnaloneduca.com\/cpelvillar2425\/2025\/02\/14\/nuestros-retratos-robot\/"},"author":{"name":"lila","@id":"http:\/\/lila.valnaloneduca.com\/cpelvillar2425\/#\/schema\/person\/b1d0422b250e580f42a136a82137c682"},"headline":"Nuestros retratos robot","datePublished":"2025-02-14T11:40:29+00:00","dateModified":"2025-02-14T11:40:30+00:00","mainEntityOfPage":{"@id":"http:\/\/lila.valnaloneduca.com\/cpelvillar2425\/2025\/02\/14\/nuestros-retratos-robot\/"},"wordCount":31,"commentCount":0,"publisher":{"@id":"http:\/\/lila.valnaloneduca.com\/cpelvillar2425\/#organization"},"image":{"@id":"http:\/\/lila.valnaloneduca.com\/cpelvillar2425\/2025\/02\/14\/nuestros-retratos-robot\/#primaryimage"},"thumbnailUrl":"http:\/\/lila.valnaloneduca.com\/cpelvillar2425\/wp-content\/uploads\/sites\/50\/2025\/02\/IMG_8839-768x1024.jpg","inLanguage":"es","potentialAction":[{"@type":"CommentAction","name":"Comment","target":["http:\/\/lila.valnaloneduca.com\/cpelvillar2425\/2025\/02\/14\/nuestros-retratos-robot\/#respond"]}]},{"@type":"WebPage","@id":"http:\/\/lila.valnaloneduca.com\/cpelvillar2425\/2025\/02\/14\/nuestros-retratos-robot\/","url":"http:\/\/lila.valnaloneduca.com\/cpelvillar2425\/2025\/02\/14\/nuestros-retratos-robot\/","name":"Nuestros retratos robot - LILA \u2013 La Igualdad Lleva A\u2026 \u2013 C.P. EL VILLAR \u2013 Trubia (Oviedo) \u2013 24\/25","isPartOf":{"@id":"http:\/\/lila.valnaloneduca.com\/cpelvillar2425\/#website"},"primaryImageOfPage":{"@id":"http:\/\/lila.valnaloneduca.com\/cpelvillar2425\/2025\/02\/14\/nuestros-retratos-robot\/#primaryimage"},"image":{"@id":"http:\/\/lila.valnaloneduca.com\/cpelvillar2425\/2025\/02\/14\/nuestros-retratos-robot\/#primaryimage"},"thumbnailUrl":"http:\/\/lila.valnaloneduca.com\/cpelvillar2425\/wp-content\/uploads\/sites\/50\/2025\/02\/IMG_8839-768x1024.jpg","datePublished":"2025-02-14T11:40:29+00:00","dateModified":"2025-02-14T11:40:30+00:00","breadcrumb":{"@id":"http:\/\/lila.valnaloneduca.com\/cpelvillar2425\/2025\/02\/14\/nuestros-retratos-robot\/#breadcrumb"},"inLanguage":"es","potentialAction":[{"@type":"ReadAction","target":["http:\/\/lila.valnaloneduca.com\/cpelvillar2425\/2025\/02\/14\/nuestros-retratos-robot\/"]}]},{"@type":"ImageObject","inLanguage":"es","@id":"http:\/\/lila.valnaloneduca.com\/cpelvillar2425\/2025\/02\/14\/nuestros-retratos-robot\/#primaryimage","url":"https:\/\/lila.valnaloneduca.com\/cpelvillar2425\/wp-content\/uploads\/sites\/50\/2025\/02\/IMG_8839.jpg","contentUrl":"https:\/\/lila.valnaloneduca.com\/cpelvillar2425\/wp-content\/uploads\/sites\/50\/2025\/02\/IMG_8839.jpg","width":1024,"height":1365},{"@type":"BreadcrumbList","@id":"http:\/\/lila.valnaloneduca.com\/cpelvillar2425\/2025\/02\/14\/nuestros-retratos-robot\/#breadcrumb","itemListElement":[{"@type":"ListItem","position":1,"name":"Portada","item":"http:\/\/lila.valnaloneduca.com\/cpelvillar2425\/"},{"@type":"ListItem","position":2,"name":"Nuestros retratos robot"}]},{"@type":"WebSite","@id":"http:\/\/lila.valnaloneduca.com\/cpelvillar2425\/#website","url":"http:\/\/lila.valnaloneduca.com\/cpelvillar2425\/","name":"LILA \u2013 La Igualdad Lleva A\u2026 \u2013 C.P. EL VILLAR \u2013 Trubia (Oviedo) \u2013 24\/25","description":"La Igualdad Lleva A \u2026 (LILA) es un Proyecto educativo de la Cadena de Formaci\u00f3n para Emprender del Principado de Asturias, que promueve el desarrollo de competencias emprendedoras al servicio de un trabajo para el empoderamiento y la promoci\u00f3n de la igualdad entre ni\u00f1os y ni\u00f1as de Educaci\u00f3n Primaria.","publisher":{"@id":"http:\/\/lila.valnaloneduca.com\/cpelvillar2425\/#organization"},"potentialAction":[{"@type":"SearchAction","target":{"@type":"EntryPoint","urlTemplate":"http:\/\/lila.valnaloneduca.com\/cpelvillar2425\/?s={search_term_string}"},"query-input":{"@type":"PropertyValueSpecification","valueRequired":true,"valueName":"search_term_string"}}],"inLanguage":"es"},{"@type":"Organization","@id":"http:\/\/lila.valnaloneduca.com\/cpelvillar2425\/#organization","name":"LILA \u2013 La Igualdad Lleva A\u2026 \u2013 C.P. EL VILLAR \u2013 Trubia (Oviedo) \u2013 24\/25","url":"http:\/\/lila.valnaloneduca.com\/cpelvillar2425\/","logo":{"@type":"ImageObject","inLanguage":"es","@id":"http:\/\/lila.valnaloneduca.com\/cpelvillar2425\/#\/schema\/logo\/image\/","url":"https:\/\/lila.valnaloneduca.com\/cpelvillar2425\/wp-content\/uploads\/sites\/50\/2024\/10\/cropped-cropped-cropped-cabecero-1-1.jpg","contentUrl":"https:\/\/lila.valnaloneduca.com\/cpelvillar2425\/wp-content\/uploads\/sites\/50\/2024\/10\/cropped-cropped-cropped-cabecero-1-1.jpg","width":240,"height":118,"caption":"LILA \u2013 La Igualdad Lleva A\u2026 \u2013 C.P. EL VILLAR \u2013 Trubia (Oviedo) \u2013 24\/25"},"image":{"@id":"http:\/\/lila.valnaloneduca.com\/cpelvillar2425\/#\/schema\/logo\/image\/"}},{"@type":"Person","@id":"http:\/\/lila.valnaloneduca.com\/cpelvillar2425\/#\/schema\/person\/b1d0422b250e580f42a136a82137c682","name":"lila","image":{"@type":"ImageObject","inLanguage":"es","@id":"https:\/\/secure.gravatar.com\/avatar\/0a19043ae51bb80b0374edd52905a2458416f7c4e271ad0f728fde45dd03a88e?s=96&d=mm&r=g","url":"https:\/\/secure.gravatar.com\/avatar\/0a19043ae51bb80b0374edd52905a2458416f7c4e271ad0f728fde45dd03a88e?s=96&d=mm&r=g","contentUrl":"https:\/\/secure.gravatar.com\/avatar\/0a19043ae51bb80b0374edd52905a2458416f7c4e271ad0f728fde45dd03a88e?s=96&d=mm&r=g","caption":"lila"},"url":"https:\/\/lila.valnaloneduca.com\/cpelvillar2425\/author\/lila\/"}]}},"jetpack_featured_media_url":"","_links":{"self":[{"href":"https:\/\/lila.valnaloneduca.com\/cpelvillar2425\/wp-json\/wp\/v2\/posts\/31","targetHints":{"allow":["GET"]}}],"collection":[{"href":"https:\/\/lila.valnaloneduca.com\/cpelvillar2425\/wp-json\/wp\/v2\/posts"}],"about":[{"href":"https:\/\/lila.valnaloneduca.com\/cpelvillar2425\/wp-json\/wp\/v2\/types\/post"}],"author":[{"embeddable":true,"href":"https:\/\/lila.valnaloneduca.com\/cpelvillar2425\/wp-json\/wp\/v2\/users\/2"}],"replies":[{"embeddable":true,"href":"https:\/\/lila.valnaloneduca.com\/cpelvillar2425\/wp-json\/wp\/v2\/comments?post=31"}],"version-history":[{"count":1,"href":"https:\/\/lila.valnaloneduca.com\/cpelvillar2425\/wp-json\/wp\/v2\/posts\/31\/revisions"}],"predecessor-version":[{"id":33,"href":"https:\/\/lila.valnaloneduca.com\/cpelvillar2425\/wp-json\/wp\/v2\/posts\/31\/revisions\/33"}],"wp:attachment":[{"href":"https:\/\/lila.valnaloneduca.com\/cpelvillar2425\/wp-json\/wp\/v2\/media?parent=31"}],"wp:term":[{"taxonomy":"category","embeddable":true,"href":"https:\/\/lila.valnaloneduca.com\/cpelvillar2425\/wp-json\/wp\/v2\/categories?post=31"},{"taxonomy":"post_tag","embeddable":true,"href":"https:\/\/lila.valnaloneduca.com\/cpelvillar2425\/wp-json\/wp\/v2\/tags?post=31"}],"curies":[{"name":"wp","href":"https:\/\/api.w.org\/{rel}","templated":true}]}}