{"id":34,"date":"2025-02-14T12:51:02","date_gmt":"2025-02-14T11:51:02","guid":{"rendered":"http:\/\/lila.valnaloneduca.com\/cpelvillar2425\/?p=34"},"modified":"2025-02-14T12:53:01","modified_gmt":"2025-02-14T11:53:01","slug":"ods-no-5-igualdad-de-genero","status":"publish","type":"post","link":"https:\/\/lila.valnaloneduca.com\/cpelvillar2425\/2025\/02\/14\/ods-no-5-igualdad-de-genero\/","title":{"rendered":"ODS N\u00ba 5 &#8211; IGUALDAD DE G\u00c9NERO"},"content":{"rendered":"\n<p>Hemos estado investigando sobre lo que significa el Objetivo de Desarrollo n\u00ba 5 Igualdad de G\u00e9nero en equipos.<\/p>\n\n\n\n<figure class=\"wp-block-image size-large\"><img loading=\"lazy\" decoding=\"async\" width=\"768\" height=\"1024\" src=\"http:\/\/lila.valnaloneduca.com\/cpelvillar2425\/wp-content\/uploads\/sites\/50\/2025\/02\/IMG_8838-768x1024.jpg\" alt=\"\" class=\"wp-image-35\" srcset=\"https:\/\/lila.valnaloneduca.com\/cpelvillar2425\/wp-content\/uploads\/sites\/50\/2025\/02\/IMG_8838-768x1024.jpg 768w, https:\/\/lila.valnaloneduca.com\/cpelvillar2425\/wp-content\/uploads\/sites\/50\/2025\/02\/IMG_8838-225x300.jpg 225w, https:\/\/lila.valnaloneduca.com\/cpelvillar2425\/wp-content\/uploads\/sites\/50\/2025\/02\/IMG_8838.jpg 1024w\" sizes=\"auto, (max-width: 709px) 85vw, (max-width: 909px) 67vw, (max-width: 984px) 61vw, (max-width: 1362px) 45vw, 600px\" \/><\/figure>\n\n\n\n<p>Hemos aprendido que la Igualdad es que todos y todas tengamos las mismas oportunidades, derechos y beneficios y que a\u00fan queda mucho trabajo por hacer para lograr alcanzarlo.<\/p>\n","protected":false},"excerpt":{"rendered":"<p>Hemos estado investigando sobre lo que significa el Objetivo de Desarrollo n\u00ba 5 Igualdad de G\u00e9nero en equipos. Hemos aprendido que la Igualdad es que todos y todas tengamos las mismas oportunidades, derechos y beneficios y que a\u00fan queda mucho trabajo por hacer para lograr alcanzarlo.<\/p>\n","protected":false},"author":2,"featured_media":0,"comment_status":"open","ping_status":"open","sticky":false,"template":"","format":"standard","meta":{"footnotes":""},"categories":[1],"tags":[],"class_list":["post-34","post","type-post","status-publish","format-standard","hentry","category-sin-categoria"],"yoast_head":"<!-- This site is optimized with the Yoast SEO plugin v27.5 - https:\/\/yoast.com\/product\/yoast-seo-wordpress\/ -->\n<title>ODS N\u00ba 5 - IGUALDAD DE G\u00c9NERO - LILA \u2013 La Igualdad Lleva A\u2026 \u2013 C.P. EL VILLAR \u2013 Trubia (Oviedo) \u2013 24\/25<\/title>\n<meta name=\"robots\" content=\"index, follow, max-snippet:-1, max-image-preview:large, max-video-preview:-1\" \/>\n<link rel=\"canonical\" href=\"http:\/\/lila.valnaloneduca.com\/cpelvillar2425\/2025\/02\/14\/ods-no-5-igualdad-de-genero\/\" \/>\n<meta property=\"og:locale\" content=\"es_ES\" \/>\n<meta property=\"og:type\" content=\"article\" \/>\n<meta property=\"og:title\" content=\"ODS N\u00ba 5 - IGUALDAD DE G\u00c9NERO - LILA \u2013 La Igualdad Lleva A\u2026 \u2013 C.P. EL VILLAR \u2013 Trubia (Oviedo) \u2013 24\/25\" \/>\n<meta property=\"og:description\" content=\"Hemos estado investigando sobre lo que significa el Objetivo de Desarrollo n\u00ba 5 Igualdad de G\u00e9nero en equipos. Hemos aprendido que la Igualdad es que todos y todas tengamos las mismas oportunidades, derechos y beneficios y que a\u00fan queda mucho trabajo por hacer para lograr alcanzarlo.\" \/>\n<meta property=\"og:url\" content=\"http:\/\/lila.valnaloneduca.com\/cpelvillar2425\/2025\/02\/14\/ods-no-5-igualdad-de-genero\/\" \/>\n<meta property=\"og:site_name\" content=\"LILA \u2013 La Igualdad Lleva A\u2026 \u2013 C.P. EL VILLAR \u2013 Trubia (Oviedo) \u2013 24\/25\" \/>\n<meta property=\"article:published_time\" content=\"2025-02-14T11:51:02+00:00\" \/>\n<meta property=\"article:modified_time\" content=\"2025-02-14T11:53:01+00:00\" \/>\n<meta property=\"og:image\" content=\"https:\/\/lila.valnaloneduca.com\/cpelvillar2425\/wp-content\/uploads\/sites\/50\/2025\/02\/IMG_8838.jpg\" \/>\n\t<meta property=\"og:image:width\" content=\"1024\" \/>\n\t<meta property=\"og:image:height\" content=\"1365\" \/>\n\t<meta property=\"og:image:type\" content=\"image\/jpeg\" \/>\n<meta name=\"author\" content=\"lila\" \/>\n<meta name=\"twitter:card\" content=\"summary_large_image\" \/>\n<meta name=\"twitter:label1\" content=\"Escrito por\" \/>\n\t<meta name=\"twitter:data1\" content=\"lila\" \/>\n\t<meta name=\"twitter:label2\" content=\"Tiempo de lectura\" \/>\n\t<meta name=\"twitter:data2\" content=\"1 minuto\" \/>\n<script type=\"application\/ld+json\" class=\"yoast-schema-graph\">{\"@context\":\"https:\\\/\\\/schema.org\",\"@graph\":[{\"@type\":\"Article\",\"@id\":\"http:\\\/\\\/lila.valnaloneduca.com\\\/cpelvillar2425\\\/2025\\\/02\\\/14\\\/ods-no-5-igualdad-de-genero\\\/#article\",\"isPartOf\":{\"@id\":\"http:\\\/\\\/lila.valnaloneduca.com\\\/cpelvillar2425\\\/2025\\\/02\\\/14\\\/ods-no-5-igualdad-de-genero\\\/\"},\"author\":{\"name\":\"lila\",\"@id\":\"http:\\\/\\\/lila.valnaloneduca.com\\\/cpelvillar2425\\\/#\\\/schema\\\/person\\\/b1d0422b250e580f42a136a82137c682\"},\"headline\":\"ODS N\u00ba 5 &#8211; IGUALDAD DE G\u00c9NERO\",\"datePublished\":\"2025-02-14T11:51:02+00:00\",\"dateModified\":\"2025-02-14T11:53:01+00:00\",\"mainEntityOfPage\":{\"@id\":\"http:\\\/\\\/lila.valnaloneduca.com\\\/cpelvillar2425\\\/2025\\\/02\\\/14\\\/ods-no-5-igualdad-de-genero\\\/\"},\"wordCount\":54,\"commentCount\":0,\"publisher\":{\"@id\":\"http:\\\/\\\/lila.valnaloneduca.com\\\/cpelvillar2425\\\/#organization\"},\"image\":{\"@id\":\"http:\\\/\\\/lila.valnaloneduca.com\\\/cpelvillar2425\\\/2025\\\/02\\\/14\\\/ods-no-5-igualdad-de-genero\\\/#primaryimage\"},\"thumbnailUrl\":\"http:\\\/\\\/lila.valnaloneduca.com\\\/cpelvillar2425\\\/wp-content\\\/uploads\\\/sites\\\/50\\\/2025\\\/02\\\/IMG_8838-768x1024.jpg\",\"inLanguage\":\"es\",\"potentialAction\":[{\"@type\":\"CommentAction\",\"name\":\"Comment\",\"target\":[\"http:\\\/\\\/lila.valnaloneduca.com\\\/cpelvillar2425\\\/2025\\\/02\\\/14\\\/ods-no-5-igualdad-de-genero\\\/#respond\"]}]},{\"@type\":\"WebPage\",\"@id\":\"http:\\\/\\\/lila.valnaloneduca.com\\\/cpelvillar2425\\\/2025\\\/02\\\/14\\\/ods-no-5-igualdad-de-genero\\\/\",\"url\":\"http:\\\/\\\/lila.valnaloneduca.com\\\/cpelvillar2425\\\/2025\\\/02\\\/14\\\/ods-no-5-igualdad-de-genero\\\/\",\"name\":\"ODS N\u00ba 5 - IGUALDAD DE G\u00c9NERO - LILA \u2013 La Igualdad Lleva A\u2026 \u2013 C.P. EL VILLAR \u2013 Trubia (Oviedo) \u2013 24\\\/25\",\"isPartOf\":{\"@id\":\"http:\\\/\\\/lila.valnaloneduca.com\\\/cpelvillar2425\\\/#website\"},\"primaryImageOfPage\":{\"@id\":\"http:\\\/\\\/lila.valnaloneduca.com\\\/cpelvillar2425\\\/2025\\\/02\\\/14\\\/ods-no-5-igualdad-de-genero\\\/#primaryimage\"},\"image\":{\"@id\":\"http:\\\/\\\/lila.valnaloneduca.com\\\/cpelvillar2425\\\/2025\\\/02\\\/14\\\/ods-no-5-igualdad-de-genero\\\/#primaryimage\"},\"thumbnailUrl\":\"http:\\\/\\\/lila.valnaloneduca.com\\\/cpelvillar2425\\\/wp-content\\\/uploads\\\/sites\\\/50\\\/2025\\\/02\\\/IMG_8838-768x1024.jpg\",\"datePublished\":\"2025-02-14T11:51:02+00:00\",\"dateModified\":\"2025-02-14T11:53:01+00:00\",\"breadcrumb\":{\"@id\":\"http:\\\/\\\/lila.valnaloneduca.com\\\/cpelvillar2425\\\/2025\\\/02\\\/14\\\/ods-no-5-igualdad-de-genero\\\/#breadcrumb\"},\"inLanguage\":\"es\",\"potentialAction\":[{\"@type\":\"ReadAction\",\"target\":[\"http:\\\/\\\/lila.valnaloneduca.com\\\/cpelvillar2425\\\/2025\\\/02\\\/14\\\/ods-no-5-igualdad-de-genero\\\/\"]}]},{\"@type\":\"ImageObject\",\"inLanguage\":\"es\",\"@id\":\"http:\\\/\\\/lila.valnaloneduca.com\\\/cpelvillar2425\\\/2025\\\/02\\\/14\\\/ods-no-5-igualdad-de-genero\\\/#primaryimage\",\"url\":\"https:\\\/\\\/lila.valnaloneduca.com\\\/cpelvillar2425\\\/wp-content\\\/uploads\\\/sites\\\/50\\\/2025\\\/02\\\/IMG_8838.jpg\",\"contentUrl\":\"https:\\\/\\\/lila.valnaloneduca.com\\\/cpelvillar2425\\\/wp-content\\\/uploads\\\/sites\\\/50\\\/2025\\\/02\\\/IMG_8838.jpg\",\"width\":1024,\"height\":1365},{\"@type\":\"BreadcrumbList\",\"@id\":\"http:\\\/\\\/lila.valnaloneduca.com\\\/cpelvillar2425\\\/2025\\\/02\\\/14\\\/ods-no-5-igualdad-de-genero\\\/#breadcrumb\",\"itemListElement\":[{\"@type\":\"ListItem\",\"position\":1,\"name\":\"Portada\",\"item\":\"http:\\\/\\\/lila.valnaloneduca.com\\\/cpelvillar2425\\\/\"},{\"@type\":\"ListItem\",\"position\":2,\"name\":\"ODS N\u00ba 5 &#8211; IGUALDAD DE G\u00c9NERO\"}]},{\"@type\":\"WebSite\",\"@id\":\"http:\\\/\\\/lila.valnaloneduca.com\\\/cpelvillar2425\\\/#website\",\"url\":\"http:\\\/\\\/lila.valnaloneduca.com\\\/cpelvillar2425\\\/\",\"name\":\"LILA \u2013 La Igualdad Lleva A\u2026 \u2013 C.P. EL VILLAR \u2013 Trubia (Oviedo) \u2013 24\\\/25\",\"description\":\"La Igualdad Lleva A \u2026 (LILA) es un Proyecto educativo de la Cadena de Formaci\u00f3n para Emprender del Principado de Asturias, que promueve el desarrollo de competencias emprendedoras al servicio de un trabajo para el empoderamiento y la promoci\u00f3n de la igualdad entre ni\u00f1os y ni\u00f1as de Educaci\u00f3n Primaria.\",\"publisher\":{\"@id\":\"http:\\\/\\\/lila.valnaloneduca.com\\\/cpelvillar2425\\\/#organization\"},\"potentialAction\":[{\"@type\":\"SearchAction\",\"target\":{\"@type\":\"EntryPoint\",\"urlTemplate\":\"http:\\\/\\\/lila.valnaloneduca.com\\\/cpelvillar2425\\\/?s={search_term_string}\"},\"query-input\":{\"@type\":\"PropertyValueSpecification\",\"valueRequired\":true,\"valueName\":\"search_term_string\"}}],\"inLanguage\":\"es\"},{\"@type\":\"Organization\",\"@id\":\"http:\\\/\\\/lila.valnaloneduca.com\\\/cpelvillar2425\\\/#organization\",\"name\":\"LILA \u2013 La Igualdad Lleva A\u2026 \u2013 C.P. EL VILLAR \u2013 Trubia (Oviedo) \u2013 24\\\/25\",\"url\":\"http:\\\/\\\/lila.valnaloneduca.com\\\/cpelvillar2425\\\/\",\"logo\":{\"@type\":\"ImageObject\",\"inLanguage\":\"es\",\"@id\":\"http:\\\/\\\/lila.valnaloneduca.com\\\/cpelvillar2425\\\/#\\\/schema\\\/logo\\\/image\\\/\",\"url\":\"https:\\\/\\\/lila.valnaloneduca.com\\\/cpelvillar2425\\\/wp-content\\\/uploads\\\/sites\\\/50\\\/2024\\\/10\\\/cropped-cropped-cropped-cabecero-1-1.jpg\",\"contentUrl\":\"https:\\\/\\\/lila.valnaloneduca.com\\\/cpelvillar2425\\\/wp-content\\\/uploads\\\/sites\\\/50\\\/2024\\\/10\\\/cropped-cropped-cropped-cabecero-1-1.jpg\",\"width\":240,\"height\":118,\"caption\":\"LILA \u2013 La Igualdad Lleva A\u2026 \u2013 C.P. EL VILLAR \u2013 Trubia (Oviedo) \u2013 24\\\/25\"},\"image\":{\"@id\":\"http:\\\/\\\/lila.valnaloneduca.com\\\/cpelvillar2425\\\/#\\\/schema\\\/logo\\\/image\\\/\"}},{\"@type\":\"Person\",\"@id\":\"http:\\\/\\\/lila.valnaloneduca.com\\\/cpelvillar2425\\\/#\\\/schema\\\/person\\\/b1d0422b250e580f42a136a82137c682\",\"name\":\"lila\",\"image\":{\"@type\":\"ImageObject\",\"inLanguage\":\"es\",\"@id\":\"https:\\\/\\\/secure.gravatar.com\\\/avatar\\\/0a19043ae51bb80b0374edd52905a2458416f7c4e271ad0f728fde45dd03a88e?s=96&d=mm&r=g\",\"url\":\"https:\\\/\\\/secure.gravatar.com\\\/avatar\\\/0a19043ae51bb80b0374edd52905a2458416f7c4e271ad0f728fde45dd03a88e?s=96&d=mm&r=g\",\"contentUrl\":\"https:\\\/\\\/secure.gravatar.com\\\/avatar\\\/0a19043ae51bb80b0374edd52905a2458416f7c4e271ad0f728fde45dd03a88e?s=96&d=mm&r=g\",\"caption\":\"lila\"},\"url\":\"https:\\\/\\\/lila.valnaloneduca.com\\\/cpelvillar2425\\\/author\\\/lila\\\/\"}]}<\/script>\n<!-- \/ Yoast SEO plugin. -->","yoast_head_json":{"title":"ODS N\u00ba 5 - IGUALDAD DE G\u00c9NERO - LILA \u2013 La Igualdad Lleva A\u2026 \u2013 C.P. EL VILLAR \u2013 Trubia (Oviedo) \u2013 24\/25","robots":{"index":"index","follow":"follow","max-snippet":"max-snippet:-1","max-image-preview":"max-image-preview:large","max-video-preview":"max-video-preview:-1"},"canonical":"http:\/\/lila.valnaloneduca.com\/cpelvillar2425\/2025\/02\/14\/ods-no-5-igualdad-de-genero\/","og_locale":"es_ES","og_type":"article","og_title":"ODS N\u00ba 5 - IGUALDAD DE G\u00c9NERO - LILA \u2013 La Igualdad Lleva A\u2026 \u2013 C.P. EL VILLAR \u2013 Trubia (Oviedo) \u2013 24\/25","og_description":"Hemos estado investigando sobre lo que significa el Objetivo de Desarrollo n\u00ba 5 Igualdad de G\u00e9nero en equipos. Hemos aprendido que la Igualdad es que todos y todas tengamos las mismas oportunidades, derechos y beneficios y que a\u00fan queda mucho trabajo por hacer para lograr alcanzarlo.","og_url":"http:\/\/lila.valnaloneduca.com\/cpelvillar2425\/2025\/02\/14\/ods-no-5-igualdad-de-genero\/","og_site_name":"LILA \u2013 La Igualdad Lleva A\u2026 \u2013 C.P. EL VILLAR \u2013 Trubia (Oviedo) \u2013 24\/25","article_published_time":"2025-02-14T11:51:02+00:00","article_modified_time":"2025-02-14T11:53:01+00:00","og_image":[{"width":1024,"height":1365,"url":"https:\/\/lila.valnaloneduca.com\/cpelvillar2425\/wp-content\/uploads\/sites\/50\/2025\/02\/IMG_8838.jpg","type":"image\/jpeg"}],"author":"lila","twitter_card":"summary_large_image","twitter_misc":{"Escrito por":"lila","Tiempo de lectura":"1 minuto"},"schema":{"@context":"https:\/\/schema.org","@graph":[{"@type":"Article","@id":"http:\/\/lila.valnaloneduca.com\/cpelvillar2425\/2025\/02\/14\/ods-no-5-igualdad-de-genero\/#article","isPartOf":{"@id":"http:\/\/lila.valnaloneduca.com\/cpelvillar2425\/2025\/02\/14\/ods-no-5-igualdad-de-genero\/"},"author":{"name":"lila","@id":"http:\/\/lila.valnaloneduca.com\/cpelvillar2425\/#\/schema\/person\/b1d0422b250e580f42a136a82137c682"},"headline":"ODS N\u00ba 5 &#8211; IGUALDAD DE G\u00c9NERO","datePublished":"2025-02-14T11:51:02+00:00","dateModified":"2025-02-14T11:53:01+00:00","mainEntityOfPage":{"@id":"http:\/\/lila.valnaloneduca.com\/cpelvillar2425\/2025\/02\/14\/ods-no-5-igualdad-de-genero\/"},"wordCount":54,"commentCount":0,"publisher":{"@id":"http:\/\/lila.valnaloneduca.com\/cpelvillar2425\/#organization"},"image":{"@id":"http:\/\/lila.valnaloneduca.com\/cpelvillar2425\/2025\/02\/14\/ods-no-5-igualdad-de-genero\/#primaryimage"},"thumbnailUrl":"http:\/\/lila.valnaloneduca.com\/cpelvillar2425\/wp-content\/uploads\/sites\/50\/2025\/02\/IMG_8838-768x1024.jpg","inLanguage":"es","potentialAction":[{"@type":"CommentAction","name":"Comment","target":["http:\/\/lila.valnaloneduca.com\/cpelvillar2425\/2025\/02\/14\/ods-no-5-igualdad-de-genero\/#respond"]}]},{"@type":"WebPage","@id":"http:\/\/lila.valnaloneduca.com\/cpelvillar2425\/2025\/02\/14\/ods-no-5-igualdad-de-genero\/","url":"http:\/\/lila.valnaloneduca.com\/cpelvillar2425\/2025\/02\/14\/ods-no-5-igualdad-de-genero\/","name":"ODS N\u00ba 5 - IGUALDAD DE G\u00c9NERO - LILA \u2013 La Igualdad Lleva A\u2026 \u2013 C.P. EL VILLAR \u2013 Trubia (Oviedo) \u2013 24\/25","isPartOf":{"@id":"http:\/\/lila.valnaloneduca.com\/cpelvillar2425\/#website"},"primaryImageOfPage":{"@id":"http:\/\/lila.valnaloneduca.com\/cpelvillar2425\/2025\/02\/14\/ods-no-5-igualdad-de-genero\/#primaryimage"},"image":{"@id":"http:\/\/lila.valnaloneduca.com\/cpelvillar2425\/2025\/02\/14\/ods-no-5-igualdad-de-genero\/#primaryimage"},"thumbnailUrl":"http:\/\/lila.valnaloneduca.com\/cpelvillar2425\/wp-content\/uploads\/sites\/50\/2025\/02\/IMG_8838-768x1024.jpg","datePublished":"2025-02-14T11:51:02+00:00","dateModified":"2025-02-14T11:53:01+00:00","breadcrumb":{"@id":"http:\/\/lila.valnaloneduca.com\/cpelvillar2425\/2025\/02\/14\/ods-no-5-igualdad-de-genero\/#breadcrumb"},"inLanguage":"es","potentialAction":[{"@type":"ReadAction","target":["http:\/\/lila.valnaloneduca.com\/cpelvillar2425\/2025\/02\/14\/ods-no-5-igualdad-de-genero\/"]}]},{"@type":"ImageObject","inLanguage":"es","@id":"http:\/\/lila.valnaloneduca.com\/cpelvillar2425\/2025\/02\/14\/ods-no-5-igualdad-de-genero\/#primaryimage","url":"https:\/\/lila.valnaloneduca.com\/cpelvillar2425\/wp-content\/uploads\/sites\/50\/2025\/02\/IMG_8838.jpg","contentUrl":"https:\/\/lila.valnaloneduca.com\/cpelvillar2425\/wp-content\/uploads\/sites\/50\/2025\/02\/IMG_8838.jpg","width":1024,"height":1365},{"@type":"BreadcrumbList","@id":"http:\/\/lila.valnaloneduca.com\/cpelvillar2425\/2025\/02\/14\/ods-no-5-igualdad-de-genero\/#breadcrumb","itemListElement":[{"@type":"ListItem","position":1,"name":"Portada","item":"http:\/\/lila.valnaloneduca.com\/cpelvillar2425\/"},{"@type":"ListItem","position":2,"name":"ODS N\u00ba 5 &#8211; IGUALDAD DE G\u00c9NERO"}]},{"@type":"WebSite","@id":"http:\/\/lila.valnaloneduca.com\/cpelvillar2425\/#website","url":"http:\/\/lila.valnaloneduca.com\/cpelvillar2425\/","name":"LILA \u2013 La Igualdad Lleva A\u2026 \u2013 C.P. EL VILLAR \u2013 Trubia (Oviedo) \u2013 24\/25","description":"La Igualdad Lleva A \u2026 (LILA) es un Proyecto educativo de la Cadena de Formaci\u00f3n para Emprender del Principado de Asturias, que promueve el desarrollo de competencias emprendedoras al servicio de un trabajo para el empoderamiento y la promoci\u00f3n de la igualdad entre ni\u00f1os y ni\u00f1as de Educaci\u00f3n Primaria.","publisher":{"@id":"http:\/\/lila.valnaloneduca.com\/cpelvillar2425\/#organization"},"potentialAction":[{"@type":"SearchAction","target":{"@type":"EntryPoint","urlTemplate":"http:\/\/lila.valnaloneduca.com\/cpelvillar2425\/?s={search_term_string}"},"query-input":{"@type":"PropertyValueSpecification","valueRequired":true,"valueName":"search_term_string"}}],"inLanguage":"es"},{"@type":"Organization","@id":"http:\/\/lila.valnaloneduca.com\/cpelvillar2425\/#organization","name":"LILA \u2013 La Igualdad Lleva A\u2026 \u2013 C.P. EL VILLAR \u2013 Trubia (Oviedo) \u2013 24\/25","url":"http:\/\/lila.valnaloneduca.com\/cpelvillar2425\/","logo":{"@type":"ImageObject","inLanguage":"es","@id":"http:\/\/lila.valnaloneduca.com\/cpelvillar2425\/#\/schema\/logo\/image\/","url":"https:\/\/lila.valnaloneduca.com\/cpelvillar2425\/wp-content\/uploads\/sites\/50\/2024\/10\/cropped-cropped-cropped-cabecero-1-1.jpg","contentUrl":"https:\/\/lila.valnaloneduca.com\/cpelvillar2425\/wp-content\/uploads\/sites\/50\/2024\/10\/cropped-cropped-cropped-cabecero-1-1.jpg","width":240,"height":118,"caption":"LILA \u2013 La Igualdad Lleva A\u2026 \u2013 C.P. EL VILLAR \u2013 Trubia (Oviedo) \u2013 24\/25"},"image":{"@id":"http:\/\/lila.valnaloneduca.com\/cpelvillar2425\/#\/schema\/logo\/image\/"}},{"@type":"Person","@id":"http:\/\/lila.valnaloneduca.com\/cpelvillar2425\/#\/schema\/person\/b1d0422b250e580f42a136a82137c682","name":"lila","image":{"@type":"ImageObject","inLanguage":"es","@id":"https:\/\/secure.gravatar.com\/avatar\/0a19043ae51bb80b0374edd52905a2458416f7c4e271ad0f728fde45dd03a88e?s=96&d=mm&r=g","url":"https:\/\/secure.gravatar.com\/avatar\/0a19043ae51bb80b0374edd52905a2458416f7c4e271ad0f728fde45dd03a88e?s=96&d=mm&r=g","contentUrl":"https:\/\/secure.gravatar.com\/avatar\/0a19043ae51bb80b0374edd52905a2458416f7c4e271ad0f728fde45dd03a88e?s=96&d=mm&r=g","caption":"lila"},"url":"https:\/\/lila.valnaloneduca.com\/cpelvillar2425\/author\/lila\/"}]}},"jetpack_featured_media_url":"","_links":{"self":[{"href":"https:\/\/lila.valnaloneduca.com\/cpelvillar2425\/wp-json\/wp\/v2\/posts\/34","targetHints":{"allow":["GET"]}}],"collection":[{"href":"https:\/\/lila.valnaloneduca.com\/cpelvillar2425\/wp-json\/wp\/v2\/posts"}],"about":[{"href":"https:\/\/lila.valnaloneduca.com\/cpelvillar2425\/wp-json\/wp\/v2\/types\/post"}],"author":[{"embeddable":true,"href":"https:\/\/lila.valnaloneduca.com\/cpelvillar2425\/wp-json\/wp\/v2\/users\/2"}],"replies":[{"embeddable":true,"href":"https:\/\/lila.valnaloneduca.com\/cpelvillar2425\/wp-json\/wp\/v2\/comments?post=34"}],"version-history":[{"count":3,"href":"https:\/\/lila.valnaloneduca.com\/cpelvillar2425\/wp-json\/wp\/v2\/posts\/34\/revisions"}],"predecessor-version":[{"id":38,"href":"https:\/\/lila.valnaloneduca.com\/cpelvillar2425\/wp-json\/wp\/v2\/posts\/34\/revisions\/38"}],"wp:attachment":[{"href":"https:\/\/lila.valnaloneduca.com\/cpelvillar2425\/wp-json\/wp\/v2\/media?parent=34"}],"wp:term":[{"taxonomy":"category","embeddable":true,"href":"https:\/\/lila.valnaloneduca.com\/cpelvillar2425\/wp-json\/wp\/v2\/categories?post=34"},{"taxonomy":"post_tag","embeddable":true,"href":"https:\/\/lila.valnaloneduca.com\/cpelvillar2425\/wp-json\/wp\/v2\/tags?post=34"}],"curies":[{"name":"wp","href":"https:\/\/api.w.org\/{rel}","templated":true}]}}