{"id":40,"date":"2025-02-14T13:05:47","date_gmt":"2025-02-14T12:05:47","guid":{"rendered":"http:\/\/lila.valnaloneduca.com\/cpelvillar2425\/?p=40"},"modified":"2025-02-14T13:05:48","modified_gmt":"2025-02-14T12:05:48","slug":"rapeando-con-rosie-la-remachadora","status":"publish","type":"post","link":"https:\/\/lila.valnaloneduca.com\/cpelvillar2425\/2025\/02\/14\/rapeando-con-rosie-la-remachadora\/","title":{"rendered":"Rapeando con Rosie la remachadora"},"content":{"rendered":"\n<p>Hoy recibimos la visita de Amara, que nos explic\u00f3 el origen del 8M, que no ten\u00edamos nada claro cu\u00e1l hab\u00eda sido su origen, ni porqu\u00e9 se celebraba ese d\u00eda.<\/p>\n\n\n<div class=\"wp-block-image\">\n<figure class=\"aligncenter size-large is-resized\"><img loading=\"lazy\" decoding=\"async\" width=\"768\" height=\"1024\" src=\"http:\/\/lila.valnaloneduca.com\/cpelvillar2425\/wp-content\/uploads\/sites\/50\/2025\/02\/IMG_8837-768x1024.jpg\" alt=\"\" class=\"wp-image-42\" style=\"width:346px;height:auto\" srcset=\"https:\/\/lila.valnaloneduca.com\/cpelvillar2425\/wp-content\/uploads\/sites\/50\/2025\/02\/IMG_8837-768x1024.jpg 768w, https:\/\/lila.valnaloneduca.com\/cpelvillar2425\/wp-content\/uploads\/sites\/50\/2025\/02\/IMG_8837-225x300.jpg 225w, https:\/\/lila.valnaloneduca.com\/cpelvillar2425\/wp-content\/uploads\/sites\/50\/2025\/02\/IMG_8837.jpg 1024w\" sizes=\"auto, (max-width: 709px) 85vw, (max-width: 909px) 67vw, (max-width: 984px) 61vw, (max-width: 1362px) 45vw, 600px\" \/><\/figure>\n<\/div>\n\n\n<p>Adem\u00e1s conocimos qu\u00e9 hay detr\u00e1s del cartel de Rosie la Remachado y porqu\u00e9 se eligi\u00f3 como icono para revindicar la Igualdad.<\/p>\n\n\n\n<p>Amara nos propuso el reto de convertir el cartel en un rap y nos pusimos manos a la obra en equipos.<\/p>\n\n\n<div class=\"wp-block-image\">\n<figure class=\"aligncenter size-large is-resized\"><img loading=\"lazy\" decoding=\"async\" width=\"768\" height=\"1024\" src=\"http:\/\/lila.valnaloneduca.com\/cpelvillar2425\/wp-content\/uploads\/sites\/50\/2025\/02\/IMG_8835-768x1024.jpg\" alt=\"\" class=\"wp-image-41\" style=\"width:367px;height:auto\" srcset=\"https:\/\/lila.valnaloneduca.com\/cpelvillar2425\/wp-content\/uploads\/sites\/50\/2025\/02\/IMG_8835-768x1024.jpg 768w, https:\/\/lila.valnaloneduca.com\/cpelvillar2425\/wp-content\/uploads\/sites\/50\/2025\/02\/IMG_8835-225x300.jpg 225w, https:\/\/lila.valnaloneduca.com\/cpelvillar2425\/wp-content\/uploads\/sites\/50\/2025\/02\/IMG_8835.jpg 800w\" sizes=\"auto, (max-width: 709px) 85vw, (max-width: 909px) 67vw, (max-width: 984px) 61vw, (max-width: 1362px) 45vw, 600px\" \/><\/figure>\n<\/div>\n\n\n<blockquote class=\"wp-block-quote is-layout-flow wp-block-quote-is-layout-flow\">\n<p>Os dejamos nuestras cinco composiciones, esperamos que gusten<\/p>\n<\/blockquote>\n\n\n<div class=\"wp-block-image\">\n<figure class=\"aligncenter size-full\"><img loading=\"lazy\" decoding=\"async\" width=\"1024\" height=\"768\" src=\"http:\/\/lila.valnaloneduca.com\/cpelvillar2425\/wp-content\/uploads\/sites\/50\/2025\/02\/IMG_8841.jpg\" alt=\"\" class=\"wp-image-43\" srcset=\"https:\/\/lila.valnaloneduca.com\/cpelvillar2425\/wp-content\/uploads\/sites\/50\/2025\/02\/IMG_8841.jpg 1024w, https:\/\/lila.valnaloneduca.com\/cpelvillar2425\/wp-content\/uploads\/sites\/50\/2025\/02\/IMG_8841-300x225.jpg 300w, https:\/\/lila.valnaloneduca.com\/cpelvillar2425\/wp-content\/uploads\/sites\/50\/2025\/02\/IMG_8841-768x576.jpg 768w\" sizes=\"auto, (max-width: 709px) 85vw, (max-width: 909px) 67vw, (max-width: 1362px) 62vw, 840px\" \/><\/figure>\n<\/div>","protected":false},"excerpt":{"rendered":"<p>Hoy recibimos la visita de Amara, que nos explic\u00f3 el origen del 8M, que no ten\u00edamos nada claro cu\u00e1l hab\u00eda sido su origen, ni porqu\u00e9 se celebraba ese d\u00eda. Adem\u00e1s conocimos qu\u00e9 hay detr\u00e1s del cartel de Rosie la Remachado y porqu\u00e9 se eligi\u00f3 como icono para revindicar la Igualdad. Amara nos propuso el reto &hellip; <a href=\"https:\/\/lila.valnaloneduca.com\/cpelvillar2425\/2025\/02\/14\/rapeando-con-rosie-la-remachadora\/\" class=\"more-link\">Continuar leyendo<span class=\"screen-reader-text\"> \u00abRapeando con Rosie la remachadora\u00bb<\/span><\/a><\/p>\n","protected":false},"author":2,"featured_media":0,"comment_status":"open","ping_status":"open","sticky":false,"template":"","format":"standard","meta":{"footnotes":""},"categories":[1],"tags":[],"class_list":["post-40","post","type-post","status-publish","format-standard","hentry","category-sin-categoria"],"yoast_head":"<!-- This site is optimized with the Yoast SEO plugin v27.5 - https:\/\/yoast.com\/product\/yoast-seo-wordpress\/ -->\n<title>Rapeando con Rosie la remachadora - LILA \u2013 La Igualdad Lleva A\u2026 \u2013 C.P. EL VILLAR \u2013 Trubia (Oviedo) \u2013 24\/25<\/title>\n<meta name=\"robots\" content=\"index, follow, max-snippet:-1, max-image-preview:large, max-video-preview:-1\" \/>\n<link rel=\"canonical\" href=\"http:\/\/lila.valnaloneduca.com\/cpelvillar2425\/2025\/02\/14\/rapeando-con-rosie-la-remachadora\/\" \/>\n<meta property=\"og:locale\" content=\"es_ES\" \/>\n<meta property=\"og:type\" content=\"article\" \/>\n<meta property=\"og:title\" content=\"Rapeando con Rosie la remachadora - LILA \u2013 La Igualdad Lleva A\u2026 \u2013 C.P. EL VILLAR \u2013 Trubia (Oviedo) \u2013 24\/25\" \/>\n<meta property=\"og:description\" content=\"Hoy recibimos la visita de Amara, que nos explic\u00f3 el origen del 8M, que no ten\u00edamos nada claro cu\u00e1l hab\u00eda sido su origen, ni porqu\u00e9 se celebraba ese d\u00eda. Adem\u00e1s conocimos qu\u00e9 hay detr\u00e1s del cartel de Rosie la Remachado y porqu\u00e9 se eligi\u00f3 como icono para revindicar la Igualdad. Amara nos propuso el reto &hellip; Continuar leyendo &quot;Rapeando con Rosie la remachadora&quot;\" \/>\n<meta property=\"og:url\" content=\"http:\/\/lila.valnaloneduca.com\/cpelvillar2425\/2025\/02\/14\/rapeando-con-rosie-la-remachadora\/\" \/>\n<meta property=\"og:site_name\" content=\"LILA \u2013 La Igualdad Lleva A\u2026 \u2013 C.P. EL VILLAR \u2013 Trubia (Oviedo) \u2013 24\/25\" \/>\n<meta property=\"article:published_time\" content=\"2025-02-14T12:05:47+00:00\" \/>\n<meta property=\"article:modified_time\" content=\"2025-02-14T12:05:48+00:00\" \/>\n<meta property=\"og:image\" content=\"https:\/\/lila.valnaloneduca.com\/cpelvillar2425\/wp-content\/uploads\/sites\/50\/2025\/02\/IMG_8837.jpg\" \/>\n\t<meta property=\"og:image:width\" content=\"1024\" \/>\n\t<meta property=\"og:image:height\" content=\"1365\" \/>\n\t<meta property=\"og:image:type\" content=\"image\/jpeg\" \/>\n<meta name=\"author\" content=\"lila\" \/>\n<meta name=\"twitter:card\" content=\"summary_large_image\" \/>\n<meta name=\"twitter:label1\" content=\"Escrito por\" \/>\n\t<meta name=\"twitter:data1\" content=\"lila\" \/>\n\t<meta name=\"twitter:label2\" content=\"Tiempo de lectura\" \/>\n\t<meta name=\"twitter:data2\" content=\"1 minuto\" \/>\n<script type=\"application\/ld+json\" class=\"yoast-schema-graph\">{\"@context\":\"https:\\\/\\\/schema.org\",\"@graph\":[{\"@type\":\"Article\",\"@id\":\"http:\\\/\\\/lila.valnaloneduca.com\\\/cpelvillar2425\\\/2025\\\/02\\\/14\\\/rapeando-con-rosie-la-remachadora\\\/#article\",\"isPartOf\":{\"@id\":\"http:\\\/\\\/lila.valnaloneduca.com\\\/cpelvillar2425\\\/2025\\\/02\\\/14\\\/rapeando-con-rosie-la-remachadora\\\/\"},\"author\":{\"name\":\"lila\",\"@id\":\"http:\\\/\\\/lila.valnaloneduca.com\\\/cpelvillar2425\\\/#\\\/schema\\\/person\\\/b1d0422b250e580f42a136a82137c682\"},\"headline\":\"Rapeando con Rosie la remachadora\",\"datePublished\":\"2025-02-14T12:05:47+00:00\",\"dateModified\":\"2025-02-14T12:05:48+00:00\",\"mainEntityOfPage\":{\"@id\":\"http:\\\/\\\/lila.valnaloneduca.com\\\/cpelvillar2425\\\/2025\\\/02\\\/14\\\/rapeando-con-rosie-la-remachadora\\\/\"},\"wordCount\":90,\"commentCount\":0,\"publisher\":{\"@id\":\"http:\\\/\\\/lila.valnaloneduca.com\\\/cpelvillar2425\\\/#organization\"},\"image\":{\"@id\":\"http:\\\/\\\/lila.valnaloneduca.com\\\/cpelvillar2425\\\/2025\\\/02\\\/14\\\/rapeando-con-rosie-la-remachadora\\\/#primaryimage\"},\"thumbnailUrl\":\"http:\\\/\\\/lila.valnaloneduca.com\\\/cpelvillar2425\\\/wp-content\\\/uploads\\\/sites\\\/50\\\/2025\\\/02\\\/IMG_8837-768x1024.jpg\",\"inLanguage\":\"es\",\"potentialAction\":[{\"@type\":\"CommentAction\",\"name\":\"Comment\",\"target\":[\"http:\\\/\\\/lila.valnaloneduca.com\\\/cpelvillar2425\\\/2025\\\/02\\\/14\\\/rapeando-con-rosie-la-remachadora\\\/#respond\"]}]},{\"@type\":\"WebPage\",\"@id\":\"http:\\\/\\\/lila.valnaloneduca.com\\\/cpelvillar2425\\\/2025\\\/02\\\/14\\\/rapeando-con-rosie-la-remachadora\\\/\",\"url\":\"http:\\\/\\\/lila.valnaloneduca.com\\\/cpelvillar2425\\\/2025\\\/02\\\/14\\\/rapeando-con-rosie-la-remachadora\\\/\",\"name\":\"Rapeando con Rosie la remachadora - LILA \u2013 La Igualdad Lleva A\u2026 \u2013 C.P. EL VILLAR \u2013 Trubia (Oviedo) \u2013 24\\\/25\",\"isPartOf\":{\"@id\":\"http:\\\/\\\/lila.valnaloneduca.com\\\/cpelvillar2425\\\/#website\"},\"primaryImageOfPage\":{\"@id\":\"http:\\\/\\\/lila.valnaloneduca.com\\\/cpelvillar2425\\\/2025\\\/02\\\/14\\\/rapeando-con-rosie-la-remachadora\\\/#primaryimage\"},\"image\":{\"@id\":\"http:\\\/\\\/lila.valnaloneduca.com\\\/cpelvillar2425\\\/2025\\\/02\\\/14\\\/rapeando-con-rosie-la-remachadora\\\/#primaryimage\"},\"thumbnailUrl\":\"http:\\\/\\\/lila.valnaloneduca.com\\\/cpelvillar2425\\\/wp-content\\\/uploads\\\/sites\\\/50\\\/2025\\\/02\\\/IMG_8837-768x1024.jpg\",\"datePublished\":\"2025-02-14T12:05:47+00:00\",\"dateModified\":\"2025-02-14T12:05:48+00:00\",\"breadcrumb\":{\"@id\":\"http:\\\/\\\/lila.valnaloneduca.com\\\/cpelvillar2425\\\/2025\\\/02\\\/14\\\/rapeando-con-rosie-la-remachadora\\\/#breadcrumb\"},\"inLanguage\":\"es\",\"potentialAction\":[{\"@type\":\"ReadAction\",\"target\":[\"http:\\\/\\\/lila.valnaloneduca.com\\\/cpelvillar2425\\\/2025\\\/02\\\/14\\\/rapeando-con-rosie-la-remachadora\\\/\"]}]},{\"@type\":\"ImageObject\",\"inLanguage\":\"es\",\"@id\":\"http:\\\/\\\/lila.valnaloneduca.com\\\/cpelvillar2425\\\/2025\\\/02\\\/14\\\/rapeando-con-rosie-la-remachadora\\\/#primaryimage\",\"url\":\"https:\\\/\\\/lila.valnaloneduca.com\\\/cpelvillar2425\\\/wp-content\\\/uploads\\\/sites\\\/50\\\/2025\\\/02\\\/IMG_8837.jpg\",\"contentUrl\":\"https:\\\/\\\/lila.valnaloneduca.com\\\/cpelvillar2425\\\/wp-content\\\/uploads\\\/sites\\\/50\\\/2025\\\/02\\\/IMG_8837.jpg\",\"width\":1024,\"height\":1365},{\"@type\":\"BreadcrumbList\",\"@id\":\"http:\\\/\\\/lila.valnaloneduca.com\\\/cpelvillar2425\\\/2025\\\/02\\\/14\\\/rapeando-con-rosie-la-remachadora\\\/#breadcrumb\",\"itemListElement\":[{\"@type\":\"ListItem\",\"position\":1,\"name\":\"Portada\",\"item\":\"http:\\\/\\\/lila.valnaloneduca.com\\\/cpelvillar2425\\\/\"},{\"@type\":\"ListItem\",\"position\":2,\"name\":\"Rapeando con Rosie la remachadora\"}]},{\"@type\":\"WebSite\",\"@id\":\"http:\\\/\\\/lila.valnaloneduca.com\\\/cpelvillar2425\\\/#website\",\"url\":\"http:\\\/\\\/lila.valnaloneduca.com\\\/cpelvillar2425\\\/\",\"name\":\"LILA \u2013 La Igualdad Lleva A\u2026 \u2013 C.P. EL VILLAR \u2013 Trubia (Oviedo) \u2013 24\\\/25\",\"description\":\"La Igualdad Lleva A \u2026 (LILA) es un Proyecto educativo de la Cadena de Formaci\u00f3n para Emprender del Principado de Asturias, que promueve el desarrollo de competencias emprendedoras al servicio de un trabajo para el empoderamiento y la promoci\u00f3n de la igualdad entre ni\u00f1os y ni\u00f1as de Educaci\u00f3n Primaria.\",\"publisher\":{\"@id\":\"http:\\\/\\\/lila.valnaloneduca.com\\\/cpelvillar2425\\\/#organization\"},\"potentialAction\":[{\"@type\":\"SearchAction\",\"target\":{\"@type\":\"EntryPoint\",\"urlTemplate\":\"http:\\\/\\\/lila.valnaloneduca.com\\\/cpelvillar2425\\\/?s={search_term_string}\"},\"query-input\":{\"@type\":\"PropertyValueSpecification\",\"valueRequired\":true,\"valueName\":\"search_term_string\"}}],\"inLanguage\":\"es\"},{\"@type\":\"Organization\",\"@id\":\"http:\\\/\\\/lila.valnaloneduca.com\\\/cpelvillar2425\\\/#organization\",\"name\":\"LILA \u2013 La Igualdad Lleva A\u2026 \u2013 C.P. EL VILLAR \u2013 Trubia (Oviedo) \u2013 24\\\/25\",\"url\":\"http:\\\/\\\/lila.valnaloneduca.com\\\/cpelvillar2425\\\/\",\"logo\":{\"@type\":\"ImageObject\",\"inLanguage\":\"es\",\"@id\":\"http:\\\/\\\/lila.valnaloneduca.com\\\/cpelvillar2425\\\/#\\\/schema\\\/logo\\\/image\\\/\",\"url\":\"https:\\\/\\\/lila.valnaloneduca.com\\\/cpelvillar2425\\\/wp-content\\\/uploads\\\/sites\\\/50\\\/2024\\\/10\\\/cropped-cropped-cropped-cabecero-1-1.jpg\",\"contentUrl\":\"https:\\\/\\\/lila.valnaloneduca.com\\\/cpelvillar2425\\\/wp-content\\\/uploads\\\/sites\\\/50\\\/2024\\\/10\\\/cropped-cropped-cropped-cabecero-1-1.jpg\",\"width\":240,\"height\":118,\"caption\":\"LILA \u2013 La Igualdad Lleva A\u2026 \u2013 C.P. EL VILLAR \u2013 Trubia (Oviedo) \u2013 24\\\/25\"},\"image\":{\"@id\":\"http:\\\/\\\/lila.valnaloneduca.com\\\/cpelvillar2425\\\/#\\\/schema\\\/logo\\\/image\\\/\"}},{\"@type\":\"Person\",\"@id\":\"http:\\\/\\\/lila.valnaloneduca.com\\\/cpelvillar2425\\\/#\\\/schema\\\/person\\\/b1d0422b250e580f42a136a82137c682\",\"name\":\"lila\",\"image\":{\"@type\":\"ImageObject\",\"inLanguage\":\"es\",\"@id\":\"https:\\\/\\\/secure.gravatar.com\\\/avatar\\\/0a19043ae51bb80b0374edd52905a2458416f7c4e271ad0f728fde45dd03a88e?s=96&d=mm&r=g\",\"url\":\"https:\\\/\\\/secure.gravatar.com\\\/avatar\\\/0a19043ae51bb80b0374edd52905a2458416f7c4e271ad0f728fde45dd03a88e?s=96&d=mm&r=g\",\"contentUrl\":\"https:\\\/\\\/secure.gravatar.com\\\/avatar\\\/0a19043ae51bb80b0374edd52905a2458416f7c4e271ad0f728fde45dd03a88e?s=96&d=mm&r=g\",\"caption\":\"lila\"},\"url\":\"https:\\\/\\\/lila.valnaloneduca.com\\\/cpelvillar2425\\\/author\\\/lila\\\/\"}]}<\/script>\n<!-- \/ Yoast SEO plugin. -->","yoast_head_json":{"title":"Rapeando con Rosie la remachadora - LILA \u2013 La Igualdad Lleva A\u2026 \u2013 C.P. EL VILLAR \u2013 Trubia (Oviedo) \u2013 24\/25","robots":{"index":"index","follow":"follow","max-snippet":"max-snippet:-1","max-image-preview":"max-image-preview:large","max-video-preview":"max-video-preview:-1"},"canonical":"http:\/\/lila.valnaloneduca.com\/cpelvillar2425\/2025\/02\/14\/rapeando-con-rosie-la-remachadora\/","og_locale":"es_ES","og_type":"article","og_title":"Rapeando con Rosie la remachadora - LILA \u2013 La Igualdad Lleva A\u2026 \u2013 C.P. EL VILLAR \u2013 Trubia (Oviedo) \u2013 24\/25","og_description":"Hoy recibimos la visita de Amara, que nos explic\u00f3 el origen del 8M, que no ten\u00edamos nada claro cu\u00e1l hab\u00eda sido su origen, ni porqu\u00e9 se celebraba ese d\u00eda. Adem\u00e1s conocimos qu\u00e9 hay detr\u00e1s del cartel de Rosie la Remachado y porqu\u00e9 se eligi\u00f3 como icono para revindicar la Igualdad. Amara nos propuso el reto &hellip; Continuar leyendo \"Rapeando con Rosie la remachadora\"","og_url":"http:\/\/lila.valnaloneduca.com\/cpelvillar2425\/2025\/02\/14\/rapeando-con-rosie-la-remachadora\/","og_site_name":"LILA \u2013 La Igualdad Lleva A\u2026 \u2013 C.P. EL VILLAR \u2013 Trubia (Oviedo) \u2013 24\/25","article_published_time":"2025-02-14T12:05:47+00:00","article_modified_time":"2025-02-14T12:05:48+00:00","og_image":[{"width":1024,"height":1365,"url":"https:\/\/lila.valnaloneduca.com\/cpelvillar2425\/wp-content\/uploads\/sites\/50\/2025\/02\/IMG_8837.jpg","type":"image\/jpeg"}],"author":"lila","twitter_card":"summary_large_image","twitter_misc":{"Escrito por":"lila","Tiempo de lectura":"1 minuto"},"schema":{"@context":"https:\/\/schema.org","@graph":[{"@type":"Article","@id":"http:\/\/lila.valnaloneduca.com\/cpelvillar2425\/2025\/02\/14\/rapeando-con-rosie-la-remachadora\/#article","isPartOf":{"@id":"http:\/\/lila.valnaloneduca.com\/cpelvillar2425\/2025\/02\/14\/rapeando-con-rosie-la-remachadora\/"},"author":{"name":"lila","@id":"http:\/\/lila.valnaloneduca.com\/cpelvillar2425\/#\/schema\/person\/b1d0422b250e580f42a136a82137c682"},"headline":"Rapeando con Rosie la remachadora","datePublished":"2025-02-14T12:05:47+00:00","dateModified":"2025-02-14T12:05:48+00:00","mainEntityOfPage":{"@id":"http:\/\/lila.valnaloneduca.com\/cpelvillar2425\/2025\/02\/14\/rapeando-con-rosie-la-remachadora\/"},"wordCount":90,"commentCount":0,"publisher":{"@id":"http:\/\/lila.valnaloneduca.com\/cpelvillar2425\/#organization"},"image":{"@id":"http:\/\/lila.valnaloneduca.com\/cpelvillar2425\/2025\/02\/14\/rapeando-con-rosie-la-remachadora\/#primaryimage"},"thumbnailUrl":"http:\/\/lila.valnaloneduca.com\/cpelvillar2425\/wp-content\/uploads\/sites\/50\/2025\/02\/IMG_8837-768x1024.jpg","inLanguage":"es","potentialAction":[{"@type":"CommentAction","name":"Comment","target":["http:\/\/lila.valnaloneduca.com\/cpelvillar2425\/2025\/02\/14\/rapeando-con-rosie-la-remachadora\/#respond"]}]},{"@type":"WebPage","@id":"http:\/\/lila.valnaloneduca.com\/cpelvillar2425\/2025\/02\/14\/rapeando-con-rosie-la-remachadora\/","url":"http:\/\/lila.valnaloneduca.com\/cpelvillar2425\/2025\/02\/14\/rapeando-con-rosie-la-remachadora\/","name":"Rapeando con Rosie la remachadora - LILA \u2013 La Igualdad Lleva A\u2026 \u2013 C.P. EL VILLAR \u2013 Trubia (Oviedo) \u2013 24\/25","isPartOf":{"@id":"http:\/\/lila.valnaloneduca.com\/cpelvillar2425\/#website"},"primaryImageOfPage":{"@id":"http:\/\/lila.valnaloneduca.com\/cpelvillar2425\/2025\/02\/14\/rapeando-con-rosie-la-remachadora\/#primaryimage"},"image":{"@id":"http:\/\/lila.valnaloneduca.com\/cpelvillar2425\/2025\/02\/14\/rapeando-con-rosie-la-remachadora\/#primaryimage"},"thumbnailUrl":"http:\/\/lila.valnaloneduca.com\/cpelvillar2425\/wp-content\/uploads\/sites\/50\/2025\/02\/IMG_8837-768x1024.jpg","datePublished":"2025-02-14T12:05:47+00:00","dateModified":"2025-02-14T12:05:48+00:00","breadcrumb":{"@id":"http:\/\/lila.valnaloneduca.com\/cpelvillar2425\/2025\/02\/14\/rapeando-con-rosie-la-remachadora\/#breadcrumb"},"inLanguage":"es","potentialAction":[{"@type":"ReadAction","target":["http:\/\/lila.valnaloneduca.com\/cpelvillar2425\/2025\/02\/14\/rapeando-con-rosie-la-remachadora\/"]}]},{"@type":"ImageObject","inLanguage":"es","@id":"http:\/\/lila.valnaloneduca.com\/cpelvillar2425\/2025\/02\/14\/rapeando-con-rosie-la-remachadora\/#primaryimage","url":"https:\/\/lila.valnaloneduca.com\/cpelvillar2425\/wp-content\/uploads\/sites\/50\/2025\/02\/IMG_8837.jpg","contentUrl":"https:\/\/lila.valnaloneduca.com\/cpelvillar2425\/wp-content\/uploads\/sites\/50\/2025\/02\/IMG_8837.jpg","width":1024,"height":1365},{"@type":"BreadcrumbList","@id":"http:\/\/lila.valnaloneduca.com\/cpelvillar2425\/2025\/02\/14\/rapeando-con-rosie-la-remachadora\/#breadcrumb","itemListElement":[{"@type":"ListItem","position":1,"name":"Portada","item":"http:\/\/lila.valnaloneduca.com\/cpelvillar2425\/"},{"@type":"ListItem","position":2,"name":"Rapeando con Rosie la remachadora"}]},{"@type":"WebSite","@id":"http:\/\/lila.valnaloneduca.com\/cpelvillar2425\/#website","url":"http:\/\/lila.valnaloneduca.com\/cpelvillar2425\/","name":"LILA \u2013 La Igualdad Lleva A\u2026 \u2013 C.P. EL VILLAR \u2013 Trubia (Oviedo) \u2013 24\/25","description":"La Igualdad Lleva A \u2026 (LILA) es un Proyecto educativo de la Cadena de Formaci\u00f3n para Emprender del Principado de Asturias, que promueve el desarrollo de competencias emprendedoras al servicio de un trabajo para el empoderamiento y la promoci\u00f3n de la igualdad entre ni\u00f1os y ni\u00f1as de Educaci\u00f3n Primaria.","publisher":{"@id":"http:\/\/lila.valnaloneduca.com\/cpelvillar2425\/#organization"},"potentialAction":[{"@type":"SearchAction","target":{"@type":"EntryPoint","urlTemplate":"http:\/\/lila.valnaloneduca.com\/cpelvillar2425\/?s={search_term_string}"},"query-input":{"@type":"PropertyValueSpecification","valueRequired":true,"valueName":"search_term_string"}}],"inLanguage":"es"},{"@type":"Organization","@id":"http:\/\/lila.valnaloneduca.com\/cpelvillar2425\/#organization","name":"LILA \u2013 La Igualdad Lleva A\u2026 \u2013 C.P. EL VILLAR \u2013 Trubia (Oviedo) \u2013 24\/25","url":"http:\/\/lila.valnaloneduca.com\/cpelvillar2425\/","logo":{"@type":"ImageObject","inLanguage":"es","@id":"http:\/\/lila.valnaloneduca.com\/cpelvillar2425\/#\/schema\/logo\/image\/","url":"https:\/\/lila.valnaloneduca.com\/cpelvillar2425\/wp-content\/uploads\/sites\/50\/2024\/10\/cropped-cropped-cropped-cabecero-1-1.jpg","contentUrl":"https:\/\/lila.valnaloneduca.com\/cpelvillar2425\/wp-content\/uploads\/sites\/50\/2024\/10\/cropped-cropped-cropped-cabecero-1-1.jpg","width":240,"height":118,"caption":"LILA \u2013 La Igualdad Lleva A\u2026 \u2013 C.P. EL VILLAR \u2013 Trubia (Oviedo) \u2013 24\/25"},"image":{"@id":"http:\/\/lila.valnaloneduca.com\/cpelvillar2425\/#\/schema\/logo\/image\/"}},{"@type":"Person","@id":"http:\/\/lila.valnaloneduca.com\/cpelvillar2425\/#\/schema\/person\/b1d0422b250e580f42a136a82137c682","name":"lila","image":{"@type":"ImageObject","inLanguage":"es","@id":"https:\/\/secure.gravatar.com\/avatar\/0a19043ae51bb80b0374edd52905a2458416f7c4e271ad0f728fde45dd03a88e?s=96&d=mm&r=g","url":"https:\/\/secure.gravatar.com\/avatar\/0a19043ae51bb80b0374edd52905a2458416f7c4e271ad0f728fde45dd03a88e?s=96&d=mm&r=g","contentUrl":"https:\/\/secure.gravatar.com\/avatar\/0a19043ae51bb80b0374edd52905a2458416f7c4e271ad0f728fde45dd03a88e?s=96&d=mm&r=g","caption":"lila"},"url":"https:\/\/lila.valnaloneduca.com\/cpelvillar2425\/author\/lila\/"}]}},"jetpack_featured_media_url":"","_links":{"self":[{"href":"https:\/\/lila.valnaloneduca.com\/cpelvillar2425\/wp-json\/wp\/v2\/posts\/40","targetHints":{"allow":["GET"]}}],"collection":[{"href":"https:\/\/lila.valnaloneduca.com\/cpelvillar2425\/wp-json\/wp\/v2\/posts"}],"about":[{"href":"https:\/\/lila.valnaloneduca.com\/cpelvillar2425\/wp-json\/wp\/v2\/types\/post"}],"author":[{"embeddable":true,"href":"https:\/\/lila.valnaloneduca.com\/cpelvillar2425\/wp-json\/wp\/v2\/users\/2"}],"replies":[{"embeddable":true,"href":"https:\/\/lila.valnaloneduca.com\/cpelvillar2425\/wp-json\/wp\/v2\/comments?post=40"}],"version-history":[{"count":1,"href":"https:\/\/lila.valnaloneduca.com\/cpelvillar2425\/wp-json\/wp\/v2\/posts\/40\/revisions"}],"predecessor-version":[{"id":44,"href":"https:\/\/lila.valnaloneduca.com\/cpelvillar2425\/wp-json\/wp\/v2\/posts\/40\/revisions\/44"}],"wp:attachment":[{"href":"https:\/\/lila.valnaloneduca.com\/cpelvillar2425\/wp-json\/wp\/v2\/media?parent=40"}],"wp:term":[{"taxonomy":"category","embeddable":true,"href":"https:\/\/lila.valnaloneduca.com\/cpelvillar2425\/wp-json\/wp\/v2\/categories?post=40"},{"taxonomy":"post_tag","embeddable":true,"href":"https:\/\/lila.valnaloneduca.com\/cpelvillar2425\/wp-json\/wp\/v2\/tags?post=40"}],"curies":[{"name":"wp","href":"https:\/\/api.w.org\/{rel}","templated":true}]}}