{"id":103,"date":"2022-03-29T11:52:00","date_gmt":"2022-03-29T11:52:00","guid":{"rendered":"http:\/\/lila.valnaloneduca.com\/cpfelechosa2022\/?p=103"},"modified":"2022-05-10T13:27:58","modified_gmt":"2022-05-10T13:27:58","slug":"analisis-morado-eurovision","status":"publish","type":"post","link":"https:\/\/lila.valnaloneduca.com\/cpfelechosa2022\/2022\/03\/29\/analisis-morado-eurovision\/","title":{"rendered":"An\u00e1lisis morado: EUROVISI\u00d3N"},"content":{"rendered":"\n<p>Dada la controversia que surgi\u00f3 entorno a la elecci\u00f3n de la canci\u00f3n que representar\u00eda a Espa\u00f1a en Eurovisi\u00f3n, se consider\u00f3 una buena actividad el crear debate sobre las 3 canciones m\u00e1s sonadas para tal acto y con la consecuente ganadora. <\/p>\n\n\n\n<p>El alumnado no hab\u00eda visto el programa, ni sab\u00eda nada de la pol\u00e9mica, por lo que sus opiniones son suyas y con criterios propios.<\/p>\n\n\n\n<p>Se crearon dos grupos, una de alumnas y otro de alumnos para trabajar. Al grupo formado por chicas se les puso la actuaci\u00f3n de Channel.<\/p>\n\n\n\n<div class=\"wp-block-image\"><figure class=\"aligncenter size-full\"><img data-recalc-dims=\"1\" loading=\"lazy\" decoding=\"async\" width=\"284\" height=\"382\" src=\"https:\/\/i0.wp.com\/lila.valnaloneduca.com\/cpfelechosa2022\/wp-content\/uploads\/sites\/16\/2022\/05\/fele-4.jpg?resize=284%2C382\" alt=\"\" class=\"wp-image-104\" srcset=\"https:\/\/i0.wp.com\/lila.valnaloneduca.com\/cpfelechosa2022\/wp-content\/uploads\/sites\/16\/2022\/05\/fele-4.jpg?w=284&amp;ssl=1 284w, https:\/\/i0.wp.com\/lila.valnaloneduca.com\/cpfelechosa2022\/wp-content\/uploads\/sites\/16\/2022\/05\/fele-4.jpg?resize=223%2C300&amp;ssl=1 223w\" sizes=\"auto, (max-width: 284px) 85vw, 284px\" \/><\/figure><\/div>\n\n\n\n<figure class=\"wp-block-embed aligncenter is-type-video is-provider-youtube wp-block-embed-youtube wp-embed-aspect-16-9 wp-has-aspect-ratio\"><div class=\"wp-block-embed__wrapper\">\n<iframe loading=\"lazy\" title=\"Chanel - &quot;SloMo&quot; | Ganadora Benidorm Fest\u00a02022 | La Gran Final\u00a0\" width=\"840\" height=\"473\" src=\"https:\/\/www.youtube.com\/embed\/gYifWC7aiHo?feature=oembed\" frameborder=\"0\" allow=\"accelerometer; autoplay; clipboard-write; encrypted-media; gyroscope; picture-in-picture\" allowfullscreen><\/iframe>\n<\/div><\/figure>\n\n\n\n<p>Mientras que al grupo formado por chicos se les puso el video de  Tanxugueiras.<\/p>\n\n\n\n<figure class=\"wp-block-embed is-type-video is-provider-youtube wp-block-embed-youtube wp-embed-aspect-16-9 wp-has-aspect-ratio\"><div class=\"wp-block-embed__wrapper\">\n<iframe loading=\"lazy\" title=\"Tanxugueiras - &quot;Terra&quot; | Benidorm Fest\u00a02022 | La Gran Final\" width=\"840\" height=\"473\" src=\"https:\/\/www.youtube.com\/embed\/4uGN9efcACw?feature=oembed\" frameborder=\"0\" allow=\"accelerometer; autoplay; clipboard-write; encrypted-media; gyroscope; picture-in-picture\" allowfullscreen><\/iframe>\n<\/div><\/figure>\n\n\n\n<p><\/p>\n\n\n\n<p>Cada grupo, manifest\u00f3 su opini\u00f3n, a continuaci\u00f3n, volvimos a juntarlos y se pusieron nuevamente los v\u00eddeos. Las chicas emit\u00edan su opini\u00f3n sobre Tanxugueiras y los chicos, sobre Chanel. El otro grupo no pod\u00eda decir nada mientras se daban opiniones por lo que las caras eran un poema ya que no entend\u00edan nada sobre la ropa, baile\u2026 Al final explicamos que, al juntarse, estaban viendo el v\u00eddeo contrario que al principio, pero la opini\u00f3n era la misma. <\/p>\n\n\n\n<div class=\"wp-block-image\"><figure class=\"aligncenter size-full\"><img data-recalc-dims=\"1\" loading=\"lazy\" decoding=\"async\" width=\"353\" height=\"472\" src=\"https:\/\/i0.wp.com\/lila.valnaloneduca.com\/cpfelechosa2022\/wp-content\/uploads\/sites\/16\/2022\/05\/fele-5.jpg?resize=353%2C472\" alt=\"\" class=\"wp-image-105\" srcset=\"https:\/\/i0.wp.com\/lila.valnaloneduca.com\/cpfelechosa2022\/wp-content\/uploads\/sites\/16\/2022\/05\/fele-5.jpg?w=353&amp;ssl=1 353w, https:\/\/i0.wp.com\/lila.valnaloneduca.com\/cpfelechosa2022\/wp-content\/uploads\/sites\/16\/2022\/05\/fele-5.jpg?resize=224%2C300&amp;ssl=1 224w\" sizes=\"auto, (max-width: 353px) 85vw, 353px\" \/><\/figure><\/div>\n\n\n\n<p>Por \u00faltimo, les pusimos la canci\u00f3n de Mama de Rigoberta Bandini, m\u00e1s o menos, opinaban lo mismo que con las Tanxugueiras, pero la canci\u00f3n de estas, les sigui\u00f3 gustando mucho m\u00e1s ya que la consideraban m\u00e1s potente, actual y un ritmo \u201cpegadizo\u201d.<\/p>\n\n\n\n<div class=\"wp-block-image\"><figure class=\"aligncenter size-full\"><img data-recalc-dims=\"1\" loading=\"lazy\" decoding=\"async\" width=\"280\" height=\"374\" src=\"https:\/\/i0.wp.com\/lila.valnaloneduca.com\/cpfelechosa2022\/wp-content\/uploads\/sites\/16\/2022\/05\/fele-6.jpg?resize=280%2C374\" alt=\"\" class=\"wp-image-106\" srcset=\"https:\/\/i0.wp.com\/lila.valnaloneduca.com\/cpfelechosa2022\/wp-content\/uploads\/sites\/16\/2022\/05\/fele-6.jpg?w=280&amp;ssl=1 280w, https:\/\/i0.wp.com\/lila.valnaloneduca.com\/cpfelechosa2022\/wp-content\/uploads\/sites\/16\/2022\/05\/fele-6.jpg?resize=225%2C300&amp;ssl=1 225w\" sizes=\"auto, (max-width: 280px) 85vw, 280px\" \/><\/figure><\/div>\n\n\n\n<figure class=\"wp-block-embed is-type-video is-provider-youtube wp-block-embed-youtube wp-embed-aspect-16-9 wp-has-aspect-ratio\"><div class=\"wp-block-embed__wrapper\">\n<iframe loading=\"lazy\" title=\"Rigoberta Bandini - &quot;Ay mam\u00e1&quot; | Benidorm Fest\u00a02022 | La Gran Final\u00a0\" width=\"840\" height=\"473\" src=\"https:\/\/www.youtube.com\/embed\/K_WqBxwAbJY?feature=oembed\" frameborder=\"0\" allow=\"accelerometer; autoplay; clipboard-write; encrypted-media; gyroscope; picture-in-picture\" allowfullscreen><\/iframe>\n<\/div><\/figure>\n\n\n\n<p>Estamos muy orgulloso\/as por el respeto con el que todo\/as hemos realizado la cr\u00edtica hacia Channel, porque nos hemos dado cuenta que para dar nuestra opini\u00f3n no hay que insultar, ni menospreciar. <\/p>\n\n\n\n<p>Ambas grupos tenemos claro que nuestra apuesta hubiera sido Tanxungueiras por el significado que conllevar\u00eda el presentar esa canci\u00f3n en Eurovisi\u00f3n poniendo en valor <em>el empoderamiento, cambio de roles, feminidad sin un baile y vestuario insinuante; el sentido, reivindicaci\u00f3n y sentimiento del significado de la letra, cultura, ovaci\u00f3n al pasado\u2026<\/em><\/p>\n","protected":false},"excerpt":{"rendered":"<p>Dada la controversia que surgi\u00f3 entorno a la elecci\u00f3n de la canci\u00f3n que representar\u00eda a Espa\u00f1a en Eurovisi\u00f3n, se consider\u00f3 una buena actividad el crear debate sobre las 3 canciones m\u00e1s sonadas para tal acto y con la consecuente ganadora. El alumnado no hab\u00eda visto el programa, ni sab\u00eda nada de la pol\u00e9mica, por lo &hellip; <a href=\"https:\/\/lila.valnaloneduca.com\/cpfelechosa2022\/2022\/03\/29\/analisis-morado-eurovision\/\" class=\"more-link\">Continuar leyendo<span class=\"screen-reader-text\"> \u00abAn\u00e1lisis morado: EUROVISI\u00d3N\u00bb<\/span><\/a><\/p>\n","protected":false},"author":2,"featured_media":0,"comment_status":"open","ping_status":"open","sticky":false,"template":"","format":"standard","meta":{"_jetpack_memberships_contains_paid_content":false,"footnotes":""},"categories":[1],"tags":[4,7,6],"class_list":["post-103","post","type-post","status-publish","format-standard","hentry","category-sin-categoria","tag-coeducacion","tag-educacion-emprendedora","tag-valnaloneduca"],"yoast_head":"<!-- This site is optimized with the Yoast SEO plugin v27.5 - https:\/\/yoast.com\/product\/yoast-seo-wordpress\/ -->\n<title>An\u00e1lisis morado: EUROVISI\u00d3N - LILA - La Igualdad Lleva A... - C.P. FELECHOSA - Felechosa - 21\/22<\/title>\n<meta name=\"robots\" content=\"index, follow, max-snippet:-1, max-image-preview:large, max-video-preview:-1\" \/>\n<link rel=\"canonical\" href=\"http:\/\/lila.valnaloneduca.com\/cpfelechosa2022\/2022\/03\/29\/analisis-morado-eurovision\/\" \/>\n<meta property=\"og:locale\" content=\"es_ES\" \/>\n<meta property=\"og:type\" content=\"article\" \/>\n<meta property=\"og:title\" content=\"An\u00e1lisis morado: EUROVISI\u00d3N - LILA - La Igualdad Lleva A... - C.P. FELECHOSA - Felechosa - 21\/22\" \/>\n<meta property=\"og:description\" content=\"Dada la controversia que surgi\u00f3 entorno a la elecci\u00f3n de la canci\u00f3n que representar\u00eda a Espa\u00f1a en Eurovisi\u00f3n, se consider\u00f3 una buena actividad el crear debate sobre las 3 canciones m\u00e1s sonadas para tal acto y con la consecuente ganadora. El alumnado no hab\u00eda visto el programa, ni sab\u00eda nada de la pol\u00e9mica, por lo &hellip; Continuar leyendo &quot;An\u00e1lisis morado: EUROVISI\u00d3N&quot;\" \/>\n<meta property=\"og:url\" content=\"http:\/\/lila.valnaloneduca.com\/cpfelechosa2022\/2022\/03\/29\/analisis-morado-eurovision\/\" \/>\n<meta property=\"og:site_name\" content=\"LILA - La Igualdad Lleva A... - C.P. FELECHOSA - Felechosa - 21\/22\" \/>\n<meta property=\"article:published_time\" content=\"2022-03-29T11:52:00+00:00\" \/>\n<meta property=\"article:modified_time\" content=\"2022-05-10T13:27:58+00:00\" \/>\n<meta property=\"og:image\" content=\"http:\/\/lila.valnaloneduca.com\/cpfelechosa2022\/wp-content\/uploads\/sites\/16\/2022\/05\/fele-4.jpg\" \/>\n<meta name=\"author\" content=\"lila\" \/>\n<meta name=\"twitter:card\" content=\"summary_large_image\" \/>\n<meta name=\"twitter:label1\" content=\"Escrito por\" \/>\n\t<meta name=\"twitter:data1\" content=\"lila\" \/>\n\t<meta name=\"twitter:label2\" content=\"Tiempo de lectura\" \/>\n\t<meta name=\"twitter:data2\" content=\"3 minutos\" \/>\n<script type=\"application\/ld+json\" class=\"yoast-schema-graph\">{\"@context\":\"https:\\\/\\\/schema.org\",\"@graph\":[{\"@type\":\"Article\",\"@id\":\"http:\\\/\\\/lila.valnaloneduca.com\\\/cpfelechosa2022\\\/2022\\\/03\\\/29\\\/analisis-morado-eurovision\\\/#article\",\"isPartOf\":{\"@id\":\"http:\\\/\\\/lila.valnaloneduca.com\\\/cpfelechosa2022\\\/2022\\\/03\\\/29\\\/analisis-morado-eurovision\\\/\"},\"author\":{\"name\":\"lila\",\"@id\":\"http:\\\/\\\/lila.valnaloneduca.com\\\/cpfelechosa2022\\\/#\\\/schema\\\/person\\\/b1d0422b250e580f42a136a82137c682\"},\"headline\":\"An\u00e1lisis morado: EUROVISI\u00d3N\",\"datePublished\":\"2022-03-29T11:52:00+00:00\",\"dateModified\":\"2022-05-10T13:27:58+00:00\",\"mainEntityOfPage\":{\"@id\":\"http:\\\/\\\/lila.valnaloneduca.com\\\/cpfelechosa2022\\\/2022\\\/03\\\/29\\\/analisis-morado-eurovision\\\/\"},\"wordCount\":355,\"commentCount\":0,\"publisher\":{\"@id\":\"http:\\\/\\\/lila.valnaloneduca.com\\\/cpfelechosa2022\\\/#organization\"},\"image\":{\"@id\":\"http:\\\/\\\/lila.valnaloneduca.com\\\/cpfelechosa2022\\\/2022\\\/03\\\/29\\\/analisis-morado-eurovision\\\/#primaryimage\"},\"thumbnailUrl\":\"http:\\\/\\\/lila.valnaloneduca.com\\\/cpfelechosa2022\\\/wp-content\\\/uploads\\\/sites\\\/16\\\/2022\\\/05\\\/fele-4.jpg\",\"keywords\":[\"coeducaci\u00f3n\",\"educacion emprendedora\",\"valnaloneduca\"],\"inLanguage\":\"es\",\"potentialAction\":[{\"@type\":\"CommentAction\",\"name\":\"Comment\",\"target\":[\"http:\\\/\\\/lila.valnaloneduca.com\\\/cpfelechosa2022\\\/2022\\\/03\\\/29\\\/analisis-morado-eurovision\\\/#respond\"]}]},{\"@type\":\"WebPage\",\"@id\":\"http:\\\/\\\/lila.valnaloneduca.com\\\/cpfelechosa2022\\\/2022\\\/03\\\/29\\\/analisis-morado-eurovision\\\/\",\"url\":\"http:\\\/\\\/lila.valnaloneduca.com\\\/cpfelechosa2022\\\/2022\\\/03\\\/29\\\/analisis-morado-eurovision\\\/\",\"name\":\"An\u00e1lisis morado: EUROVISI\u00d3N - LILA - La Igualdad Lleva A... - C.P. FELECHOSA - Felechosa - 21\\\/22\",\"isPartOf\":{\"@id\":\"http:\\\/\\\/lila.valnaloneduca.com\\\/cpfelechosa2022\\\/#website\"},\"primaryImageOfPage\":{\"@id\":\"http:\\\/\\\/lila.valnaloneduca.com\\\/cpfelechosa2022\\\/2022\\\/03\\\/29\\\/analisis-morado-eurovision\\\/#primaryimage\"},\"image\":{\"@id\":\"http:\\\/\\\/lila.valnaloneduca.com\\\/cpfelechosa2022\\\/2022\\\/03\\\/29\\\/analisis-morado-eurovision\\\/#primaryimage\"},\"thumbnailUrl\":\"http:\\\/\\\/lila.valnaloneduca.com\\\/cpfelechosa2022\\\/wp-content\\\/uploads\\\/sites\\\/16\\\/2022\\\/05\\\/fele-4.jpg\",\"datePublished\":\"2022-03-29T11:52:00+00:00\",\"dateModified\":\"2022-05-10T13:27:58+00:00\",\"breadcrumb\":{\"@id\":\"http:\\\/\\\/lila.valnaloneduca.com\\\/cpfelechosa2022\\\/2022\\\/03\\\/29\\\/analisis-morado-eurovision\\\/#breadcrumb\"},\"inLanguage\":\"es\",\"potentialAction\":[{\"@type\":\"ReadAction\",\"target\":[\"http:\\\/\\\/lila.valnaloneduca.com\\\/cpfelechosa2022\\\/2022\\\/03\\\/29\\\/analisis-morado-eurovision\\\/\"]}]},{\"@type\":\"ImageObject\",\"inLanguage\":\"es\",\"@id\":\"http:\\\/\\\/lila.valnaloneduca.com\\\/cpfelechosa2022\\\/2022\\\/03\\\/29\\\/analisis-morado-eurovision\\\/#primaryimage\",\"url\":\"https:\\\/\\\/i0.wp.com\\\/lila.valnaloneduca.com\\\/cpfelechosa2022\\\/wp-content\\\/uploads\\\/sites\\\/16\\\/2022\\\/05\\\/fele-4.jpg?fit=284%2C382&ssl=1\",\"contentUrl\":\"https:\\\/\\\/i0.wp.com\\\/lila.valnaloneduca.com\\\/cpfelechosa2022\\\/wp-content\\\/uploads\\\/sites\\\/16\\\/2022\\\/05\\\/fele-4.jpg?fit=284%2C382&ssl=1\",\"width\":284,\"height\":382},{\"@type\":\"BreadcrumbList\",\"@id\":\"http:\\\/\\\/lila.valnaloneduca.com\\\/cpfelechosa2022\\\/2022\\\/03\\\/29\\\/analisis-morado-eurovision\\\/#breadcrumb\",\"itemListElement\":[{\"@type\":\"ListItem\",\"position\":1,\"name\":\"Portada\",\"item\":\"http:\\\/\\\/lila.valnaloneduca.com\\\/cpfelechosa2022\\\/\"},{\"@type\":\"ListItem\",\"position\":2,\"name\":\"An\u00e1lisis morado: EUROVISI\u00d3N\"}]},{\"@type\":\"WebSite\",\"@id\":\"http:\\\/\\\/lila.valnaloneduca.com\\\/cpfelechosa2022\\\/#website\",\"url\":\"http:\\\/\\\/lila.valnaloneduca.com\\\/cpfelechosa2022\\\/\",\"name\":\"LILA - La Igualdad Lleva A... - C.P. FELECHOSA - Felechosa - 21\\\/22\",\"description\":\"La Igualdad Lleva A (LILA) es un Proyecto educativo de la Cadena de Formaci\u00f3n para Emprender del Principado de Asturias, que promueve el desarrollo de competencias emprendedoras al servicio de un trabajo para el empoderamiento y la promoci\u00f3n de la igualdad entre ni\u00f1os y ni\u00f1as de 3\u00ba y 4\u00ba curso de Educaci\u00f3n Primaria.\",\"publisher\":{\"@id\":\"http:\\\/\\\/lila.valnaloneduca.com\\\/cpfelechosa2022\\\/#organization\"},\"potentialAction\":[{\"@type\":\"SearchAction\",\"target\":{\"@type\":\"EntryPoint\",\"urlTemplate\":\"http:\\\/\\\/lila.valnaloneduca.com\\\/cpfelechosa2022\\\/?s={search_term_string}\"},\"query-input\":{\"@type\":\"PropertyValueSpecification\",\"valueRequired\":true,\"valueName\":\"search_term_string\"}}],\"inLanguage\":\"es\"},{\"@type\":\"Organization\",\"@id\":\"http:\\\/\\\/lila.valnaloneduca.com\\\/cpfelechosa2022\\\/#organization\",\"name\":\"LILA - La Igualdad Lleva A... - C.P. FELECHOSA - Felechosa - 21\\\/22\",\"url\":\"http:\\\/\\\/lila.valnaloneduca.com\\\/cpfelechosa2022\\\/\",\"logo\":{\"@type\":\"ImageObject\",\"inLanguage\":\"es\",\"@id\":\"http:\\\/\\\/lila.valnaloneduca.com\\\/cpfelechosa2022\\\/#\\\/schema\\\/logo\\\/image\\\/\",\"url\":\"https:\\\/\\\/i0.wp.com\\\/lila.valnaloneduca.com\\\/cpfelechosa2022\\\/wp-content\\\/uploads\\\/sites\\\/16\\\/2021\\\/09\\\/cropped-cabecero-1-1.png?fit=240%2C118&ssl=1\",\"contentUrl\":\"https:\\\/\\\/i0.wp.com\\\/lila.valnaloneduca.com\\\/cpfelechosa2022\\\/wp-content\\\/uploads\\\/sites\\\/16\\\/2021\\\/09\\\/cropped-cabecero-1-1.png?fit=240%2C118&ssl=1\",\"width\":240,\"height\":118,\"caption\":\"LILA - La Igualdad Lleva A... - C.P. FELECHOSA - Felechosa - 21\\\/22\"},\"image\":{\"@id\":\"http:\\\/\\\/lila.valnaloneduca.com\\\/cpfelechosa2022\\\/#\\\/schema\\\/logo\\\/image\\\/\"}},{\"@type\":\"Person\",\"@id\":\"http:\\\/\\\/lila.valnaloneduca.com\\\/cpfelechosa2022\\\/#\\\/schema\\\/person\\\/b1d0422b250e580f42a136a82137c682\",\"name\":\"lila\",\"image\":{\"@type\":\"ImageObject\",\"inLanguage\":\"es\",\"@id\":\"https:\\\/\\\/secure.gravatar.com\\\/avatar\\\/0a19043ae51bb80b0374edd52905a2458416f7c4e271ad0f728fde45dd03a88e?s=96&d=mm&r=g\",\"url\":\"https:\\\/\\\/secure.gravatar.com\\\/avatar\\\/0a19043ae51bb80b0374edd52905a2458416f7c4e271ad0f728fde45dd03a88e?s=96&d=mm&r=g\",\"contentUrl\":\"https:\\\/\\\/secure.gravatar.com\\\/avatar\\\/0a19043ae51bb80b0374edd52905a2458416f7c4e271ad0f728fde45dd03a88e?s=96&d=mm&r=g\",\"caption\":\"lila\"},\"url\":\"https:\\\/\\\/lila.valnaloneduca.com\\\/cpfelechosa2022\\\/author\\\/lila\\\/\"}]}<\/script>\n<!-- \/ Yoast SEO plugin. -->","yoast_head_json":{"title":"An\u00e1lisis morado: EUROVISI\u00d3N - LILA - La Igualdad Lleva A... - C.P. FELECHOSA - Felechosa - 21\/22","robots":{"index":"index","follow":"follow","max-snippet":"max-snippet:-1","max-image-preview":"max-image-preview:large","max-video-preview":"max-video-preview:-1"},"canonical":"http:\/\/lila.valnaloneduca.com\/cpfelechosa2022\/2022\/03\/29\/analisis-morado-eurovision\/","og_locale":"es_ES","og_type":"article","og_title":"An\u00e1lisis morado: EUROVISI\u00d3N - LILA - La Igualdad Lleva A... - C.P. FELECHOSA - Felechosa - 21\/22","og_description":"Dada la controversia que surgi\u00f3 entorno a la elecci\u00f3n de la canci\u00f3n que representar\u00eda a Espa\u00f1a en Eurovisi\u00f3n, se consider\u00f3 una buena actividad el crear debate sobre las 3 canciones m\u00e1s sonadas para tal acto y con la consecuente ganadora. El alumnado no hab\u00eda visto el programa, ni sab\u00eda nada de la pol\u00e9mica, por lo &hellip; Continuar leyendo \"An\u00e1lisis morado: EUROVISI\u00d3N\"","og_url":"http:\/\/lila.valnaloneduca.com\/cpfelechosa2022\/2022\/03\/29\/analisis-morado-eurovision\/","og_site_name":"LILA - La Igualdad Lleva A... - C.P. FELECHOSA - Felechosa - 21\/22","article_published_time":"2022-03-29T11:52:00+00:00","article_modified_time":"2022-05-10T13:27:58+00:00","og_image":[{"url":"http:\/\/lila.valnaloneduca.com\/cpfelechosa2022\/wp-content\/uploads\/sites\/16\/2022\/05\/fele-4.jpg","type":"","width":"","height":""}],"author":"lila","twitter_card":"summary_large_image","twitter_misc":{"Escrito por":"lila","Tiempo de lectura":"3 minutos"},"schema":{"@context":"https:\/\/schema.org","@graph":[{"@type":"Article","@id":"http:\/\/lila.valnaloneduca.com\/cpfelechosa2022\/2022\/03\/29\/analisis-morado-eurovision\/#article","isPartOf":{"@id":"http:\/\/lila.valnaloneduca.com\/cpfelechosa2022\/2022\/03\/29\/analisis-morado-eurovision\/"},"author":{"name":"lila","@id":"http:\/\/lila.valnaloneduca.com\/cpfelechosa2022\/#\/schema\/person\/b1d0422b250e580f42a136a82137c682"},"headline":"An\u00e1lisis morado: EUROVISI\u00d3N","datePublished":"2022-03-29T11:52:00+00:00","dateModified":"2022-05-10T13:27:58+00:00","mainEntityOfPage":{"@id":"http:\/\/lila.valnaloneduca.com\/cpfelechosa2022\/2022\/03\/29\/analisis-morado-eurovision\/"},"wordCount":355,"commentCount":0,"publisher":{"@id":"http:\/\/lila.valnaloneduca.com\/cpfelechosa2022\/#organization"},"image":{"@id":"http:\/\/lila.valnaloneduca.com\/cpfelechosa2022\/2022\/03\/29\/analisis-morado-eurovision\/#primaryimage"},"thumbnailUrl":"http:\/\/lila.valnaloneduca.com\/cpfelechosa2022\/wp-content\/uploads\/sites\/16\/2022\/05\/fele-4.jpg","keywords":["coeducaci\u00f3n","educacion emprendedora","valnaloneduca"],"inLanguage":"es","potentialAction":[{"@type":"CommentAction","name":"Comment","target":["http:\/\/lila.valnaloneduca.com\/cpfelechosa2022\/2022\/03\/29\/analisis-morado-eurovision\/#respond"]}]},{"@type":"WebPage","@id":"http:\/\/lila.valnaloneduca.com\/cpfelechosa2022\/2022\/03\/29\/analisis-morado-eurovision\/","url":"http:\/\/lila.valnaloneduca.com\/cpfelechosa2022\/2022\/03\/29\/analisis-morado-eurovision\/","name":"An\u00e1lisis morado: EUROVISI\u00d3N - LILA - La Igualdad Lleva A... - C.P. FELECHOSA - Felechosa - 21\/22","isPartOf":{"@id":"http:\/\/lila.valnaloneduca.com\/cpfelechosa2022\/#website"},"primaryImageOfPage":{"@id":"http:\/\/lila.valnaloneduca.com\/cpfelechosa2022\/2022\/03\/29\/analisis-morado-eurovision\/#primaryimage"},"image":{"@id":"http:\/\/lila.valnaloneduca.com\/cpfelechosa2022\/2022\/03\/29\/analisis-morado-eurovision\/#primaryimage"},"thumbnailUrl":"http:\/\/lila.valnaloneduca.com\/cpfelechosa2022\/wp-content\/uploads\/sites\/16\/2022\/05\/fele-4.jpg","datePublished":"2022-03-29T11:52:00+00:00","dateModified":"2022-05-10T13:27:58+00:00","breadcrumb":{"@id":"http:\/\/lila.valnaloneduca.com\/cpfelechosa2022\/2022\/03\/29\/analisis-morado-eurovision\/#breadcrumb"},"inLanguage":"es","potentialAction":[{"@type":"ReadAction","target":["http:\/\/lila.valnaloneduca.com\/cpfelechosa2022\/2022\/03\/29\/analisis-morado-eurovision\/"]}]},{"@type":"ImageObject","inLanguage":"es","@id":"http:\/\/lila.valnaloneduca.com\/cpfelechosa2022\/2022\/03\/29\/analisis-morado-eurovision\/#primaryimage","url":"https:\/\/i0.wp.com\/lila.valnaloneduca.com\/cpfelechosa2022\/wp-content\/uploads\/sites\/16\/2022\/05\/fele-4.jpg?fit=284%2C382&ssl=1","contentUrl":"https:\/\/i0.wp.com\/lila.valnaloneduca.com\/cpfelechosa2022\/wp-content\/uploads\/sites\/16\/2022\/05\/fele-4.jpg?fit=284%2C382&ssl=1","width":284,"height":382},{"@type":"BreadcrumbList","@id":"http:\/\/lila.valnaloneduca.com\/cpfelechosa2022\/2022\/03\/29\/analisis-morado-eurovision\/#breadcrumb","itemListElement":[{"@type":"ListItem","position":1,"name":"Portada","item":"http:\/\/lila.valnaloneduca.com\/cpfelechosa2022\/"},{"@type":"ListItem","position":2,"name":"An\u00e1lisis morado: EUROVISI\u00d3N"}]},{"@type":"WebSite","@id":"http:\/\/lila.valnaloneduca.com\/cpfelechosa2022\/#website","url":"http:\/\/lila.valnaloneduca.com\/cpfelechosa2022\/","name":"LILA - La Igualdad Lleva A... - C.P. FELECHOSA - Felechosa - 21\/22","description":"La Igualdad Lleva A (LILA) es un Proyecto educativo de la Cadena de Formaci\u00f3n para Emprender del Principado de Asturias, que promueve el desarrollo de competencias emprendedoras al servicio de un trabajo para el empoderamiento y la promoci\u00f3n de la igualdad entre ni\u00f1os y ni\u00f1as de 3\u00ba y 4\u00ba curso de Educaci\u00f3n Primaria.","publisher":{"@id":"http:\/\/lila.valnaloneduca.com\/cpfelechosa2022\/#organization"},"potentialAction":[{"@type":"SearchAction","target":{"@type":"EntryPoint","urlTemplate":"http:\/\/lila.valnaloneduca.com\/cpfelechosa2022\/?s={search_term_string}"},"query-input":{"@type":"PropertyValueSpecification","valueRequired":true,"valueName":"search_term_string"}}],"inLanguage":"es"},{"@type":"Organization","@id":"http:\/\/lila.valnaloneduca.com\/cpfelechosa2022\/#organization","name":"LILA - La Igualdad Lleva A... - C.P. FELECHOSA - Felechosa - 21\/22","url":"http:\/\/lila.valnaloneduca.com\/cpfelechosa2022\/","logo":{"@type":"ImageObject","inLanguage":"es","@id":"http:\/\/lila.valnaloneduca.com\/cpfelechosa2022\/#\/schema\/logo\/image\/","url":"https:\/\/i0.wp.com\/lila.valnaloneduca.com\/cpfelechosa2022\/wp-content\/uploads\/sites\/16\/2021\/09\/cropped-cabecero-1-1.png?fit=240%2C118&ssl=1","contentUrl":"https:\/\/i0.wp.com\/lila.valnaloneduca.com\/cpfelechosa2022\/wp-content\/uploads\/sites\/16\/2021\/09\/cropped-cabecero-1-1.png?fit=240%2C118&ssl=1","width":240,"height":118,"caption":"LILA - La Igualdad Lleva A... - C.P. FELECHOSA - Felechosa - 21\/22"},"image":{"@id":"http:\/\/lila.valnaloneduca.com\/cpfelechosa2022\/#\/schema\/logo\/image\/"}},{"@type":"Person","@id":"http:\/\/lila.valnaloneduca.com\/cpfelechosa2022\/#\/schema\/person\/b1d0422b250e580f42a136a82137c682","name":"lila","image":{"@type":"ImageObject","inLanguage":"es","@id":"https:\/\/secure.gravatar.com\/avatar\/0a19043ae51bb80b0374edd52905a2458416f7c4e271ad0f728fde45dd03a88e?s=96&d=mm&r=g","url":"https:\/\/secure.gravatar.com\/avatar\/0a19043ae51bb80b0374edd52905a2458416f7c4e271ad0f728fde45dd03a88e?s=96&d=mm&r=g","contentUrl":"https:\/\/secure.gravatar.com\/avatar\/0a19043ae51bb80b0374edd52905a2458416f7c4e271ad0f728fde45dd03a88e?s=96&d=mm&r=g","caption":"lila"},"url":"https:\/\/lila.valnaloneduca.com\/cpfelechosa2022\/author\/lila\/"}]}},"jetpack_featured_media_url":"","jetpack_sharing_enabled":true,"_links":{"self":[{"href":"https:\/\/lila.valnaloneduca.com\/cpfelechosa2022\/wp-json\/wp\/v2\/posts\/103","targetHints":{"allow":["GET"]}}],"collection":[{"href":"https:\/\/lila.valnaloneduca.com\/cpfelechosa2022\/wp-json\/wp\/v2\/posts"}],"about":[{"href":"https:\/\/lila.valnaloneduca.com\/cpfelechosa2022\/wp-json\/wp\/v2\/types\/post"}],"author":[{"embeddable":true,"href":"https:\/\/lila.valnaloneduca.com\/cpfelechosa2022\/wp-json\/wp\/v2\/users\/2"}],"replies":[{"embeddable":true,"href":"https:\/\/lila.valnaloneduca.com\/cpfelechosa2022\/wp-json\/wp\/v2\/comments?post=103"}],"version-history":[{"count":1,"href":"https:\/\/lila.valnaloneduca.com\/cpfelechosa2022\/wp-json\/wp\/v2\/posts\/103\/revisions"}],"predecessor-version":[{"id":107,"href":"https:\/\/lila.valnaloneduca.com\/cpfelechosa2022\/wp-json\/wp\/v2\/posts\/103\/revisions\/107"}],"wp:attachment":[{"href":"https:\/\/lila.valnaloneduca.com\/cpfelechosa2022\/wp-json\/wp\/v2\/media?parent=103"}],"wp:term":[{"taxonomy":"category","embeddable":true,"href":"https:\/\/lila.valnaloneduca.com\/cpfelechosa2022\/wp-json\/wp\/v2\/categories?post=103"},{"taxonomy":"post_tag","embeddable":true,"href":"https:\/\/lila.valnaloneduca.com\/cpfelechosa2022\/wp-json\/wp\/v2\/tags?post=103"}],"curies":[{"name":"wp","href":"https:\/\/api.w.org\/{rel}","templated":true}]}}