{"id":18,"date":"2021-09-24T09:18:26","date_gmt":"2021-09-24T09:18:26","guid":{"rendered":"http:\/\/lila.valnaloneduca.com\/cpfelechosa2022\/?p=18"},"modified":"2021-09-27T09:08:53","modified_gmt":"2021-09-27T09:08:53","slug":"arranca-lila-21-22-en-el-cole","status":"publish","type":"post","link":"https:\/\/lila.valnaloneduca.com\/cpfelechosa2022\/2021\/09\/24\/arranca-lila-21-22-en-el-cole\/","title":{"rendered":"Arranca LILA&#8230;21\/22 en el cole"},"content":{"rendered":"\n<figure class=\"wp-block-image size-full is-style-rounded\"><img data-recalc-dims=\"1\" loading=\"lazy\" decoding=\"async\" width=\"588\" height=\"392\" src=\"https:\/\/i0.wp.com\/lila.valnaloneduca.com\/cpfelechosa2022\/wp-content\/uploads\/sites\/16\/2021\/09\/felechosa.jpg?resize=588%2C392\" alt=\"\" class=\"wp-image-19\" srcset=\"https:\/\/i0.wp.com\/lila.valnaloneduca.com\/cpfelechosa2022\/wp-content\/uploads\/sites\/16\/2021\/09\/felechosa.jpg?w=588&amp;ssl=1 588w, https:\/\/i0.wp.com\/lila.valnaloneduca.com\/cpfelechosa2022\/wp-content\/uploads\/sites\/16\/2021\/09\/felechosa.jpg?resize=300%2C200&amp;ssl=1 300w\" sizes=\"auto, (max-width: 588px) 85vw, 588px\" \/><\/figure>\n\n\n\n<p>De nuevo este curso escolar el <strong>C.P. Felechosa<\/strong> participa en <strong>LILA- La Igualdad Lleva A&#8230;de <a href=\"http:\/\/www.valnalon.com\" target=\"_blank\" rel=\"noreferrer noopener\">Valnal\u00f3n <\/a><\/strong>con numerosas actividades que ahora comenzamos. Lo haremos con todo el cole, con todos los alumnas y alumnas para trabajar la coeducaci\u00f3n desde este momento. Os descubriremos nuestras reflexiones y aventuras poco a poco en este blog.<\/p>\n\n\n\n<p>Muchas gracias por leernos!!<\/p>\n\n\n\n<p>Si te apetece conocer lo que hicimos el curso anterior, puedes <strong><a href=\"http:\/\/lila.valnaloneduca.com\/cpfelechosa2021\/\" target=\"_blank\" rel=\"noreferrer noopener\">pinchar aqu\u00ed.<\/a><\/strong><\/p>\n\n\n\n<p>Arranca <strong>LILA<\/strong> 21\/22.<\/p>\n","protected":false},"excerpt":{"rendered":"<p>De nuevo este curso escolar el C.P. Felechosa participa en LILA- La Igualdad Lleva A&#8230;de Valnal\u00f3n con numerosas actividades que ahora comenzamos. Lo haremos con todo el cole, con todos los alumnas y alumnas para trabajar la coeducaci\u00f3n desde este momento. Os descubriremos nuestras reflexiones y aventuras poco a poco en este blog. Muchas gracias &hellip; <a href=\"https:\/\/lila.valnaloneduca.com\/cpfelechosa2022\/2021\/09\/24\/arranca-lila-21-22-en-el-cole\/\" class=\"more-link\">Continuar leyendo<span class=\"screen-reader-text\"> \u00abArranca LILA&#8230;21\/22 en el cole\u00bb<\/span><\/a><\/p>\n","protected":false},"author":2,"featured_media":0,"comment_status":"open","ping_status":"open","sticky":false,"template":"","format":"standard","meta":{"_jetpack_memberships_contains_paid_content":false,"footnotes":""},"categories":[1],"tags":[4,7,3,2,5,6],"class_list":["post-18","post","type-post","status-publish","format-standard","hentry","category-sin-categoria","tag-coeducacion","tag-educacion-emprendedora","tag-la-igualdad-lleva-a","tag-lila","tag-valnalon","tag-valnaloneduca"],"yoast_head":"<!-- This site is optimized with the Yoast SEO plugin v27.5 - https:\/\/yoast.com\/product\/yoast-seo-wordpress\/ -->\n<title>Arranca LILA...21\/22 en el cole - LILA - La Igualdad Lleva A... - C.P. FELECHOSA - Felechosa - 21\/22<\/title>\n<meta name=\"robots\" content=\"index, follow, max-snippet:-1, max-image-preview:large, max-video-preview:-1\" \/>\n<link rel=\"canonical\" href=\"http:\/\/lila.valnaloneduca.com\/cpfelechosa2022\/2021\/09\/24\/arranca-lila-21-22-en-el-cole\/\" \/>\n<meta property=\"og:locale\" content=\"es_ES\" \/>\n<meta property=\"og:type\" content=\"article\" \/>\n<meta property=\"og:title\" content=\"Arranca LILA...21\/22 en el cole - LILA - La Igualdad Lleva A... - C.P. FELECHOSA - Felechosa - 21\/22\" \/>\n<meta property=\"og:description\" content=\"De nuevo este curso escolar el C.P. Felechosa participa en LILA- La Igualdad Lleva A&#8230;de Valnal\u00f3n con numerosas actividades que ahora comenzamos. Lo haremos con todo el cole, con todos los alumnas y alumnas para trabajar la coeducaci\u00f3n desde este momento. Os descubriremos nuestras reflexiones y aventuras poco a poco en este blog. Muchas gracias &hellip; Continuar leyendo &quot;Arranca LILA&#8230;21\/22 en el cole&quot;\" \/>\n<meta property=\"og:url\" content=\"http:\/\/lila.valnaloneduca.com\/cpfelechosa2022\/2021\/09\/24\/arranca-lila-21-22-en-el-cole\/\" \/>\n<meta property=\"og:site_name\" content=\"LILA - La Igualdad Lleva A... - C.P. FELECHOSA - Felechosa - 21\/22\" \/>\n<meta property=\"article:published_time\" content=\"2021-09-24T09:18:26+00:00\" \/>\n<meta property=\"article:modified_time\" content=\"2021-09-27T09:08:53+00:00\" \/>\n<meta property=\"og:image\" content=\"http:\/\/lila.valnaloneduca.com\/cpfelechosa2022\/wp-content\/uploads\/sites\/16\/2021\/09\/felechosa.jpg\" \/>\n<meta name=\"author\" content=\"lila\" \/>\n<meta name=\"twitter:card\" content=\"summary_large_image\" \/>\n<meta name=\"twitter:label1\" content=\"Escrito por\" \/>\n\t<meta name=\"twitter:data1\" content=\"lila\" \/>\n\t<meta name=\"twitter:label2\" content=\"Tiempo de lectura\" \/>\n\t<meta name=\"twitter:data2\" content=\"1 minuto\" \/>\n<script type=\"application\/ld+json\" class=\"yoast-schema-graph\">{\"@context\":\"https:\\\/\\\/schema.org\",\"@graph\":[{\"@type\":\"Article\",\"@id\":\"http:\\\/\\\/lila.valnaloneduca.com\\\/cpfelechosa2022\\\/2021\\\/09\\\/24\\\/arranca-lila-21-22-en-el-cole\\\/#article\",\"isPartOf\":{\"@id\":\"http:\\\/\\\/lila.valnaloneduca.com\\\/cpfelechosa2022\\\/2021\\\/09\\\/24\\\/arranca-lila-21-22-en-el-cole\\\/\"},\"author\":{\"name\":\"lila\",\"@id\":\"http:\\\/\\\/lila.valnaloneduca.com\\\/cpfelechosa2022\\\/#\\\/schema\\\/person\\\/b1d0422b250e580f42a136a82137c682\"},\"headline\":\"Arranca LILA&#8230;21\\\/22 en el cole\",\"datePublished\":\"2021-09-24T09:18:26+00:00\",\"dateModified\":\"2021-09-27T09:08:53+00:00\",\"mainEntityOfPage\":{\"@id\":\"http:\\\/\\\/lila.valnaloneduca.com\\\/cpfelechosa2022\\\/2021\\\/09\\\/24\\\/arranca-lila-21-22-en-el-cole\\\/\"},\"wordCount\":81,\"commentCount\":0,\"publisher\":{\"@id\":\"http:\\\/\\\/lila.valnaloneduca.com\\\/cpfelechosa2022\\\/#organization\"},\"image\":{\"@id\":\"http:\\\/\\\/lila.valnaloneduca.com\\\/cpfelechosa2022\\\/2021\\\/09\\\/24\\\/arranca-lila-21-22-en-el-cole\\\/#primaryimage\"},\"thumbnailUrl\":\"http:\\\/\\\/lila.valnaloneduca.com\\\/cpfelechosa2022\\\/wp-content\\\/uploads\\\/sites\\\/16\\\/2021\\\/09\\\/felechosa.jpg\",\"keywords\":[\"coeducaci\u00f3n\",\"educacion emprendedora\",\"la igualdad lleva a\",\"lila\",\"valnalon\",\"valnaloneduca\"],\"inLanguage\":\"es\",\"potentialAction\":[{\"@type\":\"CommentAction\",\"name\":\"Comment\",\"target\":[\"http:\\\/\\\/lila.valnaloneduca.com\\\/cpfelechosa2022\\\/2021\\\/09\\\/24\\\/arranca-lila-21-22-en-el-cole\\\/#respond\"]}]},{\"@type\":\"WebPage\",\"@id\":\"http:\\\/\\\/lila.valnaloneduca.com\\\/cpfelechosa2022\\\/2021\\\/09\\\/24\\\/arranca-lila-21-22-en-el-cole\\\/\",\"url\":\"http:\\\/\\\/lila.valnaloneduca.com\\\/cpfelechosa2022\\\/2021\\\/09\\\/24\\\/arranca-lila-21-22-en-el-cole\\\/\",\"name\":\"Arranca LILA...21\\\/22 en el cole - LILA - La Igualdad Lleva A... - C.P. FELECHOSA - Felechosa - 21\\\/22\",\"isPartOf\":{\"@id\":\"http:\\\/\\\/lila.valnaloneduca.com\\\/cpfelechosa2022\\\/#website\"},\"primaryImageOfPage\":{\"@id\":\"http:\\\/\\\/lila.valnaloneduca.com\\\/cpfelechosa2022\\\/2021\\\/09\\\/24\\\/arranca-lila-21-22-en-el-cole\\\/#primaryimage\"},\"image\":{\"@id\":\"http:\\\/\\\/lila.valnaloneduca.com\\\/cpfelechosa2022\\\/2021\\\/09\\\/24\\\/arranca-lila-21-22-en-el-cole\\\/#primaryimage\"},\"thumbnailUrl\":\"http:\\\/\\\/lila.valnaloneduca.com\\\/cpfelechosa2022\\\/wp-content\\\/uploads\\\/sites\\\/16\\\/2021\\\/09\\\/felechosa.jpg\",\"datePublished\":\"2021-09-24T09:18:26+00:00\",\"dateModified\":\"2021-09-27T09:08:53+00:00\",\"breadcrumb\":{\"@id\":\"http:\\\/\\\/lila.valnaloneduca.com\\\/cpfelechosa2022\\\/2021\\\/09\\\/24\\\/arranca-lila-21-22-en-el-cole\\\/#breadcrumb\"},\"inLanguage\":\"es\",\"potentialAction\":[{\"@type\":\"ReadAction\",\"target\":[\"http:\\\/\\\/lila.valnaloneduca.com\\\/cpfelechosa2022\\\/2021\\\/09\\\/24\\\/arranca-lila-21-22-en-el-cole\\\/\"]}]},{\"@type\":\"ImageObject\",\"inLanguage\":\"es\",\"@id\":\"http:\\\/\\\/lila.valnaloneduca.com\\\/cpfelechosa2022\\\/2021\\\/09\\\/24\\\/arranca-lila-21-22-en-el-cole\\\/#primaryimage\",\"url\":\"https:\\\/\\\/i0.wp.com\\\/lila.valnaloneduca.com\\\/cpfelechosa2022\\\/wp-content\\\/uploads\\\/sites\\\/16\\\/2021\\\/09\\\/felechosa.jpg?fit=588%2C392&ssl=1\",\"contentUrl\":\"https:\\\/\\\/i0.wp.com\\\/lila.valnaloneduca.com\\\/cpfelechosa2022\\\/wp-content\\\/uploads\\\/sites\\\/16\\\/2021\\\/09\\\/felechosa.jpg?fit=588%2C392&ssl=1\",\"width\":588,\"height\":392},{\"@type\":\"BreadcrumbList\",\"@id\":\"http:\\\/\\\/lila.valnaloneduca.com\\\/cpfelechosa2022\\\/2021\\\/09\\\/24\\\/arranca-lila-21-22-en-el-cole\\\/#breadcrumb\",\"itemListElement\":[{\"@type\":\"ListItem\",\"position\":1,\"name\":\"Portada\",\"item\":\"http:\\\/\\\/lila.valnaloneduca.com\\\/cpfelechosa2022\\\/\"},{\"@type\":\"ListItem\",\"position\":2,\"name\":\"Arranca LILA&#8230;21\\\/22 en el cole\"}]},{\"@type\":\"WebSite\",\"@id\":\"http:\\\/\\\/lila.valnaloneduca.com\\\/cpfelechosa2022\\\/#website\",\"url\":\"http:\\\/\\\/lila.valnaloneduca.com\\\/cpfelechosa2022\\\/\",\"name\":\"LILA - La Igualdad Lleva A... - C.P. FELECHOSA - Felechosa - 21\\\/22\",\"description\":\"La Igualdad Lleva A (LILA) es un Proyecto educativo de la Cadena de Formaci\u00f3n para Emprender del Principado de Asturias, que promueve el desarrollo de competencias emprendedoras al servicio de un trabajo para el empoderamiento y la promoci\u00f3n de la igualdad entre ni\u00f1os y ni\u00f1as de 3\u00ba y 4\u00ba curso de Educaci\u00f3n Primaria.\",\"publisher\":{\"@id\":\"http:\\\/\\\/lila.valnaloneduca.com\\\/cpfelechosa2022\\\/#organization\"},\"potentialAction\":[{\"@type\":\"SearchAction\",\"target\":{\"@type\":\"EntryPoint\",\"urlTemplate\":\"http:\\\/\\\/lila.valnaloneduca.com\\\/cpfelechosa2022\\\/?s={search_term_string}\"},\"query-input\":{\"@type\":\"PropertyValueSpecification\",\"valueRequired\":true,\"valueName\":\"search_term_string\"}}],\"inLanguage\":\"es\"},{\"@type\":\"Organization\",\"@id\":\"http:\\\/\\\/lila.valnaloneduca.com\\\/cpfelechosa2022\\\/#organization\",\"name\":\"LILA - La Igualdad Lleva A... - C.P. FELECHOSA - Felechosa - 21\\\/22\",\"url\":\"http:\\\/\\\/lila.valnaloneduca.com\\\/cpfelechosa2022\\\/\",\"logo\":{\"@type\":\"ImageObject\",\"inLanguage\":\"es\",\"@id\":\"http:\\\/\\\/lila.valnaloneduca.com\\\/cpfelechosa2022\\\/#\\\/schema\\\/logo\\\/image\\\/\",\"url\":\"https:\\\/\\\/i0.wp.com\\\/lila.valnaloneduca.com\\\/cpfelechosa2022\\\/wp-content\\\/uploads\\\/sites\\\/16\\\/2021\\\/09\\\/cropped-cabecero-1-1.png?fit=240%2C118&ssl=1\",\"contentUrl\":\"https:\\\/\\\/i0.wp.com\\\/lila.valnaloneduca.com\\\/cpfelechosa2022\\\/wp-content\\\/uploads\\\/sites\\\/16\\\/2021\\\/09\\\/cropped-cabecero-1-1.png?fit=240%2C118&ssl=1\",\"width\":240,\"height\":118,\"caption\":\"LILA - La Igualdad Lleva A... - C.P. FELECHOSA - Felechosa - 21\\\/22\"},\"image\":{\"@id\":\"http:\\\/\\\/lila.valnaloneduca.com\\\/cpfelechosa2022\\\/#\\\/schema\\\/logo\\\/image\\\/\"}},{\"@type\":\"Person\",\"@id\":\"http:\\\/\\\/lila.valnaloneduca.com\\\/cpfelechosa2022\\\/#\\\/schema\\\/person\\\/b1d0422b250e580f42a136a82137c682\",\"name\":\"lila\",\"image\":{\"@type\":\"ImageObject\",\"inLanguage\":\"es\",\"@id\":\"https:\\\/\\\/secure.gravatar.com\\\/avatar\\\/0a19043ae51bb80b0374edd52905a2458416f7c4e271ad0f728fde45dd03a88e?s=96&d=mm&r=g\",\"url\":\"https:\\\/\\\/secure.gravatar.com\\\/avatar\\\/0a19043ae51bb80b0374edd52905a2458416f7c4e271ad0f728fde45dd03a88e?s=96&d=mm&r=g\",\"contentUrl\":\"https:\\\/\\\/secure.gravatar.com\\\/avatar\\\/0a19043ae51bb80b0374edd52905a2458416f7c4e271ad0f728fde45dd03a88e?s=96&d=mm&r=g\",\"caption\":\"lila\"},\"url\":\"https:\\\/\\\/lila.valnaloneduca.com\\\/cpfelechosa2022\\\/author\\\/lila\\\/\"}]}<\/script>\n<!-- \/ Yoast SEO plugin. -->","yoast_head_json":{"title":"Arranca LILA...21\/22 en el cole - LILA - La Igualdad Lleva A... - C.P. FELECHOSA - Felechosa - 21\/22","robots":{"index":"index","follow":"follow","max-snippet":"max-snippet:-1","max-image-preview":"max-image-preview:large","max-video-preview":"max-video-preview:-1"},"canonical":"http:\/\/lila.valnaloneduca.com\/cpfelechosa2022\/2021\/09\/24\/arranca-lila-21-22-en-el-cole\/","og_locale":"es_ES","og_type":"article","og_title":"Arranca LILA...21\/22 en el cole - LILA - La Igualdad Lleva A... - C.P. FELECHOSA - Felechosa - 21\/22","og_description":"De nuevo este curso escolar el C.P. Felechosa participa en LILA- La Igualdad Lleva A&#8230;de Valnal\u00f3n con numerosas actividades que ahora comenzamos. Lo haremos con todo el cole, con todos los alumnas y alumnas para trabajar la coeducaci\u00f3n desde este momento. Os descubriremos nuestras reflexiones y aventuras poco a poco en este blog. Muchas gracias &hellip; Continuar leyendo \"Arranca LILA&#8230;21\/22 en el cole\"","og_url":"http:\/\/lila.valnaloneduca.com\/cpfelechosa2022\/2021\/09\/24\/arranca-lila-21-22-en-el-cole\/","og_site_name":"LILA - La Igualdad Lleva A... - C.P. FELECHOSA - Felechosa - 21\/22","article_published_time":"2021-09-24T09:18:26+00:00","article_modified_time":"2021-09-27T09:08:53+00:00","og_image":[{"url":"http:\/\/lila.valnaloneduca.com\/cpfelechosa2022\/wp-content\/uploads\/sites\/16\/2021\/09\/felechosa.jpg","type":"","width":"","height":""}],"author":"lila","twitter_card":"summary_large_image","twitter_misc":{"Escrito por":"lila","Tiempo de lectura":"1 minuto"},"schema":{"@context":"https:\/\/schema.org","@graph":[{"@type":"Article","@id":"http:\/\/lila.valnaloneduca.com\/cpfelechosa2022\/2021\/09\/24\/arranca-lila-21-22-en-el-cole\/#article","isPartOf":{"@id":"http:\/\/lila.valnaloneduca.com\/cpfelechosa2022\/2021\/09\/24\/arranca-lila-21-22-en-el-cole\/"},"author":{"name":"lila","@id":"http:\/\/lila.valnaloneduca.com\/cpfelechosa2022\/#\/schema\/person\/b1d0422b250e580f42a136a82137c682"},"headline":"Arranca LILA&#8230;21\/22 en el cole","datePublished":"2021-09-24T09:18:26+00:00","dateModified":"2021-09-27T09:08:53+00:00","mainEntityOfPage":{"@id":"http:\/\/lila.valnaloneduca.com\/cpfelechosa2022\/2021\/09\/24\/arranca-lila-21-22-en-el-cole\/"},"wordCount":81,"commentCount":0,"publisher":{"@id":"http:\/\/lila.valnaloneduca.com\/cpfelechosa2022\/#organization"},"image":{"@id":"http:\/\/lila.valnaloneduca.com\/cpfelechosa2022\/2021\/09\/24\/arranca-lila-21-22-en-el-cole\/#primaryimage"},"thumbnailUrl":"http:\/\/lila.valnaloneduca.com\/cpfelechosa2022\/wp-content\/uploads\/sites\/16\/2021\/09\/felechosa.jpg","keywords":["coeducaci\u00f3n","educacion emprendedora","la igualdad lleva a","lila","valnalon","valnaloneduca"],"inLanguage":"es","potentialAction":[{"@type":"CommentAction","name":"Comment","target":["http:\/\/lila.valnaloneduca.com\/cpfelechosa2022\/2021\/09\/24\/arranca-lila-21-22-en-el-cole\/#respond"]}]},{"@type":"WebPage","@id":"http:\/\/lila.valnaloneduca.com\/cpfelechosa2022\/2021\/09\/24\/arranca-lila-21-22-en-el-cole\/","url":"http:\/\/lila.valnaloneduca.com\/cpfelechosa2022\/2021\/09\/24\/arranca-lila-21-22-en-el-cole\/","name":"Arranca LILA...21\/22 en el cole - LILA - La Igualdad Lleva A... - C.P. FELECHOSA - Felechosa - 21\/22","isPartOf":{"@id":"http:\/\/lila.valnaloneduca.com\/cpfelechosa2022\/#website"},"primaryImageOfPage":{"@id":"http:\/\/lila.valnaloneduca.com\/cpfelechosa2022\/2021\/09\/24\/arranca-lila-21-22-en-el-cole\/#primaryimage"},"image":{"@id":"http:\/\/lila.valnaloneduca.com\/cpfelechosa2022\/2021\/09\/24\/arranca-lila-21-22-en-el-cole\/#primaryimage"},"thumbnailUrl":"http:\/\/lila.valnaloneduca.com\/cpfelechosa2022\/wp-content\/uploads\/sites\/16\/2021\/09\/felechosa.jpg","datePublished":"2021-09-24T09:18:26+00:00","dateModified":"2021-09-27T09:08:53+00:00","breadcrumb":{"@id":"http:\/\/lila.valnaloneduca.com\/cpfelechosa2022\/2021\/09\/24\/arranca-lila-21-22-en-el-cole\/#breadcrumb"},"inLanguage":"es","potentialAction":[{"@type":"ReadAction","target":["http:\/\/lila.valnaloneduca.com\/cpfelechosa2022\/2021\/09\/24\/arranca-lila-21-22-en-el-cole\/"]}]},{"@type":"ImageObject","inLanguage":"es","@id":"http:\/\/lila.valnaloneduca.com\/cpfelechosa2022\/2021\/09\/24\/arranca-lila-21-22-en-el-cole\/#primaryimage","url":"https:\/\/i0.wp.com\/lila.valnaloneduca.com\/cpfelechosa2022\/wp-content\/uploads\/sites\/16\/2021\/09\/felechosa.jpg?fit=588%2C392&ssl=1","contentUrl":"https:\/\/i0.wp.com\/lila.valnaloneduca.com\/cpfelechosa2022\/wp-content\/uploads\/sites\/16\/2021\/09\/felechosa.jpg?fit=588%2C392&ssl=1","width":588,"height":392},{"@type":"BreadcrumbList","@id":"http:\/\/lila.valnaloneduca.com\/cpfelechosa2022\/2021\/09\/24\/arranca-lila-21-22-en-el-cole\/#breadcrumb","itemListElement":[{"@type":"ListItem","position":1,"name":"Portada","item":"http:\/\/lila.valnaloneduca.com\/cpfelechosa2022\/"},{"@type":"ListItem","position":2,"name":"Arranca LILA&#8230;21\/22 en el cole"}]},{"@type":"WebSite","@id":"http:\/\/lila.valnaloneduca.com\/cpfelechosa2022\/#website","url":"http:\/\/lila.valnaloneduca.com\/cpfelechosa2022\/","name":"LILA - La Igualdad Lleva A... - C.P. FELECHOSA - Felechosa - 21\/22","description":"La Igualdad Lleva A (LILA) es un Proyecto educativo de la Cadena de Formaci\u00f3n para Emprender del Principado de Asturias, que promueve el desarrollo de competencias emprendedoras al servicio de un trabajo para el empoderamiento y la promoci\u00f3n de la igualdad entre ni\u00f1os y ni\u00f1as de 3\u00ba y 4\u00ba curso de Educaci\u00f3n Primaria.","publisher":{"@id":"http:\/\/lila.valnaloneduca.com\/cpfelechosa2022\/#organization"},"potentialAction":[{"@type":"SearchAction","target":{"@type":"EntryPoint","urlTemplate":"http:\/\/lila.valnaloneduca.com\/cpfelechosa2022\/?s={search_term_string}"},"query-input":{"@type":"PropertyValueSpecification","valueRequired":true,"valueName":"search_term_string"}}],"inLanguage":"es"},{"@type":"Organization","@id":"http:\/\/lila.valnaloneduca.com\/cpfelechosa2022\/#organization","name":"LILA - La Igualdad Lleva A... - C.P. FELECHOSA - Felechosa - 21\/22","url":"http:\/\/lila.valnaloneduca.com\/cpfelechosa2022\/","logo":{"@type":"ImageObject","inLanguage":"es","@id":"http:\/\/lila.valnaloneduca.com\/cpfelechosa2022\/#\/schema\/logo\/image\/","url":"https:\/\/i0.wp.com\/lila.valnaloneduca.com\/cpfelechosa2022\/wp-content\/uploads\/sites\/16\/2021\/09\/cropped-cabecero-1-1.png?fit=240%2C118&ssl=1","contentUrl":"https:\/\/i0.wp.com\/lila.valnaloneduca.com\/cpfelechosa2022\/wp-content\/uploads\/sites\/16\/2021\/09\/cropped-cabecero-1-1.png?fit=240%2C118&ssl=1","width":240,"height":118,"caption":"LILA - La Igualdad Lleva A... - C.P. FELECHOSA - Felechosa - 21\/22"},"image":{"@id":"http:\/\/lila.valnaloneduca.com\/cpfelechosa2022\/#\/schema\/logo\/image\/"}},{"@type":"Person","@id":"http:\/\/lila.valnaloneduca.com\/cpfelechosa2022\/#\/schema\/person\/b1d0422b250e580f42a136a82137c682","name":"lila","image":{"@type":"ImageObject","inLanguage":"es","@id":"https:\/\/secure.gravatar.com\/avatar\/0a19043ae51bb80b0374edd52905a2458416f7c4e271ad0f728fde45dd03a88e?s=96&d=mm&r=g","url":"https:\/\/secure.gravatar.com\/avatar\/0a19043ae51bb80b0374edd52905a2458416f7c4e271ad0f728fde45dd03a88e?s=96&d=mm&r=g","contentUrl":"https:\/\/secure.gravatar.com\/avatar\/0a19043ae51bb80b0374edd52905a2458416f7c4e271ad0f728fde45dd03a88e?s=96&d=mm&r=g","caption":"lila"},"url":"https:\/\/lila.valnaloneduca.com\/cpfelechosa2022\/author\/lila\/"}]}},"jetpack_featured_media_url":"","jetpack_sharing_enabled":true,"_links":{"self":[{"href":"https:\/\/lila.valnaloneduca.com\/cpfelechosa2022\/wp-json\/wp\/v2\/posts\/18","targetHints":{"allow":["GET"]}}],"collection":[{"href":"https:\/\/lila.valnaloneduca.com\/cpfelechosa2022\/wp-json\/wp\/v2\/posts"}],"about":[{"href":"https:\/\/lila.valnaloneduca.com\/cpfelechosa2022\/wp-json\/wp\/v2\/types\/post"}],"author":[{"embeddable":true,"href":"https:\/\/lila.valnaloneduca.com\/cpfelechosa2022\/wp-json\/wp\/v2\/users\/2"}],"replies":[{"embeddable":true,"href":"https:\/\/lila.valnaloneduca.com\/cpfelechosa2022\/wp-json\/wp\/v2\/comments?post=18"}],"version-history":[{"count":1,"href":"https:\/\/lila.valnaloneduca.com\/cpfelechosa2022\/wp-json\/wp\/v2\/posts\/18\/revisions"}],"predecessor-version":[{"id":20,"href":"https:\/\/lila.valnaloneduca.com\/cpfelechosa2022\/wp-json\/wp\/v2\/posts\/18\/revisions\/20"}],"wp:attachment":[{"href":"https:\/\/lila.valnaloneduca.com\/cpfelechosa2022\/wp-json\/wp\/v2\/media?parent=18"}],"wp:term":[{"taxonomy":"category","embeddable":true,"href":"https:\/\/lila.valnaloneduca.com\/cpfelechosa2022\/wp-json\/wp\/v2\/categories?post=18"},{"taxonomy":"post_tag","embeddable":true,"href":"https:\/\/lila.valnaloneduca.com\/cpfelechosa2022\/wp-json\/wp\/v2\/tags?post=18"}],"curies":[{"name":"wp","href":"https:\/\/api.w.org\/{rel}","templated":true}]}}