{"id":14,"date":"2021-10-21T08:20:45","date_gmt":"2021-10-21T08:20:45","guid":{"rendered":"http:\/\/lila.valnaloneduca.com\/cplacarriona2022\/?p=14"},"modified":"2021-10-21T08:34:57","modified_gmt":"2021-10-21T08:34:57","slug":"arranca-un-nuevo-proyecto-en-el-cole","status":"publish","type":"post","link":"https:\/\/lila.valnaloneduca.com\/cplacarriona2022\/2021\/10\/21\/arranca-un-nuevo-proyecto-en-el-cole\/","title":{"rendered":"\u00a1Arranca un nuevo proyecto en el cole!"},"content":{"rendered":"\n<figure class=\"wp-block-image size-full\"><img data-recalc-dims=\"1\" loading=\"lazy\" decoding=\"async\" width=\"500\" height=\"375\" src=\"https:\/\/i0.wp.com\/lila.valnaloneduca.com\/cplacarriona2022\/wp-content\/uploads\/sites\/21\/2021\/10\/unnamed.jpg?resize=500%2C375\" alt=\"\" class=\"wp-image-15\" srcset=\"https:\/\/i0.wp.com\/lila.valnaloneduca.com\/cplacarriona2022\/wp-content\/uploads\/sites\/21\/2021\/10\/unnamed.jpg?w=500&amp;ssl=1 500w, https:\/\/i0.wp.com\/lila.valnaloneduca.com\/cplacarriona2022\/wp-content\/uploads\/sites\/21\/2021\/10\/unnamed.jpg?resize=300%2C225&amp;ssl=1 300w\" sizes=\"auto, (max-width: 500px) 85vw, 500px\" \/><\/figure>\n\n\n\n<p>Este curso los ni\u00f1os y ni\u00f1as de 6\u00ba de Primaria del <strong>CP La Carriona<\/strong> de Avil\u00e9s nos unimos al\u00a0<a href=\"http:\/\/lila.valnaloneduca.com\/\" target=\"_blank\" rel=\"noreferrer noopener\">Proyecto LILA\u00a0<\/a>de\u00a0<a href=\"http:\/\/www.valnalon.com\/web\/\" target=\"_blank\" rel=\"noreferrer noopener\">Valnal\u00f3n<\/a>.<\/p>\n\n\n\n<p>Nos aventuramos a iniciar un nuevo proyecto educativo, que aunque est\u00e1 dise\u00f1ado para m\u00e1s peques, nuestras profes han adaptado a <strong>6\u00ba de Primaria<\/strong>. Nos pondremos unas <strong>gafas moradas<\/strong> para descubrir y aprender un mont\u00f3n de cosas que os iremos contando aqu\u00ed.<\/p>\n\n\n\n<p>\u00a1Empezamos!<\/p>\n","protected":false},"excerpt":{"rendered":"<p>Este curso los ni\u00f1os y ni\u00f1as de 6\u00ba de Primaria del CP La Carriona de Avil\u00e9s nos unimos al\u00a0Proyecto LILA\u00a0de\u00a0Valnal\u00f3n. Nos aventuramos a iniciar un nuevo proyecto educativo, que aunque est\u00e1 dise\u00f1ado para m\u00e1s peques, nuestras profes han adaptado a 6\u00ba de Primaria. Nos pondremos unas gafas moradas para descubrir y aprender un mont\u00f3n de &hellip; <a href=\"https:\/\/lila.valnaloneduca.com\/cplacarriona2022\/2021\/10\/21\/arranca-un-nuevo-proyecto-en-el-cole\/\" class=\"more-link\">Continuar leyendo<span class=\"screen-reader-text\"> \u00ab\u00a1Arranca un nuevo proyecto en el cole!\u00bb<\/span><\/a><\/p>\n","protected":false},"author":2,"featured_media":0,"comment_status":"open","ping_status":"open","sticky":false,"template":"","format":"standard","meta":{"_jetpack_memberships_contains_paid_content":false,"footnotes":""},"categories":[1],"tags":[],"class_list":["post-14","post","type-post","status-publish","format-standard","hentry","category-sin-categoria"],"yoast_head":"<!-- This site is optimized with the Yoast SEO plugin v27.5 - https:\/\/yoast.com\/product\/yoast-seo-wordpress\/ -->\n<title>\u00a1Arranca un nuevo proyecto en el cole! - LILA - La Igualdad Lleva A... - C.P. LA CARRIONA - Avil\u00e9s - 21\/22<\/title>\n<meta name=\"robots\" content=\"index, follow, max-snippet:-1, max-image-preview:large, max-video-preview:-1\" \/>\n<link rel=\"canonical\" href=\"http:\/\/lila.valnaloneduca.com\/cplacarriona2022\/2021\/10\/21\/arranca-un-nuevo-proyecto-en-el-cole\/\" \/>\n<meta property=\"og:locale\" content=\"es_ES\" \/>\n<meta property=\"og:type\" content=\"article\" \/>\n<meta property=\"og:title\" content=\"\u00a1Arranca un nuevo proyecto en el cole! - LILA - La Igualdad Lleva A... - C.P. LA CARRIONA - Avil\u00e9s - 21\/22\" \/>\n<meta property=\"og:description\" content=\"Este curso los ni\u00f1os y ni\u00f1as de 6\u00ba de Primaria del CP La Carriona de Avil\u00e9s nos unimos al\u00a0Proyecto LILA\u00a0de\u00a0Valnal\u00f3n. Nos aventuramos a iniciar un nuevo proyecto educativo, que aunque est\u00e1 dise\u00f1ado para m\u00e1s peques, nuestras profes han adaptado a 6\u00ba de Primaria. Nos pondremos unas gafas moradas para descubrir y aprender un mont\u00f3n de &hellip; Continuar leyendo &quot;\u00a1Arranca un nuevo proyecto en el cole!&quot;\" \/>\n<meta property=\"og:url\" content=\"http:\/\/lila.valnaloneduca.com\/cplacarriona2022\/2021\/10\/21\/arranca-un-nuevo-proyecto-en-el-cole\/\" \/>\n<meta property=\"og:site_name\" content=\"LILA - La Igualdad Lleva A... - C.P. LA CARRIONA - Avil\u00e9s - 21\/22\" \/>\n<meta property=\"article:published_time\" content=\"2021-10-21T08:20:45+00:00\" \/>\n<meta property=\"article:modified_time\" content=\"2021-10-21T08:34:57+00:00\" \/>\n<meta property=\"og:image\" content=\"http:\/\/lila.valnaloneduca.com\/cplacarriona2022\/wp-content\/uploads\/sites\/21\/2021\/10\/unnamed.jpg\" \/>\n<meta name=\"author\" content=\"lila\" \/>\n<meta name=\"twitter:card\" content=\"summary_large_image\" \/>\n<meta name=\"twitter:label1\" content=\"Escrito por\" \/>\n\t<meta name=\"twitter:data1\" content=\"lila\" \/>\n\t<meta name=\"twitter:label2\" content=\"Tiempo de lectura\" \/>\n\t<meta name=\"twitter:data2\" content=\"1 minuto\" \/>\n<script type=\"application\/ld+json\" class=\"yoast-schema-graph\">{\"@context\":\"https:\\\/\\\/schema.org\",\"@graph\":[{\"@type\":\"Article\",\"@id\":\"http:\\\/\\\/lila.valnaloneduca.com\\\/cplacarriona2022\\\/2021\\\/10\\\/21\\\/arranca-un-nuevo-proyecto-en-el-cole\\\/#article\",\"isPartOf\":{\"@id\":\"http:\\\/\\\/lila.valnaloneduca.com\\\/cplacarriona2022\\\/2021\\\/10\\\/21\\\/arranca-un-nuevo-proyecto-en-el-cole\\\/\"},\"author\":{\"name\":\"lila\",\"@id\":\"http:\\\/\\\/lila.valnaloneduca.com\\\/cplacarriona2022\\\/#\\\/schema\\\/person\\\/b1d0422b250e580f42a136a82137c682\"},\"headline\":\"\u00a1Arranca un nuevo proyecto en el cole!\",\"datePublished\":\"2021-10-21T08:20:45+00:00\",\"dateModified\":\"2021-10-21T08:34:57+00:00\",\"mainEntityOfPage\":{\"@id\":\"http:\\\/\\\/lila.valnaloneduca.com\\\/cplacarriona2022\\\/2021\\\/10\\\/21\\\/arranca-un-nuevo-proyecto-en-el-cole\\\/\"},\"wordCount\":77,\"commentCount\":0,\"publisher\":{\"@id\":\"http:\\\/\\\/lila.valnaloneduca.com\\\/cplacarriona2022\\\/#organization\"},\"image\":{\"@id\":\"http:\\\/\\\/lila.valnaloneduca.com\\\/cplacarriona2022\\\/2021\\\/10\\\/21\\\/arranca-un-nuevo-proyecto-en-el-cole\\\/#primaryimage\"},\"thumbnailUrl\":\"http:\\\/\\\/lila.valnaloneduca.com\\\/cplacarriona2022\\\/wp-content\\\/uploads\\\/sites\\\/21\\\/2021\\\/10\\\/unnamed.jpg\",\"inLanguage\":\"es\",\"potentialAction\":[{\"@type\":\"CommentAction\",\"name\":\"Comment\",\"target\":[\"http:\\\/\\\/lila.valnaloneduca.com\\\/cplacarriona2022\\\/2021\\\/10\\\/21\\\/arranca-un-nuevo-proyecto-en-el-cole\\\/#respond\"]}]},{\"@type\":\"WebPage\",\"@id\":\"http:\\\/\\\/lila.valnaloneduca.com\\\/cplacarriona2022\\\/2021\\\/10\\\/21\\\/arranca-un-nuevo-proyecto-en-el-cole\\\/\",\"url\":\"http:\\\/\\\/lila.valnaloneduca.com\\\/cplacarriona2022\\\/2021\\\/10\\\/21\\\/arranca-un-nuevo-proyecto-en-el-cole\\\/\",\"name\":\"\u00a1Arranca un nuevo proyecto en el cole! - LILA - La Igualdad Lleva A... - C.P. LA CARRIONA - Avil\u00e9s - 21\\\/22\",\"isPartOf\":{\"@id\":\"http:\\\/\\\/lila.valnaloneduca.com\\\/cplacarriona2022\\\/#website\"},\"primaryImageOfPage\":{\"@id\":\"http:\\\/\\\/lila.valnaloneduca.com\\\/cplacarriona2022\\\/2021\\\/10\\\/21\\\/arranca-un-nuevo-proyecto-en-el-cole\\\/#primaryimage\"},\"image\":{\"@id\":\"http:\\\/\\\/lila.valnaloneduca.com\\\/cplacarriona2022\\\/2021\\\/10\\\/21\\\/arranca-un-nuevo-proyecto-en-el-cole\\\/#primaryimage\"},\"thumbnailUrl\":\"http:\\\/\\\/lila.valnaloneduca.com\\\/cplacarriona2022\\\/wp-content\\\/uploads\\\/sites\\\/21\\\/2021\\\/10\\\/unnamed.jpg\",\"datePublished\":\"2021-10-21T08:20:45+00:00\",\"dateModified\":\"2021-10-21T08:34:57+00:00\",\"breadcrumb\":{\"@id\":\"http:\\\/\\\/lila.valnaloneduca.com\\\/cplacarriona2022\\\/2021\\\/10\\\/21\\\/arranca-un-nuevo-proyecto-en-el-cole\\\/#breadcrumb\"},\"inLanguage\":\"es\",\"potentialAction\":[{\"@type\":\"ReadAction\",\"target\":[\"http:\\\/\\\/lila.valnaloneduca.com\\\/cplacarriona2022\\\/2021\\\/10\\\/21\\\/arranca-un-nuevo-proyecto-en-el-cole\\\/\"]}]},{\"@type\":\"ImageObject\",\"inLanguage\":\"es\",\"@id\":\"http:\\\/\\\/lila.valnaloneduca.com\\\/cplacarriona2022\\\/2021\\\/10\\\/21\\\/arranca-un-nuevo-proyecto-en-el-cole\\\/#primaryimage\",\"url\":\"https:\\\/\\\/i0.wp.com\\\/lila.valnaloneduca.com\\\/cplacarriona2022\\\/wp-content\\\/uploads\\\/sites\\\/21\\\/2021\\\/10\\\/unnamed.jpg?fit=500%2C375&ssl=1\",\"contentUrl\":\"https:\\\/\\\/i0.wp.com\\\/lila.valnaloneduca.com\\\/cplacarriona2022\\\/wp-content\\\/uploads\\\/sites\\\/21\\\/2021\\\/10\\\/unnamed.jpg?fit=500%2C375&ssl=1\",\"width\":500,\"height\":375},{\"@type\":\"BreadcrumbList\",\"@id\":\"http:\\\/\\\/lila.valnaloneduca.com\\\/cplacarriona2022\\\/2021\\\/10\\\/21\\\/arranca-un-nuevo-proyecto-en-el-cole\\\/#breadcrumb\",\"itemListElement\":[{\"@type\":\"ListItem\",\"position\":1,\"name\":\"Portada\",\"item\":\"http:\\\/\\\/lila.valnaloneduca.com\\\/cplacarriona2022\\\/\"},{\"@type\":\"ListItem\",\"position\":2,\"name\":\"\u00a1Arranca un nuevo proyecto en el cole!\"}]},{\"@type\":\"WebSite\",\"@id\":\"http:\\\/\\\/lila.valnaloneduca.com\\\/cplacarriona2022\\\/#website\",\"url\":\"http:\\\/\\\/lila.valnaloneduca.com\\\/cplacarriona2022\\\/\",\"name\":\"LILA - La Igualdad Lleva A... - C.P. LA CARRIONA - Avil\u00e9s - 21\\\/22\",\"description\":\"La Igualdad Lleva A (LILA) es un Proyecto educativo de la Cadena de Formaci\u00f3n para Emprender del Principado de Asturias, que promueve el desarrollo de competencias emprendedoras al servicio de un trabajo para el empoderamiento y la promoci\u00f3n de la igualdad entre ni\u00f1os y ni\u00f1as de 3\u00ba y 4\u00ba curso de Educaci\u00f3n Primaria.\",\"publisher\":{\"@id\":\"http:\\\/\\\/lila.valnaloneduca.com\\\/cplacarriona2022\\\/#organization\"},\"potentialAction\":[{\"@type\":\"SearchAction\",\"target\":{\"@type\":\"EntryPoint\",\"urlTemplate\":\"http:\\\/\\\/lila.valnaloneduca.com\\\/cplacarriona2022\\\/?s={search_term_string}\"},\"query-input\":{\"@type\":\"PropertyValueSpecification\",\"valueRequired\":true,\"valueName\":\"search_term_string\"}}],\"inLanguage\":\"es\"},{\"@type\":\"Organization\",\"@id\":\"http:\\\/\\\/lila.valnaloneduca.com\\\/cplacarriona2022\\\/#organization\",\"name\":\"LILA - La Igualdad Lleva A... - C.P. LA CARRIONA - Avil\u00e9s - 21\\\/22\",\"url\":\"http:\\\/\\\/lila.valnaloneduca.com\\\/cplacarriona2022\\\/\",\"logo\":{\"@type\":\"ImageObject\",\"inLanguage\":\"es\",\"@id\":\"http:\\\/\\\/lila.valnaloneduca.com\\\/cplacarriona2022\\\/#\\\/schema\\\/logo\\\/image\\\/\",\"url\":\"https:\\\/\\\/i0.wp.com\\\/lila.valnaloneduca.com\\\/cplacarriona2022\\\/wp-content\\\/uploads\\\/sites\\\/21\\\/2021\\\/10\\\/cropped-cabecero-1.png?fit=240%2C118&ssl=1\",\"contentUrl\":\"https:\\\/\\\/i0.wp.com\\\/lila.valnaloneduca.com\\\/cplacarriona2022\\\/wp-content\\\/uploads\\\/sites\\\/21\\\/2021\\\/10\\\/cropped-cabecero-1.png?fit=240%2C118&ssl=1\",\"width\":240,\"height\":118,\"caption\":\"LILA - La Igualdad Lleva A... - C.P. LA CARRIONA - Avil\u00e9s - 21\\\/22\"},\"image\":{\"@id\":\"http:\\\/\\\/lila.valnaloneduca.com\\\/cplacarriona2022\\\/#\\\/schema\\\/logo\\\/image\\\/\"}},{\"@type\":\"Person\",\"@id\":\"http:\\\/\\\/lila.valnaloneduca.com\\\/cplacarriona2022\\\/#\\\/schema\\\/person\\\/b1d0422b250e580f42a136a82137c682\",\"name\":\"lila\",\"image\":{\"@type\":\"ImageObject\",\"inLanguage\":\"es\",\"@id\":\"https:\\\/\\\/secure.gravatar.com\\\/avatar\\\/0a19043ae51bb80b0374edd52905a2458416f7c4e271ad0f728fde45dd03a88e?s=96&d=mm&r=g\",\"url\":\"https:\\\/\\\/secure.gravatar.com\\\/avatar\\\/0a19043ae51bb80b0374edd52905a2458416f7c4e271ad0f728fde45dd03a88e?s=96&d=mm&r=g\",\"contentUrl\":\"https:\\\/\\\/secure.gravatar.com\\\/avatar\\\/0a19043ae51bb80b0374edd52905a2458416f7c4e271ad0f728fde45dd03a88e?s=96&d=mm&r=g\",\"caption\":\"lila\"},\"url\":\"https:\\\/\\\/lila.valnaloneduca.com\\\/cplacarriona2022\\\/author\\\/lila\\\/\"}]}<\/script>\n<!-- \/ Yoast SEO plugin. -->","yoast_head_json":{"title":"\u00a1Arranca un nuevo proyecto en el cole! - LILA - La Igualdad Lleva A... - C.P. LA CARRIONA - Avil\u00e9s - 21\/22","robots":{"index":"index","follow":"follow","max-snippet":"max-snippet:-1","max-image-preview":"max-image-preview:large","max-video-preview":"max-video-preview:-1"},"canonical":"http:\/\/lila.valnaloneduca.com\/cplacarriona2022\/2021\/10\/21\/arranca-un-nuevo-proyecto-en-el-cole\/","og_locale":"es_ES","og_type":"article","og_title":"\u00a1Arranca un nuevo proyecto en el cole! - LILA - La Igualdad Lleva A... - C.P. LA CARRIONA - Avil\u00e9s - 21\/22","og_description":"Este curso los ni\u00f1os y ni\u00f1as de 6\u00ba de Primaria del CP La Carriona de Avil\u00e9s nos unimos al\u00a0Proyecto LILA\u00a0de\u00a0Valnal\u00f3n. Nos aventuramos a iniciar un nuevo proyecto educativo, que aunque est\u00e1 dise\u00f1ado para m\u00e1s peques, nuestras profes han adaptado a 6\u00ba de Primaria. Nos pondremos unas gafas moradas para descubrir y aprender un mont\u00f3n de &hellip; Continuar leyendo \"\u00a1Arranca un nuevo proyecto en el cole!\"","og_url":"http:\/\/lila.valnaloneduca.com\/cplacarriona2022\/2021\/10\/21\/arranca-un-nuevo-proyecto-en-el-cole\/","og_site_name":"LILA - La Igualdad Lleva A... - C.P. LA CARRIONA - Avil\u00e9s - 21\/22","article_published_time":"2021-10-21T08:20:45+00:00","article_modified_time":"2021-10-21T08:34:57+00:00","og_image":[{"url":"http:\/\/lila.valnaloneduca.com\/cplacarriona2022\/wp-content\/uploads\/sites\/21\/2021\/10\/unnamed.jpg","type":"","width":"","height":""}],"author":"lila","twitter_card":"summary_large_image","twitter_misc":{"Escrito por":"lila","Tiempo de lectura":"1 minuto"},"schema":{"@context":"https:\/\/schema.org","@graph":[{"@type":"Article","@id":"http:\/\/lila.valnaloneduca.com\/cplacarriona2022\/2021\/10\/21\/arranca-un-nuevo-proyecto-en-el-cole\/#article","isPartOf":{"@id":"http:\/\/lila.valnaloneduca.com\/cplacarriona2022\/2021\/10\/21\/arranca-un-nuevo-proyecto-en-el-cole\/"},"author":{"name":"lila","@id":"http:\/\/lila.valnaloneduca.com\/cplacarriona2022\/#\/schema\/person\/b1d0422b250e580f42a136a82137c682"},"headline":"\u00a1Arranca un nuevo proyecto en el cole!","datePublished":"2021-10-21T08:20:45+00:00","dateModified":"2021-10-21T08:34:57+00:00","mainEntityOfPage":{"@id":"http:\/\/lila.valnaloneduca.com\/cplacarriona2022\/2021\/10\/21\/arranca-un-nuevo-proyecto-en-el-cole\/"},"wordCount":77,"commentCount":0,"publisher":{"@id":"http:\/\/lila.valnaloneduca.com\/cplacarriona2022\/#organization"},"image":{"@id":"http:\/\/lila.valnaloneduca.com\/cplacarriona2022\/2021\/10\/21\/arranca-un-nuevo-proyecto-en-el-cole\/#primaryimage"},"thumbnailUrl":"http:\/\/lila.valnaloneduca.com\/cplacarriona2022\/wp-content\/uploads\/sites\/21\/2021\/10\/unnamed.jpg","inLanguage":"es","potentialAction":[{"@type":"CommentAction","name":"Comment","target":["http:\/\/lila.valnaloneduca.com\/cplacarriona2022\/2021\/10\/21\/arranca-un-nuevo-proyecto-en-el-cole\/#respond"]}]},{"@type":"WebPage","@id":"http:\/\/lila.valnaloneduca.com\/cplacarriona2022\/2021\/10\/21\/arranca-un-nuevo-proyecto-en-el-cole\/","url":"http:\/\/lila.valnaloneduca.com\/cplacarriona2022\/2021\/10\/21\/arranca-un-nuevo-proyecto-en-el-cole\/","name":"\u00a1Arranca un nuevo proyecto en el cole! - LILA - La Igualdad Lleva A... - C.P. LA CARRIONA - Avil\u00e9s - 21\/22","isPartOf":{"@id":"http:\/\/lila.valnaloneduca.com\/cplacarriona2022\/#website"},"primaryImageOfPage":{"@id":"http:\/\/lila.valnaloneduca.com\/cplacarriona2022\/2021\/10\/21\/arranca-un-nuevo-proyecto-en-el-cole\/#primaryimage"},"image":{"@id":"http:\/\/lila.valnaloneduca.com\/cplacarriona2022\/2021\/10\/21\/arranca-un-nuevo-proyecto-en-el-cole\/#primaryimage"},"thumbnailUrl":"http:\/\/lila.valnaloneduca.com\/cplacarriona2022\/wp-content\/uploads\/sites\/21\/2021\/10\/unnamed.jpg","datePublished":"2021-10-21T08:20:45+00:00","dateModified":"2021-10-21T08:34:57+00:00","breadcrumb":{"@id":"http:\/\/lila.valnaloneduca.com\/cplacarriona2022\/2021\/10\/21\/arranca-un-nuevo-proyecto-en-el-cole\/#breadcrumb"},"inLanguage":"es","potentialAction":[{"@type":"ReadAction","target":["http:\/\/lila.valnaloneduca.com\/cplacarriona2022\/2021\/10\/21\/arranca-un-nuevo-proyecto-en-el-cole\/"]}]},{"@type":"ImageObject","inLanguage":"es","@id":"http:\/\/lila.valnaloneduca.com\/cplacarriona2022\/2021\/10\/21\/arranca-un-nuevo-proyecto-en-el-cole\/#primaryimage","url":"https:\/\/i0.wp.com\/lila.valnaloneduca.com\/cplacarriona2022\/wp-content\/uploads\/sites\/21\/2021\/10\/unnamed.jpg?fit=500%2C375&ssl=1","contentUrl":"https:\/\/i0.wp.com\/lila.valnaloneduca.com\/cplacarriona2022\/wp-content\/uploads\/sites\/21\/2021\/10\/unnamed.jpg?fit=500%2C375&ssl=1","width":500,"height":375},{"@type":"BreadcrumbList","@id":"http:\/\/lila.valnaloneduca.com\/cplacarriona2022\/2021\/10\/21\/arranca-un-nuevo-proyecto-en-el-cole\/#breadcrumb","itemListElement":[{"@type":"ListItem","position":1,"name":"Portada","item":"http:\/\/lila.valnaloneduca.com\/cplacarriona2022\/"},{"@type":"ListItem","position":2,"name":"\u00a1Arranca un nuevo proyecto en el cole!"}]},{"@type":"WebSite","@id":"http:\/\/lila.valnaloneduca.com\/cplacarriona2022\/#website","url":"http:\/\/lila.valnaloneduca.com\/cplacarriona2022\/","name":"LILA - La Igualdad Lleva A... - C.P. LA CARRIONA - Avil\u00e9s - 21\/22","description":"La Igualdad Lleva A (LILA) es un Proyecto educativo de la Cadena de Formaci\u00f3n para Emprender del Principado de Asturias, que promueve el desarrollo de competencias emprendedoras al servicio de un trabajo para el empoderamiento y la promoci\u00f3n de la igualdad entre ni\u00f1os y ni\u00f1as de 3\u00ba y 4\u00ba curso de Educaci\u00f3n Primaria.","publisher":{"@id":"http:\/\/lila.valnaloneduca.com\/cplacarriona2022\/#organization"},"potentialAction":[{"@type":"SearchAction","target":{"@type":"EntryPoint","urlTemplate":"http:\/\/lila.valnaloneduca.com\/cplacarriona2022\/?s={search_term_string}"},"query-input":{"@type":"PropertyValueSpecification","valueRequired":true,"valueName":"search_term_string"}}],"inLanguage":"es"},{"@type":"Organization","@id":"http:\/\/lila.valnaloneduca.com\/cplacarriona2022\/#organization","name":"LILA - La Igualdad Lleva A... - C.P. LA CARRIONA - Avil\u00e9s - 21\/22","url":"http:\/\/lila.valnaloneduca.com\/cplacarriona2022\/","logo":{"@type":"ImageObject","inLanguage":"es","@id":"http:\/\/lila.valnaloneduca.com\/cplacarriona2022\/#\/schema\/logo\/image\/","url":"https:\/\/i0.wp.com\/lila.valnaloneduca.com\/cplacarriona2022\/wp-content\/uploads\/sites\/21\/2021\/10\/cropped-cabecero-1.png?fit=240%2C118&ssl=1","contentUrl":"https:\/\/i0.wp.com\/lila.valnaloneduca.com\/cplacarriona2022\/wp-content\/uploads\/sites\/21\/2021\/10\/cropped-cabecero-1.png?fit=240%2C118&ssl=1","width":240,"height":118,"caption":"LILA - La Igualdad Lleva A... - C.P. LA CARRIONA - Avil\u00e9s - 21\/22"},"image":{"@id":"http:\/\/lila.valnaloneduca.com\/cplacarriona2022\/#\/schema\/logo\/image\/"}},{"@type":"Person","@id":"http:\/\/lila.valnaloneduca.com\/cplacarriona2022\/#\/schema\/person\/b1d0422b250e580f42a136a82137c682","name":"lila","image":{"@type":"ImageObject","inLanguage":"es","@id":"https:\/\/secure.gravatar.com\/avatar\/0a19043ae51bb80b0374edd52905a2458416f7c4e271ad0f728fde45dd03a88e?s=96&d=mm&r=g","url":"https:\/\/secure.gravatar.com\/avatar\/0a19043ae51bb80b0374edd52905a2458416f7c4e271ad0f728fde45dd03a88e?s=96&d=mm&r=g","contentUrl":"https:\/\/secure.gravatar.com\/avatar\/0a19043ae51bb80b0374edd52905a2458416f7c4e271ad0f728fde45dd03a88e?s=96&d=mm&r=g","caption":"lila"},"url":"https:\/\/lila.valnaloneduca.com\/cplacarriona2022\/author\/lila\/"}]}},"jetpack_featured_media_url":"","jetpack_sharing_enabled":true,"_links":{"self":[{"href":"https:\/\/lila.valnaloneduca.com\/cplacarriona2022\/wp-json\/wp\/v2\/posts\/14","targetHints":{"allow":["GET"]}}],"collection":[{"href":"https:\/\/lila.valnaloneduca.com\/cplacarriona2022\/wp-json\/wp\/v2\/posts"}],"about":[{"href":"https:\/\/lila.valnaloneduca.com\/cplacarriona2022\/wp-json\/wp\/v2\/types\/post"}],"author":[{"embeddable":true,"href":"https:\/\/lila.valnaloneduca.com\/cplacarriona2022\/wp-json\/wp\/v2\/users\/2"}],"replies":[{"embeddable":true,"href":"https:\/\/lila.valnaloneduca.com\/cplacarriona2022\/wp-json\/wp\/v2\/comments?post=14"}],"version-history":[{"count":2,"href":"https:\/\/lila.valnaloneduca.com\/cplacarriona2022\/wp-json\/wp\/v2\/posts\/14\/revisions"}],"predecessor-version":[{"id":18,"href":"https:\/\/lila.valnaloneduca.com\/cplacarriona2022\/wp-json\/wp\/v2\/posts\/14\/revisions\/18"}],"wp:attachment":[{"href":"https:\/\/lila.valnaloneduca.com\/cplacarriona2022\/wp-json\/wp\/v2\/media?parent=14"}],"wp:term":[{"taxonomy":"category","embeddable":true,"href":"https:\/\/lila.valnaloneduca.com\/cplacarriona2022\/wp-json\/wp\/v2\/categories?post=14"},{"taxonomy":"post_tag","embeddable":true,"href":"https:\/\/lila.valnaloneduca.com\/cplacarriona2022\/wp-json\/wp\/v2\/tags?post=14"}],"curies":[{"name":"wp","href":"https:\/\/api.w.org\/{rel}","templated":true}]}}