{"id":23,"date":"2021-11-07T13:38:38","date_gmt":"2021-11-07T13:38:38","guid":{"rendered":"http:\/\/lila.valnaloneduca.com\/cplacarriona2022\/?p=23"},"modified":"2021-11-07T13:38:39","modified_gmt":"2021-11-07T13:38:39","slug":"nuestro-robot","status":"publish","type":"post","link":"https:\/\/lila.valnaloneduca.com\/cplacarriona2022\/2021\/11\/07\/nuestro-robot\/","title":{"rendered":"NUESTRO ROBOT"},"content":{"rendered":"\n<p>Los ni\u00f1os y ni\u00f1as del colegio de la Carriona tenemos un mont\u00f3n de cualidades y capacidades y as\u00ed lo hemos reflejado en la creaci\u00f3n de nuestro retrato robot.<br>Aqu\u00ed os lo mostramos, esperamos que os guste porque nos sentimos representados en \u00e9l.<\/p>\n\n\n\n<p><br><\/p>\n\n\n\n<figure class=\"wp-block-image size-full\"><img data-recalc-dims=\"1\" loading=\"lazy\" decoding=\"async\" width=\"571\" height=\"777\" src=\"https:\/\/i0.wp.com\/lila.valnaloneduca.com\/cplacarriona2022\/wp-content\/uploads\/sites\/21\/2021\/11\/image.png?resize=571%2C777\" alt=\"\" class=\"wp-image-28\" srcset=\"https:\/\/i0.wp.com\/lila.valnaloneduca.com\/cplacarriona2022\/wp-content\/uploads\/sites\/21\/2021\/11\/image.png?w=571&amp;ssl=1 571w, https:\/\/i0.wp.com\/lila.valnaloneduca.com\/cplacarriona2022\/wp-content\/uploads\/sites\/21\/2021\/11\/image.png?resize=220%2C300&amp;ssl=1 220w\" sizes=\"auto, (max-width: 571px) 85vw, 571px\" \/><\/figure>\n","protected":false},"excerpt":{"rendered":"<p>Los ni\u00f1os y ni\u00f1as del colegio de la Carriona tenemos un mont\u00f3n de cualidades y capacidades y as\u00ed lo hemos reflejado en la creaci\u00f3n de nuestro retrato robot.Aqu\u00ed os lo mostramos, esperamos que os guste porque nos sentimos representados en \u00e9l.<\/p>\n","protected":false},"author":21,"featured_media":0,"comment_status":"open","ping_status":"open","sticky":false,"template":"","format":"standard","meta":{"_jetpack_memberships_contains_paid_content":false,"footnotes":""},"categories":[1],"tags":[],"class_list":["post-23","post","type-post","status-publish","format-standard","hentry","category-sin-categoria"],"yoast_head":"<!-- This site is optimized with the Yoast SEO plugin v27.5 - https:\/\/yoast.com\/product\/yoast-seo-wordpress\/ -->\n<title>NUESTRO ROBOT - LILA - La Igualdad Lleva A... - C.P. LA CARRIONA - Avil\u00e9s - 21\/22 %<\/title>\n<meta name=\"robots\" content=\"index, follow, max-snippet:-1, max-image-preview:large, max-video-preview:-1\" \/>\n<link rel=\"canonical\" href=\"http:\/\/lila.valnaloneduca.com\/cplacarriona2022\/2021\/11\/07\/nuestro-robot\/\" \/>\n<meta property=\"og:locale\" content=\"es_ES\" \/>\n<meta property=\"og:type\" content=\"article\" \/>\n<meta property=\"og:title\" content=\"NUESTRO ROBOT - LILA - La Igualdad Lleva A... - C.P. LA CARRIONA - Avil\u00e9s - 21\/22 %\" \/>\n<meta property=\"og:description\" content=\"Los ni\u00f1os y ni\u00f1as del colegio de la Carriona tenemos un mont\u00f3n de cualidades y capacidades y as\u00ed lo hemos reflejado en la creaci\u00f3n de nuestro retrato robot.Aqu\u00ed os lo mostramos, esperamos que os guste porque nos sentimos representados en \u00e9l.\" \/>\n<meta property=\"og:url\" content=\"http:\/\/lila.valnaloneduca.com\/cplacarriona2022\/2021\/11\/07\/nuestro-robot\/\" \/>\n<meta property=\"og:site_name\" content=\"LILA - La Igualdad Lleva A... - C.P. LA CARRIONA - Avil\u00e9s - 21\/22\" \/>\n<meta property=\"article:published_time\" content=\"2021-11-07T13:38:38+00:00\" \/>\n<meta property=\"article:modified_time\" content=\"2021-11-07T13:38:39+00:00\" \/>\n<meta property=\"og:image\" content=\"http:\/\/lila.valnaloneduca.com\/cplacarriona2022\/wp-content\/uploads\/sites\/21\/2021\/11\/image.png\" \/>\n<meta name=\"twitter:card\" content=\"summary_large_image\" \/>\n<meta name=\"twitter:label1\" content=\"Escrito por\" \/>\n\t<meta name=\"twitter:data1\" content=\"\" \/>\n\t<meta name=\"twitter:label2\" content=\"Tiempo de lectura\" \/>\n\t<meta name=\"twitter:data2\" content=\"1 minuto\" \/>\n<script type=\"application\/ld+json\" class=\"yoast-schema-graph\">{\"@context\":\"https:\\\/\\\/schema.org\",\"@graph\":[{\"@type\":\"Article\",\"@id\":\"http:\\\/\\\/lila.valnaloneduca.com\\\/cplacarriona2022\\\/2021\\\/11\\\/07\\\/nuestro-robot\\\/#article\",\"isPartOf\":{\"@id\":\"http:\\\/\\\/lila.valnaloneduca.com\\\/cplacarriona2022\\\/2021\\\/11\\\/07\\\/nuestro-robot\\\/\"},\"author\":{\"name\":\"\",\"@id\":\"\"},\"headline\":\"NUESTRO ROBOT\",\"datePublished\":\"2021-11-07T13:38:38+00:00\",\"dateModified\":\"2021-11-07T13:38:39+00:00\",\"mainEntityOfPage\":{\"@id\":\"http:\\\/\\\/lila.valnaloneduca.com\\\/cplacarriona2022\\\/2021\\\/11\\\/07\\\/nuestro-robot\\\/\"},\"wordCount\":48,\"commentCount\":0,\"publisher\":{\"@id\":\"http:\\\/\\\/lila.valnaloneduca.com\\\/cplacarriona2022\\\/#organization\"},\"image\":{\"@id\":\"http:\\\/\\\/lila.valnaloneduca.com\\\/cplacarriona2022\\\/2021\\\/11\\\/07\\\/nuestro-robot\\\/#primaryimage\"},\"thumbnailUrl\":\"http:\\\/\\\/lila.valnaloneduca.com\\\/cplacarriona2022\\\/wp-content\\\/uploads\\\/sites\\\/21\\\/2021\\\/11\\\/image.png\",\"inLanguage\":\"es\",\"potentialAction\":[{\"@type\":\"CommentAction\",\"name\":\"Comment\",\"target\":[\"http:\\\/\\\/lila.valnaloneduca.com\\\/cplacarriona2022\\\/2021\\\/11\\\/07\\\/nuestro-robot\\\/#respond\"]}]},{\"@type\":\"WebPage\",\"@id\":\"http:\\\/\\\/lila.valnaloneduca.com\\\/cplacarriona2022\\\/2021\\\/11\\\/07\\\/nuestro-robot\\\/\",\"url\":\"http:\\\/\\\/lila.valnaloneduca.com\\\/cplacarriona2022\\\/2021\\\/11\\\/07\\\/nuestro-robot\\\/\",\"name\":\"NUESTRO ROBOT - LILA - La Igualdad Lleva A... - C.P. LA CARRIONA - Avil\u00e9s - 21\\\/22 %\",\"isPartOf\":{\"@id\":\"http:\\\/\\\/lila.valnaloneduca.com\\\/cplacarriona2022\\\/#website\"},\"primaryImageOfPage\":{\"@id\":\"http:\\\/\\\/lila.valnaloneduca.com\\\/cplacarriona2022\\\/2021\\\/11\\\/07\\\/nuestro-robot\\\/#primaryimage\"},\"image\":{\"@id\":\"http:\\\/\\\/lila.valnaloneduca.com\\\/cplacarriona2022\\\/2021\\\/11\\\/07\\\/nuestro-robot\\\/#primaryimage\"},\"thumbnailUrl\":\"http:\\\/\\\/lila.valnaloneduca.com\\\/cplacarriona2022\\\/wp-content\\\/uploads\\\/sites\\\/21\\\/2021\\\/11\\\/image.png\",\"datePublished\":\"2021-11-07T13:38:38+00:00\",\"dateModified\":\"2021-11-07T13:38:39+00:00\",\"breadcrumb\":{\"@id\":\"http:\\\/\\\/lila.valnaloneduca.com\\\/cplacarriona2022\\\/2021\\\/11\\\/07\\\/nuestro-robot\\\/#breadcrumb\"},\"inLanguage\":\"es\",\"potentialAction\":[{\"@type\":\"ReadAction\",\"target\":[\"http:\\\/\\\/lila.valnaloneduca.com\\\/cplacarriona2022\\\/2021\\\/11\\\/07\\\/nuestro-robot\\\/\"]}]},{\"@type\":\"ImageObject\",\"inLanguage\":\"es\",\"@id\":\"http:\\\/\\\/lila.valnaloneduca.com\\\/cplacarriona2022\\\/2021\\\/11\\\/07\\\/nuestro-robot\\\/#primaryimage\",\"url\":\"https:\\\/\\\/i0.wp.com\\\/lila.valnaloneduca.com\\\/cplacarriona2022\\\/wp-content\\\/uploads\\\/sites\\\/21\\\/2021\\\/11\\\/image.png?fit=571%2C777&ssl=1\",\"contentUrl\":\"https:\\\/\\\/i0.wp.com\\\/lila.valnaloneduca.com\\\/cplacarriona2022\\\/wp-content\\\/uploads\\\/sites\\\/21\\\/2021\\\/11\\\/image.png?fit=571%2C777&ssl=1\",\"width\":571,\"height\":777},{\"@type\":\"BreadcrumbList\",\"@id\":\"http:\\\/\\\/lila.valnaloneduca.com\\\/cplacarriona2022\\\/2021\\\/11\\\/07\\\/nuestro-robot\\\/#breadcrumb\",\"itemListElement\":[{\"@type\":\"ListItem\",\"position\":1,\"name\":\"Portada\",\"item\":\"http:\\\/\\\/lila.valnaloneduca.com\\\/cplacarriona2022\\\/\"},{\"@type\":\"ListItem\",\"position\":2,\"name\":\"NUESTRO ROBOT\"}]},{\"@type\":\"WebSite\",\"@id\":\"http:\\\/\\\/lila.valnaloneduca.com\\\/cplacarriona2022\\\/#website\",\"url\":\"http:\\\/\\\/lila.valnaloneduca.com\\\/cplacarriona2022\\\/\",\"name\":\"LILA - La Igualdad Lleva A... - C.P. LA CARRIONA - Avil\u00e9s - 21\\\/22\",\"description\":\"La Igualdad Lleva A (LILA) es un Proyecto educativo de la Cadena de Formaci\u00f3n para Emprender del Principado de Asturias, que promueve el desarrollo de competencias emprendedoras al servicio de un trabajo para el empoderamiento y la promoci\u00f3n de la igualdad entre ni\u00f1os y ni\u00f1as de 3\u00ba y 4\u00ba curso de Educaci\u00f3n Primaria.\",\"publisher\":{\"@id\":\"http:\\\/\\\/lila.valnaloneduca.com\\\/cplacarriona2022\\\/#organization\"},\"potentialAction\":[{\"@type\":\"SearchAction\",\"target\":{\"@type\":\"EntryPoint\",\"urlTemplate\":\"http:\\\/\\\/lila.valnaloneduca.com\\\/cplacarriona2022\\\/?s={search_term_string}\"},\"query-input\":{\"@type\":\"PropertyValueSpecification\",\"valueRequired\":true,\"valueName\":\"search_term_string\"}}],\"inLanguage\":\"es\"},{\"@type\":\"Organization\",\"@id\":\"http:\\\/\\\/lila.valnaloneduca.com\\\/cplacarriona2022\\\/#organization\",\"name\":\"LILA - La Igualdad Lleva A... - C.P. LA CARRIONA - Avil\u00e9s - 21\\\/22\",\"url\":\"http:\\\/\\\/lila.valnaloneduca.com\\\/cplacarriona2022\\\/\",\"logo\":{\"@type\":\"ImageObject\",\"inLanguage\":\"es\",\"@id\":\"http:\\\/\\\/lila.valnaloneduca.com\\\/cplacarriona2022\\\/#\\\/schema\\\/logo\\\/image\\\/\",\"url\":\"https:\\\/\\\/i0.wp.com\\\/lila.valnaloneduca.com\\\/cplacarriona2022\\\/wp-content\\\/uploads\\\/sites\\\/21\\\/2021\\\/10\\\/cropped-cabecero-1.png?fit=240%2C118&ssl=1\",\"contentUrl\":\"https:\\\/\\\/i0.wp.com\\\/lila.valnaloneduca.com\\\/cplacarriona2022\\\/wp-content\\\/uploads\\\/sites\\\/21\\\/2021\\\/10\\\/cropped-cabecero-1.png?fit=240%2C118&ssl=1\",\"width\":240,\"height\":118,\"caption\":\"LILA - La Igualdad Lleva A... - C.P. LA CARRIONA - Avil\u00e9s - 21\\\/22\"},\"image\":{\"@id\":\"http:\\\/\\\/lila.valnaloneduca.com\\\/cplacarriona2022\\\/#\\\/schema\\\/logo\\\/image\\\/\"}},{\"@type\":\"Person\",\"@id\":\"\",\"url\":\"https:\\\/\\\/lila.valnaloneduca.com\\\/cplacarriona2022\\\/author\\\/\"}]}<\/script>\n<!-- \/ Yoast SEO plugin. -->","yoast_head_json":{"title":"NUESTRO ROBOT - LILA - La Igualdad Lleva A... - C.P. LA CARRIONA - Avil\u00e9s - 21\/22 %","robots":{"index":"index","follow":"follow","max-snippet":"max-snippet:-1","max-image-preview":"max-image-preview:large","max-video-preview":"max-video-preview:-1"},"canonical":"http:\/\/lila.valnaloneduca.com\/cplacarriona2022\/2021\/11\/07\/nuestro-robot\/","og_locale":"es_ES","og_type":"article","og_title":"NUESTRO ROBOT - LILA - La Igualdad Lleva A... - C.P. LA CARRIONA - Avil\u00e9s - 21\/22 %","og_description":"Los ni\u00f1os y ni\u00f1as del colegio de la Carriona tenemos un mont\u00f3n de cualidades y capacidades y as\u00ed lo hemos reflejado en la creaci\u00f3n de nuestro retrato robot.Aqu\u00ed os lo mostramos, esperamos que os guste porque nos sentimos representados en \u00e9l.","og_url":"http:\/\/lila.valnaloneduca.com\/cplacarriona2022\/2021\/11\/07\/nuestro-robot\/","og_site_name":"LILA - La Igualdad Lleva A... - C.P. LA CARRIONA - Avil\u00e9s - 21\/22","article_published_time":"2021-11-07T13:38:38+00:00","article_modified_time":"2021-11-07T13:38:39+00:00","og_image":[{"url":"http:\/\/lila.valnaloneduca.com\/cplacarriona2022\/wp-content\/uploads\/sites\/21\/2021\/11\/image.png","type":"","width":"","height":""}],"twitter_card":"summary_large_image","twitter_misc":{"Escrito por":"","Tiempo de lectura":"1 minuto"},"schema":{"@context":"https:\/\/schema.org","@graph":[{"@type":"Article","@id":"http:\/\/lila.valnaloneduca.com\/cplacarriona2022\/2021\/11\/07\/nuestro-robot\/#article","isPartOf":{"@id":"http:\/\/lila.valnaloneduca.com\/cplacarriona2022\/2021\/11\/07\/nuestro-robot\/"},"author":{"name":"","@id":""},"headline":"NUESTRO ROBOT","datePublished":"2021-11-07T13:38:38+00:00","dateModified":"2021-11-07T13:38:39+00:00","mainEntityOfPage":{"@id":"http:\/\/lila.valnaloneduca.com\/cplacarriona2022\/2021\/11\/07\/nuestro-robot\/"},"wordCount":48,"commentCount":0,"publisher":{"@id":"http:\/\/lila.valnaloneduca.com\/cplacarriona2022\/#organization"},"image":{"@id":"http:\/\/lila.valnaloneduca.com\/cplacarriona2022\/2021\/11\/07\/nuestro-robot\/#primaryimage"},"thumbnailUrl":"http:\/\/lila.valnaloneduca.com\/cplacarriona2022\/wp-content\/uploads\/sites\/21\/2021\/11\/image.png","inLanguage":"es","potentialAction":[{"@type":"CommentAction","name":"Comment","target":["http:\/\/lila.valnaloneduca.com\/cplacarriona2022\/2021\/11\/07\/nuestro-robot\/#respond"]}]},{"@type":"WebPage","@id":"http:\/\/lila.valnaloneduca.com\/cplacarriona2022\/2021\/11\/07\/nuestro-robot\/","url":"http:\/\/lila.valnaloneduca.com\/cplacarriona2022\/2021\/11\/07\/nuestro-robot\/","name":"NUESTRO ROBOT - LILA - La Igualdad Lleva A... - C.P. LA CARRIONA - Avil\u00e9s - 21\/22 %","isPartOf":{"@id":"http:\/\/lila.valnaloneduca.com\/cplacarriona2022\/#website"},"primaryImageOfPage":{"@id":"http:\/\/lila.valnaloneduca.com\/cplacarriona2022\/2021\/11\/07\/nuestro-robot\/#primaryimage"},"image":{"@id":"http:\/\/lila.valnaloneduca.com\/cplacarriona2022\/2021\/11\/07\/nuestro-robot\/#primaryimage"},"thumbnailUrl":"http:\/\/lila.valnaloneduca.com\/cplacarriona2022\/wp-content\/uploads\/sites\/21\/2021\/11\/image.png","datePublished":"2021-11-07T13:38:38+00:00","dateModified":"2021-11-07T13:38:39+00:00","breadcrumb":{"@id":"http:\/\/lila.valnaloneduca.com\/cplacarriona2022\/2021\/11\/07\/nuestro-robot\/#breadcrumb"},"inLanguage":"es","potentialAction":[{"@type":"ReadAction","target":["http:\/\/lila.valnaloneduca.com\/cplacarriona2022\/2021\/11\/07\/nuestro-robot\/"]}]},{"@type":"ImageObject","inLanguage":"es","@id":"http:\/\/lila.valnaloneduca.com\/cplacarriona2022\/2021\/11\/07\/nuestro-robot\/#primaryimage","url":"https:\/\/i0.wp.com\/lila.valnaloneduca.com\/cplacarriona2022\/wp-content\/uploads\/sites\/21\/2021\/11\/image.png?fit=571%2C777&ssl=1","contentUrl":"https:\/\/i0.wp.com\/lila.valnaloneduca.com\/cplacarriona2022\/wp-content\/uploads\/sites\/21\/2021\/11\/image.png?fit=571%2C777&ssl=1","width":571,"height":777},{"@type":"BreadcrumbList","@id":"http:\/\/lila.valnaloneduca.com\/cplacarriona2022\/2021\/11\/07\/nuestro-robot\/#breadcrumb","itemListElement":[{"@type":"ListItem","position":1,"name":"Portada","item":"http:\/\/lila.valnaloneduca.com\/cplacarriona2022\/"},{"@type":"ListItem","position":2,"name":"NUESTRO ROBOT"}]},{"@type":"WebSite","@id":"http:\/\/lila.valnaloneduca.com\/cplacarriona2022\/#website","url":"http:\/\/lila.valnaloneduca.com\/cplacarriona2022\/","name":"LILA - La Igualdad Lleva A... - C.P. LA CARRIONA - Avil\u00e9s - 21\/22","description":"La Igualdad Lleva A (LILA) es un Proyecto educativo de la Cadena de Formaci\u00f3n para Emprender del Principado de Asturias, que promueve el desarrollo de competencias emprendedoras al servicio de un trabajo para el empoderamiento y la promoci\u00f3n de la igualdad entre ni\u00f1os y ni\u00f1as de 3\u00ba y 4\u00ba curso de Educaci\u00f3n Primaria.","publisher":{"@id":"http:\/\/lila.valnaloneduca.com\/cplacarriona2022\/#organization"},"potentialAction":[{"@type":"SearchAction","target":{"@type":"EntryPoint","urlTemplate":"http:\/\/lila.valnaloneduca.com\/cplacarriona2022\/?s={search_term_string}"},"query-input":{"@type":"PropertyValueSpecification","valueRequired":true,"valueName":"search_term_string"}}],"inLanguage":"es"},{"@type":"Organization","@id":"http:\/\/lila.valnaloneduca.com\/cplacarriona2022\/#organization","name":"LILA - La Igualdad Lleva A... - C.P. LA CARRIONA - Avil\u00e9s - 21\/22","url":"http:\/\/lila.valnaloneduca.com\/cplacarriona2022\/","logo":{"@type":"ImageObject","inLanguage":"es","@id":"http:\/\/lila.valnaloneduca.com\/cplacarriona2022\/#\/schema\/logo\/image\/","url":"https:\/\/i0.wp.com\/lila.valnaloneduca.com\/cplacarriona2022\/wp-content\/uploads\/sites\/21\/2021\/10\/cropped-cabecero-1.png?fit=240%2C118&ssl=1","contentUrl":"https:\/\/i0.wp.com\/lila.valnaloneduca.com\/cplacarriona2022\/wp-content\/uploads\/sites\/21\/2021\/10\/cropped-cabecero-1.png?fit=240%2C118&ssl=1","width":240,"height":118,"caption":"LILA - La Igualdad Lleva A... - C.P. LA CARRIONA - Avil\u00e9s - 21\/22"},"image":{"@id":"http:\/\/lila.valnaloneduca.com\/cplacarriona2022\/#\/schema\/logo\/image\/"}},{"@type":"Person","@id":"","url":"https:\/\/lila.valnaloneduca.com\/cplacarriona2022\/author\/"}]}},"jetpack_featured_media_url":"","jetpack_sharing_enabled":true,"_links":{"self":[{"href":"https:\/\/lila.valnaloneduca.com\/cplacarriona2022\/wp-json\/wp\/v2\/posts\/23","targetHints":{"allow":["GET"]}}],"collection":[{"href":"https:\/\/lila.valnaloneduca.com\/cplacarriona2022\/wp-json\/wp\/v2\/posts"}],"about":[{"href":"https:\/\/lila.valnaloneduca.com\/cplacarriona2022\/wp-json\/wp\/v2\/types\/post"}],"author":[{"embeddable":true,"href":"https:\/\/lila.valnaloneduca.com\/cplacarriona2022\/wp-json\/wp\/v2\/users\/21"}],"replies":[{"embeddable":true,"href":"https:\/\/lila.valnaloneduca.com\/cplacarriona2022\/wp-json\/wp\/v2\/comments?post=23"}],"version-history":[{"count":2,"href":"https:\/\/lila.valnaloneduca.com\/cplacarriona2022\/wp-json\/wp\/v2\/posts\/23\/revisions"}],"predecessor-version":[{"id":29,"href":"https:\/\/lila.valnaloneduca.com\/cplacarriona2022\/wp-json\/wp\/v2\/posts\/23\/revisions\/29"}],"wp:attachment":[{"href":"https:\/\/lila.valnaloneduca.com\/cplacarriona2022\/wp-json\/wp\/v2\/media?parent=23"}],"wp:term":[{"taxonomy":"category","embeddable":true,"href":"https:\/\/lila.valnaloneduca.com\/cplacarriona2022\/wp-json\/wp\/v2\/categories?post=23"},{"taxonomy":"post_tag","embeddable":true,"href":"https:\/\/lila.valnaloneduca.com\/cplacarriona2022\/wp-json\/wp\/v2\/tags?post=23"}],"curies":[{"name":"wp","href":"https:\/\/api.w.org\/{rel}","templated":true}]}}