{"id":39,"date":"2022-11-18T07:54:37","date_gmt":"2022-11-18T07:54:37","guid":{"rendered":"http:\/\/lila.valnaloneduca.com\/cplacarrionamiranda-2223\/?p=39"},"modified":"2023-02-28T08:03:21","modified_gmt":"2023-02-28T08:03:21","slug":"visita-de-amara","status":"publish","type":"post","link":"https:\/\/lila.valnaloneduca.com\/cplacarrionamiranda-2223\/2022\/11\/18\/visita-de-amara\/","title":{"rendered":"Visita de Amara"},"content":{"rendered":"\n<p>Ayer recibimos a Amara en los cursos de tercero, cuarto, quinto y sexto de primaria. <\/p>\n\n\n\n<figure class=\"wp-block-gallery has-nested-images columns-default is-cropped wp-block-gallery-1 is-layout-flex wp-block-gallery-is-layout-flex\">\n<figure class=\"wp-block-image size-large\"><img data-recalc-dims=\"1\" loading=\"lazy\" decoding=\"async\" width=\"840\" height=\"840\" data-id=\"44\" src=\"https:\/\/i0.wp.com\/lila.valnaloneduca.com\/cplacarrionamiranda-2223\/wp-content\/uploads\/sites\/27\/2023\/02\/316206317_5394758990622832_7862579014309672051_n.jpg?resize=840%2C840\" alt=\"\" class=\"wp-image-44\" srcset=\"https:\/\/i0.wp.com\/lila.valnaloneduca.com\/cplacarrionamiranda-2223\/wp-content\/uploads\/sites\/27\/2023\/02\/316206317_5394758990622832_7862579014309672051_n.jpg?resize=1024%2C1024&amp;ssl=1 1024w, https:\/\/i0.wp.com\/lila.valnaloneduca.com\/cplacarrionamiranda-2223\/wp-content\/uploads\/sites\/27\/2023\/02\/316206317_5394758990622832_7862579014309672051_n.jpg?resize=300%2C300&amp;ssl=1 300w, https:\/\/i0.wp.com\/lila.valnaloneduca.com\/cplacarrionamiranda-2223\/wp-content\/uploads\/sites\/27\/2023\/02\/316206317_5394758990622832_7862579014309672051_n.jpg?resize=150%2C150&amp;ssl=1 150w, https:\/\/i0.wp.com\/lila.valnaloneduca.com\/cplacarrionamiranda-2223\/wp-content\/uploads\/sites\/27\/2023\/02\/316206317_5394758990622832_7862579014309672051_n.jpg?resize=768%2C768&amp;ssl=1 768w, https:\/\/i0.wp.com\/lila.valnaloneduca.com\/cplacarrionamiranda-2223\/wp-content\/uploads\/sites\/27\/2023\/02\/316206317_5394758990622832_7862579014309672051_n.jpg?w=1080&amp;ssl=1 1080w\" sizes=\"auto, (max-width: 709px) 85vw, (max-width: 909px) 67vw, (max-width: 1362px) 62vw, 840px\" \/><\/figure>\n\n\n\n<figure class=\"wp-block-image size-large\"><img data-recalc-dims=\"1\" loading=\"lazy\" decoding=\"async\" width=\"840\" height=\"507\" data-id=\"43\" src=\"https:\/\/i0.wp.com\/lila.valnaloneduca.com\/cplacarrionamiranda-2223\/wp-content\/uploads\/sites\/27\/2023\/02\/315544973_5394759390622792_8554726337567048120_n.jpg?resize=840%2C507\" alt=\"\" class=\"wp-image-43\" srcset=\"https:\/\/i0.wp.com\/lila.valnaloneduca.com\/cplacarrionamiranda-2223\/wp-content\/uploads\/sites\/27\/2023\/02\/315544973_5394759390622792_8554726337567048120_n.jpg?resize=1024%2C618&amp;ssl=1 1024w, https:\/\/i0.wp.com\/lila.valnaloneduca.com\/cplacarrionamiranda-2223\/wp-content\/uploads\/sites\/27\/2023\/02\/315544973_5394759390622792_8554726337567048120_n.jpg?resize=300%2C181&amp;ssl=1 300w, https:\/\/i0.wp.com\/lila.valnaloneduca.com\/cplacarrionamiranda-2223\/wp-content\/uploads\/sites\/27\/2023\/02\/315544973_5394759390622792_8554726337567048120_n.jpg?resize=768%2C463&amp;ssl=1 768w, https:\/\/i0.wp.com\/lila.valnaloneduca.com\/cplacarrionamiranda-2223\/wp-content\/uploads\/sites\/27\/2023\/02\/315544973_5394759390622792_8554726337567048120_n.jpg?resize=1536%2C926&amp;ssl=1 1536w, https:\/\/i0.wp.com\/lila.valnaloneduca.com\/cplacarrionamiranda-2223\/wp-content\/uploads\/sites\/27\/2023\/02\/315544973_5394759390622792_8554726337567048120_n.jpg?resize=1200%2C724&amp;ssl=1 1200w, https:\/\/i0.wp.com\/lila.valnaloneduca.com\/cplacarrionamiranda-2223\/wp-content\/uploads\/sites\/27\/2023\/02\/315544973_5394759390622792_8554726337567048120_n.jpg?w=2048&amp;ssl=1 2048w, https:\/\/i0.wp.com\/lila.valnaloneduca.com\/cplacarrionamiranda-2223\/wp-content\/uploads\/sites\/27\/2023\/02\/315544973_5394759390622792_8554726337567048120_n.jpg?w=1680 1680w\" sizes=\"auto, (max-width: 709px) 85vw, (max-width: 909px) 67vw, (max-width: 1362px) 62vw, 840px\" \/><\/figure>\n\n\n\n<figure class=\"wp-block-image size-large\"><img data-recalc-dims=\"1\" loading=\"lazy\" decoding=\"async\" width=\"840\" height=\"387\" data-id=\"42\" src=\"https:\/\/i0.wp.com\/lila.valnaloneduca.com\/cplacarrionamiranda-2223\/wp-content\/uploads\/sites\/27\/2023\/02\/315698688_5394759113956153_3813995135483743865_n.jpg?resize=840%2C387\" alt=\"\" class=\"wp-image-42\" srcset=\"https:\/\/i0.wp.com\/lila.valnaloneduca.com\/cplacarrionamiranda-2223\/wp-content\/uploads\/sites\/27\/2023\/02\/315698688_5394759113956153_3813995135483743865_n.jpg?resize=1024%2C472&amp;ssl=1 1024w, https:\/\/i0.wp.com\/lila.valnaloneduca.com\/cplacarrionamiranda-2223\/wp-content\/uploads\/sites\/27\/2023\/02\/315698688_5394759113956153_3813995135483743865_n.jpg?resize=300%2C138&amp;ssl=1 300w, https:\/\/i0.wp.com\/lila.valnaloneduca.com\/cplacarrionamiranda-2223\/wp-content\/uploads\/sites\/27\/2023\/02\/315698688_5394759113956153_3813995135483743865_n.jpg?resize=768%2C354&amp;ssl=1 768w, https:\/\/i0.wp.com\/lila.valnaloneduca.com\/cplacarrionamiranda-2223\/wp-content\/uploads\/sites\/27\/2023\/02\/315698688_5394759113956153_3813995135483743865_n.jpg?resize=1536%2C708&amp;ssl=1 1536w, https:\/\/i0.wp.com\/lila.valnaloneduca.com\/cplacarrionamiranda-2223\/wp-content\/uploads\/sites\/27\/2023\/02\/315698688_5394759113956153_3813995135483743865_n.jpg?resize=1200%2C553&amp;ssl=1 1200w, https:\/\/i0.wp.com\/lila.valnaloneduca.com\/cplacarrionamiranda-2223\/wp-content\/uploads\/sites\/27\/2023\/02\/315698688_5394759113956153_3813995135483743865_n.jpg?w=2000&amp;ssl=1 2000w, https:\/\/i0.wp.com\/lila.valnaloneduca.com\/cplacarrionamiranda-2223\/wp-content\/uploads\/sites\/27\/2023\/02\/315698688_5394759113956153_3813995135483743865_n.jpg?w=1680 1680w\" sizes=\"auto, (max-width: 709px) 85vw, (max-width: 909px) 67vw, (max-width: 1362px) 62vw, 840px\" \/><\/figure>\n\n\n\n<figure class=\"wp-block-image size-large\"><img data-recalc-dims=\"1\" loading=\"lazy\" decoding=\"async\" width=\"840\" height=\"387\" data-id=\"41\" src=\"https:\/\/i0.wp.com\/lila.valnaloneduca.com\/cplacarrionamiranda-2223\/wp-content\/uploads\/sites\/27\/2023\/02\/315716805_5394759357289462_8053118597230038795_n.jpg?resize=840%2C387\" alt=\"\" class=\"wp-image-41\" srcset=\"https:\/\/i0.wp.com\/lila.valnaloneduca.com\/cplacarrionamiranda-2223\/wp-content\/uploads\/sites\/27\/2023\/02\/315716805_5394759357289462_8053118597230038795_n.jpg?resize=1024%2C472&amp;ssl=1 1024w, https:\/\/i0.wp.com\/lila.valnaloneduca.com\/cplacarrionamiranda-2223\/wp-content\/uploads\/sites\/27\/2023\/02\/315716805_5394759357289462_8053118597230038795_n.jpg?resize=300%2C138&amp;ssl=1 300w, https:\/\/i0.wp.com\/lila.valnaloneduca.com\/cplacarrionamiranda-2223\/wp-content\/uploads\/sites\/27\/2023\/02\/315716805_5394759357289462_8053118597230038795_n.jpg?resize=768%2C354&amp;ssl=1 768w, https:\/\/i0.wp.com\/lila.valnaloneduca.com\/cplacarrionamiranda-2223\/wp-content\/uploads\/sites\/27\/2023\/02\/315716805_5394759357289462_8053118597230038795_n.jpg?resize=1536%2C708&amp;ssl=1 1536w, https:\/\/i0.wp.com\/lila.valnaloneduca.com\/cplacarrionamiranda-2223\/wp-content\/uploads\/sites\/27\/2023\/02\/315716805_5394759357289462_8053118597230038795_n.jpg?resize=1200%2C553&amp;ssl=1 1200w, https:\/\/i0.wp.com\/lila.valnaloneduca.com\/cplacarrionamiranda-2223\/wp-content\/uploads\/sites\/27\/2023\/02\/315716805_5394759357289462_8053118597230038795_n.jpg?w=2000&amp;ssl=1 2000w, https:\/\/i0.wp.com\/lila.valnaloneduca.com\/cplacarrionamiranda-2223\/wp-content\/uploads\/sites\/27\/2023\/02\/315716805_5394759357289462_8053118597230038795_n.jpg?w=1680 1680w\" sizes=\"auto, (max-width: 709px) 85vw, (max-width: 909px) 67vw, (max-width: 1362px) 62vw, 840px\" \/><\/figure>\n\n\n\n<figure class=\"wp-block-image size-large\"><img data-recalc-dims=\"1\" loading=\"lazy\" decoding=\"async\" width=\"840\" height=\"387\" data-id=\"40\" src=\"https:\/\/i0.wp.com\/lila.valnaloneduca.com\/cplacarrionamiranda-2223\/wp-content\/uploads\/sites\/27\/2023\/02\/315974162_5394759273956137_1086819474155526798_n.jpg?resize=840%2C387\" alt=\"\" class=\"wp-image-40\" srcset=\"https:\/\/i0.wp.com\/lila.valnaloneduca.com\/cplacarrionamiranda-2223\/wp-content\/uploads\/sites\/27\/2023\/02\/315974162_5394759273956137_1086819474155526798_n.jpg?resize=1024%2C472&amp;ssl=1 1024w, https:\/\/i0.wp.com\/lila.valnaloneduca.com\/cplacarrionamiranda-2223\/wp-content\/uploads\/sites\/27\/2023\/02\/315974162_5394759273956137_1086819474155526798_n.jpg?resize=300%2C138&amp;ssl=1 300w, https:\/\/i0.wp.com\/lila.valnaloneduca.com\/cplacarrionamiranda-2223\/wp-content\/uploads\/sites\/27\/2023\/02\/315974162_5394759273956137_1086819474155526798_n.jpg?resize=768%2C354&amp;ssl=1 768w, https:\/\/i0.wp.com\/lila.valnaloneduca.com\/cplacarrionamiranda-2223\/wp-content\/uploads\/sites\/27\/2023\/02\/315974162_5394759273956137_1086819474155526798_n.jpg?resize=1536%2C708&amp;ssl=1 1536w, https:\/\/i0.wp.com\/lila.valnaloneduca.com\/cplacarrionamiranda-2223\/wp-content\/uploads\/sites\/27\/2023\/02\/315974162_5394759273956137_1086819474155526798_n.jpg?resize=1200%2C553&amp;ssl=1 1200w, https:\/\/i0.wp.com\/lila.valnaloneduca.com\/cplacarrionamiranda-2223\/wp-content\/uploads\/sites\/27\/2023\/02\/315974162_5394759273956137_1086819474155526798_n.jpg?w=2000&amp;ssl=1 2000w, https:\/\/i0.wp.com\/lila.valnaloneduca.com\/cplacarrionamiranda-2223\/wp-content\/uploads\/sites\/27\/2023\/02\/315974162_5394759273956137_1086819474155526798_n.jpg?w=1680 1680w\" sizes=\"auto, (max-width: 709px) 85vw, (max-width: 909px) 67vw, (max-width: 1362px) 62vw, 840px\" \/><\/figure>\n<\/figure>\n\n\n\n<p><\/p>\n\n\n\n<p>Hemos realizado un taller sobre igualdad que nos ha servido de mucha ayuda para empezar a trabajar en nuestro proyecto LILA<img loading=\"lazy\" decoding=\"async\" height=\"16\" width=\"16\" src=\"https:\/\/static.xx.fbcdn.net\/images\/emoji.php\/v9\/t7d\/1\/16\/1f7e3.png\" alt=\"\ud83d\udfe3\">.  <\/p>\n\n\n\n<p>\u00a1Muchas gracias Amara!<\/p>\n","protected":false},"excerpt":{"rendered":"<p>Ayer recibimos a Amara en los cursos de tercero, cuarto, quinto y sexto de primaria. Hemos realizado un taller sobre igualdad que nos ha servido de mucha ayuda para empezar a trabajar en nuestro proyecto LILA. \u00a1Muchas gracias Amara!<\/p>\n","protected":false},"author":2,"featured_media":0,"comment_status":"open","ping_status":"open","sticky":false,"template":"","format":"standard","meta":{"_jetpack_memberships_contains_paid_content":false,"footnotes":""},"categories":[1],"tags":[],"class_list":["post-39","post","type-post","status-publish","format-standard","hentry","category-sin-categoria"],"yoast_head":"<!-- This site is optimized with the Yoast SEO plugin v27.5 - https:\/\/yoast.com\/product\/yoast-seo-wordpress\/ -->\n<title>Visita de Amara - La Igualdad Lleva A \u2026 \u2013 C.P. LA CARRIONA MIRANDA - Avil\u00e9s \u2013 22\/23<\/title>\n<meta name=\"robots\" content=\"index, follow, max-snippet:-1, max-image-preview:large, max-video-preview:-1\" \/>\n<link rel=\"canonical\" href=\"http:\/\/lila.valnaloneduca.com\/cplacarrionamiranda-2223\/2022\/11\/18\/visita-de-amara\/\" \/>\n<meta property=\"og:locale\" content=\"es_ES\" \/>\n<meta property=\"og:type\" content=\"article\" \/>\n<meta property=\"og:title\" content=\"Visita de Amara - La Igualdad Lleva A \u2026 \u2013 C.P. LA CARRIONA MIRANDA - Avil\u00e9s \u2013 22\/23\" \/>\n<meta property=\"og:description\" content=\"Ayer recibimos a Amara en los cursos de tercero, cuarto, quinto y sexto de primaria. Hemos realizado un taller sobre igualdad que nos ha servido de mucha ayuda para empezar a trabajar en nuestro proyecto LILA. \u00a1Muchas gracias Amara!\" \/>\n<meta property=\"og:url\" content=\"http:\/\/lila.valnaloneduca.com\/cplacarrionamiranda-2223\/2022\/11\/18\/visita-de-amara\/\" \/>\n<meta property=\"og:site_name\" content=\"La Igualdad Lleva A \u2026 \u2013 C.P. LA CARRIONA MIRANDA - Avil\u00e9s \u2013 22\/23\" \/>\n<meta property=\"article:published_time\" content=\"2022-11-18T07:54:37+00:00\" \/>\n<meta property=\"article:modified_time\" content=\"2023-02-28T08:03:21+00:00\" \/>\n<meta property=\"og:image\" content=\"http:\/\/lila.valnaloneduca.com\/cplacarrionamiranda-2223\/wp-content\/uploads\/sites\/27\/2023\/02\/316206317_5394758990622832_7862579014309672051_n-1024x1024.jpg\" \/>\n<meta name=\"author\" content=\"lila\" \/>\n<meta name=\"twitter:card\" content=\"summary_large_image\" \/>\n<meta name=\"twitter:label1\" content=\"Escrito por\" \/>\n\t<meta name=\"twitter:data1\" content=\"lila\" \/>\n\t<meta name=\"twitter:label2\" content=\"Tiempo de lectura\" \/>\n\t<meta name=\"twitter:data2\" content=\"2 minutos\" \/>\n<script type=\"application\/ld+json\" class=\"yoast-schema-graph\">{\"@context\":\"https:\\\/\\\/schema.org\",\"@graph\":[{\"@type\":\"Article\",\"@id\":\"http:\\\/\\\/lila.valnaloneduca.com\\\/cplacarrionamiranda-2223\\\/2022\\\/11\\\/18\\\/visita-de-amara\\\/#article\",\"isPartOf\":{\"@id\":\"http:\\\/\\\/lila.valnaloneduca.com\\\/cplacarrionamiranda-2223\\\/2022\\\/11\\\/18\\\/visita-de-amara\\\/\"},\"author\":{\"name\":\"lila\",\"@id\":\"http:\\\/\\\/lila.valnaloneduca.com\\\/cplacarrionamiranda-2223\\\/#\\\/schema\\\/person\\\/b1d0422b250e580f42a136a82137c682\"},\"headline\":\"Visita de Amara\",\"datePublished\":\"2022-11-18T07:54:37+00:00\",\"dateModified\":\"2023-02-28T08:03:21+00:00\",\"mainEntityOfPage\":{\"@id\":\"http:\\\/\\\/lila.valnaloneduca.com\\\/cplacarrionamiranda-2223\\\/2022\\\/11\\\/18\\\/visita-de-amara\\\/\"},\"wordCount\":42,\"commentCount\":0,\"publisher\":{\"@id\":\"http:\\\/\\\/lila.valnaloneduca.com\\\/cplacarrionamiranda-2223\\\/#organization\"},\"image\":{\"@id\":\"http:\\\/\\\/lila.valnaloneduca.com\\\/cplacarrionamiranda-2223\\\/2022\\\/11\\\/18\\\/visita-de-amara\\\/#primaryimage\"},\"thumbnailUrl\":\"http:\\\/\\\/lila.valnaloneduca.com\\\/cplacarrionamiranda-2223\\\/wp-content\\\/uploads\\\/sites\\\/27\\\/2023\\\/02\\\/316206317_5394758990622832_7862579014309672051_n-1024x1024.jpg\",\"inLanguage\":\"es\",\"potentialAction\":[{\"@type\":\"CommentAction\",\"name\":\"Comment\",\"target\":[\"http:\\\/\\\/lila.valnaloneduca.com\\\/cplacarrionamiranda-2223\\\/2022\\\/11\\\/18\\\/visita-de-amara\\\/#respond\"]}]},{\"@type\":\"WebPage\",\"@id\":\"http:\\\/\\\/lila.valnaloneduca.com\\\/cplacarrionamiranda-2223\\\/2022\\\/11\\\/18\\\/visita-de-amara\\\/\",\"url\":\"http:\\\/\\\/lila.valnaloneduca.com\\\/cplacarrionamiranda-2223\\\/2022\\\/11\\\/18\\\/visita-de-amara\\\/\",\"name\":\"Visita de Amara - La Igualdad Lleva A \u2026 \u2013 C.P. LA CARRIONA MIRANDA - Avil\u00e9s \u2013 22\\\/23\",\"isPartOf\":{\"@id\":\"http:\\\/\\\/lila.valnaloneduca.com\\\/cplacarrionamiranda-2223\\\/#website\"},\"primaryImageOfPage\":{\"@id\":\"http:\\\/\\\/lila.valnaloneduca.com\\\/cplacarrionamiranda-2223\\\/2022\\\/11\\\/18\\\/visita-de-amara\\\/#primaryimage\"},\"image\":{\"@id\":\"http:\\\/\\\/lila.valnaloneduca.com\\\/cplacarrionamiranda-2223\\\/2022\\\/11\\\/18\\\/visita-de-amara\\\/#primaryimage\"},\"thumbnailUrl\":\"http:\\\/\\\/lila.valnaloneduca.com\\\/cplacarrionamiranda-2223\\\/wp-content\\\/uploads\\\/sites\\\/27\\\/2023\\\/02\\\/316206317_5394758990622832_7862579014309672051_n-1024x1024.jpg\",\"datePublished\":\"2022-11-18T07:54:37+00:00\",\"dateModified\":\"2023-02-28T08:03:21+00:00\",\"breadcrumb\":{\"@id\":\"http:\\\/\\\/lila.valnaloneduca.com\\\/cplacarrionamiranda-2223\\\/2022\\\/11\\\/18\\\/visita-de-amara\\\/#breadcrumb\"},\"inLanguage\":\"es\",\"potentialAction\":[{\"@type\":\"ReadAction\",\"target\":[\"http:\\\/\\\/lila.valnaloneduca.com\\\/cplacarrionamiranda-2223\\\/2022\\\/11\\\/18\\\/visita-de-amara\\\/\"]}]},{\"@type\":\"ImageObject\",\"inLanguage\":\"es\",\"@id\":\"http:\\\/\\\/lila.valnaloneduca.com\\\/cplacarrionamiranda-2223\\\/2022\\\/11\\\/18\\\/visita-de-amara\\\/#primaryimage\",\"url\":\"https:\\\/\\\/i0.wp.com\\\/lila.valnaloneduca.com\\\/cplacarrionamiranda-2223\\\/wp-content\\\/uploads\\\/sites\\\/27\\\/2023\\\/02\\\/316206317_5394758990622832_7862579014309672051_n.jpg?fit=1080%2C1080&ssl=1\",\"contentUrl\":\"https:\\\/\\\/i0.wp.com\\\/lila.valnaloneduca.com\\\/cplacarrionamiranda-2223\\\/wp-content\\\/uploads\\\/sites\\\/27\\\/2023\\\/02\\\/316206317_5394758990622832_7862579014309672051_n.jpg?fit=1080%2C1080&ssl=1\",\"width\":1080,\"height\":1080},{\"@type\":\"BreadcrumbList\",\"@id\":\"http:\\\/\\\/lila.valnaloneduca.com\\\/cplacarrionamiranda-2223\\\/2022\\\/11\\\/18\\\/visita-de-amara\\\/#breadcrumb\",\"itemListElement\":[{\"@type\":\"ListItem\",\"position\":1,\"name\":\"Portada\",\"item\":\"http:\\\/\\\/lila.valnaloneduca.com\\\/cplacarrionamiranda-2223\\\/\"},{\"@type\":\"ListItem\",\"position\":2,\"name\":\"Visita de Amara\"}]},{\"@type\":\"WebSite\",\"@id\":\"http:\\\/\\\/lila.valnaloneduca.com\\\/cplacarrionamiranda-2223\\\/#website\",\"url\":\"http:\\\/\\\/lila.valnaloneduca.com\\\/cplacarrionamiranda-2223\\\/\",\"name\":\"La Igualdad Lleva A \u2026 \u2013 C.P. LA CARRIONA MIRANDA - Avil\u00e9s \u2013 22\\\/23\",\"description\":\"La Igualdad Lleva A (LILA) es un Proyecto educativo de la Cadena de Formaci\u00f3n para Emprender del Principado de Asturias, que promueve el desarrollo de competencias emprendedoras al servicio de un trabajo para el empoderamiento y la promoci\u00f3n de la igualdad entre ni\u00f1os y ni\u00f1as de Educaci\u00f3n Primaria.\",\"publisher\":{\"@id\":\"http:\\\/\\\/lila.valnaloneduca.com\\\/cplacarrionamiranda-2223\\\/#organization\"},\"potentialAction\":[{\"@type\":\"SearchAction\",\"target\":{\"@type\":\"EntryPoint\",\"urlTemplate\":\"http:\\\/\\\/lila.valnaloneduca.com\\\/cplacarrionamiranda-2223\\\/?s={search_term_string}\"},\"query-input\":{\"@type\":\"PropertyValueSpecification\",\"valueRequired\":true,\"valueName\":\"search_term_string\"}}],\"inLanguage\":\"es\"},{\"@type\":\"Organization\",\"@id\":\"http:\\\/\\\/lila.valnaloneduca.com\\\/cplacarrionamiranda-2223\\\/#organization\",\"name\":\"La Igualdad Lleva A \u2026 \u2013 C.P. LA CARRIONA MIRANDA - Avil\u00e9s \u2013 22\\\/23\",\"url\":\"http:\\\/\\\/lila.valnaloneduca.com\\\/cplacarrionamiranda-2223\\\/\",\"logo\":{\"@type\":\"ImageObject\",\"inLanguage\":\"es\",\"@id\":\"http:\\\/\\\/lila.valnaloneduca.com\\\/cplacarrionamiranda-2223\\\/#\\\/schema\\\/logo\\\/image\\\/\",\"url\":\"https:\\\/\\\/i0.wp.com\\\/lila.valnaloneduca.com\\\/cplacarrionamiranda-2223\\\/wp-content\\\/uploads\\\/sites\\\/27\\\/2022\\\/10\\\/cropped-cropped-cropped-cabecero-1.png?fit=240%2C118&ssl=1\",\"contentUrl\":\"https:\\\/\\\/i0.wp.com\\\/lila.valnaloneduca.com\\\/cplacarrionamiranda-2223\\\/wp-content\\\/uploads\\\/sites\\\/27\\\/2022\\\/10\\\/cropped-cropped-cropped-cabecero-1.png?fit=240%2C118&ssl=1\",\"width\":240,\"height\":118,\"caption\":\"La Igualdad Lleva A \u2026 \u2013 C.P. LA CARRIONA MIRANDA - Avil\u00e9s \u2013 22\\\/23\"},\"image\":{\"@id\":\"http:\\\/\\\/lila.valnaloneduca.com\\\/cplacarrionamiranda-2223\\\/#\\\/schema\\\/logo\\\/image\\\/\"}},{\"@type\":\"Person\",\"@id\":\"http:\\\/\\\/lila.valnaloneduca.com\\\/cplacarrionamiranda-2223\\\/#\\\/schema\\\/person\\\/b1d0422b250e580f42a136a82137c682\",\"name\":\"lila\",\"image\":{\"@type\":\"ImageObject\",\"inLanguage\":\"es\",\"@id\":\"https:\\\/\\\/secure.gravatar.com\\\/avatar\\\/0a19043ae51bb80b0374edd52905a2458416f7c4e271ad0f728fde45dd03a88e?s=96&d=mm&r=g\",\"url\":\"https:\\\/\\\/secure.gravatar.com\\\/avatar\\\/0a19043ae51bb80b0374edd52905a2458416f7c4e271ad0f728fde45dd03a88e?s=96&d=mm&r=g\",\"contentUrl\":\"https:\\\/\\\/secure.gravatar.com\\\/avatar\\\/0a19043ae51bb80b0374edd52905a2458416f7c4e271ad0f728fde45dd03a88e?s=96&d=mm&r=g\",\"caption\":\"lila\"},\"url\":\"https:\\\/\\\/lila.valnaloneduca.com\\\/cplacarrionamiranda-2223\\\/author\\\/lila\\\/\"}]}<\/script>\n<!-- \/ Yoast SEO plugin. -->","yoast_head_json":{"title":"Visita de Amara - La Igualdad Lleva A \u2026 \u2013 C.P. LA CARRIONA MIRANDA - Avil\u00e9s \u2013 22\/23","robots":{"index":"index","follow":"follow","max-snippet":"max-snippet:-1","max-image-preview":"max-image-preview:large","max-video-preview":"max-video-preview:-1"},"canonical":"http:\/\/lila.valnaloneduca.com\/cplacarrionamiranda-2223\/2022\/11\/18\/visita-de-amara\/","og_locale":"es_ES","og_type":"article","og_title":"Visita de Amara - La Igualdad Lleva A \u2026 \u2013 C.P. LA CARRIONA MIRANDA - Avil\u00e9s \u2013 22\/23","og_description":"Ayer recibimos a Amara en los cursos de tercero, cuarto, quinto y sexto de primaria. Hemos realizado un taller sobre igualdad que nos ha servido de mucha ayuda para empezar a trabajar en nuestro proyecto LILA. \u00a1Muchas gracias Amara!","og_url":"http:\/\/lila.valnaloneduca.com\/cplacarrionamiranda-2223\/2022\/11\/18\/visita-de-amara\/","og_site_name":"La Igualdad Lleva A \u2026 \u2013 C.P. LA CARRIONA MIRANDA - Avil\u00e9s \u2013 22\/23","article_published_time":"2022-11-18T07:54:37+00:00","article_modified_time":"2023-02-28T08:03:21+00:00","og_image":[{"url":"http:\/\/lila.valnaloneduca.com\/cplacarrionamiranda-2223\/wp-content\/uploads\/sites\/27\/2023\/02\/316206317_5394758990622832_7862579014309672051_n-1024x1024.jpg","type":"","width":"","height":""}],"author":"lila","twitter_card":"summary_large_image","twitter_misc":{"Escrito por":"lila","Tiempo de lectura":"2 minutos"},"schema":{"@context":"https:\/\/schema.org","@graph":[{"@type":"Article","@id":"http:\/\/lila.valnaloneduca.com\/cplacarrionamiranda-2223\/2022\/11\/18\/visita-de-amara\/#article","isPartOf":{"@id":"http:\/\/lila.valnaloneduca.com\/cplacarrionamiranda-2223\/2022\/11\/18\/visita-de-amara\/"},"author":{"name":"lila","@id":"http:\/\/lila.valnaloneduca.com\/cplacarrionamiranda-2223\/#\/schema\/person\/b1d0422b250e580f42a136a82137c682"},"headline":"Visita de Amara","datePublished":"2022-11-18T07:54:37+00:00","dateModified":"2023-02-28T08:03:21+00:00","mainEntityOfPage":{"@id":"http:\/\/lila.valnaloneduca.com\/cplacarrionamiranda-2223\/2022\/11\/18\/visita-de-amara\/"},"wordCount":42,"commentCount":0,"publisher":{"@id":"http:\/\/lila.valnaloneduca.com\/cplacarrionamiranda-2223\/#organization"},"image":{"@id":"http:\/\/lila.valnaloneduca.com\/cplacarrionamiranda-2223\/2022\/11\/18\/visita-de-amara\/#primaryimage"},"thumbnailUrl":"http:\/\/lila.valnaloneduca.com\/cplacarrionamiranda-2223\/wp-content\/uploads\/sites\/27\/2023\/02\/316206317_5394758990622832_7862579014309672051_n-1024x1024.jpg","inLanguage":"es","potentialAction":[{"@type":"CommentAction","name":"Comment","target":["http:\/\/lila.valnaloneduca.com\/cplacarrionamiranda-2223\/2022\/11\/18\/visita-de-amara\/#respond"]}]},{"@type":"WebPage","@id":"http:\/\/lila.valnaloneduca.com\/cplacarrionamiranda-2223\/2022\/11\/18\/visita-de-amara\/","url":"http:\/\/lila.valnaloneduca.com\/cplacarrionamiranda-2223\/2022\/11\/18\/visita-de-amara\/","name":"Visita de Amara - La Igualdad Lleva A \u2026 \u2013 C.P. LA CARRIONA MIRANDA - Avil\u00e9s \u2013 22\/23","isPartOf":{"@id":"http:\/\/lila.valnaloneduca.com\/cplacarrionamiranda-2223\/#website"},"primaryImageOfPage":{"@id":"http:\/\/lila.valnaloneduca.com\/cplacarrionamiranda-2223\/2022\/11\/18\/visita-de-amara\/#primaryimage"},"image":{"@id":"http:\/\/lila.valnaloneduca.com\/cplacarrionamiranda-2223\/2022\/11\/18\/visita-de-amara\/#primaryimage"},"thumbnailUrl":"http:\/\/lila.valnaloneduca.com\/cplacarrionamiranda-2223\/wp-content\/uploads\/sites\/27\/2023\/02\/316206317_5394758990622832_7862579014309672051_n-1024x1024.jpg","datePublished":"2022-11-18T07:54:37+00:00","dateModified":"2023-02-28T08:03:21+00:00","breadcrumb":{"@id":"http:\/\/lila.valnaloneduca.com\/cplacarrionamiranda-2223\/2022\/11\/18\/visita-de-amara\/#breadcrumb"},"inLanguage":"es","potentialAction":[{"@type":"ReadAction","target":["http:\/\/lila.valnaloneduca.com\/cplacarrionamiranda-2223\/2022\/11\/18\/visita-de-amara\/"]}]},{"@type":"ImageObject","inLanguage":"es","@id":"http:\/\/lila.valnaloneduca.com\/cplacarrionamiranda-2223\/2022\/11\/18\/visita-de-amara\/#primaryimage","url":"https:\/\/i0.wp.com\/lila.valnaloneduca.com\/cplacarrionamiranda-2223\/wp-content\/uploads\/sites\/27\/2023\/02\/316206317_5394758990622832_7862579014309672051_n.jpg?fit=1080%2C1080&ssl=1","contentUrl":"https:\/\/i0.wp.com\/lila.valnaloneduca.com\/cplacarrionamiranda-2223\/wp-content\/uploads\/sites\/27\/2023\/02\/316206317_5394758990622832_7862579014309672051_n.jpg?fit=1080%2C1080&ssl=1","width":1080,"height":1080},{"@type":"BreadcrumbList","@id":"http:\/\/lila.valnaloneduca.com\/cplacarrionamiranda-2223\/2022\/11\/18\/visita-de-amara\/#breadcrumb","itemListElement":[{"@type":"ListItem","position":1,"name":"Portada","item":"http:\/\/lila.valnaloneduca.com\/cplacarrionamiranda-2223\/"},{"@type":"ListItem","position":2,"name":"Visita de Amara"}]},{"@type":"WebSite","@id":"http:\/\/lila.valnaloneduca.com\/cplacarrionamiranda-2223\/#website","url":"http:\/\/lila.valnaloneduca.com\/cplacarrionamiranda-2223\/","name":"La Igualdad Lleva A \u2026 \u2013 C.P. LA CARRIONA MIRANDA - Avil\u00e9s \u2013 22\/23","description":"La Igualdad Lleva A (LILA) es un Proyecto educativo de la Cadena de Formaci\u00f3n para Emprender del Principado de Asturias, que promueve el desarrollo de competencias emprendedoras al servicio de un trabajo para el empoderamiento y la promoci\u00f3n de la igualdad entre ni\u00f1os y ni\u00f1as de Educaci\u00f3n Primaria.","publisher":{"@id":"http:\/\/lila.valnaloneduca.com\/cplacarrionamiranda-2223\/#organization"},"potentialAction":[{"@type":"SearchAction","target":{"@type":"EntryPoint","urlTemplate":"http:\/\/lila.valnaloneduca.com\/cplacarrionamiranda-2223\/?s={search_term_string}"},"query-input":{"@type":"PropertyValueSpecification","valueRequired":true,"valueName":"search_term_string"}}],"inLanguage":"es"},{"@type":"Organization","@id":"http:\/\/lila.valnaloneduca.com\/cplacarrionamiranda-2223\/#organization","name":"La Igualdad Lleva A \u2026 \u2013 C.P. LA CARRIONA MIRANDA - Avil\u00e9s \u2013 22\/23","url":"http:\/\/lila.valnaloneduca.com\/cplacarrionamiranda-2223\/","logo":{"@type":"ImageObject","inLanguage":"es","@id":"http:\/\/lila.valnaloneduca.com\/cplacarrionamiranda-2223\/#\/schema\/logo\/image\/","url":"https:\/\/i0.wp.com\/lila.valnaloneduca.com\/cplacarrionamiranda-2223\/wp-content\/uploads\/sites\/27\/2022\/10\/cropped-cropped-cropped-cabecero-1.png?fit=240%2C118&ssl=1","contentUrl":"https:\/\/i0.wp.com\/lila.valnaloneduca.com\/cplacarrionamiranda-2223\/wp-content\/uploads\/sites\/27\/2022\/10\/cropped-cropped-cropped-cabecero-1.png?fit=240%2C118&ssl=1","width":240,"height":118,"caption":"La Igualdad Lleva A \u2026 \u2013 C.P. LA CARRIONA MIRANDA - Avil\u00e9s \u2013 22\/23"},"image":{"@id":"http:\/\/lila.valnaloneduca.com\/cplacarrionamiranda-2223\/#\/schema\/logo\/image\/"}},{"@type":"Person","@id":"http:\/\/lila.valnaloneduca.com\/cplacarrionamiranda-2223\/#\/schema\/person\/b1d0422b250e580f42a136a82137c682","name":"lila","image":{"@type":"ImageObject","inLanguage":"es","@id":"https:\/\/secure.gravatar.com\/avatar\/0a19043ae51bb80b0374edd52905a2458416f7c4e271ad0f728fde45dd03a88e?s=96&d=mm&r=g","url":"https:\/\/secure.gravatar.com\/avatar\/0a19043ae51bb80b0374edd52905a2458416f7c4e271ad0f728fde45dd03a88e?s=96&d=mm&r=g","contentUrl":"https:\/\/secure.gravatar.com\/avatar\/0a19043ae51bb80b0374edd52905a2458416f7c4e271ad0f728fde45dd03a88e?s=96&d=mm&r=g","caption":"lila"},"url":"https:\/\/lila.valnaloneduca.com\/cplacarrionamiranda-2223\/author\/lila\/"}]}},"jetpack_featured_media_url":"","jetpack_sharing_enabled":true,"_links":{"self":[{"href":"https:\/\/lila.valnaloneduca.com\/cplacarrionamiranda-2223\/wp-json\/wp\/v2\/posts\/39","targetHints":{"allow":["GET"]}}],"collection":[{"href":"https:\/\/lila.valnaloneduca.com\/cplacarrionamiranda-2223\/wp-json\/wp\/v2\/posts"}],"about":[{"href":"https:\/\/lila.valnaloneduca.com\/cplacarrionamiranda-2223\/wp-json\/wp\/v2\/types\/post"}],"author":[{"embeddable":true,"href":"https:\/\/lila.valnaloneduca.com\/cplacarrionamiranda-2223\/wp-json\/wp\/v2\/users\/2"}],"replies":[{"embeddable":true,"href":"https:\/\/lila.valnaloneduca.com\/cplacarrionamiranda-2223\/wp-json\/wp\/v2\/comments?post=39"}],"version-history":[{"count":1,"href":"https:\/\/lila.valnaloneduca.com\/cplacarrionamiranda-2223\/wp-json\/wp\/v2\/posts\/39\/revisions"}],"predecessor-version":[{"id":45,"href":"https:\/\/lila.valnaloneduca.com\/cplacarrionamiranda-2223\/wp-json\/wp\/v2\/posts\/39\/revisions\/45"}],"wp:attachment":[{"href":"https:\/\/lila.valnaloneduca.com\/cplacarrionamiranda-2223\/wp-json\/wp\/v2\/media?parent=39"}],"wp:term":[{"taxonomy":"category","embeddable":true,"href":"https:\/\/lila.valnaloneduca.com\/cplacarrionamiranda-2223\/wp-json\/wp\/v2\/categories?post=39"},{"taxonomy":"post_tag","embeddable":true,"href":"https:\/\/lila.valnaloneduca.com\/cplacarrionamiranda-2223\/wp-json\/wp\/v2\/tags?post=39"}],"curies":[{"name":"wp","href":"https:\/\/api.w.org\/{rel}","templated":true}]}}