{"id":68,"date":"2023-01-18T11:13:40","date_gmt":"2023-01-18T11:13:40","guid":{"rendered":"http:\/\/lila.valnaloneduca.com\/cplacarrionamiranda-2223\/?p=68"},"modified":"2023-03-08T11:36:47","modified_gmt":"2023-03-08T11:36:47","slug":"una-mirada-en-lila","status":"publish","type":"post","link":"https:\/\/lila.valnaloneduca.com\/cplacarrionamiranda-2223\/2023\/01\/18\/una-mirada-en-lila\/","title":{"rendered":"Una mirada en LILA"},"content":{"rendered":"\n<p>Tras la visita de Amara nos hemos puesto manos a la obra&#8230; lo que nos ha contado nos ha hecho pensar en qu\u00e9 tal vez no estemos observando las cosas en LILA. <\/p>\n\n\n\n<div class=\"wp-block-jetpack-slideshow aligncenter\" data-effect=\"slide\"><div class=\"wp-block-jetpack-slideshow_container swiper-container\"><ul class=\"wp-block-jetpack-slideshow_swiper-wrapper swiper-wrapper\"><li class=\"wp-block-jetpack-slideshow_slide swiper-slide\"><figure><img data-recalc-dims=\"1\" loading=\"lazy\" decoding=\"async\" width=\"473\" height=\"1024\" alt=\"\" class=\"wp-block-jetpack-slideshow_image wp-image-76\" data-id=\"76\" src=\"https:\/\/i0.wp.com\/lila.valnaloneduca.com\/cplacarrionamiranda-2223\/wp-content\/uploads\/sites\/27\/2023\/03\/IMG_20230116_123738.jpg?resize=473%2C1024\" srcset=\"https:\/\/i0.wp.com\/lila.valnaloneduca.com\/cplacarrionamiranda-2223\/wp-content\/uploads\/sites\/27\/2023\/03\/IMG_20230116_123738.jpg?resize=473%2C1024&amp;ssl=1 473w, https:\/\/i0.wp.com\/lila.valnaloneduca.com\/cplacarrionamiranda-2223\/wp-content\/uploads\/sites\/27\/2023\/03\/IMG_20230116_123738.jpg?resize=139%2C300&amp;ssl=1 139w, https:\/\/i0.wp.com\/lila.valnaloneduca.com\/cplacarrionamiranda-2223\/wp-content\/uploads\/sites\/27\/2023\/03\/IMG_20230116_123738.jpg?w=640&amp;ssl=1 640w\" sizes=\"(max-width: 473px) 85vw, 473px\" \/><\/figure><\/li><li class=\"wp-block-jetpack-slideshow_slide swiper-slide\"><figure><img data-recalc-dims=\"1\" loading=\"lazy\" decoding=\"async\" width=\"473\" height=\"1024\" alt=\"\" class=\"wp-block-jetpack-slideshow_image wp-image-75\" data-id=\"75\" src=\"https:\/\/i0.wp.com\/lila.valnaloneduca.com\/cplacarrionamiranda-2223\/wp-content\/uploads\/sites\/27\/2023\/03\/IMG_20230116_123723.jpg?resize=473%2C1024\" srcset=\"https:\/\/i0.wp.com\/lila.valnaloneduca.com\/cplacarrionamiranda-2223\/wp-content\/uploads\/sites\/27\/2023\/03\/IMG_20230116_123723.jpg?resize=473%2C1024&amp;ssl=1 473w, https:\/\/i0.wp.com\/lila.valnaloneduca.com\/cplacarrionamiranda-2223\/wp-content\/uploads\/sites\/27\/2023\/03\/IMG_20230116_123723.jpg?resize=139%2C300&amp;ssl=1 139w, https:\/\/i0.wp.com\/lila.valnaloneduca.com\/cplacarrionamiranda-2223\/wp-content\/uploads\/sites\/27\/2023\/03\/IMG_20230116_123723.jpg?w=640&amp;ssl=1 640w\" sizes=\"(max-width: 473px) 85vw, 473px\" \/><\/figure><\/li><li class=\"wp-block-jetpack-slideshow_slide swiper-slide\"><figure><img data-recalc-dims=\"1\" loading=\"lazy\" decoding=\"async\" width=\"473\" height=\"1024\" alt=\"\" class=\"wp-block-jetpack-slideshow_image wp-image-74\" data-id=\"74\" src=\"https:\/\/i0.wp.com\/lila.valnaloneduca.com\/cplacarrionamiranda-2223\/wp-content\/uploads\/sites\/27\/2023\/03\/IMG_20230116_123708.jpg?resize=473%2C1024\" srcset=\"https:\/\/i0.wp.com\/lila.valnaloneduca.com\/cplacarrionamiranda-2223\/wp-content\/uploads\/sites\/27\/2023\/03\/IMG_20230116_123708.jpg?resize=473%2C1024&amp;ssl=1 473w, https:\/\/i0.wp.com\/lila.valnaloneduca.com\/cplacarrionamiranda-2223\/wp-content\/uploads\/sites\/27\/2023\/03\/IMG_20230116_123708.jpg?resize=139%2C300&amp;ssl=1 139w, https:\/\/i0.wp.com\/lila.valnaloneduca.com\/cplacarrionamiranda-2223\/wp-content\/uploads\/sites\/27\/2023\/03\/IMG_20230116_123708.jpg?w=640&amp;ssl=1 640w\" sizes=\"(max-width: 473px) 85vw, 473px\" \/><\/figure><\/li><li class=\"wp-block-jetpack-slideshow_slide swiper-slide\"><figure><img data-recalc-dims=\"1\" loading=\"lazy\" decoding=\"async\" width=\"473\" height=\"1024\" alt=\"\" class=\"wp-block-jetpack-slideshow_image wp-image-73\" data-id=\"73\" src=\"https:\/\/i0.wp.com\/lila.valnaloneduca.com\/cplacarrionamiranda-2223\/wp-content\/uploads\/sites\/27\/2023\/03\/IMG_20230116_123704.jpg?resize=473%2C1024\" srcset=\"https:\/\/i0.wp.com\/lila.valnaloneduca.com\/cplacarrionamiranda-2223\/wp-content\/uploads\/sites\/27\/2023\/03\/IMG_20230116_123704.jpg?resize=473%2C1024&amp;ssl=1 473w, https:\/\/i0.wp.com\/lila.valnaloneduca.com\/cplacarrionamiranda-2223\/wp-content\/uploads\/sites\/27\/2023\/03\/IMG_20230116_123704.jpg?resize=139%2C300&amp;ssl=1 139w, https:\/\/i0.wp.com\/lila.valnaloneduca.com\/cplacarrionamiranda-2223\/wp-content\/uploads\/sites\/27\/2023\/03\/IMG_20230116_123704.jpg?w=640&amp;ssl=1 640w\" sizes=\"(max-width: 473px) 85vw, 473px\" \/><\/figure><\/li><\/ul><a class=\"wp-block-jetpack-slideshow_button-prev swiper-button-prev swiper-button-white\" role=\"button\"><\/a><a class=\"wp-block-jetpack-slideshow_button-next swiper-button-next swiper-button-white\" role=\"button\"><\/a><a aria-label=\"Pause Slideshow\" class=\"wp-block-jetpack-slideshow_button-pause\" role=\"button\"><\/a><div class=\"wp-block-jetpack-slideshow_pagination swiper-pagination swiper-pagination-white\"><\/div><\/div><\/div>\n\n\n\n<p>Nos hemos hecho nuestras gafas LILA para empezar a analizar lo que nos rodea con otra mirada.<\/p>\n\n\n\n<p>Hemos empezado con el cuento de Caperucita Roja , despu\u00e9s hemos estado pensando y hablando sobre los estereotipos que nos rodean y normalizamos sin darnos cuenta.<\/p>\n\n\n\n<figure class=\"wp-block-gallery has-nested-images columns-default is-cropped wp-block-gallery-1 is-layout-flex wp-block-gallery-is-layout-flex\">\n<figure class=\"wp-block-image size-large\"><img data-recalc-dims=\"1\" loading=\"lazy\" decoding=\"async\" width=\"640\" height=\"296\" data-id=\"72\" src=\"https:\/\/i0.wp.com\/lila.valnaloneduca.com\/cplacarrionamiranda-2223\/wp-content\/uploads\/sites\/27\/2023\/03\/IMG_20230113_125250.jpg?resize=640%2C296\" alt=\"\" class=\"wp-image-72\" srcset=\"https:\/\/i0.wp.com\/lila.valnaloneduca.com\/cplacarrionamiranda-2223\/wp-content\/uploads\/sites\/27\/2023\/03\/IMG_20230113_125250.jpg?w=640&amp;ssl=1 640w, https:\/\/i0.wp.com\/lila.valnaloneduca.com\/cplacarrionamiranda-2223\/wp-content\/uploads\/sites\/27\/2023\/03\/IMG_20230113_125250.jpg?resize=300%2C139&amp;ssl=1 300w\" sizes=\"auto, (max-width: 709px) 85vw, (max-width: 909px) 67vw, (max-width: 984px) 61vw, (max-width: 1362px) 45vw, 600px\" \/><\/figure>\n\n\n\n<figure class=\"wp-block-image size-large\"><img data-recalc-dims=\"1\" loading=\"lazy\" decoding=\"async\" width=\"640\" height=\"296\" data-id=\"71\" src=\"https:\/\/i0.wp.com\/lila.valnaloneduca.com\/cplacarrionamiranda-2223\/wp-content\/uploads\/sites\/27\/2023\/03\/IMG_20230113_125241.jpg?resize=640%2C296\" alt=\"\" class=\"wp-image-71\" srcset=\"https:\/\/i0.wp.com\/lila.valnaloneduca.com\/cplacarrionamiranda-2223\/wp-content\/uploads\/sites\/27\/2023\/03\/IMG_20230113_125241.jpg?w=640&amp;ssl=1 640w, https:\/\/i0.wp.com\/lila.valnaloneduca.com\/cplacarrionamiranda-2223\/wp-content\/uploads\/sites\/27\/2023\/03\/IMG_20230113_125241.jpg?resize=300%2C139&amp;ssl=1 300w\" sizes=\"auto, (max-width: 709px) 85vw, (max-width: 909px) 67vw, (max-width: 984px) 61vw, (max-width: 1362px) 45vw, 600px\" \/><\/figure>\n\n\n\n<figure class=\"wp-block-image size-large\"><img data-recalc-dims=\"1\" loading=\"lazy\" decoding=\"async\" width=\"640\" height=\"296\" data-id=\"70\" src=\"https:\/\/i0.wp.com\/lila.valnaloneduca.com\/cplacarrionamiranda-2223\/wp-content\/uploads\/sites\/27\/2023\/03\/IMG_20230113_125214.jpg?resize=640%2C296\" alt=\"\" class=\"wp-image-70\" srcset=\"https:\/\/i0.wp.com\/lila.valnaloneduca.com\/cplacarrionamiranda-2223\/wp-content\/uploads\/sites\/27\/2023\/03\/IMG_20230113_125214.jpg?w=640&amp;ssl=1 640w, https:\/\/i0.wp.com\/lila.valnaloneduca.com\/cplacarrionamiranda-2223\/wp-content\/uploads\/sites\/27\/2023\/03\/IMG_20230113_125214.jpg?resize=300%2C139&amp;ssl=1 300w\" sizes=\"auto, (max-width: 709px) 85vw, (max-width: 909px) 67vw, (max-width: 984px) 61vw, (max-width: 1362px) 45vw, 600px\" \/><\/figure>\n\n\n\n<figure class=\"wp-block-image size-large\"><img data-recalc-dims=\"1\" loading=\"lazy\" decoding=\"async\" width=\"640\" height=\"296\" data-id=\"69\" src=\"https:\/\/i0.wp.com\/lila.valnaloneduca.com\/cplacarrionamiranda-2223\/wp-content\/uploads\/sites\/27\/2023\/03\/IMG_20230113_125208.jpg?resize=640%2C296\" alt=\"\" class=\"wp-image-69\" srcset=\"https:\/\/i0.wp.com\/lila.valnaloneduca.com\/cplacarrionamiranda-2223\/wp-content\/uploads\/sites\/27\/2023\/03\/IMG_20230113_125208.jpg?w=640&amp;ssl=1 640w, https:\/\/i0.wp.com\/lila.valnaloneduca.com\/cplacarrionamiranda-2223\/wp-content\/uploads\/sites\/27\/2023\/03\/IMG_20230113_125208.jpg?resize=300%2C139&amp;ssl=1 300w\" sizes=\"auto, (max-width: 709px) 85vw, (max-width: 909px) 67vw, (max-width: 984px) 61vw, (max-width: 1362px) 45vw, 600px\" \/><\/figure>\n<\/figure>\n\n\n\n<p><\/p>\n\n\n\n<p>As\u00ed que nos nuestras gafas LILA seguiremos detect\u00e1ndolos para intentar ir cambiando las cosas.<\/p>\n\n\n\n<figure class=\"wp-block-gallery has-nested-images columns-default is-cropped wp-block-gallery-2 is-layout-flex wp-block-gallery-is-layout-flex\">\n<figure class=\"wp-block-image size-large\"><img data-recalc-dims=\"1\" loading=\"lazy\" decoding=\"async\" width=\"640\" height=\"296\" data-id=\"77\" src=\"https:\/\/i0.wp.com\/lila.valnaloneduca.com\/cplacarrionamiranda-2223\/wp-content\/uploads\/sites\/27\/2023\/03\/IMG_20230116_130203.jpg?resize=640%2C296\" alt=\"\" class=\"wp-image-77\" srcset=\"https:\/\/i0.wp.com\/lila.valnaloneduca.com\/cplacarrionamiranda-2223\/wp-content\/uploads\/sites\/27\/2023\/03\/IMG_20230116_130203.jpg?w=640&amp;ssl=1 640w, https:\/\/i0.wp.com\/lila.valnaloneduca.com\/cplacarrionamiranda-2223\/wp-content\/uploads\/sites\/27\/2023\/03\/IMG_20230116_130203.jpg?resize=300%2C139&amp;ssl=1 300w\" sizes=\"auto, (max-width: 709px) 85vw, (max-width: 909px) 67vw, (max-width: 984px) 61vw, (max-width: 1362px) 45vw, 600px\" \/><\/figure>\n<\/figure>\n","protected":false},"excerpt":{"rendered":"<p>Tras la visita de Amara nos hemos puesto manos a la obra&#8230; lo que nos ha contado nos ha hecho pensar en qu\u00e9 tal vez no estemos observando las cosas en LILA. Nos hemos hecho nuestras gafas LILA para empezar a analizar lo que nos rodea con otra mirada. Hemos empezado con el cuento de &hellip; <a href=\"https:\/\/lila.valnaloneduca.com\/cplacarrionamiranda-2223\/2023\/01\/18\/una-mirada-en-lila\/\" class=\"more-link\">Continuar leyendo<span class=\"screen-reader-text\"> \u00abUna mirada en LILA\u00bb<\/span><\/a><\/p>\n","protected":false},"author":2,"featured_media":0,"comment_status":"open","ping_status":"open","sticky":false,"template":"","format":"standard","meta":{"_jetpack_memberships_contains_paid_content":false,"footnotes":""},"categories":[1],"tags":[],"class_list":["post-68","post","type-post","status-publish","format-standard","hentry","category-sin-categoria"],"yoast_head":"<!-- This site is optimized with the Yoast SEO plugin v27.5 - https:\/\/yoast.com\/product\/yoast-seo-wordpress\/ -->\n<title>Una mirada en LILA - La Igualdad Lleva A \u2026 \u2013 C.P. LA CARRIONA MIRANDA - Avil\u00e9s \u2013 22\/23<\/title>\n<meta name=\"robots\" content=\"index, follow, max-snippet:-1, max-image-preview:large, max-video-preview:-1\" \/>\n<link rel=\"canonical\" href=\"http:\/\/lila.valnaloneduca.com\/cplacarrionamiranda-2223\/2023\/01\/18\/una-mirada-en-lila\/\" \/>\n<meta property=\"og:locale\" content=\"es_ES\" \/>\n<meta property=\"og:type\" content=\"article\" \/>\n<meta property=\"og:title\" content=\"Una mirada en LILA - La Igualdad Lleva A \u2026 \u2013 C.P. LA CARRIONA MIRANDA - Avil\u00e9s \u2013 22\/23\" \/>\n<meta property=\"og:description\" content=\"Tras la visita de Amara nos hemos puesto manos a la obra&#8230; lo que nos ha contado nos ha hecho pensar en qu\u00e9 tal vez no estemos observando las cosas en LILA. Nos hemos hecho nuestras gafas LILA para empezar a analizar lo que nos rodea con otra mirada. Hemos empezado con el cuento de &hellip; Continuar leyendo &quot;Una mirada en LILA&quot;\" \/>\n<meta property=\"og:url\" content=\"http:\/\/lila.valnaloneduca.com\/cplacarrionamiranda-2223\/2023\/01\/18\/una-mirada-en-lila\/\" \/>\n<meta property=\"og:site_name\" content=\"La Igualdad Lleva A \u2026 \u2013 C.P. LA CARRIONA MIRANDA - Avil\u00e9s \u2013 22\/23\" \/>\n<meta property=\"article:published_time\" content=\"2023-01-18T11:13:40+00:00\" \/>\n<meta property=\"article:modified_time\" content=\"2023-03-08T11:36:47+00:00\" \/>\n<meta property=\"og:image\" content=\"http:\/\/lila.valnaloneduca.com\/cplacarrionamiranda-2223\/wp-content\/uploads\/sites\/27\/2023\/03\/IMG_20230116_123738-473x1024.jpg\" \/>\n<meta name=\"author\" content=\"lila\" \/>\n<meta name=\"twitter:card\" content=\"summary_large_image\" \/>\n<meta name=\"twitter:label1\" content=\"Escrito por\" \/>\n\t<meta name=\"twitter:data1\" content=\"lila\" \/>\n\t<meta name=\"twitter:label2\" content=\"Tiempo de lectura\" \/>\n\t<meta name=\"twitter:data2\" content=\"3 minutos\" \/>\n<script type=\"application\/ld+json\" class=\"yoast-schema-graph\">{\"@context\":\"https:\\\/\\\/schema.org\",\"@graph\":[{\"@type\":\"Article\",\"@id\":\"http:\\\/\\\/lila.valnaloneduca.com\\\/cplacarrionamiranda-2223\\\/2023\\\/01\\\/18\\\/una-mirada-en-lila\\\/#article\",\"isPartOf\":{\"@id\":\"http:\\\/\\\/lila.valnaloneduca.com\\\/cplacarrionamiranda-2223\\\/2023\\\/01\\\/18\\\/una-mirada-en-lila\\\/\"},\"author\":{\"name\":\"lila\",\"@id\":\"http:\\\/\\\/lila.valnaloneduca.com\\\/cplacarrionamiranda-2223\\\/#\\\/schema\\\/person\\\/b1d0422b250e580f42a136a82137c682\"},\"headline\":\"Una mirada en LILA\",\"datePublished\":\"2023-01-18T11:13:40+00:00\",\"dateModified\":\"2023-03-08T11:36:47+00:00\",\"mainEntityOfPage\":{\"@id\":\"http:\\\/\\\/lila.valnaloneduca.com\\\/cplacarrionamiranda-2223\\\/2023\\\/01\\\/18\\\/una-mirada-en-lila\\\/\"},\"wordCount\":94,\"commentCount\":0,\"publisher\":{\"@id\":\"http:\\\/\\\/lila.valnaloneduca.com\\\/cplacarrionamiranda-2223\\\/#organization\"},\"image\":{\"@id\":\"http:\\\/\\\/lila.valnaloneduca.com\\\/cplacarrionamiranda-2223\\\/2023\\\/01\\\/18\\\/una-mirada-en-lila\\\/#primaryimage\"},\"thumbnailUrl\":\"http:\\\/\\\/lila.valnaloneduca.com\\\/cplacarrionamiranda-2223\\\/wp-content\\\/uploads\\\/sites\\\/27\\\/2023\\\/03\\\/IMG_20230116_123738-473x1024.jpg\",\"inLanguage\":\"es\",\"potentialAction\":[{\"@type\":\"CommentAction\",\"name\":\"Comment\",\"target\":[\"http:\\\/\\\/lila.valnaloneduca.com\\\/cplacarrionamiranda-2223\\\/2023\\\/01\\\/18\\\/una-mirada-en-lila\\\/#respond\"]}]},{\"@type\":\"WebPage\",\"@id\":\"http:\\\/\\\/lila.valnaloneduca.com\\\/cplacarrionamiranda-2223\\\/2023\\\/01\\\/18\\\/una-mirada-en-lila\\\/\",\"url\":\"http:\\\/\\\/lila.valnaloneduca.com\\\/cplacarrionamiranda-2223\\\/2023\\\/01\\\/18\\\/una-mirada-en-lila\\\/\",\"name\":\"Una mirada en LILA - La Igualdad Lleva A \u2026 \u2013 C.P. LA CARRIONA MIRANDA - Avil\u00e9s \u2013 22\\\/23\",\"isPartOf\":{\"@id\":\"http:\\\/\\\/lila.valnaloneduca.com\\\/cplacarrionamiranda-2223\\\/#website\"},\"primaryImageOfPage\":{\"@id\":\"http:\\\/\\\/lila.valnaloneduca.com\\\/cplacarrionamiranda-2223\\\/2023\\\/01\\\/18\\\/una-mirada-en-lila\\\/#primaryimage\"},\"image\":{\"@id\":\"http:\\\/\\\/lila.valnaloneduca.com\\\/cplacarrionamiranda-2223\\\/2023\\\/01\\\/18\\\/una-mirada-en-lila\\\/#primaryimage\"},\"thumbnailUrl\":\"http:\\\/\\\/lila.valnaloneduca.com\\\/cplacarrionamiranda-2223\\\/wp-content\\\/uploads\\\/sites\\\/27\\\/2023\\\/03\\\/IMG_20230116_123738-473x1024.jpg\",\"datePublished\":\"2023-01-18T11:13:40+00:00\",\"dateModified\":\"2023-03-08T11:36:47+00:00\",\"breadcrumb\":{\"@id\":\"http:\\\/\\\/lila.valnaloneduca.com\\\/cplacarrionamiranda-2223\\\/2023\\\/01\\\/18\\\/una-mirada-en-lila\\\/#breadcrumb\"},\"inLanguage\":\"es\",\"potentialAction\":[{\"@type\":\"ReadAction\",\"target\":[\"http:\\\/\\\/lila.valnaloneduca.com\\\/cplacarrionamiranda-2223\\\/2023\\\/01\\\/18\\\/una-mirada-en-lila\\\/\"]}]},{\"@type\":\"ImageObject\",\"inLanguage\":\"es\",\"@id\":\"http:\\\/\\\/lila.valnaloneduca.com\\\/cplacarrionamiranda-2223\\\/2023\\\/01\\\/18\\\/una-mirada-en-lila\\\/#primaryimage\",\"url\":\"https:\\\/\\\/i0.wp.com\\\/lila.valnaloneduca.com\\\/cplacarrionamiranda-2223\\\/wp-content\\\/uploads\\\/sites\\\/27\\\/2023\\\/03\\\/IMG_20230116_123738.jpg?fit=640%2C1386&ssl=1\",\"contentUrl\":\"https:\\\/\\\/i0.wp.com\\\/lila.valnaloneduca.com\\\/cplacarrionamiranda-2223\\\/wp-content\\\/uploads\\\/sites\\\/27\\\/2023\\\/03\\\/IMG_20230116_123738.jpg?fit=640%2C1386&ssl=1\",\"width\":640,\"height\":1386},{\"@type\":\"BreadcrumbList\",\"@id\":\"http:\\\/\\\/lila.valnaloneduca.com\\\/cplacarrionamiranda-2223\\\/2023\\\/01\\\/18\\\/una-mirada-en-lila\\\/#breadcrumb\",\"itemListElement\":[{\"@type\":\"ListItem\",\"position\":1,\"name\":\"Portada\",\"item\":\"http:\\\/\\\/lila.valnaloneduca.com\\\/cplacarrionamiranda-2223\\\/\"},{\"@type\":\"ListItem\",\"position\":2,\"name\":\"Una mirada en LILA\"}]},{\"@type\":\"WebSite\",\"@id\":\"http:\\\/\\\/lila.valnaloneduca.com\\\/cplacarrionamiranda-2223\\\/#website\",\"url\":\"http:\\\/\\\/lila.valnaloneduca.com\\\/cplacarrionamiranda-2223\\\/\",\"name\":\"La Igualdad Lleva A \u2026 \u2013 C.P. LA CARRIONA MIRANDA - Avil\u00e9s \u2013 22\\\/23\",\"description\":\"La Igualdad Lleva A (LILA) es un Proyecto educativo de la Cadena de Formaci\u00f3n para Emprender del Principado de Asturias, que promueve el desarrollo de competencias emprendedoras al servicio de un trabajo para el empoderamiento y la promoci\u00f3n de la igualdad entre ni\u00f1os y ni\u00f1as de Educaci\u00f3n Primaria.\",\"publisher\":{\"@id\":\"http:\\\/\\\/lila.valnaloneduca.com\\\/cplacarrionamiranda-2223\\\/#organization\"},\"potentialAction\":[{\"@type\":\"SearchAction\",\"target\":{\"@type\":\"EntryPoint\",\"urlTemplate\":\"http:\\\/\\\/lila.valnaloneduca.com\\\/cplacarrionamiranda-2223\\\/?s={search_term_string}\"},\"query-input\":{\"@type\":\"PropertyValueSpecification\",\"valueRequired\":true,\"valueName\":\"search_term_string\"}}],\"inLanguage\":\"es\"},{\"@type\":\"Organization\",\"@id\":\"http:\\\/\\\/lila.valnaloneduca.com\\\/cplacarrionamiranda-2223\\\/#organization\",\"name\":\"La Igualdad Lleva A \u2026 \u2013 C.P. LA CARRIONA MIRANDA - Avil\u00e9s \u2013 22\\\/23\",\"url\":\"http:\\\/\\\/lila.valnaloneduca.com\\\/cplacarrionamiranda-2223\\\/\",\"logo\":{\"@type\":\"ImageObject\",\"inLanguage\":\"es\",\"@id\":\"http:\\\/\\\/lila.valnaloneduca.com\\\/cplacarrionamiranda-2223\\\/#\\\/schema\\\/logo\\\/image\\\/\",\"url\":\"https:\\\/\\\/i0.wp.com\\\/lila.valnaloneduca.com\\\/cplacarrionamiranda-2223\\\/wp-content\\\/uploads\\\/sites\\\/27\\\/2022\\\/10\\\/cropped-cropped-cropped-cabecero-1.png?fit=240%2C118&ssl=1\",\"contentUrl\":\"https:\\\/\\\/i0.wp.com\\\/lila.valnaloneduca.com\\\/cplacarrionamiranda-2223\\\/wp-content\\\/uploads\\\/sites\\\/27\\\/2022\\\/10\\\/cropped-cropped-cropped-cabecero-1.png?fit=240%2C118&ssl=1\",\"width\":240,\"height\":118,\"caption\":\"La Igualdad Lleva A \u2026 \u2013 C.P. LA CARRIONA MIRANDA - Avil\u00e9s \u2013 22\\\/23\"},\"image\":{\"@id\":\"http:\\\/\\\/lila.valnaloneduca.com\\\/cplacarrionamiranda-2223\\\/#\\\/schema\\\/logo\\\/image\\\/\"}},{\"@type\":\"Person\",\"@id\":\"http:\\\/\\\/lila.valnaloneduca.com\\\/cplacarrionamiranda-2223\\\/#\\\/schema\\\/person\\\/b1d0422b250e580f42a136a82137c682\",\"name\":\"lila\",\"image\":{\"@type\":\"ImageObject\",\"inLanguage\":\"es\",\"@id\":\"https:\\\/\\\/secure.gravatar.com\\\/avatar\\\/0a19043ae51bb80b0374edd52905a2458416f7c4e271ad0f728fde45dd03a88e?s=96&d=mm&r=g\",\"url\":\"https:\\\/\\\/secure.gravatar.com\\\/avatar\\\/0a19043ae51bb80b0374edd52905a2458416f7c4e271ad0f728fde45dd03a88e?s=96&d=mm&r=g\",\"contentUrl\":\"https:\\\/\\\/secure.gravatar.com\\\/avatar\\\/0a19043ae51bb80b0374edd52905a2458416f7c4e271ad0f728fde45dd03a88e?s=96&d=mm&r=g\",\"caption\":\"lila\"},\"url\":\"https:\\\/\\\/lila.valnaloneduca.com\\\/cplacarrionamiranda-2223\\\/author\\\/lila\\\/\"}]}<\/script>\n<!-- \/ Yoast SEO plugin. -->","yoast_head_json":{"title":"Una mirada en LILA - La Igualdad Lleva A \u2026 \u2013 C.P. LA CARRIONA MIRANDA - Avil\u00e9s \u2013 22\/23","robots":{"index":"index","follow":"follow","max-snippet":"max-snippet:-1","max-image-preview":"max-image-preview:large","max-video-preview":"max-video-preview:-1"},"canonical":"http:\/\/lila.valnaloneduca.com\/cplacarrionamiranda-2223\/2023\/01\/18\/una-mirada-en-lila\/","og_locale":"es_ES","og_type":"article","og_title":"Una mirada en LILA - La Igualdad Lleva A \u2026 \u2013 C.P. LA CARRIONA MIRANDA - Avil\u00e9s \u2013 22\/23","og_description":"Tras la visita de Amara nos hemos puesto manos a la obra&#8230; lo que nos ha contado nos ha hecho pensar en qu\u00e9 tal vez no estemos observando las cosas en LILA. Nos hemos hecho nuestras gafas LILA para empezar a analizar lo que nos rodea con otra mirada. Hemos empezado con el cuento de &hellip; Continuar leyendo \"Una mirada en LILA\"","og_url":"http:\/\/lila.valnaloneduca.com\/cplacarrionamiranda-2223\/2023\/01\/18\/una-mirada-en-lila\/","og_site_name":"La Igualdad Lleva A \u2026 \u2013 C.P. LA CARRIONA MIRANDA - Avil\u00e9s \u2013 22\/23","article_published_time":"2023-01-18T11:13:40+00:00","article_modified_time":"2023-03-08T11:36:47+00:00","og_image":[{"url":"http:\/\/lila.valnaloneduca.com\/cplacarrionamiranda-2223\/wp-content\/uploads\/sites\/27\/2023\/03\/IMG_20230116_123738-473x1024.jpg","type":"","width":"","height":""}],"author":"lila","twitter_card":"summary_large_image","twitter_misc":{"Escrito por":"lila","Tiempo de lectura":"3 minutos"},"schema":{"@context":"https:\/\/schema.org","@graph":[{"@type":"Article","@id":"http:\/\/lila.valnaloneduca.com\/cplacarrionamiranda-2223\/2023\/01\/18\/una-mirada-en-lila\/#article","isPartOf":{"@id":"http:\/\/lila.valnaloneduca.com\/cplacarrionamiranda-2223\/2023\/01\/18\/una-mirada-en-lila\/"},"author":{"name":"lila","@id":"http:\/\/lila.valnaloneduca.com\/cplacarrionamiranda-2223\/#\/schema\/person\/b1d0422b250e580f42a136a82137c682"},"headline":"Una mirada en LILA","datePublished":"2023-01-18T11:13:40+00:00","dateModified":"2023-03-08T11:36:47+00:00","mainEntityOfPage":{"@id":"http:\/\/lila.valnaloneduca.com\/cplacarrionamiranda-2223\/2023\/01\/18\/una-mirada-en-lila\/"},"wordCount":94,"commentCount":0,"publisher":{"@id":"http:\/\/lila.valnaloneduca.com\/cplacarrionamiranda-2223\/#organization"},"image":{"@id":"http:\/\/lila.valnaloneduca.com\/cplacarrionamiranda-2223\/2023\/01\/18\/una-mirada-en-lila\/#primaryimage"},"thumbnailUrl":"http:\/\/lila.valnaloneduca.com\/cplacarrionamiranda-2223\/wp-content\/uploads\/sites\/27\/2023\/03\/IMG_20230116_123738-473x1024.jpg","inLanguage":"es","potentialAction":[{"@type":"CommentAction","name":"Comment","target":["http:\/\/lila.valnaloneduca.com\/cplacarrionamiranda-2223\/2023\/01\/18\/una-mirada-en-lila\/#respond"]}]},{"@type":"WebPage","@id":"http:\/\/lila.valnaloneduca.com\/cplacarrionamiranda-2223\/2023\/01\/18\/una-mirada-en-lila\/","url":"http:\/\/lila.valnaloneduca.com\/cplacarrionamiranda-2223\/2023\/01\/18\/una-mirada-en-lila\/","name":"Una mirada en LILA - La Igualdad Lleva A \u2026 \u2013 C.P. LA CARRIONA MIRANDA - Avil\u00e9s \u2013 22\/23","isPartOf":{"@id":"http:\/\/lila.valnaloneduca.com\/cplacarrionamiranda-2223\/#website"},"primaryImageOfPage":{"@id":"http:\/\/lila.valnaloneduca.com\/cplacarrionamiranda-2223\/2023\/01\/18\/una-mirada-en-lila\/#primaryimage"},"image":{"@id":"http:\/\/lila.valnaloneduca.com\/cplacarrionamiranda-2223\/2023\/01\/18\/una-mirada-en-lila\/#primaryimage"},"thumbnailUrl":"http:\/\/lila.valnaloneduca.com\/cplacarrionamiranda-2223\/wp-content\/uploads\/sites\/27\/2023\/03\/IMG_20230116_123738-473x1024.jpg","datePublished":"2023-01-18T11:13:40+00:00","dateModified":"2023-03-08T11:36:47+00:00","breadcrumb":{"@id":"http:\/\/lila.valnaloneduca.com\/cplacarrionamiranda-2223\/2023\/01\/18\/una-mirada-en-lila\/#breadcrumb"},"inLanguage":"es","potentialAction":[{"@type":"ReadAction","target":["http:\/\/lila.valnaloneduca.com\/cplacarrionamiranda-2223\/2023\/01\/18\/una-mirada-en-lila\/"]}]},{"@type":"ImageObject","inLanguage":"es","@id":"http:\/\/lila.valnaloneduca.com\/cplacarrionamiranda-2223\/2023\/01\/18\/una-mirada-en-lila\/#primaryimage","url":"https:\/\/i0.wp.com\/lila.valnaloneduca.com\/cplacarrionamiranda-2223\/wp-content\/uploads\/sites\/27\/2023\/03\/IMG_20230116_123738.jpg?fit=640%2C1386&ssl=1","contentUrl":"https:\/\/i0.wp.com\/lila.valnaloneduca.com\/cplacarrionamiranda-2223\/wp-content\/uploads\/sites\/27\/2023\/03\/IMG_20230116_123738.jpg?fit=640%2C1386&ssl=1","width":640,"height":1386},{"@type":"BreadcrumbList","@id":"http:\/\/lila.valnaloneduca.com\/cplacarrionamiranda-2223\/2023\/01\/18\/una-mirada-en-lila\/#breadcrumb","itemListElement":[{"@type":"ListItem","position":1,"name":"Portada","item":"http:\/\/lila.valnaloneduca.com\/cplacarrionamiranda-2223\/"},{"@type":"ListItem","position":2,"name":"Una mirada en LILA"}]},{"@type":"WebSite","@id":"http:\/\/lila.valnaloneduca.com\/cplacarrionamiranda-2223\/#website","url":"http:\/\/lila.valnaloneduca.com\/cplacarrionamiranda-2223\/","name":"La Igualdad Lleva A \u2026 \u2013 C.P. LA CARRIONA MIRANDA - Avil\u00e9s \u2013 22\/23","description":"La Igualdad Lleva A (LILA) es un Proyecto educativo de la Cadena de Formaci\u00f3n para Emprender del Principado de Asturias, que promueve el desarrollo de competencias emprendedoras al servicio de un trabajo para el empoderamiento y la promoci\u00f3n de la igualdad entre ni\u00f1os y ni\u00f1as de Educaci\u00f3n Primaria.","publisher":{"@id":"http:\/\/lila.valnaloneduca.com\/cplacarrionamiranda-2223\/#organization"},"potentialAction":[{"@type":"SearchAction","target":{"@type":"EntryPoint","urlTemplate":"http:\/\/lila.valnaloneduca.com\/cplacarrionamiranda-2223\/?s={search_term_string}"},"query-input":{"@type":"PropertyValueSpecification","valueRequired":true,"valueName":"search_term_string"}}],"inLanguage":"es"},{"@type":"Organization","@id":"http:\/\/lila.valnaloneduca.com\/cplacarrionamiranda-2223\/#organization","name":"La Igualdad Lleva A \u2026 \u2013 C.P. LA CARRIONA MIRANDA - Avil\u00e9s \u2013 22\/23","url":"http:\/\/lila.valnaloneduca.com\/cplacarrionamiranda-2223\/","logo":{"@type":"ImageObject","inLanguage":"es","@id":"http:\/\/lila.valnaloneduca.com\/cplacarrionamiranda-2223\/#\/schema\/logo\/image\/","url":"https:\/\/i0.wp.com\/lila.valnaloneduca.com\/cplacarrionamiranda-2223\/wp-content\/uploads\/sites\/27\/2022\/10\/cropped-cropped-cropped-cabecero-1.png?fit=240%2C118&ssl=1","contentUrl":"https:\/\/i0.wp.com\/lila.valnaloneduca.com\/cplacarrionamiranda-2223\/wp-content\/uploads\/sites\/27\/2022\/10\/cropped-cropped-cropped-cabecero-1.png?fit=240%2C118&ssl=1","width":240,"height":118,"caption":"La Igualdad Lleva A \u2026 \u2013 C.P. LA CARRIONA MIRANDA - Avil\u00e9s \u2013 22\/23"},"image":{"@id":"http:\/\/lila.valnaloneduca.com\/cplacarrionamiranda-2223\/#\/schema\/logo\/image\/"}},{"@type":"Person","@id":"http:\/\/lila.valnaloneduca.com\/cplacarrionamiranda-2223\/#\/schema\/person\/b1d0422b250e580f42a136a82137c682","name":"lila","image":{"@type":"ImageObject","inLanguage":"es","@id":"https:\/\/secure.gravatar.com\/avatar\/0a19043ae51bb80b0374edd52905a2458416f7c4e271ad0f728fde45dd03a88e?s=96&d=mm&r=g","url":"https:\/\/secure.gravatar.com\/avatar\/0a19043ae51bb80b0374edd52905a2458416f7c4e271ad0f728fde45dd03a88e?s=96&d=mm&r=g","contentUrl":"https:\/\/secure.gravatar.com\/avatar\/0a19043ae51bb80b0374edd52905a2458416f7c4e271ad0f728fde45dd03a88e?s=96&d=mm&r=g","caption":"lila"},"url":"https:\/\/lila.valnaloneduca.com\/cplacarrionamiranda-2223\/author\/lila\/"}]}},"jetpack_featured_media_url":"","jetpack_sharing_enabled":true,"_links":{"self":[{"href":"https:\/\/lila.valnaloneduca.com\/cplacarrionamiranda-2223\/wp-json\/wp\/v2\/posts\/68","targetHints":{"allow":["GET"]}}],"collection":[{"href":"https:\/\/lila.valnaloneduca.com\/cplacarrionamiranda-2223\/wp-json\/wp\/v2\/posts"}],"about":[{"href":"https:\/\/lila.valnaloneduca.com\/cplacarrionamiranda-2223\/wp-json\/wp\/v2\/types\/post"}],"author":[{"embeddable":true,"href":"https:\/\/lila.valnaloneduca.com\/cplacarrionamiranda-2223\/wp-json\/wp\/v2\/users\/2"}],"replies":[{"embeddable":true,"href":"https:\/\/lila.valnaloneduca.com\/cplacarrionamiranda-2223\/wp-json\/wp\/v2\/comments?post=68"}],"version-history":[{"count":1,"href":"https:\/\/lila.valnaloneduca.com\/cplacarrionamiranda-2223\/wp-json\/wp\/v2\/posts\/68\/revisions"}],"predecessor-version":[{"id":78,"href":"https:\/\/lila.valnaloneduca.com\/cplacarrionamiranda-2223\/wp-json\/wp\/v2\/posts\/68\/revisions\/78"}],"wp:attachment":[{"href":"https:\/\/lila.valnaloneduca.com\/cplacarrionamiranda-2223\/wp-json\/wp\/v2\/media?parent=68"}],"wp:term":[{"taxonomy":"category","embeddable":true,"href":"https:\/\/lila.valnaloneduca.com\/cplacarrionamiranda-2223\/wp-json\/wp\/v2\/categories?post=68"},{"taxonomy":"post_tag","embeddable":true,"href":"https:\/\/lila.valnaloneduca.com\/cplacarrionamiranda-2223\/wp-json\/wp\/v2\/tags?post=68"}],"curies":[{"name":"wp","href":"https:\/\/api.w.org\/{rel}","templated":true}]}}