{"id":79,"date":"2022-12-19T11:37:11","date_gmt":"2022-12-19T11:37:11","guid":{"rendered":"http:\/\/lila.valnaloneduca.com\/cplacarrionamiranda-2223\/?p=79"},"modified":"2023-03-08T11:47:19","modified_gmt":"2023-03-08T11:47:19","slug":"que-es","status":"publish","type":"post","link":"https:\/\/lila.valnaloneduca.com\/cplacarrionamiranda-2223\/2022\/12\/19\/que-es\/","title":{"rendered":"\u00bfQu\u00e9 es &#8230;?"},"content":{"rendered":"\n<p>Hoy ha aparecido por nuestras clases una Caja con una palabras&#8230; <\/p>\n\n\n\n<figure class=\"wp-block-image size-full\"><img data-recalc-dims=\"1\" loading=\"lazy\" decoding=\"async\" width=\"640\" height=\"480\" src=\"https:\/\/i0.wp.com\/lila.valnaloneduca.com\/cplacarrionamiranda-2223\/wp-content\/uploads\/sites\/27\/2023\/03\/1677777373083.jpg?resize=640%2C480\" alt=\"\" class=\"wp-image-80\" srcset=\"https:\/\/i0.wp.com\/lila.valnaloneduca.com\/cplacarrionamiranda-2223\/wp-content\/uploads\/sites\/27\/2023\/03\/1677777373083.jpg?w=640&amp;ssl=1 640w, https:\/\/i0.wp.com\/lila.valnaloneduca.com\/cplacarrionamiranda-2223\/wp-content\/uploads\/sites\/27\/2023\/03\/1677777373083.jpg?resize=300%2C225&amp;ssl=1 300w\" sizes=\"auto, (max-width: 709px) 85vw, (max-width: 909px) 67vw, (max-width: 984px) 61vw, (max-width: 1362px) 45vw, 600px\" \/><\/figure>\n\n\n\n<p>Algunas sab\u00edamos lo que significaban, pero otras no lo ten\u00edamos claro del todo. <\/p>\n\n\n\n<p>Las hemos ido leyendo entre todo\/as y hemos estado compartiendo lo que entend\u00edamos y clarificando algunas de ellas.<\/p>\n\n\n\n<div class=\"wp-block-jetpack-slideshow aligncenter\" data-effect=\"slide\"><div class=\"wp-block-jetpack-slideshow_container swiper-container\"><ul class=\"wp-block-jetpack-slideshow_swiper-wrapper swiper-wrapper\"><li class=\"wp-block-jetpack-slideshow_slide swiper-slide\"><figure><img data-recalc-dims=\"1\" loading=\"lazy\" decoding=\"async\" width=\"840\" height=\"630\" alt=\"\" class=\"wp-block-jetpack-slideshow_image wp-image-82\" data-id=\"82\" src=\"https:\/\/i0.wp.com\/lila.valnaloneduca.com\/cplacarrionamiranda-2223\/wp-content\/uploads\/sites\/27\/2023\/03\/1677777373090.jpg?resize=840%2C630\" srcset=\"https:\/\/i0.wp.com\/lila.valnaloneduca.com\/cplacarrionamiranda-2223\/wp-content\/uploads\/sites\/27\/2023\/03\/1677777373090.jpg?resize=1024%2C768&amp;ssl=1 1024w, https:\/\/i0.wp.com\/lila.valnaloneduca.com\/cplacarrionamiranda-2223\/wp-content\/uploads\/sites\/27\/2023\/03\/1677777373090.jpg?resize=300%2C225&amp;ssl=1 300w, https:\/\/i0.wp.com\/lila.valnaloneduca.com\/cplacarrionamiranda-2223\/wp-content\/uploads\/sites\/27\/2023\/03\/1677777373090.jpg?resize=768%2C576&amp;ssl=1 768w, https:\/\/i0.wp.com\/lila.valnaloneduca.com\/cplacarrionamiranda-2223\/wp-content\/uploads\/sites\/27\/2023\/03\/1677777373090.jpg?resize=1536%2C1152&amp;ssl=1 1536w, https:\/\/i0.wp.com\/lila.valnaloneduca.com\/cplacarrionamiranda-2223\/wp-content\/uploads\/sites\/27\/2023\/03\/1677777373090.jpg?resize=1200%2C900&amp;ssl=1 1200w, https:\/\/i0.wp.com\/lila.valnaloneduca.com\/cplacarrionamiranda-2223\/wp-content\/uploads\/sites\/27\/2023\/03\/1677777373090.jpg?w=1984&amp;ssl=1 1984w, https:\/\/i0.wp.com\/lila.valnaloneduca.com\/cplacarrionamiranda-2223\/wp-content\/uploads\/sites\/27\/2023\/03\/1677777373090.jpg?w=1680 1680w\" sizes=\"(max-width: 709px) 85vw, (max-width: 909px) 67vw, (max-width: 1362px) 62vw, 840px\" \/><\/figure><\/li><li class=\"wp-block-jetpack-slideshow_slide swiper-slide\"><figure><img data-recalc-dims=\"1\" loading=\"lazy\" decoding=\"async\" width=\"640\" height=\"480\" alt=\"\" class=\"wp-block-jetpack-slideshow_image wp-image-83\" data-id=\"83\" src=\"https:\/\/i0.wp.com\/lila.valnaloneduca.com\/cplacarrionamiranda-2223\/wp-content\/uploads\/sites\/27\/2023\/03\/1677777373097.jpg?resize=640%2C480\" srcset=\"https:\/\/i0.wp.com\/lila.valnaloneduca.com\/cplacarrionamiranda-2223\/wp-content\/uploads\/sites\/27\/2023\/03\/1677777373097.jpg?w=640&amp;ssl=1 640w, https:\/\/i0.wp.com\/lila.valnaloneduca.com\/cplacarrionamiranda-2223\/wp-content\/uploads\/sites\/27\/2023\/03\/1677777373097.jpg?resize=300%2C225&amp;ssl=1 300w\" sizes=\"(max-width: 709px) 85vw, (max-width: 909px) 67vw, (max-width: 984px) 61vw, (max-width: 1362px) 45vw, 600px\" \/><\/figure><\/li><li class=\"wp-block-jetpack-slideshow_slide swiper-slide\"><figure><img data-recalc-dims=\"1\" loading=\"lazy\" decoding=\"async\" width=\"640\" height=\"480\" alt=\"\" class=\"wp-block-jetpack-slideshow_image wp-image-84\" data-id=\"84\" src=\"https:\/\/i0.wp.com\/lila.valnaloneduca.com\/cplacarrionamiranda-2223\/wp-content\/uploads\/sites\/27\/2023\/03\/1677777373104.jpg?resize=640%2C480\" srcset=\"https:\/\/i0.wp.com\/lila.valnaloneduca.com\/cplacarrionamiranda-2223\/wp-content\/uploads\/sites\/27\/2023\/03\/1677777373104.jpg?w=640&amp;ssl=1 640w, https:\/\/i0.wp.com\/lila.valnaloneduca.com\/cplacarrionamiranda-2223\/wp-content\/uploads\/sites\/27\/2023\/03\/1677777373104.jpg?resize=300%2C225&amp;ssl=1 300w\" sizes=\"(max-width: 709px) 85vw, (max-width: 909px) 67vw, (max-width: 984px) 61vw, (max-width: 1362px) 45vw, 600px\" \/><\/figure><\/li><li class=\"wp-block-jetpack-slideshow_slide swiper-slide\"><figure><img data-recalc-dims=\"1\" loading=\"lazy\" decoding=\"async\" width=\"640\" height=\"480\" alt=\"\" class=\"wp-block-jetpack-slideshow_image wp-image-85\" data-id=\"85\" src=\"https:\/\/i0.wp.com\/lila.valnaloneduca.com\/cplacarrionamiranda-2223\/wp-content\/uploads\/sites\/27\/2023\/03\/1677777373110.jpg?resize=640%2C480\" srcset=\"https:\/\/i0.wp.com\/lila.valnaloneduca.com\/cplacarrionamiranda-2223\/wp-content\/uploads\/sites\/27\/2023\/03\/1677777373110.jpg?w=640&amp;ssl=1 640w, https:\/\/i0.wp.com\/lila.valnaloneduca.com\/cplacarrionamiranda-2223\/wp-content\/uploads\/sites\/27\/2023\/03\/1677777373110.jpg?resize=300%2C225&amp;ssl=1 300w\" sizes=\"(max-width: 709px) 85vw, (max-width: 909px) 67vw, (max-width: 984px) 61vw, (max-width: 1362px) 45vw, 600px\" \/><\/figure><\/li><li class=\"wp-block-jetpack-slideshow_slide swiper-slide\"><figure><img data-recalc-dims=\"1\" loading=\"lazy\" decoding=\"async\" width=\"640\" height=\"480\" alt=\"\" class=\"wp-block-jetpack-slideshow_image wp-image-86\" data-id=\"86\" src=\"https:\/\/i0.wp.com\/lila.valnaloneduca.com\/cplacarrionamiranda-2223\/wp-content\/uploads\/sites\/27\/2023\/03\/1677777373117.jpg?resize=640%2C480\" srcset=\"https:\/\/i0.wp.com\/lila.valnaloneduca.com\/cplacarrionamiranda-2223\/wp-content\/uploads\/sites\/27\/2023\/03\/1677777373117.jpg?w=640&amp;ssl=1 640w, https:\/\/i0.wp.com\/lila.valnaloneduca.com\/cplacarrionamiranda-2223\/wp-content\/uploads\/sites\/27\/2023\/03\/1677777373117.jpg?resize=300%2C225&amp;ssl=1 300w\" sizes=\"(max-width: 709px) 85vw, (max-width: 909px) 67vw, (max-width: 984px) 61vw, (max-width: 1362px) 45vw, 600px\" \/><\/figure><\/li><li class=\"wp-block-jetpack-slideshow_slide swiper-slide\"><figure><img data-recalc-dims=\"1\" loading=\"lazy\" decoding=\"async\" width=\"640\" height=\"480\" alt=\"\" class=\"wp-block-jetpack-slideshow_image wp-image-87\" data-id=\"87\" src=\"https:\/\/i0.wp.com\/lila.valnaloneduca.com\/cplacarrionamiranda-2223\/wp-content\/uploads\/sites\/27\/2023\/03\/1677777373124.jpg?resize=640%2C480\" srcset=\"https:\/\/i0.wp.com\/lila.valnaloneduca.com\/cplacarrionamiranda-2223\/wp-content\/uploads\/sites\/27\/2023\/03\/1677777373124.jpg?w=640&amp;ssl=1 640w, https:\/\/i0.wp.com\/lila.valnaloneduca.com\/cplacarrionamiranda-2223\/wp-content\/uploads\/sites\/27\/2023\/03\/1677777373124.jpg?resize=300%2C225&amp;ssl=1 300w\" sizes=\"(max-width: 709px) 85vw, (max-width: 909px) 67vw, (max-width: 984px) 61vw, (max-width: 1362px) 45vw, 600px\" \/><\/figure><\/li><li class=\"wp-block-jetpack-slideshow_slide swiper-slide\"><figure><img data-recalc-dims=\"1\" loading=\"lazy\" decoding=\"async\" width=\"640\" height=\"480\" alt=\"\" class=\"wp-block-jetpack-slideshow_image wp-image-88\" data-id=\"88\" src=\"https:\/\/i0.wp.com\/lila.valnaloneduca.com\/cplacarrionamiranda-2223\/wp-content\/uploads\/sites\/27\/2023\/03\/1677777373131.jpg?resize=640%2C480\" srcset=\"https:\/\/i0.wp.com\/lila.valnaloneduca.com\/cplacarrionamiranda-2223\/wp-content\/uploads\/sites\/27\/2023\/03\/1677777373131.jpg?w=640&amp;ssl=1 640w, https:\/\/i0.wp.com\/lila.valnaloneduca.com\/cplacarrionamiranda-2223\/wp-content\/uploads\/sites\/27\/2023\/03\/1677777373131.jpg?resize=300%2C225&amp;ssl=1 300w\" sizes=\"(max-width: 709px) 85vw, (max-width: 909px) 67vw, (max-width: 984px) 61vw, (max-width: 1362px) 45vw, 600px\" \/><\/figure><\/li><li class=\"wp-block-jetpack-slideshow_slide swiper-slide\"><figure><img data-recalc-dims=\"1\" loading=\"lazy\" decoding=\"async\" width=\"640\" height=\"480\" alt=\"\" class=\"wp-block-jetpack-slideshow_image wp-image-89\" data-id=\"89\" src=\"https:\/\/i0.wp.com\/lila.valnaloneduca.com\/cplacarrionamiranda-2223\/wp-content\/uploads\/sites\/27\/2023\/03\/1677777373137.jpg?resize=640%2C480\" srcset=\"https:\/\/i0.wp.com\/lila.valnaloneduca.com\/cplacarrionamiranda-2223\/wp-content\/uploads\/sites\/27\/2023\/03\/1677777373137.jpg?w=640&amp;ssl=1 640w, https:\/\/i0.wp.com\/lila.valnaloneduca.com\/cplacarrionamiranda-2223\/wp-content\/uploads\/sites\/27\/2023\/03\/1677777373137.jpg?resize=300%2C225&amp;ssl=1 300w\" sizes=\"(max-width: 709px) 85vw, (max-width: 909px) 67vw, (max-width: 984px) 61vw, (max-width: 1362px) 45vw, 600px\" \/><\/figure><\/li><\/ul><a class=\"wp-block-jetpack-slideshow_button-prev swiper-button-prev swiper-button-white\" role=\"button\"><\/a><a class=\"wp-block-jetpack-slideshow_button-next swiper-button-next swiper-button-white\" role=\"button\"><\/a><a aria-label=\"Pause Slideshow\" class=\"wp-block-jetpack-slideshow_button-pause\" role=\"button\"><\/a><div class=\"wp-block-jetpack-slideshow_pagination swiper-pagination swiper-pagination-white\"><\/div><\/div><\/div>\n\n\n\n<p>Ha sido divertido, porque hemos aprendido junto\/as y hemos resuelto algunas dudas que ten\u00edamos.<\/p>\n","protected":false},"excerpt":{"rendered":"<p>Hoy ha aparecido por nuestras clases una Caja con una palabras&#8230; Algunas sab\u00edamos lo que significaban, pero otras no lo ten\u00edamos claro del todo. Las hemos ido leyendo entre todo\/as y hemos estado compartiendo lo que entend\u00edamos y clarificando algunas de ellas. Ha sido divertido, porque hemos aprendido junto\/as y hemos resuelto algunas dudas que &hellip; <a href=\"https:\/\/lila.valnaloneduca.com\/cplacarrionamiranda-2223\/2022\/12\/19\/que-es\/\" class=\"more-link\">Continuar leyendo<span class=\"screen-reader-text\"> \u00ab\u00bfQu\u00e9 es &#8230;?\u00bb<\/span><\/a><\/p>\n","protected":false},"author":2,"featured_media":0,"comment_status":"open","ping_status":"open","sticky":false,"template":"","format":"standard","meta":{"_jetpack_memberships_contains_paid_content":false,"footnotes":""},"categories":[1],"tags":[],"class_list":["post-79","post","type-post","status-publish","format-standard","hentry","category-sin-categoria"],"yoast_head":"<!-- This site is optimized with the Yoast SEO plugin v27.5 - https:\/\/yoast.com\/product\/yoast-seo-wordpress\/ -->\n<title>\u00bfQu\u00e9 es ...? - La Igualdad Lleva A \u2026 \u2013 C.P. LA CARRIONA MIRANDA - Avil\u00e9s \u2013 22\/23<\/title>\n<meta name=\"robots\" content=\"index, follow, max-snippet:-1, max-image-preview:large, max-video-preview:-1\" \/>\n<link rel=\"canonical\" href=\"http:\/\/lila.valnaloneduca.com\/cplacarrionamiranda-2223\/2022\/12\/19\/que-es\/\" \/>\n<meta property=\"og:locale\" content=\"es_ES\" \/>\n<meta property=\"og:type\" content=\"article\" \/>\n<meta property=\"og:title\" content=\"\u00bfQu\u00e9 es ...? - La Igualdad Lleva A \u2026 \u2013 C.P. LA CARRIONA MIRANDA - Avil\u00e9s \u2013 22\/23\" \/>\n<meta property=\"og:description\" content=\"Hoy ha aparecido por nuestras clases una Caja con una palabras&#8230; Algunas sab\u00edamos lo que significaban, pero otras no lo ten\u00edamos claro del todo. Las hemos ido leyendo entre todo\/as y hemos estado compartiendo lo que entend\u00edamos y clarificando algunas de ellas. Ha sido divertido, porque hemos aprendido junto\/as y hemos resuelto algunas dudas que &hellip; Continuar leyendo &quot;\u00bfQu\u00e9 es &#8230;?&quot;\" \/>\n<meta property=\"og:url\" content=\"http:\/\/lila.valnaloneduca.com\/cplacarrionamiranda-2223\/2022\/12\/19\/que-es\/\" \/>\n<meta property=\"og:site_name\" content=\"La Igualdad Lleva A \u2026 \u2013 C.P. LA CARRIONA MIRANDA - Avil\u00e9s \u2013 22\/23\" \/>\n<meta property=\"article:published_time\" content=\"2022-12-19T11:37:11+00:00\" \/>\n<meta property=\"article:modified_time\" content=\"2023-03-08T11:47:19+00:00\" \/>\n<meta property=\"og:image\" content=\"http:\/\/lila.valnaloneduca.com\/cplacarrionamiranda-2223\/wp-content\/uploads\/sites\/27\/2023\/03\/1677777373083.jpg\" \/>\n<meta name=\"author\" content=\"lila\" \/>\n<meta name=\"twitter:card\" content=\"summary_large_image\" \/>\n<meta name=\"twitter:label1\" content=\"Escrito por\" \/>\n\t<meta name=\"twitter:data1\" content=\"lila\" \/>\n\t<meta name=\"twitter:label2\" content=\"Tiempo de lectura\" \/>\n\t<meta name=\"twitter:data2\" content=\"3 minutos\" \/>\n<script type=\"application\/ld+json\" class=\"yoast-schema-graph\">{\"@context\":\"https:\\\/\\\/schema.org\",\"@graph\":[{\"@type\":\"Article\",\"@id\":\"http:\\\/\\\/lila.valnaloneduca.com\\\/cplacarrionamiranda-2223\\\/2022\\\/12\\\/19\\\/que-es\\\/#article\",\"isPartOf\":{\"@id\":\"http:\\\/\\\/lila.valnaloneduca.com\\\/cplacarrionamiranda-2223\\\/2022\\\/12\\\/19\\\/que-es\\\/\"},\"author\":{\"name\":\"lila\",\"@id\":\"http:\\\/\\\/lila.valnaloneduca.com\\\/cplacarrionamiranda-2223\\\/#\\\/schema\\\/person\\\/b1d0422b250e580f42a136a82137c682\"},\"headline\":\"\u00bfQu\u00e9 es &#8230;?\",\"datePublished\":\"2022-12-19T11:37:11+00:00\",\"dateModified\":\"2023-03-08T11:47:19+00:00\",\"mainEntityOfPage\":{\"@id\":\"http:\\\/\\\/lila.valnaloneduca.com\\\/cplacarrionamiranda-2223\\\/2022\\\/12\\\/19\\\/que-es\\\/\"},\"wordCount\":64,\"commentCount\":0,\"publisher\":{\"@id\":\"http:\\\/\\\/lila.valnaloneduca.com\\\/cplacarrionamiranda-2223\\\/#organization\"},\"image\":{\"@id\":\"http:\\\/\\\/lila.valnaloneduca.com\\\/cplacarrionamiranda-2223\\\/2022\\\/12\\\/19\\\/que-es\\\/#primaryimage\"},\"thumbnailUrl\":\"http:\\\/\\\/lila.valnaloneduca.com\\\/cplacarrionamiranda-2223\\\/wp-content\\\/uploads\\\/sites\\\/27\\\/2023\\\/03\\\/1677777373083.jpg\",\"inLanguage\":\"es\",\"potentialAction\":[{\"@type\":\"CommentAction\",\"name\":\"Comment\",\"target\":[\"http:\\\/\\\/lila.valnaloneduca.com\\\/cplacarrionamiranda-2223\\\/2022\\\/12\\\/19\\\/que-es\\\/#respond\"]}]},{\"@type\":\"WebPage\",\"@id\":\"http:\\\/\\\/lila.valnaloneduca.com\\\/cplacarrionamiranda-2223\\\/2022\\\/12\\\/19\\\/que-es\\\/\",\"url\":\"http:\\\/\\\/lila.valnaloneduca.com\\\/cplacarrionamiranda-2223\\\/2022\\\/12\\\/19\\\/que-es\\\/\",\"name\":\"\u00bfQu\u00e9 es ...? - La Igualdad Lleva A \u2026 \u2013 C.P. LA CARRIONA MIRANDA - Avil\u00e9s \u2013 22\\\/23\",\"isPartOf\":{\"@id\":\"http:\\\/\\\/lila.valnaloneduca.com\\\/cplacarrionamiranda-2223\\\/#website\"},\"primaryImageOfPage\":{\"@id\":\"http:\\\/\\\/lila.valnaloneduca.com\\\/cplacarrionamiranda-2223\\\/2022\\\/12\\\/19\\\/que-es\\\/#primaryimage\"},\"image\":{\"@id\":\"http:\\\/\\\/lila.valnaloneduca.com\\\/cplacarrionamiranda-2223\\\/2022\\\/12\\\/19\\\/que-es\\\/#primaryimage\"},\"thumbnailUrl\":\"http:\\\/\\\/lila.valnaloneduca.com\\\/cplacarrionamiranda-2223\\\/wp-content\\\/uploads\\\/sites\\\/27\\\/2023\\\/03\\\/1677777373083.jpg\",\"datePublished\":\"2022-12-19T11:37:11+00:00\",\"dateModified\":\"2023-03-08T11:47:19+00:00\",\"breadcrumb\":{\"@id\":\"http:\\\/\\\/lila.valnaloneduca.com\\\/cplacarrionamiranda-2223\\\/2022\\\/12\\\/19\\\/que-es\\\/#breadcrumb\"},\"inLanguage\":\"es\",\"potentialAction\":[{\"@type\":\"ReadAction\",\"target\":[\"http:\\\/\\\/lila.valnaloneduca.com\\\/cplacarrionamiranda-2223\\\/2022\\\/12\\\/19\\\/que-es\\\/\"]}]},{\"@type\":\"ImageObject\",\"inLanguage\":\"es\",\"@id\":\"http:\\\/\\\/lila.valnaloneduca.com\\\/cplacarrionamiranda-2223\\\/2022\\\/12\\\/19\\\/que-es\\\/#primaryimage\",\"url\":\"https:\\\/\\\/i0.wp.com\\\/lila.valnaloneduca.com\\\/cplacarrionamiranda-2223\\\/wp-content\\\/uploads\\\/sites\\\/27\\\/2023\\\/03\\\/1677777373083.jpg?fit=640%2C480&ssl=1\",\"contentUrl\":\"https:\\\/\\\/i0.wp.com\\\/lila.valnaloneduca.com\\\/cplacarrionamiranda-2223\\\/wp-content\\\/uploads\\\/sites\\\/27\\\/2023\\\/03\\\/1677777373083.jpg?fit=640%2C480&ssl=1\",\"width\":640,\"height\":480},{\"@type\":\"BreadcrumbList\",\"@id\":\"http:\\\/\\\/lila.valnaloneduca.com\\\/cplacarrionamiranda-2223\\\/2022\\\/12\\\/19\\\/que-es\\\/#breadcrumb\",\"itemListElement\":[{\"@type\":\"ListItem\",\"position\":1,\"name\":\"Portada\",\"item\":\"http:\\\/\\\/lila.valnaloneduca.com\\\/cplacarrionamiranda-2223\\\/\"},{\"@type\":\"ListItem\",\"position\":2,\"name\":\"\u00bfQu\u00e9 es &#8230;?\"}]},{\"@type\":\"WebSite\",\"@id\":\"http:\\\/\\\/lila.valnaloneduca.com\\\/cplacarrionamiranda-2223\\\/#website\",\"url\":\"http:\\\/\\\/lila.valnaloneduca.com\\\/cplacarrionamiranda-2223\\\/\",\"name\":\"La Igualdad Lleva A \u2026 \u2013 C.P. LA CARRIONA MIRANDA - Avil\u00e9s \u2013 22\\\/23\",\"description\":\"La Igualdad Lleva A (LILA) es un Proyecto educativo de la Cadena de Formaci\u00f3n para Emprender del Principado de Asturias, que promueve el desarrollo de competencias emprendedoras al servicio de un trabajo para el empoderamiento y la promoci\u00f3n de la igualdad entre ni\u00f1os y ni\u00f1as de Educaci\u00f3n Primaria.\",\"publisher\":{\"@id\":\"http:\\\/\\\/lila.valnaloneduca.com\\\/cplacarrionamiranda-2223\\\/#organization\"},\"potentialAction\":[{\"@type\":\"SearchAction\",\"target\":{\"@type\":\"EntryPoint\",\"urlTemplate\":\"http:\\\/\\\/lila.valnaloneduca.com\\\/cplacarrionamiranda-2223\\\/?s={search_term_string}\"},\"query-input\":{\"@type\":\"PropertyValueSpecification\",\"valueRequired\":true,\"valueName\":\"search_term_string\"}}],\"inLanguage\":\"es\"},{\"@type\":\"Organization\",\"@id\":\"http:\\\/\\\/lila.valnaloneduca.com\\\/cplacarrionamiranda-2223\\\/#organization\",\"name\":\"La Igualdad Lleva A \u2026 \u2013 C.P. LA CARRIONA MIRANDA - Avil\u00e9s \u2013 22\\\/23\",\"url\":\"http:\\\/\\\/lila.valnaloneduca.com\\\/cplacarrionamiranda-2223\\\/\",\"logo\":{\"@type\":\"ImageObject\",\"inLanguage\":\"es\",\"@id\":\"http:\\\/\\\/lila.valnaloneduca.com\\\/cplacarrionamiranda-2223\\\/#\\\/schema\\\/logo\\\/image\\\/\",\"url\":\"https:\\\/\\\/i0.wp.com\\\/lila.valnaloneduca.com\\\/cplacarrionamiranda-2223\\\/wp-content\\\/uploads\\\/sites\\\/27\\\/2022\\\/10\\\/cropped-cropped-cropped-cabecero-1.png?fit=240%2C118&ssl=1\",\"contentUrl\":\"https:\\\/\\\/i0.wp.com\\\/lila.valnaloneduca.com\\\/cplacarrionamiranda-2223\\\/wp-content\\\/uploads\\\/sites\\\/27\\\/2022\\\/10\\\/cropped-cropped-cropped-cabecero-1.png?fit=240%2C118&ssl=1\",\"width\":240,\"height\":118,\"caption\":\"La Igualdad Lleva A \u2026 \u2013 C.P. LA CARRIONA MIRANDA - Avil\u00e9s \u2013 22\\\/23\"},\"image\":{\"@id\":\"http:\\\/\\\/lila.valnaloneduca.com\\\/cplacarrionamiranda-2223\\\/#\\\/schema\\\/logo\\\/image\\\/\"}},{\"@type\":\"Person\",\"@id\":\"http:\\\/\\\/lila.valnaloneduca.com\\\/cplacarrionamiranda-2223\\\/#\\\/schema\\\/person\\\/b1d0422b250e580f42a136a82137c682\",\"name\":\"lila\",\"image\":{\"@type\":\"ImageObject\",\"inLanguage\":\"es\",\"@id\":\"https:\\\/\\\/secure.gravatar.com\\\/avatar\\\/0a19043ae51bb80b0374edd52905a2458416f7c4e271ad0f728fde45dd03a88e?s=96&d=mm&r=g\",\"url\":\"https:\\\/\\\/secure.gravatar.com\\\/avatar\\\/0a19043ae51bb80b0374edd52905a2458416f7c4e271ad0f728fde45dd03a88e?s=96&d=mm&r=g\",\"contentUrl\":\"https:\\\/\\\/secure.gravatar.com\\\/avatar\\\/0a19043ae51bb80b0374edd52905a2458416f7c4e271ad0f728fde45dd03a88e?s=96&d=mm&r=g\",\"caption\":\"lila\"},\"url\":\"https:\\\/\\\/lila.valnaloneduca.com\\\/cplacarrionamiranda-2223\\\/author\\\/lila\\\/\"}]}<\/script>\n<!-- \/ Yoast SEO plugin. -->","yoast_head_json":{"title":"\u00bfQu\u00e9 es ...? - La Igualdad Lleva A \u2026 \u2013 C.P. LA CARRIONA MIRANDA - Avil\u00e9s \u2013 22\/23","robots":{"index":"index","follow":"follow","max-snippet":"max-snippet:-1","max-image-preview":"max-image-preview:large","max-video-preview":"max-video-preview:-1"},"canonical":"http:\/\/lila.valnaloneduca.com\/cplacarrionamiranda-2223\/2022\/12\/19\/que-es\/","og_locale":"es_ES","og_type":"article","og_title":"\u00bfQu\u00e9 es ...? - La Igualdad Lleva A \u2026 \u2013 C.P. LA CARRIONA MIRANDA - Avil\u00e9s \u2013 22\/23","og_description":"Hoy ha aparecido por nuestras clases una Caja con una palabras&#8230; Algunas sab\u00edamos lo que significaban, pero otras no lo ten\u00edamos claro del todo. Las hemos ido leyendo entre todo\/as y hemos estado compartiendo lo que entend\u00edamos y clarificando algunas de ellas. Ha sido divertido, porque hemos aprendido junto\/as y hemos resuelto algunas dudas que &hellip; Continuar leyendo \"\u00bfQu\u00e9 es &#8230;?\"","og_url":"http:\/\/lila.valnaloneduca.com\/cplacarrionamiranda-2223\/2022\/12\/19\/que-es\/","og_site_name":"La Igualdad Lleva A \u2026 \u2013 C.P. LA CARRIONA MIRANDA - Avil\u00e9s \u2013 22\/23","article_published_time":"2022-12-19T11:37:11+00:00","article_modified_time":"2023-03-08T11:47:19+00:00","og_image":[{"url":"http:\/\/lila.valnaloneduca.com\/cplacarrionamiranda-2223\/wp-content\/uploads\/sites\/27\/2023\/03\/1677777373083.jpg","type":"","width":"","height":""}],"author":"lila","twitter_card":"summary_large_image","twitter_misc":{"Escrito por":"lila","Tiempo de lectura":"3 minutos"},"schema":{"@context":"https:\/\/schema.org","@graph":[{"@type":"Article","@id":"http:\/\/lila.valnaloneduca.com\/cplacarrionamiranda-2223\/2022\/12\/19\/que-es\/#article","isPartOf":{"@id":"http:\/\/lila.valnaloneduca.com\/cplacarrionamiranda-2223\/2022\/12\/19\/que-es\/"},"author":{"name":"lila","@id":"http:\/\/lila.valnaloneduca.com\/cplacarrionamiranda-2223\/#\/schema\/person\/b1d0422b250e580f42a136a82137c682"},"headline":"\u00bfQu\u00e9 es &#8230;?","datePublished":"2022-12-19T11:37:11+00:00","dateModified":"2023-03-08T11:47:19+00:00","mainEntityOfPage":{"@id":"http:\/\/lila.valnaloneduca.com\/cplacarrionamiranda-2223\/2022\/12\/19\/que-es\/"},"wordCount":64,"commentCount":0,"publisher":{"@id":"http:\/\/lila.valnaloneduca.com\/cplacarrionamiranda-2223\/#organization"},"image":{"@id":"http:\/\/lila.valnaloneduca.com\/cplacarrionamiranda-2223\/2022\/12\/19\/que-es\/#primaryimage"},"thumbnailUrl":"http:\/\/lila.valnaloneduca.com\/cplacarrionamiranda-2223\/wp-content\/uploads\/sites\/27\/2023\/03\/1677777373083.jpg","inLanguage":"es","potentialAction":[{"@type":"CommentAction","name":"Comment","target":["http:\/\/lila.valnaloneduca.com\/cplacarrionamiranda-2223\/2022\/12\/19\/que-es\/#respond"]}]},{"@type":"WebPage","@id":"http:\/\/lila.valnaloneduca.com\/cplacarrionamiranda-2223\/2022\/12\/19\/que-es\/","url":"http:\/\/lila.valnaloneduca.com\/cplacarrionamiranda-2223\/2022\/12\/19\/que-es\/","name":"\u00bfQu\u00e9 es ...? - La Igualdad Lleva A \u2026 \u2013 C.P. LA CARRIONA MIRANDA - Avil\u00e9s \u2013 22\/23","isPartOf":{"@id":"http:\/\/lila.valnaloneduca.com\/cplacarrionamiranda-2223\/#website"},"primaryImageOfPage":{"@id":"http:\/\/lila.valnaloneduca.com\/cplacarrionamiranda-2223\/2022\/12\/19\/que-es\/#primaryimage"},"image":{"@id":"http:\/\/lila.valnaloneduca.com\/cplacarrionamiranda-2223\/2022\/12\/19\/que-es\/#primaryimage"},"thumbnailUrl":"http:\/\/lila.valnaloneduca.com\/cplacarrionamiranda-2223\/wp-content\/uploads\/sites\/27\/2023\/03\/1677777373083.jpg","datePublished":"2022-12-19T11:37:11+00:00","dateModified":"2023-03-08T11:47:19+00:00","breadcrumb":{"@id":"http:\/\/lila.valnaloneduca.com\/cplacarrionamiranda-2223\/2022\/12\/19\/que-es\/#breadcrumb"},"inLanguage":"es","potentialAction":[{"@type":"ReadAction","target":["http:\/\/lila.valnaloneduca.com\/cplacarrionamiranda-2223\/2022\/12\/19\/que-es\/"]}]},{"@type":"ImageObject","inLanguage":"es","@id":"http:\/\/lila.valnaloneduca.com\/cplacarrionamiranda-2223\/2022\/12\/19\/que-es\/#primaryimage","url":"https:\/\/i0.wp.com\/lila.valnaloneduca.com\/cplacarrionamiranda-2223\/wp-content\/uploads\/sites\/27\/2023\/03\/1677777373083.jpg?fit=640%2C480&ssl=1","contentUrl":"https:\/\/i0.wp.com\/lila.valnaloneduca.com\/cplacarrionamiranda-2223\/wp-content\/uploads\/sites\/27\/2023\/03\/1677777373083.jpg?fit=640%2C480&ssl=1","width":640,"height":480},{"@type":"BreadcrumbList","@id":"http:\/\/lila.valnaloneduca.com\/cplacarrionamiranda-2223\/2022\/12\/19\/que-es\/#breadcrumb","itemListElement":[{"@type":"ListItem","position":1,"name":"Portada","item":"http:\/\/lila.valnaloneduca.com\/cplacarrionamiranda-2223\/"},{"@type":"ListItem","position":2,"name":"\u00bfQu\u00e9 es &#8230;?"}]},{"@type":"WebSite","@id":"http:\/\/lila.valnaloneduca.com\/cplacarrionamiranda-2223\/#website","url":"http:\/\/lila.valnaloneduca.com\/cplacarrionamiranda-2223\/","name":"La Igualdad Lleva A \u2026 \u2013 C.P. LA CARRIONA MIRANDA - Avil\u00e9s \u2013 22\/23","description":"La Igualdad Lleva A (LILA) es un Proyecto educativo de la Cadena de Formaci\u00f3n para Emprender del Principado de Asturias, que promueve el desarrollo de competencias emprendedoras al servicio de un trabajo para el empoderamiento y la promoci\u00f3n de la igualdad entre ni\u00f1os y ni\u00f1as de Educaci\u00f3n Primaria.","publisher":{"@id":"http:\/\/lila.valnaloneduca.com\/cplacarrionamiranda-2223\/#organization"},"potentialAction":[{"@type":"SearchAction","target":{"@type":"EntryPoint","urlTemplate":"http:\/\/lila.valnaloneduca.com\/cplacarrionamiranda-2223\/?s={search_term_string}"},"query-input":{"@type":"PropertyValueSpecification","valueRequired":true,"valueName":"search_term_string"}}],"inLanguage":"es"},{"@type":"Organization","@id":"http:\/\/lila.valnaloneduca.com\/cplacarrionamiranda-2223\/#organization","name":"La Igualdad Lleva A \u2026 \u2013 C.P. LA CARRIONA MIRANDA - Avil\u00e9s \u2013 22\/23","url":"http:\/\/lila.valnaloneduca.com\/cplacarrionamiranda-2223\/","logo":{"@type":"ImageObject","inLanguage":"es","@id":"http:\/\/lila.valnaloneduca.com\/cplacarrionamiranda-2223\/#\/schema\/logo\/image\/","url":"https:\/\/i0.wp.com\/lila.valnaloneduca.com\/cplacarrionamiranda-2223\/wp-content\/uploads\/sites\/27\/2022\/10\/cropped-cropped-cropped-cabecero-1.png?fit=240%2C118&ssl=1","contentUrl":"https:\/\/i0.wp.com\/lila.valnaloneduca.com\/cplacarrionamiranda-2223\/wp-content\/uploads\/sites\/27\/2022\/10\/cropped-cropped-cropped-cabecero-1.png?fit=240%2C118&ssl=1","width":240,"height":118,"caption":"La Igualdad Lleva A \u2026 \u2013 C.P. LA CARRIONA MIRANDA - Avil\u00e9s \u2013 22\/23"},"image":{"@id":"http:\/\/lila.valnaloneduca.com\/cplacarrionamiranda-2223\/#\/schema\/logo\/image\/"}},{"@type":"Person","@id":"http:\/\/lila.valnaloneduca.com\/cplacarrionamiranda-2223\/#\/schema\/person\/b1d0422b250e580f42a136a82137c682","name":"lila","image":{"@type":"ImageObject","inLanguage":"es","@id":"https:\/\/secure.gravatar.com\/avatar\/0a19043ae51bb80b0374edd52905a2458416f7c4e271ad0f728fde45dd03a88e?s=96&d=mm&r=g","url":"https:\/\/secure.gravatar.com\/avatar\/0a19043ae51bb80b0374edd52905a2458416f7c4e271ad0f728fde45dd03a88e?s=96&d=mm&r=g","contentUrl":"https:\/\/secure.gravatar.com\/avatar\/0a19043ae51bb80b0374edd52905a2458416f7c4e271ad0f728fde45dd03a88e?s=96&d=mm&r=g","caption":"lila"},"url":"https:\/\/lila.valnaloneduca.com\/cplacarrionamiranda-2223\/author\/lila\/"}]}},"jetpack_featured_media_url":"","jetpack_sharing_enabled":true,"_links":{"self":[{"href":"https:\/\/lila.valnaloneduca.com\/cplacarrionamiranda-2223\/wp-json\/wp\/v2\/posts\/79","targetHints":{"allow":["GET"]}}],"collection":[{"href":"https:\/\/lila.valnaloneduca.com\/cplacarrionamiranda-2223\/wp-json\/wp\/v2\/posts"}],"about":[{"href":"https:\/\/lila.valnaloneduca.com\/cplacarrionamiranda-2223\/wp-json\/wp\/v2\/types\/post"}],"author":[{"embeddable":true,"href":"https:\/\/lila.valnaloneduca.com\/cplacarrionamiranda-2223\/wp-json\/wp\/v2\/users\/2"}],"replies":[{"embeddable":true,"href":"https:\/\/lila.valnaloneduca.com\/cplacarrionamiranda-2223\/wp-json\/wp\/v2\/comments?post=79"}],"version-history":[{"count":1,"href":"https:\/\/lila.valnaloneduca.com\/cplacarrionamiranda-2223\/wp-json\/wp\/v2\/posts\/79\/revisions"}],"predecessor-version":[{"id":90,"href":"https:\/\/lila.valnaloneduca.com\/cplacarrionamiranda-2223\/wp-json\/wp\/v2\/posts\/79\/revisions\/90"}],"wp:attachment":[{"href":"https:\/\/lila.valnaloneduca.com\/cplacarrionamiranda-2223\/wp-json\/wp\/v2\/media?parent=79"}],"wp:term":[{"taxonomy":"category","embeddable":true,"href":"https:\/\/lila.valnaloneduca.com\/cplacarrionamiranda-2223\/wp-json\/wp\/v2\/categories?post=79"},{"taxonomy":"post_tag","embeddable":true,"href":"https:\/\/lila.valnaloneduca.com\/cplacarrionamiranda-2223\/wp-json\/wp\/v2\/tags?post=79"}],"curies":[{"name":"wp","href":"https:\/\/api.w.org\/{rel}","templated":true}]}}