{"id":72,"date":"2024-05-17T09:38:34","date_gmt":"2024-05-17T07:38:34","guid":{"rendered":"http:\/\/lila.valnaloneduca.com\/cplavallina-2324\/?p=72"},"modified":"2024-05-17T10:05:02","modified_gmt":"2024-05-17T08:05:02","slug":"dia-de-la-mujer","status":"publish","type":"post","link":"https:\/\/lila.valnaloneduca.com\/cplavallina-2324\/2024\/05\/17\/dia-de-la-mujer\/","title":{"rendered":"D\u00cdA DE LA MUJER"},"content":{"rendered":"\n<p><a href=\"https:\/\/educastur-my.sharepoint.com\/:v:\/g\/personal\/paulafg_educastur_org\/ERYLPdsrwOtJqGY9mf1ILlQBhT2kPr_lKqzNWPor3-j8vw?nav=eyJyZWZlcnJhbEluZm8iOnsicmVmZXJyYWxBcHAiOiJPbmVEcml2ZUZvckJ1c2luZXNzIiwicmVmZXJyYWxBcHBQbGF0Zm9ybSI6IldlYiIsInJlZmVycmFsTW9kZSI6InZpZXciLCJyZWZlcnJhbFZpZXciOiJNeUZpbGVzTGlua0NvcHkifX0&amp;e=fktJE2\">VIDEO-2024-03-08-17-16-36.mp4<\/a><\/p>\n\n\n\n<p><\/p>\n\n\n\n\n\n<figure class=\"wp-block-image size-full\"><img data-recalc-dims=\"1\" loading=\"lazy\" decoding=\"async\" width=\"494\" height=\"640\" src=\"https:\/\/i0.wp.com\/lila.valnaloneduca.com\/cplavallina-2324\/wp-content\/uploads\/sites\/40\/2024\/05\/65937C7F-2C21-47BB-8581-E0627D7B92DB.jpeg?resize=494%2C640\" alt=\"\" class=\"wp-image-76\" srcset=\"https:\/\/i0.wp.com\/lila.valnaloneduca.com\/cplavallina-2324\/wp-content\/uploads\/sites\/40\/2024\/05\/65937C7F-2C21-47BB-8581-E0627D7B92DB.jpeg?w=494&amp;ssl=1 494w, https:\/\/i0.wp.com\/lila.valnaloneduca.com\/cplavallina-2324\/wp-content\/uploads\/sites\/40\/2024\/05\/65937C7F-2C21-47BB-8581-E0627D7B92DB.jpeg?resize=232%2C300&amp;ssl=1 232w\" sizes=\"auto, (max-width: 494px) 85vw, 494px\" \/><\/figure>\n","protected":false},"excerpt":{"rendered":"<p>VIDEO-2024-03-08-17-16-36.mp4<\/p>\n","protected":false},"author":48,"featured_media":0,"comment_status":"open","ping_status":"open","sticky":false,"template":"","format":"standard","meta":{"_jetpack_memberships_contains_paid_content":false,"footnotes":""},"categories":[1],"tags":[],"class_list":["post-72","post","type-post","status-publish","format-standard","hentry","category-sin-categoria"],"yoast_head":"<!-- This site is optimized with the Yoast SEO plugin v27.5 - https:\/\/yoast.com\/product\/yoast-seo-wordpress\/ -->\n<title>D\u00cdA DE LA MUJER - LILA \u2013 La Igualdad Lleva A\u2026 \u2013 CP LA VALLINA \u2013 Luanco \u2013 23\/24<\/title>\n<meta name=\"robots\" content=\"index, follow, max-snippet:-1, max-image-preview:large, max-video-preview:-1\" \/>\n<link rel=\"canonical\" href=\"http:\/\/lila.valnaloneduca.com\/cplavallina-2324\/2024\/05\/17\/dia-de-la-mujer\/\" \/>\n<meta property=\"og:locale\" content=\"es_ES\" \/>\n<meta property=\"og:type\" content=\"article\" \/>\n<meta property=\"og:title\" content=\"D\u00cdA DE LA MUJER - LILA \u2013 La Igualdad Lleva A\u2026 \u2013 CP LA VALLINA \u2013 Luanco \u2013 23\/24\" \/>\n<meta property=\"og:description\" content=\"VIDEO-2024-03-08-17-16-36.mp4\" \/>\n<meta property=\"og:url\" content=\"http:\/\/lila.valnaloneduca.com\/cplavallina-2324\/2024\/05\/17\/dia-de-la-mujer\/\" \/>\n<meta property=\"og:site_name\" content=\"LILA \u2013 La Igualdad Lleva A\u2026 \u2013 CP LA VALLINA \u2013 Luanco \u2013 23\/24\" \/>\n<meta property=\"article:published_time\" content=\"2024-05-17T07:38:34+00:00\" \/>\n<meta property=\"article:modified_time\" content=\"2024-05-17T08:05:02+00:00\" \/>\n<meta property=\"og:image\" content=\"http:\/\/lila.valnaloneduca.com\/cplavallina-2324\/wp-content\/uploads\/sites\/40\/2024\/05\/65937C7F-2C21-47BB-8581-E0627D7B92DB.jpeg\" \/>\n<meta name=\"twitter:card\" content=\"summary_large_image\" \/>\n<meta name=\"twitter:label1\" content=\"Escrito por\" \/>\n\t<meta name=\"twitter:data1\" content=\"\" \/>\n\t<meta name=\"twitter:label2\" content=\"Tiempo de lectura\" \/>\n\t<meta name=\"twitter:data2\" content=\"1 minuto\" \/>\n<script type=\"application\/ld+json\" class=\"yoast-schema-graph\">{\"@context\":\"https:\\\/\\\/schema.org\",\"@graph\":[{\"@type\":\"Article\",\"@id\":\"http:\\\/\\\/lila.valnaloneduca.com\\\/cplavallina-2324\\\/2024\\\/05\\\/17\\\/dia-de-la-mujer\\\/#article\",\"isPartOf\":{\"@id\":\"http:\\\/\\\/lila.valnaloneduca.com\\\/cplavallina-2324\\\/2024\\\/05\\\/17\\\/dia-de-la-mujer\\\/\"},\"author\":{\"name\":\"\",\"@id\":\"\"},\"headline\":\"D\u00cdA DE LA MUJER\",\"datePublished\":\"2024-05-17T07:38:34+00:00\",\"dateModified\":\"2024-05-17T08:05:02+00:00\",\"mainEntityOfPage\":{\"@id\":\"http:\\\/\\\/lila.valnaloneduca.com\\\/cplavallina-2324\\\/2024\\\/05\\\/17\\\/dia-de-la-mujer\\\/\"},\"wordCount\":12,\"commentCount\":0,\"publisher\":{\"@id\":\"http:\\\/\\\/lila.valnaloneduca.com\\\/cplavallina-2324\\\/#organization\"},\"image\":{\"@id\":\"http:\\\/\\\/lila.valnaloneduca.com\\\/cplavallina-2324\\\/2024\\\/05\\\/17\\\/dia-de-la-mujer\\\/#primaryimage\"},\"thumbnailUrl\":\"http:\\\/\\\/lila.valnaloneduca.com\\\/cplavallina-2324\\\/wp-content\\\/uploads\\\/sites\\\/40\\\/2024\\\/05\\\/65937C7F-2C21-47BB-8581-E0627D7B92DB.jpeg\",\"inLanguage\":\"es\",\"potentialAction\":[{\"@type\":\"CommentAction\",\"name\":\"Comment\",\"target\":[\"http:\\\/\\\/lila.valnaloneduca.com\\\/cplavallina-2324\\\/2024\\\/05\\\/17\\\/dia-de-la-mujer\\\/#respond\"]}]},{\"@type\":\"WebPage\",\"@id\":\"http:\\\/\\\/lila.valnaloneduca.com\\\/cplavallina-2324\\\/2024\\\/05\\\/17\\\/dia-de-la-mujer\\\/\",\"url\":\"http:\\\/\\\/lila.valnaloneduca.com\\\/cplavallina-2324\\\/2024\\\/05\\\/17\\\/dia-de-la-mujer\\\/\",\"name\":\"D\u00cdA DE LA MUJER - LILA \u2013 La Igualdad Lleva A\u2026 \u2013 CP LA VALLINA \u2013 Luanco \u2013 23\\\/24\",\"isPartOf\":{\"@id\":\"http:\\\/\\\/lila.valnaloneduca.com\\\/cplavallina-2324\\\/#website\"},\"primaryImageOfPage\":{\"@id\":\"http:\\\/\\\/lila.valnaloneduca.com\\\/cplavallina-2324\\\/2024\\\/05\\\/17\\\/dia-de-la-mujer\\\/#primaryimage\"},\"image\":{\"@id\":\"http:\\\/\\\/lila.valnaloneduca.com\\\/cplavallina-2324\\\/2024\\\/05\\\/17\\\/dia-de-la-mujer\\\/#primaryimage\"},\"thumbnailUrl\":\"http:\\\/\\\/lila.valnaloneduca.com\\\/cplavallina-2324\\\/wp-content\\\/uploads\\\/sites\\\/40\\\/2024\\\/05\\\/65937C7F-2C21-47BB-8581-E0627D7B92DB.jpeg\",\"datePublished\":\"2024-05-17T07:38:34+00:00\",\"dateModified\":\"2024-05-17T08:05:02+00:00\",\"breadcrumb\":{\"@id\":\"http:\\\/\\\/lila.valnaloneduca.com\\\/cplavallina-2324\\\/2024\\\/05\\\/17\\\/dia-de-la-mujer\\\/#breadcrumb\"},\"inLanguage\":\"es\",\"potentialAction\":[{\"@type\":\"ReadAction\",\"target\":[\"http:\\\/\\\/lila.valnaloneduca.com\\\/cplavallina-2324\\\/2024\\\/05\\\/17\\\/dia-de-la-mujer\\\/\"]}]},{\"@type\":\"ImageObject\",\"inLanguage\":\"es\",\"@id\":\"http:\\\/\\\/lila.valnaloneduca.com\\\/cplavallina-2324\\\/2024\\\/05\\\/17\\\/dia-de-la-mujer\\\/#primaryimage\",\"url\":\"https:\\\/\\\/i0.wp.com\\\/lila.valnaloneduca.com\\\/cplavallina-2324\\\/wp-content\\\/uploads\\\/sites\\\/40\\\/2024\\\/05\\\/65937C7F-2C21-47BB-8581-E0627D7B92DB.jpeg?fit=494%2C640&ssl=1\",\"contentUrl\":\"https:\\\/\\\/i0.wp.com\\\/lila.valnaloneduca.com\\\/cplavallina-2324\\\/wp-content\\\/uploads\\\/sites\\\/40\\\/2024\\\/05\\\/65937C7F-2C21-47BB-8581-E0627D7B92DB.jpeg?fit=494%2C640&ssl=1\",\"width\":494,\"height\":640},{\"@type\":\"BreadcrumbList\",\"@id\":\"http:\\\/\\\/lila.valnaloneduca.com\\\/cplavallina-2324\\\/2024\\\/05\\\/17\\\/dia-de-la-mujer\\\/#breadcrumb\",\"itemListElement\":[{\"@type\":\"ListItem\",\"position\":1,\"name\":\"Portada\",\"item\":\"http:\\\/\\\/lila.valnaloneduca.com\\\/cplavallina-2324\\\/\"},{\"@type\":\"ListItem\",\"position\":2,\"name\":\"D\u00cdA DE LA MUJER\"}]},{\"@type\":\"WebSite\",\"@id\":\"http:\\\/\\\/lila.valnaloneduca.com\\\/cplavallina-2324\\\/#website\",\"url\":\"http:\\\/\\\/lila.valnaloneduca.com\\\/cplavallina-2324\\\/\",\"name\":\"LILA \u2013 La Igualdad Lleva A\u2026 \u2013 CP LA VALLINA \u2013 Luanco \u2013 23\\\/24\",\"description\":\"La Igualdad Lleva A (LILA) es un Proyecto educativo de la Cadena de Formaci\u00f3n para Emprender del Principado de Asturias, que promueve el desarrollo de competencias emprendedoras al servicio de un trabajo para el empoderamiento y la promoci\u00f3n de la igualdad entre ni\u00f1os y ni\u00f1as de Educaci\u00f3n Primaria.\",\"publisher\":{\"@id\":\"http:\\\/\\\/lila.valnaloneduca.com\\\/cplavallina-2324\\\/#organization\"},\"potentialAction\":[{\"@type\":\"SearchAction\",\"target\":{\"@type\":\"EntryPoint\",\"urlTemplate\":\"http:\\\/\\\/lila.valnaloneduca.com\\\/cplavallina-2324\\\/?s={search_term_string}\"},\"query-input\":{\"@type\":\"PropertyValueSpecification\",\"valueRequired\":true,\"valueName\":\"search_term_string\"}}],\"inLanguage\":\"es\"},{\"@type\":\"Organization\",\"@id\":\"http:\\\/\\\/lila.valnaloneduca.com\\\/cplavallina-2324\\\/#organization\",\"name\":\"LILA \u2013 La Igualdad Lleva A\u2026 \u2013 CP LA VALLINA \u2013 Luanco \u2013 23\\\/24\",\"url\":\"http:\\\/\\\/lila.valnaloneduca.com\\\/cplavallina-2324\\\/\",\"logo\":{\"@type\":\"ImageObject\",\"inLanguage\":\"es\",\"@id\":\"http:\\\/\\\/lila.valnaloneduca.com\\\/cplavallina-2324\\\/#\\\/schema\\\/logo\\\/image\\\/\",\"url\":\"https:\\\/\\\/i0.wp.com\\\/lila.valnaloneduca.com\\\/cplavallina-2324\\\/wp-content\\\/uploads\\\/sites\\\/40\\\/2023\\\/10\\\/cropped-cropped-cropped-cabecero-1.jpg?fit=240%2C118&ssl=1\",\"contentUrl\":\"https:\\\/\\\/i0.wp.com\\\/lila.valnaloneduca.com\\\/cplavallina-2324\\\/wp-content\\\/uploads\\\/sites\\\/40\\\/2023\\\/10\\\/cropped-cropped-cropped-cabecero-1.jpg?fit=240%2C118&ssl=1\",\"width\":240,\"height\":118,\"caption\":\"LILA \u2013 La Igualdad Lleva A\u2026 \u2013 CP LA VALLINA \u2013 Luanco \u2013 23\\\/24\"},\"image\":{\"@id\":\"http:\\\/\\\/lila.valnaloneduca.com\\\/cplavallina-2324\\\/#\\\/schema\\\/logo\\\/image\\\/\"}},{\"@type\":\"Person\",\"@id\":\"\",\"url\":\"https:\\\/\\\/lila.valnaloneduca.com\\\/cplavallina-2324\\\/author\\\/\"}]}<\/script>\n<!-- \/ Yoast SEO plugin. -->","yoast_head_json":{"title":"D\u00cdA DE LA MUJER - LILA \u2013 La Igualdad Lleva A\u2026 \u2013 CP LA VALLINA \u2013 Luanco \u2013 23\/24","robots":{"index":"index","follow":"follow","max-snippet":"max-snippet:-1","max-image-preview":"max-image-preview:large","max-video-preview":"max-video-preview:-1"},"canonical":"http:\/\/lila.valnaloneduca.com\/cplavallina-2324\/2024\/05\/17\/dia-de-la-mujer\/","og_locale":"es_ES","og_type":"article","og_title":"D\u00cdA DE LA MUJER - LILA \u2013 La Igualdad Lleva A\u2026 \u2013 CP LA VALLINA \u2013 Luanco \u2013 23\/24","og_description":"VIDEO-2024-03-08-17-16-36.mp4","og_url":"http:\/\/lila.valnaloneduca.com\/cplavallina-2324\/2024\/05\/17\/dia-de-la-mujer\/","og_site_name":"LILA \u2013 La Igualdad Lleva A\u2026 \u2013 CP LA VALLINA \u2013 Luanco \u2013 23\/24","article_published_time":"2024-05-17T07:38:34+00:00","article_modified_time":"2024-05-17T08:05:02+00:00","og_image":[{"url":"http:\/\/lila.valnaloneduca.com\/cplavallina-2324\/wp-content\/uploads\/sites\/40\/2024\/05\/65937C7F-2C21-47BB-8581-E0627D7B92DB.jpeg","type":"","width":"","height":""}],"twitter_card":"summary_large_image","twitter_misc":{"Escrito por":"","Tiempo de lectura":"1 minuto"},"schema":{"@context":"https:\/\/schema.org","@graph":[{"@type":"Article","@id":"http:\/\/lila.valnaloneduca.com\/cplavallina-2324\/2024\/05\/17\/dia-de-la-mujer\/#article","isPartOf":{"@id":"http:\/\/lila.valnaloneduca.com\/cplavallina-2324\/2024\/05\/17\/dia-de-la-mujer\/"},"author":{"name":"","@id":""},"headline":"D\u00cdA DE LA MUJER","datePublished":"2024-05-17T07:38:34+00:00","dateModified":"2024-05-17T08:05:02+00:00","mainEntityOfPage":{"@id":"http:\/\/lila.valnaloneduca.com\/cplavallina-2324\/2024\/05\/17\/dia-de-la-mujer\/"},"wordCount":12,"commentCount":0,"publisher":{"@id":"http:\/\/lila.valnaloneduca.com\/cplavallina-2324\/#organization"},"image":{"@id":"http:\/\/lila.valnaloneduca.com\/cplavallina-2324\/2024\/05\/17\/dia-de-la-mujer\/#primaryimage"},"thumbnailUrl":"http:\/\/lila.valnaloneduca.com\/cplavallina-2324\/wp-content\/uploads\/sites\/40\/2024\/05\/65937C7F-2C21-47BB-8581-E0627D7B92DB.jpeg","inLanguage":"es","potentialAction":[{"@type":"CommentAction","name":"Comment","target":["http:\/\/lila.valnaloneduca.com\/cplavallina-2324\/2024\/05\/17\/dia-de-la-mujer\/#respond"]}]},{"@type":"WebPage","@id":"http:\/\/lila.valnaloneduca.com\/cplavallina-2324\/2024\/05\/17\/dia-de-la-mujer\/","url":"http:\/\/lila.valnaloneduca.com\/cplavallina-2324\/2024\/05\/17\/dia-de-la-mujer\/","name":"D\u00cdA DE LA MUJER - LILA \u2013 La Igualdad Lleva A\u2026 \u2013 CP LA VALLINA \u2013 Luanco \u2013 23\/24","isPartOf":{"@id":"http:\/\/lila.valnaloneduca.com\/cplavallina-2324\/#website"},"primaryImageOfPage":{"@id":"http:\/\/lila.valnaloneduca.com\/cplavallina-2324\/2024\/05\/17\/dia-de-la-mujer\/#primaryimage"},"image":{"@id":"http:\/\/lila.valnaloneduca.com\/cplavallina-2324\/2024\/05\/17\/dia-de-la-mujer\/#primaryimage"},"thumbnailUrl":"http:\/\/lila.valnaloneduca.com\/cplavallina-2324\/wp-content\/uploads\/sites\/40\/2024\/05\/65937C7F-2C21-47BB-8581-E0627D7B92DB.jpeg","datePublished":"2024-05-17T07:38:34+00:00","dateModified":"2024-05-17T08:05:02+00:00","breadcrumb":{"@id":"http:\/\/lila.valnaloneduca.com\/cplavallina-2324\/2024\/05\/17\/dia-de-la-mujer\/#breadcrumb"},"inLanguage":"es","potentialAction":[{"@type":"ReadAction","target":["http:\/\/lila.valnaloneduca.com\/cplavallina-2324\/2024\/05\/17\/dia-de-la-mujer\/"]}]},{"@type":"ImageObject","inLanguage":"es","@id":"http:\/\/lila.valnaloneduca.com\/cplavallina-2324\/2024\/05\/17\/dia-de-la-mujer\/#primaryimage","url":"https:\/\/i0.wp.com\/lila.valnaloneduca.com\/cplavallina-2324\/wp-content\/uploads\/sites\/40\/2024\/05\/65937C7F-2C21-47BB-8581-E0627D7B92DB.jpeg?fit=494%2C640&ssl=1","contentUrl":"https:\/\/i0.wp.com\/lila.valnaloneduca.com\/cplavallina-2324\/wp-content\/uploads\/sites\/40\/2024\/05\/65937C7F-2C21-47BB-8581-E0627D7B92DB.jpeg?fit=494%2C640&ssl=1","width":494,"height":640},{"@type":"BreadcrumbList","@id":"http:\/\/lila.valnaloneduca.com\/cplavallina-2324\/2024\/05\/17\/dia-de-la-mujer\/#breadcrumb","itemListElement":[{"@type":"ListItem","position":1,"name":"Portada","item":"http:\/\/lila.valnaloneduca.com\/cplavallina-2324\/"},{"@type":"ListItem","position":2,"name":"D\u00cdA DE LA MUJER"}]},{"@type":"WebSite","@id":"http:\/\/lila.valnaloneduca.com\/cplavallina-2324\/#website","url":"http:\/\/lila.valnaloneduca.com\/cplavallina-2324\/","name":"LILA \u2013 La Igualdad Lleva A\u2026 \u2013 CP LA VALLINA \u2013 Luanco \u2013 23\/24","description":"La Igualdad Lleva A (LILA) es un Proyecto educativo de la Cadena de Formaci\u00f3n para Emprender del Principado de Asturias, que promueve el desarrollo de competencias emprendedoras al servicio de un trabajo para el empoderamiento y la promoci\u00f3n de la igualdad entre ni\u00f1os y ni\u00f1as de Educaci\u00f3n Primaria.","publisher":{"@id":"http:\/\/lila.valnaloneduca.com\/cplavallina-2324\/#organization"},"potentialAction":[{"@type":"SearchAction","target":{"@type":"EntryPoint","urlTemplate":"http:\/\/lila.valnaloneduca.com\/cplavallina-2324\/?s={search_term_string}"},"query-input":{"@type":"PropertyValueSpecification","valueRequired":true,"valueName":"search_term_string"}}],"inLanguage":"es"},{"@type":"Organization","@id":"http:\/\/lila.valnaloneduca.com\/cplavallina-2324\/#organization","name":"LILA \u2013 La Igualdad Lleva A\u2026 \u2013 CP LA VALLINA \u2013 Luanco \u2013 23\/24","url":"http:\/\/lila.valnaloneduca.com\/cplavallina-2324\/","logo":{"@type":"ImageObject","inLanguage":"es","@id":"http:\/\/lila.valnaloneduca.com\/cplavallina-2324\/#\/schema\/logo\/image\/","url":"https:\/\/i0.wp.com\/lila.valnaloneduca.com\/cplavallina-2324\/wp-content\/uploads\/sites\/40\/2023\/10\/cropped-cropped-cropped-cabecero-1.jpg?fit=240%2C118&ssl=1","contentUrl":"https:\/\/i0.wp.com\/lila.valnaloneduca.com\/cplavallina-2324\/wp-content\/uploads\/sites\/40\/2023\/10\/cropped-cropped-cropped-cabecero-1.jpg?fit=240%2C118&ssl=1","width":240,"height":118,"caption":"LILA \u2013 La Igualdad Lleva A\u2026 \u2013 CP LA VALLINA \u2013 Luanco \u2013 23\/24"},"image":{"@id":"http:\/\/lila.valnaloneduca.com\/cplavallina-2324\/#\/schema\/logo\/image\/"}},{"@type":"Person","@id":"","url":"https:\/\/lila.valnaloneduca.com\/cplavallina-2324\/author\/"}]}},"jetpack_featured_media_url":"","jetpack_sharing_enabled":true,"_links":{"self":[{"href":"https:\/\/lila.valnaloneduca.com\/cplavallina-2324\/wp-json\/wp\/v2\/posts\/72","targetHints":{"allow":["GET"]}}],"collection":[{"href":"https:\/\/lila.valnaloneduca.com\/cplavallina-2324\/wp-json\/wp\/v2\/posts"}],"about":[{"href":"https:\/\/lila.valnaloneduca.com\/cplavallina-2324\/wp-json\/wp\/v2\/types\/post"}],"author":[{"embeddable":true,"href":"https:\/\/lila.valnaloneduca.com\/cplavallina-2324\/wp-json\/wp\/v2\/users\/48"}],"replies":[{"embeddable":true,"href":"https:\/\/lila.valnaloneduca.com\/cplavallina-2324\/wp-json\/wp\/v2\/comments?post=72"}],"version-history":[{"count":3,"href":"https:\/\/lila.valnaloneduca.com\/cplavallina-2324\/wp-json\/wp\/v2\/posts\/72\/revisions"}],"predecessor-version":[{"id":77,"href":"https:\/\/lila.valnaloneduca.com\/cplavallina-2324\/wp-json\/wp\/v2\/posts\/72\/revisions\/77"}],"wp:attachment":[{"href":"https:\/\/lila.valnaloneduca.com\/cplavallina-2324\/wp-json\/wp\/v2\/media?parent=72"}],"wp:term":[{"taxonomy":"category","embeddable":true,"href":"https:\/\/lila.valnaloneduca.com\/cplavallina-2324\/wp-json\/wp\/v2\/categories?post=72"},{"taxonomy":"post_tag","embeddable":true,"href":"https:\/\/lila.valnaloneduca.com\/cplavallina-2324\/wp-json\/wp\/v2\/tags?post=72"}],"curies":[{"name":"wp","href":"https:\/\/api.w.org\/{rel}","templated":true}]}}