{"id":101,"date":"2024-04-10T13:51:32","date_gmt":"2024-04-10T11:51:32","guid":{"rendered":"http:\/\/lila.valnaloneduca.com\/cplorenzonovomier-2324\/?p=101"},"modified":"2024-04-10T13:56:00","modified_gmt":"2024-04-10T11:56:00","slug":"el-cuento-rosa-caramelo","status":"publish","type":"post","link":"https:\/\/lila.valnaloneduca.com\/cplorenzonovomier-2324\/2024\/04\/10\/el-cuento-rosa-caramelo\/","title":{"rendered":"EL CUENTO \u00abROSA CARAMELO\u00bb"},"content":{"rendered":"<p>El alumnado de 4 a\u00f1os ha trabajado en clase el cuento \u00abRosa Caramelo\u00bb de Adela Tur\u00edn, un magn\u00edfico cuento que nos permite reflexionar sobre los roles de g\u00e9nero, la superficialidad de la imagen, los estereotipos o la clasificaci\u00f3n seg\u00fan el g\u00e9nero.<\/p>\n<p>Os dejamos una muestra de la actividad.<\/p>\n<p>\u00a0<\/p>\n\n\n<figure class=\"wp-block-image size-large is-resized\"><img data-recalc-dims=\"1\" loading=\"lazy\" decoding=\"async\" width=\"840\" height=\"630\" src=\"https:\/\/i0.wp.com\/lila.valnaloneduca.com\/cplorenzonovomier-2324\/wp-content\/uploads\/sites\/42\/2024\/04\/20240202_093022-rotated-e1712749822317-1024x768.jpg?resize=840%2C630\" alt=\"\" class=\"wp-image-104\" style=\"aspect-ratio:1.3333333333333333;width:555px;height:auto\" srcset=\"https:\/\/i0.wp.com\/lila.valnaloneduca.com\/cplorenzonovomier-2324\/wp-content\/uploads\/sites\/42\/2024\/04\/20240202_093022-rotated-e1712749822317.jpg?resize=1024%2C768&amp;ssl=1 1024w, https:\/\/i0.wp.com\/lila.valnaloneduca.com\/cplorenzonovomier-2324\/wp-content\/uploads\/sites\/42\/2024\/04\/20240202_093022-rotated-e1712749822317.jpg?resize=300%2C225&amp;ssl=1 300w, https:\/\/i0.wp.com\/lila.valnaloneduca.com\/cplorenzonovomier-2324\/wp-content\/uploads\/sites\/42\/2024\/04\/20240202_093022-rotated-e1712749822317.jpg?resize=768%2C576&amp;ssl=1 768w, https:\/\/i0.wp.com\/lila.valnaloneduca.com\/cplorenzonovomier-2324\/wp-content\/uploads\/sites\/42\/2024\/04\/20240202_093022-rotated-e1712749822317.jpg?resize=1536%2C1152&amp;ssl=1 1536w, https:\/\/i0.wp.com\/lila.valnaloneduca.com\/cplorenzonovomier-2324\/wp-content\/uploads\/sites\/42\/2024\/04\/20240202_093022-rotated-e1712749822317.jpg?resize=2048%2C1536&amp;ssl=1 2048w, https:\/\/i0.wp.com\/lila.valnaloneduca.com\/cplorenzonovomier-2324\/wp-content\/uploads\/sites\/42\/2024\/04\/20240202_093022-rotated-e1712749822317.jpg?resize=1200%2C900&amp;ssl=1 1200w, https:\/\/i0.wp.com\/lila.valnaloneduca.com\/cplorenzonovomier-2324\/wp-content\/uploads\/sites\/42\/2024\/04\/20240202_093022-rotated-e1712749822317.jpg?w=1680 1680w\" sizes=\"auto, (max-width: 709px) 85vw, (max-width: 909px) 67vw, (max-width: 1362px) 62vw, 840px\" \/><\/figure>\n\n\n\n<p><\/p>\n\n\n\n<figure class=\"wp-block-image size-large is-resized\"><img data-recalc-dims=\"1\" loading=\"lazy\" decoding=\"async\" width=\"840\" height=\"630\" src=\"https:\/\/i0.wp.com\/lila.valnaloneduca.com\/cplorenzonovomier-2324\/wp-content\/uploads\/sites\/42\/2024\/04\/20240202_092857.jpg?resize=840%2C630\" alt=\"\" class=\"wp-image-103\" style=\"aspect-ratio:1.3333333333333333;width:561px;height:auto\" srcset=\"https:\/\/i0.wp.com\/lila.valnaloneduca.com\/cplorenzonovomier-2324\/wp-content\/uploads\/sites\/42\/2024\/04\/20240202_092857.jpg?resize=1024%2C768&amp;ssl=1 1024w, https:\/\/i0.wp.com\/lila.valnaloneduca.com\/cplorenzonovomier-2324\/wp-content\/uploads\/sites\/42\/2024\/04\/20240202_092857.jpg?resize=300%2C225&amp;ssl=1 300w, https:\/\/i0.wp.com\/lila.valnaloneduca.com\/cplorenzonovomier-2324\/wp-content\/uploads\/sites\/42\/2024\/04\/20240202_092857.jpg?resize=768%2C576&amp;ssl=1 768w, https:\/\/i0.wp.com\/lila.valnaloneduca.com\/cplorenzonovomier-2324\/wp-content\/uploads\/sites\/42\/2024\/04\/20240202_092857.jpg?resize=1536%2C1152&amp;ssl=1 1536w, https:\/\/i0.wp.com\/lila.valnaloneduca.com\/cplorenzonovomier-2324\/wp-content\/uploads\/sites\/42\/2024\/04\/20240202_092857.jpg?resize=2048%2C1536&amp;ssl=1 2048w, https:\/\/i0.wp.com\/lila.valnaloneduca.com\/cplorenzonovomier-2324\/wp-content\/uploads\/sites\/42\/2024\/04\/20240202_092857.jpg?resize=1200%2C900&amp;ssl=1 1200w, https:\/\/i0.wp.com\/lila.valnaloneduca.com\/cplorenzonovomier-2324\/wp-content\/uploads\/sites\/42\/2024\/04\/20240202_092857.jpg?w=1680 1680w\" sizes=\"auto, (max-width: 709px) 85vw, (max-width: 909px) 67vw, (max-width: 1362px) 62vw, 840px\" \/><\/figure>\n\n\n\n<figure class=\"wp-block-image size-large is-resized\"><img data-recalc-dims=\"1\" loading=\"lazy\" decoding=\"async\" width=\"840\" height=\"630\" src=\"https:\/\/i0.wp.com\/lila.valnaloneduca.com\/cplorenzonovomier-2324\/wp-content\/uploads\/sites\/42\/2024\/04\/20240202_093622.jpg?resize=840%2C630\" alt=\"\" class=\"wp-image-105\" style=\"aspect-ratio:1.3333333333333333;width:557px;height:auto\" srcset=\"https:\/\/i0.wp.com\/lila.valnaloneduca.com\/cplorenzonovomier-2324\/wp-content\/uploads\/sites\/42\/2024\/04\/20240202_093622.jpg?resize=1024%2C768&amp;ssl=1 1024w, https:\/\/i0.wp.com\/lila.valnaloneduca.com\/cplorenzonovomier-2324\/wp-content\/uploads\/sites\/42\/2024\/04\/20240202_093622.jpg?resize=300%2C225&amp;ssl=1 300w, https:\/\/i0.wp.com\/lila.valnaloneduca.com\/cplorenzonovomier-2324\/wp-content\/uploads\/sites\/42\/2024\/04\/20240202_093622.jpg?resize=768%2C576&amp;ssl=1 768w, https:\/\/i0.wp.com\/lila.valnaloneduca.com\/cplorenzonovomier-2324\/wp-content\/uploads\/sites\/42\/2024\/04\/20240202_093622.jpg?resize=1536%2C1152&amp;ssl=1 1536w, https:\/\/i0.wp.com\/lila.valnaloneduca.com\/cplorenzonovomier-2324\/wp-content\/uploads\/sites\/42\/2024\/04\/20240202_093622.jpg?resize=2048%2C1536&amp;ssl=1 2048w, https:\/\/i0.wp.com\/lila.valnaloneduca.com\/cplorenzonovomier-2324\/wp-content\/uploads\/sites\/42\/2024\/04\/20240202_093622.jpg?resize=1200%2C900&amp;ssl=1 1200w, https:\/\/i0.wp.com\/lila.valnaloneduca.com\/cplorenzonovomier-2324\/wp-content\/uploads\/sites\/42\/2024\/04\/20240202_093622.jpg?w=1680 1680w\" sizes=\"auto, (max-width: 709px) 85vw, (max-width: 909px) 67vw, (max-width: 1362px) 62vw, 840px\" \/><\/figure>\n\n\n\n<figure class=\"wp-block-image size-large is-resized\"><img data-recalc-dims=\"1\" loading=\"lazy\" decoding=\"async\" width=\"840\" height=\"630\" src=\"https:\/\/i0.wp.com\/lila.valnaloneduca.com\/cplorenzonovomier-2324\/wp-content\/uploads\/sites\/42\/2024\/04\/20240202_092851.jpg?resize=840%2C630\" alt=\"\" class=\"wp-image-102\" style=\"aspect-ratio:1.3333333333333333;width:557px;height:auto\" srcset=\"https:\/\/i0.wp.com\/lila.valnaloneduca.com\/cplorenzonovomier-2324\/wp-content\/uploads\/sites\/42\/2024\/04\/20240202_092851.jpg?resize=1024%2C768&amp;ssl=1 1024w, https:\/\/i0.wp.com\/lila.valnaloneduca.com\/cplorenzonovomier-2324\/wp-content\/uploads\/sites\/42\/2024\/04\/20240202_092851.jpg?resize=300%2C225&amp;ssl=1 300w, https:\/\/i0.wp.com\/lila.valnaloneduca.com\/cplorenzonovomier-2324\/wp-content\/uploads\/sites\/42\/2024\/04\/20240202_092851.jpg?resize=768%2C576&amp;ssl=1 768w, https:\/\/i0.wp.com\/lila.valnaloneduca.com\/cplorenzonovomier-2324\/wp-content\/uploads\/sites\/42\/2024\/04\/20240202_092851.jpg?resize=1536%2C1152&amp;ssl=1 1536w, https:\/\/i0.wp.com\/lila.valnaloneduca.com\/cplorenzonovomier-2324\/wp-content\/uploads\/sites\/42\/2024\/04\/20240202_092851.jpg?resize=2048%2C1536&amp;ssl=1 2048w, https:\/\/i0.wp.com\/lila.valnaloneduca.com\/cplorenzonovomier-2324\/wp-content\/uploads\/sites\/42\/2024\/04\/20240202_092851.jpg?resize=1200%2C900&amp;ssl=1 1200w, https:\/\/i0.wp.com\/lila.valnaloneduca.com\/cplorenzonovomier-2324\/wp-content\/uploads\/sites\/42\/2024\/04\/20240202_092851.jpg?w=1680 1680w\" sizes=\"auto, (max-width: 709px) 85vw, (max-width: 909px) 67vw, (max-width: 1362px) 62vw, 840px\" \/><\/figure>\n","protected":false},"excerpt":{"rendered":"<p>El alumnado de 4 a\u00f1os ha trabajado en clase el cuento \u00abRosa Caramelo\u00bb de Adela Tur\u00edn, un magn\u00edfico cuento que nos permite reflexionar sobre los roles de g\u00e9nero, la superficialidad de la imagen, los estereotipos o la clasificaci\u00f3n seg\u00fan el g\u00e9nero. Os dejamos una muestra de la actividad. \u00a0<\/p>\n","protected":false},"author":54,"featured_media":0,"comment_status":"open","ping_status":"open","sticky":false,"template":"","format":"standard","meta":{"_jetpack_memberships_contains_paid_content":false,"footnotes":""},"categories":[1],"tags":[],"class_list":["post-101","post","type-post","status-publish","format-standard","hentry","category-sin-categoria"],"yoast_head":"<!-- This site is optimized with the Yoast SEO plugin v27.5 - https:\/\/yoast.com\/product\/yoast-seo-wordpress\/ -->\n<title>EL CUENTO &quot;ROSA CARAMELO&quot; - LILA \u2013 La Igualdad Lleva A\u2026 \u2013 C.P. LORENZO NOVO MIER \u2013 23\/24<\/title>\n<meta name=\"robots\" content=\"index, follow, max-snippet:-1, max-image-preview:large, max-video-preview:-1\" \/>\n<link rel=\"canonical\" href=\"http:\/\/lila.valnaloneduca.com\/cplorenzonovomier-2324\/2024\/04\/10\/el-cuento-rosa-caramelo\/\" \/>\n<meta property=\"og:locale\" content=\"es_ES\" \/>\n<meta property=\"og:type\" content=\"article\" \/>\n<meta property=\"og:title\" content=\"EL CUENTO &quot;ROSA CARAMELO&quot; - LILA \u2013 La Igualdad Lleva A\u2026 \u2013 C.P. LORENZO NOVO MIER \u2013 23\/24\" \/>\n<meta property=\"og:description\" content=\"El alumnado de 4 a\u00f1os ha trabajado en clase el cuento \u00abRosa Caramelo\u00bb de Adela Tur\u00edn, un magn\u00edfico cuento que nos permite reflexionar sobre los roles de g\u00e9nero, la superficialidad de la imagen, los estereotipos o la clasificaci\u00f3n seg\u00fan el g\u00e9nero. Os dejamos una muestra de la actividad. \u00a0\" \/>\n<meta property=\"og:url\" content=\"http:\/\/lila.valnaloneduca.com\/cplorenzonovomier-2324\/2024\/04\/10\/el-cuento-rosa-caramelo\/\" \/>\n<meta property=\"og:site_name\" content=\"LILA \u2013 La Igualdad Lleva A\u2026 \u2013 C.P. LORENZO NOVO MIER \u2013 23\/24\" \/>\n<meta property=\"article:published_time\" content=\"2024-04-10T11:51:32+00:00\" \/>\n<meta property=\"article:modified_time\" content=\"2024-04-10T11:56:00+00:00\" \/>\n<meta property=\"og:image\" content=\"http:\/\/lila.valnaloneduca.com\/cplorenzonovomier-2324\/wp-content\/uploads\/sites\/42\/2024\/04\/20240202_093022-rotated-e1712749822317-1024x768.jpg\" \/>\n<meta name=\"twitter:card\" content=\"summary_large_image\" \/>\n<meta name=\"twitter:label1\" content=\"Escrito por\" \/>\n\t<meta name=\"twitter:data1\" content=\"\" \/>\n\t<meta name=\"twitter:label2\" content=\"Tiempo de lectura\" \/>\n\t<meta name=\"twitter:data2\" content=\"2 minutos\" \/>\n<script type=\"application\/ld+json\" class=\"yoast-schema-graph\">{\"@context\":\"https:\\\/\\\/schema.org\",\"@graph\":[{\"@type\":\"Article\",\"@id\":\"http:\\\/\\\/lila.valnaloneduca.com\\\/cplorenzonovomier-2324\\\/2024\\\/04\\\/10\\\/el-cuento-rosa-caramelo\\\/#article\",\"isPartOf\":{\"@id\":\"http:\\\/\\\/lila.valnaloneduca.com\\\/cplorenzonovomier-2324\\\/2024\\\/04\\\/10\\\/el-cuento-rosa-caramelo\\\/\"},\"author\":{\"name\":\"\",\"@id\":\"\"},\"headline\":\"EL CUENTO \u00abROSA CARAMELO\u00bb\",\"datePublished\":\"2024-04-10T11:51:32+00:00\",\"dateModified\":\"2024-04-10T11:56:00+00:00\",\"mainEntityOfPage\":{\"@id\":\"http:\\\/\\\/lila.valnaloneduca.com\\\/cplorenzonovomier-2324\\\/2024\\\/04\\\/10\\\/el-cuento-rosa-caramelo\\\/\"},\"wordCount\":58,\"commentCount\":0,\"publisher\":{\"@id\":\"http:\\\/\\\/lila.valnaloneduca.com\\\/cplorenzonovomier-2324\\\/#organization\"},\"image\":{\"@id\":\"http:\\\/\\\/lila.valnaloneduca.com\\\/cplorenzonovomier-2324\\\/2024\\\/04\\\/10\\\/el-cuento-rosa-caramelo\\\/#primaryimage\"},\"thumbnailUrl\":\"http:\\\/\\\/lila.valnaloneduca.com\\\/cplorenzonovomier-2324\\\/wp-content\\\/uploads\\\/sites\\\/42\\\/2024\\\/04\\\/20240202_093022-rotated-e1712749822317-1024x768.jpg\",\"inLanguage\":\"es\",\"potentialAction\":[{\"@type\":\"CommentAction\",\"name\":\"Comment\",\"target\":[\"http:\\\/\\\/lila.valnaloneduca.com\\\/cplorenzonovomier-2324\\\/2024\\\/04\\\/10\\\/el-cuento-rosa-caramelo\\\/#respond\"]}]},{\"@type\":\"WebPage\",\"@id\":\"http:\\\/\\\/lila.valnaloneduca.com\\\/cplorenzonovomier-2324\\\/2024\\\/04\\\/10\\\/el-cuento-rosa-caramelo\\\/\",\"url\":\"http:\\\/\\\/lila.valnaloneduca.com\\\/cplorenzonovomier-2324\\\/2024\\\/04\\\/10\\\/el-cuento-rosa-caramelo\\\/\",\"name\":\"EL CUENTO \\\"ROSA CARAMELO\\\" - LILA \u2013 La Igualdad Lleva A\u2026 \u2013 C.P. LORENZO NOVO MIER \u2013 23\\\/24\",\"isPartOf\":{\"@id\":\"http:\\\/\\\/lila.valnaloneduca.com\\\/cplorenzonovomier-2324\\\/#website\"},\"primaryImageOfPage\":{\"@id\":\"http:\\\/\\\/lila.valnaloneduca.com\\\/cplorenzonovomier-2324\\\/2024\\\/04\\\/10\\\/el-cuento-rosa-caramelo\\\/#primaryimage\"},\"image\":{\"@id\":\"http:\\\/\\\/lila.valnaloneduca.com\\\/cplorenzonovomier-2324\\\/2024\\\/04\\\/10\\\/el-cuento-rosa-caramelo\\\/#primaryimage\"},\"thumbnailUrl\":\"http:\\\/\\\/lila.valnaloneduca.com\\\/cplorenzonovomier-2324\\\/wp-content\\\/uploads\\\/sites\\\/42\\\/2024\\\/04\\\/20240202_093022-rotated-e1712749822317-1024x768.jpg\",\"datePublished\":\"2024-04-10T11:51:32+00:00\",\"dateModified\":\"2024-04-10T11:56:00+00:00\",\"breadcrumb\":{\"@id\":\"http:\\\/\\\/lila.valnaloneduca.com\\\/cplorenzonovomier-2324\\\/2024\\\/04\\\/10\\\/el-cuento-rosa-caramelo\\\/#breadcrumb\"},\"inLanguage\":\"es\",\"potentialAction\":[{\"@type\":\"ReadAction\",\"target\":[\"http:\\\/\\\/lila.valnaloneduca.com\\\/cplorenzonovomier-2324\\\/2024\\\/04\\\/10\\\/el-cuento-rosa-caramelo\\\/\"]}]},{\"@type\":\"ImageObject\",\"inLanguage\":\"es\",\"@id\":\"http:\\\/\\\/lila.valnaloneduca.com\\\/cplorenzonovomier-2324\\\/2024\\\/04\\\/10\\\/el-cuento-rosa-caramelo\\\/#primaryimage\",\"url\":\"https:\\\/\\\/i0.wp.com\\\/lila.valnaloneduca.com\\\/cplorenzonovomier-2324\\\/wp-content\\\/uploads\\\/sites\\\/42\\\/2024\\\/04\\\/20240202_093022-rotated-e1712749822317.jpg?fit=2312%2C1734&ssl=1\",\"contentUrl\":\"https:\\\/\\\/i0.wp.com\\\/lila.valnaloneduca.com\\\/cplorenzonovomier-2324\\\/wp-content\\\/uploads\\\/sites\\\/42\\\/2024\\\/04\\\/20240202_093022-rotated-e1712749822317.jpg?fit=2312%2C1734&ssl=1\",\"width\":2312,\"height\":1734},{\"@type\":\"BreadcrumbList\",\"@id\":\"http:\\\/\\\/lila.valnaloneduca.com\\\/cplorenzonovomier-2324\\\/2024\\\/04\\\/10\\\/el-cuento-rosa-caramelo\\\/#breadcrumb\",\"itemListElement\":[{\"@type\":\"ListItem\",\"position\":1,\"name\":\"Portada\",\"item\":\"http:\\\/\\\/lila.valnaloneduca.com\\\/cplorenzonovomier-2324\\\/\"},{\"@type\":\"ListItem\",\"position\":2,\"name\":\"EL CUENTO \u00abROSA CARAMELO\u00bb\"}]},{\"@type\":\"WebSite\",\"@id\":\"http:\\\/\\\/lila.valnaloneduca.com\\\/cplorenzonovomier-2324\\\/#website\",\"url\":\"http:\\\/\\\/lila.valnaloneduca.com\\\/cplorenzonovomier-2324\\\/\",\"name\":\"LILA \u2013 La Igualdad Lleva A\u2026 \u2013 C.P. LORENZO NOVO MIER \u2013 23\\\/24\",\"description\":\"La Igualdad Lleva A ... (LILA) es un Proyecto educativo de la Cadena de Formaci\u00f3n para Emprender del Principado de Asturias, que promueve el desarrollo de competencias emprendedoras al servicio de un trabajo para el empoderamiento y la promoci\u00f3n de la igualdad entre ni\u00f1os y ni\u00f1as de Educaci\u00f3n Primaria.\",\"publisher\":{\"@id\":\"http:\\\/\\\/lila.valnaloneduca.com\\\/cplorenzonovomier-2324\\\/#organization\"},\"potentialAction\":[{\"@type\":\"SearchAction\",\"target\":{\"@type\":\"EntryPoint\",\"urlTemplate\":\"http:\\\/\\\/lila.valnaloneduca.com\\\/cplorenzonovomier-2324\\\/?s={search_term_string}\"},\"query-input\":{\"@type\":\"PropertyValueSpecification\",\"valueRequired\":true,\"valueName\":\"search_term_string\"}}],\"inLanguage\":\"es\"},{\"@type\":\"Organization\",\"@id\":\"http:\\\/\\\/lila.valnaloneduca.com\\\/cplorenzonovomier-2324\\\/#organization\",\"name\":\"LILA \u2013 La Igualdad Lleva A\u2026 \u2013 C.P. LORENZO NOVO MIER \u2013 23\\\/24\",\"url\":\"http:\\\/\\\/lila.valnaloneduca.com\\\/cplorenzonovomier-2324\\\/\",\"logo\":{\"@type\":\"ImageObject\",\"inLanguage\":\"es\",\"@id\":\"http:\\\/\\\/lila.valnaloneduca.com\\\/cplorenzonovomier-2324\\\/#\\\/schema\\\/logo\\\/image\\\/\",\"url\":\"https:\\\/\\\/i0.wp.com\\\/lila.valnaloneduca.com\\\/cplorenzonovomier-2324\\\/wp-content\\\/uploads\\\/sites\\\/42\\\/2023\\\/10\\\/cropped-cropped-cropped-cabecero-1.jpg?fit=240%2C118&ssl=1\",\"contentUrl\":\"https:\\\/\\\/i0.wp.com\\\/lila.valnaloneduca.com\\\/cplorenzonovomier-2324\\\/wp-content\\\/uploads\\\/sites\\\/42\\\/2023\\\/10\\\/cropped-cropped-cropped-cabecero-1.jpg?fit=240%2C118&ssl=1\",\"width\":240,\"height\":118,\"caption\":\"LILA \u2013 La Igualdad Lleva A\u2026 \u2013 C.P. LORENZO NOVO MIER \u2013 23\\\/24\"},\"image\":{\"@id\":\"http:\\\/\\\/lila.valnaloneduca.com\\\/cplorenzonovomier-2324\\\/#\\\/schema\\\/logo\\\/image\\\/\"}},{\"@type\":\"Person\",\"@id\":\"\",\"url\":\"https:\\\/\\\/lila.valnaloneduca.com\\\/cplorenzonovomier-2324\\\/author\\\/\"}]}<\/script>\n<!-- \/ Yoast SEO plugin. -->","yoast_head_json":{"title":"EL CUENTO \"ROSA CARAMELO\" - LILA \u2013 La Igualdad Lleva A\u2026 \u2013 C.P. LORENZO NOVO MIER \u2013 23\/24","robots":{"index":"index","follow":"follow","max-snippet":"max-snippet:-1","max-image-preview":"max-image-preview:large","max-video-preview":"max-video-preview:-1"},"canonical":"http:\/\/lila.valnaloneduca.com\/cplorenzonovomier-2324\/2024\/04\/10\/el-cuento-rosa-caramelo\/","og_locale":"es_ES","og_type":"article","og_title":"EL CUENTO \"ROSA CARAMELO\" - LILA \u2013 La Igualdad Lleva A\u2026 \u2013 C.P. LORENZO NOVO MIER \u2013 23\/24","og_description":"El alumnado de 4 a\u00f1os ha trabajado en clase el cuento \u00abRosa Caramelo\u00bb de Adela Tur\u00edn, un magn\u00edfico cuento que nos permite reflexionar sobre los roles de g\u00e9nero, la superficialidad de la imagen, los estereotipos o la clasificaci\u00f3n seg\u00fan el g\u00e9nero. Os dejamos una muestra de la actividad. \u00a0","og_url":"http:\/\/lila.valnaloneduca.com\/cplorenzonovomier-2324\/2024\/04\/10\/el-cuento-rosa-caramelo\/","og_site_name":"LILA \u2013 La Igualdad Lleva A\u2026 \u2013 C.P. LORENZO NOVO MIER \u2013 23\/24","article_published_time":"2024-04-10T11:51:32+00:00","article_modified_time":"2024-04-10T11:56:00+00:00","og_image":[{"url":"http:\/\/lila.valnaloneduca.com\/cplorenzonovomier-2324\/wp-content\/uploads\/sites\/42\/2024\/04\/20240202_093022-rotated-e1712749822317-1024x768.jpg","type":"","width":"","height":""}],"twitter_card":"summary_large_image","twitter_misc":{"Escrito por":"","Tiempo de lectura":"2 minutos"},"schema":{"@context":"https:\/\/schema.org","@graph":[{"@type":"Article","@id":"http:\/\/lila.valnaloneduca.com\/cplorenzonovomier-2324\/2024\/04\/10\/el-cuento-rosa-caramelo\/#article","isPartOf":{"@id":"http:\/\/lila.valnaloneduca.com\/cplorenzonovomier-2324\/2024\/04\/10\/el-cuento-rosa-caramelo\/"},"author":{"name":"","@id":""},"headline":"EL CUENTO \u00abROSA CARAMELO\u00bb","datePublished":"2024-04-10T11:51:32+00:00","dateModified":"2024-04-10T11:56:00+00:00","mainEntityOfPage":{"@id":"http:\/\/lila.valnaloneduca.com\/cplorenzonovomier-2324\/2024\/04\/10\/el-cuento-rosa-caramelo\/"},"wordCount":58,"commentCount":0,"publisher":{"@id":"http:\/\/lila.valnaloneduca.com\/cplorenzonovomier-2324\/#organization"},"image":{"@id":"http:\/\/lila.valnaloneduca.com\/cplorenzonovomier-2324\/2024\/04\/10\/el-cuento-rosa-caramelo\/#primaryimage"},"thumbnailUrl":"http:\/\/lila.valnaloneduca.com\/cplorenzonovomier-2324\/wp-content\/uploads\/sites\/42\/2024\/04\/20240202_093022-rotated-e1712749822317-1024x768.jpg","inLanguage":"es","potentialAction":[{"@type":"CommentAction","name":"Comment","target":["http:\/\/lila.valnaloneduca.com\/cplorenzonovomier-2324\/2024\/04\/10\/el-cuento-rosa-caramelo\/#respond"]}]},{"@type":"WebPage","@id":"http:\/\/lila.valnaloneduca.com\/cplorenzonovomier-2324\/2024\/04\/10\/el-cuento-rosa-caramelo\/","url":"http:\/\/lila.valnaloneduca.com\/cplorenzonovomier-2324\/2024\/04\/10\/el-cuento-rosa-caramelo\/","name":"EL CUENTO \"ROSA CARAMELO\" - LILA \u2013 La Igualdad Lleva A\u2026 \u2013 C.P. LORENZO NOVO MIER \u2013 23\/24","isPartOf":{"@id":"http:\/\/lila.valnaloneduca.com\/cplorenzonovomier-2324\/#website"},"primaryImageOfPage":{"@id":"http:\/\/lila.valnaloneduca.com\/cplorenzonovomier-2324\/2024\/04\/10\/el-cuento-rosa-caramelo\/#primaryimage"},"image":{"@id":"http:\/\/lila.valnaloneduca.com\/cplorenzonovomier-2324\/2024\/04\/10\/el-cuento-rosa-caramelo\/#primaryimage"},"thumbnailUrl":"http:\/\/lila.valnaloneduca.com\/cplorenzonovomier-2324\/wp-content\/uploads\/sites\/42\/2024\/04\/20240202_093022-rotated-e1712749822317-1024x768.jpg","datePublished":"2024-04-10T11:51:32+00:00","dateModified":"2024-04-10T11:56:00+00:00","breadcrumb":{"@id":"http:\/\/lila.valnaloneduca.com\/cplorenzonovomier-2324\/2024\/04\/10\/el-cuento-rosa-caramelo\/#breadcrumb"},"inLanguage":"es","potentialAction":[{"@type":"ReadAction","target":["http:\/\/lila.valnaloneduca.com\/cplorenzonovomier-2324\/2024\/04\/10\/el-cuento-rosa-caramelo\/"]}]},{"@type":"ImageObject","inLanguage":"es","@id":"http:\/\/lila.valnaloneduca.com\/cplorenzonovomier-2324\/2024\/04\/10\/el-cuento-rosa-caramelo\/#primaryimage","url":"https:\/\/i0.wp.com\/lila.valnaloneduca.com\/cplorenzonovomier-2324\/wp-content\/uploads\/sites\/42\/2024\/04\/20240202_093022-rotated-e1712749822317.jpg?fit=2312%2C1734&ssl=1","contentUrl":"https:\/\/i0.wp.com\/lila.valnaloneduca.com\/cplorenzonovomier-2324\/wp-content\/uploads\/sites\/42\/2024\/04\/20240202_093022-rotated-e1712749822317.jpg?fit=2312%2C1734&ssl=1","width":2312,"height":1734},{"@type":"BreadcrumbList","@id":"http:\/\/lila.valnaloneduca.com\/cplorenzonovomier-2324\/2024\/04\/10\/el-cuento-rosa-caramelo\/#breadcrumb","itemListElement":[{"@type":"ListItem","position":1,"name":"Portada","item":"http:\/\/lila.valnaloneduca.com\/cplorenzonovomier-2324\/"},{"@type":"ListItem","position":2,"name":"EL CUENTO \u00abROSA CARAMELO\u00bb"}]},{"@type":"WebSite","@id":"http:\/\/lila.valnaloneduca.com\/cplorenzonovomier-2324\/#website","url":"http:\/\/lila.valnaloneduca.com\/cplorenzonovomier-2324\/","name":"LILA \u2013 La Igualdad Lleva A\u2026 \u2013 C.P. LORENZO NOVO MIER \u2013 23\/24","description":"La Igualdad Lleva A ... (LILA) es un Proyecto educativo de la Cadena de Formaci\u00f3n para Emprender del Principado de Asturias, que promueve el desarrollo de competencias emprendedoras al servicio de un trabajo para el empoderamiento y la promoci\u00f3n de la igualdad entre ni\u00f1os y ni\u00f1as de Educaci\u00f3n Primaria.","publisher":{"@id":"http:\/\/lila.valnaloneduca.com\/cplorenzonovomier-2324\/#organization"},"potentialAction":[{"@type":"SearchAction","target":{"@type":"EntryPoint","urlTemplate":"http:\/\/lila.valnaloneduca.com\/cplorenzonovomier-2324\/?s={search_term_string}"},"query-input":{"@type":"PropertyValueSpecification","valueRequired":true,"valueName":"search_term_string"}}],"inLanguage":"es"},{"@type":"Organization","@id":"http:\/\/lila.valnaloneduca.com\/cplorenzonovomier-2324\/#organization","name":"LILA \u2013 La Igualdad Lleva A\u2026 \u2013 C.P. LORENZO NOVO MIER \u2013 23\/24","url":"http:\/\/lila.valnaloneduca.com\/cplorenzonovomier-2324\/","logo":{"@type":"ImageObject","inLanguage":"es","@id":"http:\/\/lila.valnaloneduca.com\/cplorenzonovomier-2324\/#\/schema\/logo\/image\/","url":"https:\/\/i0.wp.com\/lila.valnaloneduca.com\/cplorenzonovomier-2324\/wp-content\/uploads\/sites\/42\/2023\/10\/cropped-cropped-cropped-cabecero-1.jpg?fit=240%2C118&ssl=1","contentUrl":"https:\/\/i0.wp.com\/lila.valnaloneduca.com\/cplorenzonovomier-2324\/wp-content\/uploads\/sites\/42\/2023\/10\/cropped-cropped-cropped-cabecero-1.jpg?fit=240%2C118&ssl=1","width":240,"height":118,"caption":"LILA \u2013 La Igualdad Lleva A\u2026 \u2013 C.P. LORENZO NOVO MIER \u2013 23\/24"},"image":{"@id":"http:\/\/lila.valnaloneduca.com\/cplorenzonovomier-2324\/#\/schema\/logo\/image\/"}},{"@type":"Person","@id":"","url":"https:\/\/lila.valnaloneduca.com\/cplorenzonovomier-2324\/author\/"}]}},"jetpack_featured_media_url":"","jetpack_sharing_enabled":true,"_links":{"self":[{"href":"https:\/\/lila.valnaloneduca.com\/cplorenzonovomier-2324\/wp-json\/wp\/v2\/posts\/101","targetHints":{"allow":["GET"]}}],"collection":[{"href":"https:\/\/lila.valnaloneduca.com\/cplorenzonovomier-2324\/wp-json\/wp\/v2\/posts"}],"about":[{"href":"https:\/\/lila.valnaloneduca.com\/cplorenzonovomier-2324\/wp-json\/wp\/v2\/types\/post"}],"author":[{"embeddable":true,"href":"https:\/\/lila.valnaloneduca.com\/cplorenzonovomier-2324\/wp-json\/wp\/v2\/users\/54"}],"replies":[{"embeddable":true,"href":"https:\/\/lila.valnaloneduca.com\/cplorenzonovomier-2324\/wp-json\/wp\/v2\/comments?post=101"}],"version-history":[{"count":3,"href":"https:\/\/lila.valnaloneduca.com\/cplorenzonovomier-2324\/wp-json\/wp\/v2\/posts\/101\/revisions"}],"predecessor-version":[{"id":109,"href":"https:\/\/lila.valnaloneduca.com\/cplorenzonovomier-2324\/wp-json\/wp\/v2\/posts\/101\/revisions\/109"}],"wp:attachment":[{"href":"https:\/\/lila.valnaloneduca.com\/cplorenzonovomier-2324\/wp-json\/wp\/v2\/media?parent=101"}],"wp:term":[{"taxonomy":"category","embeddable":true,"href":"https:\/\/lila.valnaloneduca.com\/cplorenzonovomier-2324\/wp-json\/wp\/v2\/categories?post=101"},{"taxonomy":"post_tag","embeddable":true,"href":"https:\/\/lila.valnaloneduca.com\/cplorenzonovomier-2324\/wp-json\/wp\/v2\/tags?post=101"}],"curies":[{"name":"wp","href":"https:\/\/api.w.org\/{rel}","templated":true}]}}