{"id":115,"date":"2024-06-27T11:28:48","date_gmt":"2024-06-27T09:28:48","guid":{"rendered":"http:\/\/lila.valnaloneduca.com\/cplorenzonovomier-2324\/?p=115"},"modified":"2024-06-27T11:28:51","modified_gmt":"2024-06-27T09:28:51","slug":"mujeres-emprendedoras-contemporaneas","status":"publish","type":"post","link":"https:\/\/lila.valnaloneduca.com\/cplorenzonovomier-2324\/2024\/06\/27\/mujeres-emprendedoras-contemporaneas\/","title":{"rendered":"MUJERES EMPRENDEDORAS CONTEMPOR\u00c1NEAS"},"content":{"rendered":"\n\n\n\n<div class=\"x_elementToProof\">\u00a0 \u00a0 El alumnado de 3\u00ba, 4\u00ba y 5\u00ba de E. Primaria trabajamos este \u00faltimo trimestre sobre mujeres emprendedoras contempor\u00e1neas. Con la informaci\u00f3n recogida elaboramos un v\u00eddeo sobre la coeducaci\u00f3n y la directora de orquesta Alondra de la Parra.<\/div>\n<div class=\"x_elementToProof\">\u00a0 \u00a0 Asimismo, recibimos en nuestro cole a la compositora Carla Armas. Con ella conocimos las dificultades que una mujer se encuentra en el mundo de la composici\u00f3n musical. Tambi\u00e9n nos atrevimos a componer con su ayuda. El encuentro result\u00f3 de lo m\u00e1s divertido y agradecimos su colaboraci\u00f3n.\u00a0<\/div>\n\n\n<figure class=\"wp-block-gallery has-nested-images columns-default is-cropped wp-block-gallery-1 is-layout-flex wp-block-gallery-is-layout-flex\">\n<figure class=\"wp-block-image size-large\"><img data-recalc-dims=\"1\" loading=\"lazy\" decoding=\"async\" width=\"840\" height=\"630\" data-id=\"118\" src=\"https:\/\/i0.wp.com\/lila.valnaloneduca.com\/cplorenzonovomier-2324\/wp-content\/uploads\/sites\/42\/2024\/06\/20240619_100400.jpg?resize=840%2C630\" alt=\"\" class=\"wp-image-118\" srcset=\"https:\/\/i0.wp.com\/lila.valnaloneduca.com\/cplorenzonovomier-2324\/wp-content\/uploads\/sites\/42\/2024\/06\/20240619_100400.jpg?resize=1024%2C768&amp;ssl=1 1024w, https:\/\/i0.wp.com\/lila.valnaloneduca.com\/cplorenzonovomier-2324\/wp-content\/uploads\/sites\/42\/2024\/06\/20240619_100400.jpg?resize=300%2C225&amp;ssl=1 300w, https:\/\/i0.wp.com\/lila.valnaloneduca.com\/cplorenzonovomier-2324\/wp-content\/uploads\/sites\/42\/2024\/06\/20240619_100400.jpg?resize=768%2C576&amp;ssl=1 768w, https:\/\/i0.wp.com\/lila.valnaloneduca.com\/cplorenzonovomier-2324\/wp-content\/uploads\/sites\/42\/2024\/06\/20240619_100400.jpg?resize=1536%2C1152&amp;ssl=1 1536w, https:\/\/i0.wp.com\/lila.valnaloneduca.com\/cplorenzonovomier-2324\/wp-content\/uploads\/sites\/42\/2024\/06\/20240619_100400.jpg?resize=1200%2C900&amp;ssl=1 1200w, https:\/\/i0.wp.com\/lila.valnaloneduca.com\/cplorenzonovomier-2324\/wp-content\/uploads\/sites\/42\/2024\/06\/20240619_100400.jpg?w=2000&amp;ssl=1 2000w, https:\/\/i0.wp.com\/lila.valnaloneduca.com\/cplorenzonovomier-2324\/wp-content\/uploads\/sites\/42\/2024\/06\/20240619_100400.jpg?w=1680 1680w\" sizes=\"auto, (max-width: 709px) 85vw, (max-width: 909px) 67vw, (max-width: 1362px) 62vw, 840px\" \/><\/figure>\n\n\n\n<figure class=\"wp-block-image size-large\"><img data-recalc-dims=\"1\" loading=\"lazy\" decoding=\"async\" width=\"840\" height=\"630\" data-id=\"117\" src=\"https:\/\/i0.wp.com\/lila.valnaloneduca.com\/cplorenzonovomier-2324\/wp-content\/uploads\/sites\/42\/2024\/06\/20240619_110251.jpg?resize=840%2C630\" alt=\"\" class=\"wp-image-117\" srcset=\"https:\/\/i0.wp.com\/lila.valnaloneduca.com\/cplorenzonovomier-2324\/wp-content\/uploads\/sites\/42\/2024\/06\/20240619_110251.jpg?resize=1024%2C768&amp;ssl=1 1024w, https:\/\/i0.wp.com\/lila.valnaloneduca.com\/cplorenzonovomier-2324\/wp-content\/uploads\/sites\/42\/2024\/06\/20240619_110251.jpg?resize=300%2C225&amp;ssl=1 300w, https:\/\/i0.wp.com\/lila.valnaloneduca.com\/cplorenzonovomier-2324\/wp-content\/uploads\/sites\/42\/2024\/06\/20240619_110251.jpg?resize=768%2C576&amp;ssl=1 768w, https:\/\/i0.wp.com\/lila.valnaloneduca.com\/cplorenzonovomier-2324\/wp-content\/uploads\/sites\/42\/2024\/06\/20240619_110251.jpg?resize=1536%2C1152&amp;ssl=1 1536w, https:\/\/i0.wp.com\/lila.valnaloneduca.com\/cplorenzonovomier-2324\/wp-content\/uploads\/sites\/42\/2024\/06\/20240619_110251.jpg?resize=1200%2C900&amp;ssl=1 1200w, https:\/\/i0.wp.com\/lila.valnaloneduca.com\/cplorenzonovomier-2324\/wp-content\/uploads\/sites\/42\/2024\/06\/20240619_110251.jpg?w=2016&amp;ssl=1 2016w, https:\/\/i0.wp.com\/lila.valnaloneduca.com\/cplorenzonovomier-2324\/wp-content\/uploads\/sites\/42\/2024\/06\/20240619_110251.jpg?w=1680 1680w\" sizes=\"auto, (max-width: 709px) 85vw, (max-width: 909px) 67vw, (max-width: 1362px) 62vw, 840px\" \/><\/figure>\n\n\n\n<figure class=\"wp-block-image size-large\"><img data-recalc-dims=\"1\" loading=\"lazy\" decoding=\"async\" width=\"836\" height=\"1024\" data-id=\"116\" src=\"https:\/\/i0.wp.com\/lila.valnaloneduca.com\/cplorenzonovomier-2324\/wp-content\/uploads\/sites\/42\/2024\/06\/20240620_220840.jpg?resize=836%2C1024\" alt=\"\" class=\"wp-image-116\" srcset=\"https:\/\/i0.wp.com\/lila.valnaloneduca.com\/cplorenzonovomier-2324\/wp-content\/uploads\/sites\/42\/2024\/06\/20240620_220840-scaled.jpg?resize=836%2C1024&amp;ssl=1 836w, https:\/\/i0.wp.com\/lila.valnaloneduca.com\/cplorenzonovomier-2324\/wp-content\/uploads\/sites\/42\/2024\/06\/20240620_220840-scaled.jpg?resize=245%2C300&amp;ssl=1 245w, https:\/\/i0.wp.com\/lila.valnaloneduca.com\/cplorenzonovomier-2324\/wp-content\/uploads\/sites\/42\/2024\/06\/20240620_220840-scaled.jpg?resize=768%2C940&amp;ssl=1 768w, https:\/\/i0.wp.com\/lila.valnaloneduca.com\/cplorenzonovomier-2324\/wp-content\/uploads\/sites\/42\/2024\/06\/20240620_220840-scaled.jpg?resize=1255%2C1536&amp;ssl=1 1255w, https:\/\/i0.wp.com\/lila.valnaloneduca.com\/cplorenzonovomier-2324\/wp-content\/uploads\/sites\/42\/2024\/06\/20240620_220840-scaled.jpg?resize=1673%2C2048&amp;ssl=1 1673w, https:\/\/i0.wp.com\/lila.valnaloneduca.com\/cplorenzonovomier-2324\/wp-content\/uploads\/sites\/42\/2024\/06\/20240620_220840-scaled.jpg?resize=1200%2C1469&amp;ssl=1 1200w\" sizes=\"auto, (max-width: 709px) 85vw, (max-width: 909px) 67vw, (max-width: 984px) 61vw, (max-width: 1362px) 45vw, 600px\" \/><\/figure>\n\n\n\n<figure class=\"wp-block-image size-large\"><img data-recalc-dims=\"1\" loading=\"lazy\" decoding=\"async\" width=\"840\" height=\"527\" data-id=\"119\" src=\"https:\/\/i0.wp.com\/lila.valnaloneduca.com\/cplorenzonovomier-2324\/wp-content\/uploads\/sites\/42\/2024\/06\/20240620_220907.jpg?resize=840%2C527\" alt=\"\" class=\"wp-image-119\" srcset=\"https:\/\/i0.wp.com\/lila.valnaloneduca.com\/cplorenzonovomier-2324\/wp-content\/uploads\/sites\/42\/2024\/06\/20240620_220907-scaled.jpg?resize=1024%2C643&amp;ssl=1 1024w, https:\/\/i0.wp.com\/lila.valnaloneduca.com\/cplorenzonovomier-2324\/wp-content\/uploads\/sites\/42\/2024\/06\/20240620_220907-scaled.jpg?resize=300%2C188&amp;ssl=1 300w, https:\/\/i0.wp.com\/lila.valnaloneduca.com\/cplorenzonovomier-2324\/wp-content\/uploads\/sites\/42\/2024\/06\/20240620_220907-scaled.jpg?resize=768%2C482&amp;ssl=1 768w, https:\/\/i0.wp.com\/lila.valnaloneduca.com\/cplorenzonovomier-2324\/wp-content\/uploads\/sites\/42\/2024\/06\/20240620_220907-scaled.jpg?resize=1536%2C964&amp;ssl=1 1536w, https:\/\/i0.wp.com\/lila.valnaloneduca.com\/cplorenzonovomier-2324\/wp-content\/uploads\/sites\/42\/2024\/06\/20240620_220907-scaled.jpg?resize=2048%2C1286&amp;ssl=1 2048w, https:\/\/i0.wp.com\/lila.valnaloneduca.com\/cplorenzonovomier-2324\/wp-content\/uploads\/sites\/42\/2024\/06\/20240620_220907-scaled.jpg?resize=1200%2C753&amp;ssl=1 1200w, https:\/\/i0.wp.com\/lila.valnaloneduca.com\/cplorenzonovomier-2324\/wp-content\/uploads\/sites\/42\/2024\/06\/20240620_220907-scaled.jpg?w=1680 1680w, https:\/\/i0.wp.com\/lila.valnaloneduca.com\/cplorenzonovomier-2324\/wp-content\/uploads\/sites\/42\/2024\/06\/20240620_220907-scaled.jpg?w=2520 2520w\" sizes=\"auto, (max-width: 709px) 85vw, (max-width: 909px) 67vw, (max-width: 1362px) 62vw, 840px\" \/><\/figure>\n<\/figure>\n\n\n<p><a href=\"https:\/\/educastur-my.sharepoint.com\/:v:\/g\/personal\/raquele_educastur_org\/EXn7yfniIaRNhNRtVFSxisABjoVf5iRX_SzIBFwQnHk5mw?referrer=Outlook.Web&amp;referrerScenario=email-linkwithembed\">https:\/\/educastur-my.sharepoint.com\/:v:\/g\/personal\/raquele_educastur_org\/EXn7yfniIaRNhNRtVFSxisABjoVf5iRX_SzIBFwQnHk5mw?referrer=Outlook.Web&amp;referrerScenario=email-linkwithembed<\/a><\/p>","protected":false},"excerpt":{"rendered":"<p>\u00a0 \u00a0 El alumnado de 3\u00ba, 4\u00ba y 5\u00ba de E. Primaria trabajamos este \u00faltimo trimestre sobre mujeres emprendedoras contempor\u00e1neas. Con la informaci\u00f3n recogida elaboramos un v\u00eddeo sobre la coeducaci\u00f3n y la directora de orquesta Alondra de la Parra. \u00a0 \u00a0 Asimismo, recibimos en nuestro cole a la compositora Carla Armas. Con ella conocimos las &hellip; <a href=\"https:\/\/lila.valnaloneduca.com\/cplorenzonovomier-2324\/2024\/06\/27\/mujeres-emprendedoras-contemporaneas\/\" class=\"more-link\">Continuar leyendo<span class=\"screen-reader-text\"> \u00abMUJERES EMPRENDEDORAS CONTEMPOR\u00c1NEAS\u00bb<\/span><\/a><\/p>\n","protected":false},"author":54,"featured_media":0,"comment_status":"open","ping_status":"open","sticky":false,"template":"","format":"standard","meta":{"_jetpack_memberships_contains_paid_content":false,"footnotes":""},"categories":[1],"tags":[],"class_list":["post-115","post","type-post","status-publish","format-standard","hentry","category-sin-categoria"],"yoast_head":"<!-- This site is optimized with the Yoast SEO plugin v27.5 - https:\/\/yoast.com\/product\/yoast-seo-wordpress\/ -->\n<title>MUJERES EMPRENDEDORAS CONTEMPOR\u00c1NEAS - LILA \u2013 La Igualdad Lleva A\u2026 \u2013 C.P. LORENZO NOVO MIER \u2013 23\/24<\/title>\n<meta name=\"robots\" content=\"index, follow, max-snippet:-1, max-image-preview:large, max-video-preview:-1\" \/>\n<link rel=\"canonical\" href=\"http:\/\/lila.valnaloneduca.com\/cplorenzonovomier-2324\/2024\/06\/27\/mujeres-emprendedoras-contemporaneas\/\" \/>\n<meta property=\"og:locale\" content=\"es_ES\" \/>\n<meta property=\"og:type\" content=\"article\" \/>\n<meta property=\"og:title\" content=\"MUJERES EMPRENDEDORAS CONTEMPOR\u00c1NEAS - LILA \u2013 La Igualdad Lleva A\u2026 \u2013 C.P. LORENZO NOVO MIER \u2013 23\/24\" \/>\n<meta property=\"og:description\" content=\"\u00a0 \u00a0 El alumnado de 3\u00ba, 4\u00ba y 5\u00ba de E. Primaria trabajamos este \u00faltimo trimestre sobre mujeres emprendedoras contempor\u00e1neas. Con la informaci\u00f3n recogida elaboramos un v\u00eddeo sobre la coeducaci\u00f3n y la directora de orquesta Alondra de la Parra. \u00a0 \u00a0 Asimismo, recibimos en nuestro cole a la compositora Carla Armas. Con ella conocimos las &hellip; Continuar leyendo &quot;MUJERES EMPRENDEDORAS CONTEMPOR\u00c1NEAS&quot;\" \/>\n<meta property=\"og:url\" content=\"http:\/\/lila.valnaloneduca.com\/cplorenzonovomier-2324\/2024\/06\/27\/mujeres-emprendedoras-contemporaneas\/\" \/>\n<meta property=\"og:site_name\" content=\"LILA \u2013 La Igualdad Lleva A\u2026 \u2013 C.P. LORENZO NOVO MIER \u2013 23\/24\" \/>\n<meta property=\"article:published_time\" content=\"2024-06-27T09:28:48+00:00\" \/>\n<meta property=\"article:modified_time\" content=\"2024-06-27T09:28:51+00:00\" \/>\n<meta property=\"og:image\" content=\"http:\/\/lila.valnaloneduca.com\/cplorenzonovomier-2324\/wp-content\/uploads\/sites\/42\/2024\/06\/20240619_100400-1024x768.jpg\" \/>\n<meta name=\"twitter:card\" content=\"summary_large_image\" \/>\n<meta name=\"twitter:label1\" content=\"Escrito por\" \/>\n\t<meta name=\"twitter:data1\" content=\"\" \/>\n\t<meta name=\"twitter:label2\" content=\"Tiempo de lectura\" \/>\n\t<meta name=\"twitter:data2\" content=\"2 minutos\" \/>\n<script type=\"application\/ld+json\" class=\"yoast-schema-graph\">{\"@context\":\"https:\\\/\\\/schema.org\",\"@graph\":[{\"@type\":\"Article\",\"@id\":\"http:\\\/\\\/lila.valnaloneduca.com\\\/cplorenzonovomier-2324\\\/2024\\\/06\\\/27\\\/mujeres-emprendedoras-contemporaneas\\\/#article\",\"isPartOf\":{\"@id\":\"http:\\\/\\\/lila.valnaloneduca.com\\\/cplorenzonovomier-2324\\\/2024\\\/06\\\/27\\\/mujeres-emprendedoras-contemporaneas\\\/\"},\"author\":{\"name\":\"\",\"@id\":\"\"},\"headline\":\"MUJERES EMPRENDEDORAS CONTEMPOR\u00c1NEAS\",\"datePublished\":\"2024-06-27T09:28:48+00:00\",\"dateModified\":\"2024-06-27T09:28:51+00:00\",\"mainEntityOfPage\":{\"@id\":\"http:\\\/\\\/lila.valnaloneduca.com\\\/cplorenzonovomier-2324\\\/2024\\\/06\\\/27\\\/mujeres-emprendedoras-contemporaneas\\\/\"},\"wordCount\":113,\"commentCount\":0,\"publisher\":{\"@id\":\"http:\\\/\\\/lila.valnaloneduca.com\\\/cplorenzonovomier-2324\\\/#organization\"},\"image\":{\"@id\":\"http:\\\/\\\/lila.valnaloneduca.com\\\/cplorenzonovomier-2324\\\/2024\\\/06\\\/27\\\/mujeres-emprendedoras-contemporaneas\\\/#primaryimage\"},\"thumbnailUrl\":\"http:\\\/\\\/lila.valnaloneduca.com\\\/cplorenzonovomier-2324\\\/wp-content\\\/uploads\\\/sites\\\/42\\\/2024\\\/06\\\/20240619_100400-1024x768.jpg\",\"inLanguage\":\"es\",\"potentialAction\":[{\"@type\":\"CommentAction\",\"name\":\"Comment\",\"target\":[\"http:\\\/\\\/lila.valnaloneduca.com\\\/cplorenzonovomier-2324\\\/2024\\\/06\\\/27\\\/mujeres-emprendedoras-contemporaneas\\\/#respond\"]}]},{\"@type\":\"WebPage\",\"@id\":\"http:\\\/\\\/lila.valnaloneduca.com\\\/cplorenzonovomier-2324\\\/2024\\\/06\\\/27\\\/mujeres-emprendedoras-contemporaneas\\\/\",\"url\":\"http:\\\/\\\/lila.valnaloneduca.com\\\/cplorenzonovomier-2324\\\/2024\\\/06\\\/27\\\/mujeres-emprendedoras-contemporaneas\\\/\",\"name\":\"MUJERES EMPRENDEDORAS CONTEMPOR\u00c1NEAS - LILA \u2013 La Igualdad Lleva A\u2026 \u2013 C.P. LORENZO NOVO MIER \u2013 23\\\/24\",\"isPartOf\":{\"@id\":\"http:\\\/\\\/lila.valnaloneduca.com\\\/cplorenzonovomier-2324\\\/#website\"},\"primaryImageOfPage\":{\"@id\":\"http:\\\/\\\/lila.valnaloneduca.com\\\/cplorenzonovomier-2324\\\/2024\\\/06\\\/27\\\/mujeres-emprendedoras-contemporaneas\\\/#primaryimage\"},\"image\":{\"@id\":\"http:\\\/\\\/lila.valnaloneduca.com\\\/cplorenzonovomier-2324\\\/2024\\\/06\\\/27\\\/mujeres-emprendedoras-contemporaneas\\\/#primaryimage\"},\"thumbnailUrl\":\"http:\\\/\\\/lila.valnaloneduca.com\\\/cplorenzonovomier-2324\\\/wp-content\\\/uploads\\\/sites\\\/42\\\/2024\\\/06\\\/20240619_100400-1024x768.jpg\",\"datePublished\":\"2024-06-27T09:28:48+00:00\",\"dateModified\":\"2024-06-27T09:28:51+00:00\",\"breadcrumb\":{\"@id\":\"http:\\\/\\\/lila.valnaloneduca.com\\\/cplorenzonovomier-2324\\\/2024\\\/06\\\/27\\\/mujeres-emprendedoras-contemporaneas\\\/#breadcrumb\"},\"inLanguage\":\"es\",\"potentialAction\":[{\"@type\":\"ReadAction\",\"target\":[\"http:\\\/\\\/lila.valnaloneduca.com\\\/cplorenzonovomier-2324\\\/2024\\\/06\\\/27\\\/mujeres-emprendedoras-contemporaneas\\\/\"]}]},{\"@type\":\"ImageObject\",\"inLanguage\":\"es\",\"@id\":\"http:\\\/\\\/lila.valnaloneduca.com\\\/cplorenzonovomier-2324\\\/2024\\\/06\\\/27\\\/mujeres-emprendedoras-contemporaneas\\\/#primaryimage\",\"url\":\"https:\\\/\\\/i0.wp.com\\\/lila.valnaloneduca.com\\\/cplorenzonovomier-2324\\\/wp-content\\\/uploads\\\/sites\\\/42\\\/2024\\\/06\\\/20240619_100400.jpg?fit=2000%2C1500&ssl=1\",\"contentUrl\":\"https:\\\/\\\/i0.wp.com\\\/lila.valnaloneduca.com\\\/cplorenzonovomier-2324\\\/wp-content\\\/uploads\\\/sites\\\/42\\\/2024\\\/06\\\/20240619_100400.jpg?fit=2000%2C1500&ssl=1\",\"width\":2000,\"height\":1500},{\"@type\":\"BreadcrumbList\",\"@id\":\"http:\\\/\\\/lila.valnaloneduca.com\\\/cplorenzonovomier-2324\\\/2024\\\/06\\\/27\\\/mujeres-emprendedoras-contemporaneas\\\/#breadcrumb\",\"itemListElement\":[{\"@type\":\"ListItem\",\"position\":1,\"name\":\"Portada\",\"item\":\"http:\\\/\\\/lila.valnaloneduca.com\\\/cplorenzonovomier-2324\\\/\"},{\"@type\":\"ListItem\",\"position\":2,\"name\":\"MUJERES EMPRENDEDORAS CONTEMPOR\u00c1NEAS\"}]},{\"@type\":\"WebSite\",\"@id\":\"http:\\\/\\\/lila.valnaloneduca.com\\\/cplorenzonovomier-2324\\\/#website\",\"url\":\"http:\\\/\\\/lila.valnaloneduca.com\\\/cplorenzonovomier-2324\\\/\",\"name\":\"LILA \u2013 La Igualdad Lleva A\u2026 \u2013 C.P. LORENZO NOVO MIER \u2013 23\\\/24\",\"description\":\"La Igualdad Lleva A ... (LILA) es un Proyecto educativo de la Cadena de Formaci\u00f3n para Emprender del Principado de Asturias, que promueve el desarrollo de competencias emprendedoras al servicio de un trabajo para el empoderamiento y la promoci\u00f3n de la igualdad entre ni\u00f1os y ni\u00f1as de Educaci\u00f3n Primaria.\",\"publisher\":{\"@id\":\"http:\\\/\\\/lila.valnaloneduca.com\\\/cplorenzonovomier-2324\\\/#organization\"},\"potentialAction\":[{\"@type\":\"SearchAction\",\"target\":{\"@type\":\"EntryPoint\",\"urlTemplate\":\"http:\\\/\\\/lila.valnaloneduca.com\\\/cplorenzonovomier-2324\\\/?s={search_term_string}\"},\"query-input\":{\"@type\":\"PropertyValueSpecification\",\"valueRequired\":true,\"valueName\":\"search_term_string\"}}],\"inLanguage\":\"es\"},{\"@type\":\"Organization\",\"@id\":\"http:\\\/\\\/lila.valnaloneduca.com\\\/cplorenzonovomier-2324\\\/#organization\",\"name\":\"LILA \u2013 La Igualdad Lleva A\u2026 \u2013 C.P. LORENZO NOVO MIER \u2013 23\\\/24\",\"url\":\"http:\\\/\\\/lila.valnaloneduca.com\\\/cplorenzonovomier-2324\\\/\",\"logo\":{\"@type\":\"ImageObject\",\"inLanguage\":\"es\",\"@id\":\"http:\\\/\\\/lila.valnaloneduca.com\\\/cplorenzonovomier-2324\\\/#\\\/schema\\\/logo\\\/image\\\/\",\"url\":\"https:\\\/\\\/i0.wp.com\\\/lila.valnaloneduca.com\\\/cplorenzonovomier-2324\\\/wp-content\\\/uploads\\\/sites\\\/42\\\/2023\\\/10\\\/cropped-cropped-cropped-cabecero-1.jpg?fit=240%2C118&ssl=1\",\"contentUrl\":\"https:\\\/\\\/i0.wp.com\\\/lila.valnaloneduca.com\\\/cplorenzonovomier-2324\\\/wp-content\\\/uploads\\\/sites\\\/42\\\/2023\\\/10\\\/cropped-cropped-cropped-cabecero-1.jpg?fit=240%2C118&ssl=1\",\"width\":240,\"height\":118,\"caption\":\"LILA \u2013 La Igualdad Lleva A\u2026 \u2013 C.P. LORENZO NOVO MIER \u2013 23\\\/24\"},\"image\":{\"@id\":\"http:\\\/\\\/lila.valnaloneduca.com\\\/cplorenzonovomier-2324\\\/#\\\/schema\\\/logo\\\/image\\\/\"}},{\"@type\":\"Person\",\"@id\":\"\",\"url\":\"https:\\\/\\\/lila.valnaloneduca.com\\\/cplorenzonovomier-2324\\\/author\\\/\"}]}<\/script>\n<!-- \/ Yoast SEO plugin. -->","yoast_head_json":{"title":"MUJERES EMPRENDEDORAS CONTEMPOR\u00c1NEAS - LILA \u2013 La Igualdad Lleva A\u2026 \u2013 C.P. LORENZO NOVO MIER \u2013 23\/24","robots":{"index":"index","follow":"follow","max-snippet":"max-snippet:-1","max-image-preview":"max-image-preview:large","max-video-preview":"max-video-preview:-1"},"canonical":"http:\/\/lila.valnaloneduca.com\/cplorenzonovomier-2324\/2024\/06\/27\/mujeres-emprendedoras-contemporaneas\/","og_locale":"es_ES","og_type":"article","og_title":"MUJERES EMPRENDEDORAS CONTEMPOR\u00c1NEAS - LILA \u2013 La Igualdad Lleva A\u2026 \u2013 C.P. LORENZO NOVO MIER \u2013 23\/24","og_description":"\u00a0 \u00a0 El alumnado de 3\u00ba, 4\u00ba y 5\u00ba de E. Primaria trabajamos este \u00faltimo trimestre sobre mujeres emprendedoras contempor\u00e1neas. Con la informaci\u00f3n recogida elaboramos un v\u00eddeo sobre la coeducaci\u00f3n y la directora de orquesta Alondra de la Parra. \u00a0 \u00a0 Asimismo, recibimos en nuestro cole a la compositora Carla Armas. Con ella conocimos las &hellip; Continuar leyendo \"MUJERES EMPRENDEDORAS CONTEMPOR\u00c1NEAS\"","og_url":"http:\/\/lila.valnaloneduca.com\/cplorenzonovomier-2324\/2024\/06\/27\/mujeres-emprendedoras-contemporaneas\/","og_site_name":"LILA \u2013 La Igualdad Lleva A\u2026 \u2013 C.P. LORENZO NOVO MIER \u2013 23\/24","article_published_time":"2024-06-27T09:28:48+00:00","article_modified_time":"2024-06-27T09:28:51+00:00","og_image":[{"url":"http:\/\/lila.valnaloneduca.com\/cplorenzonovomier-2324\/wp-content\/uploads\/sites\/42\/2024\/06\/20240619_100400-1024x768.jpg","type":"","width":"","height":""}],"twitter_card":"summary_large_image","twitter_misc":{"Escrito por":"","Tiempo de lectura":"2 minutos"},"schema":{"@context":"https:\/\/schema.org","@graph":[{"@type":"Article","@id":"http:\/\/lila.valnaloneduca.com\/cplorenzonovomier-2324\/2024\/06\/27\/mujeres-emprendedoras-contemporaneas\/#article","isPartOf":{"@id":"http:\/\/lila.valnaloneduca.com\/cplorenzonovomier-2324\/2024\/06\/27\/mujeres-emprendedoras-contemporaneas\/"},"author":{"name":"","@id":""},"headline":"MUJERES EMPRENDEDORAS CONTEMPOR\u00c1NEAS","datePublished":"2024-06-27T09:28:48+00:00","dateModified":"2024-06-27T09:28:51+00:00","mainEntityOfPage":{"@id":"http:\/\/lila.valnaloneduca.com\/cplorenzonovomier-2324\/2024\/06\/27\/mujeres-emprendedoras-contemporaneas\/"},"wordCount":113,"commentCount":0,"publisher":{"@id":"http:\/\/lila.valnaloneduca.com\/cplorenzonovomier-2324\/#organization"},"image":{"@id":"http:\/\/lila.valnaloneduca.com\/cplorenzonovomier-2324\/2024\/06\/27\/mujeres-emprendedoras-contemporaneas\/#primaryimage"},"thumbnailUrl":"http:\/\/lila.valnaloneduca.com\/cplorenzonovomier-2324\/wp-content\/uploads\/sites\/42\/2024\/06\/20240619_100400-1024x768.jpg","inLanguage":"es","potentialAction":[{"@type":"CommentAction","name":"Comment","target":["http:\/\/lila.valnaloneduca.com\/cplorenzonovomier-2324\/2024\/06\/27\/mujeres-emprendedoras-contemporaneas\/#respond"]}]},{"@type":"WebPage","@id":"http:\/\/lila.valnaloneduca.com\/cplorenzonovomier-2324\/2024\/06\/27\/mujeres-emprendedoras-contemporaneas\/","url":"http:\/\/lila.valnaloneduca.com\/cplorenzonovomier-2324\/2024\/06\/27\/mujeres-emprendedoras-contemporaneas\/","name":"MUJERES EMPRENDEDORAS CONTEMPOR\u00c1NEAS - LILA \u2013 La Igualdad Lleva A\u2026 \u2013 C.P. LORENZO NOVO MIER \u2013 23\/24","isPartOf":{"@id":"http:\/\/lila.valnaloneduca.com\/cplorenzonovomier-2324\/#website"},"primaryImageOfPage":{"@id":"http:\/\/lila.valnaloneduca.com\/cplorenzonovomier-2324\/2024\/06\/27\/mujeres-emprendedoras-contemporaneas\/#primaryimage"},"image":{"@id":"http:\/\/lila.valnaloneduca.com\/cplorenzonovomier-2324\/2024\/06\/27\/mujeres-emprendedoras-contemporaneas\/#primaryimage"},"thumbnailUrl":"http:\/\/lila.valnaloneduca.com\/cplorenzonovomier-2324\/wp-content\/uploads\/sites\/42\/2024\/06\/20240619_100400-1024x768.jpg","datePublished":"2024-06-27T09:28:48+00:00","dateModified":"2024-06-27T09:28:51+00:00","breadcrumb":{"@id":"http:\/\/lila.valnaloneduca.com\/cplorenzonovomier-2324\/2024\/06\/27\/mujeres-emprendedoras-contemporaneas\/#breadcrumb"},"inLanguage":"es","potentialAction":[{"@type":"ReadAction","target":["http:\/\/lila.valnaloneduca.com\/cplorenzonovomier-2324\/2024\/06\/27\/mujeres-emprendedoras-contemporaneas\/"]}]},{"@type":"ImageObject","inLanguage":"es","@id":"http:\/\/lila.valnaloneduca.com\/cplorenzonovomier-2324\/2024\/06\/27\/mujeres-emprendedoras-contemporaneas\/#primaryimage","url":"https:\/\/i0.wp.com\/lila.valnaloneduca.com\/cplorenzonovomier-2324\/wp-content\/uploads\/sites\/42\/2024\/06\/20240619_100400.jpg?fit=2000%2C1500&ssl=1","contentUrl":"https:\/\/i0.wp.com\/lila.valnaloneduca.com\/cplorenzonovomier-2324\/wp-content\/uploads\/sites\/42\/2024\/06\/20240619_100400.jpg?fit=2000%2C1500&ssl=1","width":2000,"height":1500},{"@type":"BreadcrumbList","@id":"http:\/\/lila.valnaloneduca.com\/cplorenzonovomier-2324\/2024\/06\/27\/mujeres-emprendedoras-contemporaneas\/#breadcrumb","itemListElement":[{"@type":"ListItem","position":1,"name":"Portada","item":"http:\/\/lila.valnaloneduca.com\/cplorenzonovomier-2324\/"},{"@type":"ListItem","position":2,"name":"MUJERES EMPRENDEDORAS CONTEMPOR\u00c1NEAS"}]},{"@type":"WebSite","@id":"http:\/\/lila.valnaloneduca.com\/cplorenzonovomier-2324\/#website","url":"http:\/\/lila.valnaloneduca.com\/cplorenzonovomier-2324\/","name":"LILA \u2013 La Igualdad Lleva A\u2026 \u2013 C.P. LORENZO NOVO MIER \u2013 23\/24","description":"La Igualdad Lleva A ... (LILA) es un Proyecto educativo de la Cadena de Formaci\u00f3n para Emprender del Principado de Asturias, que promueve el desarrollo de competencias emprendedoras al servicio de un trabajo para el empoderamiento y la promoci\u00f3n de la igualdad entre ni\u00f1os y ni\u00f1as de Educaci\u00f3n Primaria.","publisher":{"@id":"http:\/\/lila.valnaloneduca.com\/cplorenzonovomier-2324\/#organization"},"potentialAction":[{"@type":"SearchAction","target":{"@type":"EntryPoint","urlTemplate":"http:\/\/lila.valnaloneduca.com\/cplorenzonovomier-2324\/?s={search_term_string}"},"query-input":{"@type":"PropertyValueSpecification","valueRequired":true,"valueName":"search_term_string"}}],"inLanguage":"es"},{"@type":"Organization","@id":"http:\/\/lila.valnaloneduca.com\/cplorenzonovomier-2324\/#organization","name":"LILA \u2013 La Igualdad Lleva A\u2026 \u2013 C.P. LORENZO NOVO MIER \u2013 23\/24","url":"http:\/\/lila.valnaloneduca.com\/cplorenzonovomier-2324\/","logo":{"@type":"ImageObject","inLanguage":"es","@id":"http:\/\/lila.valnaloneduca.com\/cplorenzonovomier-2324\/#\/schema\/logo\/image\/","url":"https:\/\/i0.wp.com\/lila.valnaloneduca.com\/cplorenzonovomier-2324\/wp-content\/uploads\/sites\/42\/2023\/10\/cropped-cropped-cropped-cabecero-1.jpg?fit=240%2C118&ssl=1","contentUrl":"https:\/\/i0.wp.com\/lila.valnaloneduca.com\/cplorenzonovomier-2324\/wp-content\/uploads\/sites\/42\/2023\/10\/cropped-cropped-cropped-cabecero-1.jpg?fit=240%2C118&ssl=1","width":240,"height":118,"caption":"LILA \u2013 La Igualdad Lleva A\u2026 \u2013 C.P. LORENZO NOVO MIER \u2013 23\/24"},"image":{"@id":"http:\/\/lila.valnaloneduca.com\/cplorenzonovomier-2324\/#\/schema\/logo\/image\/"}},{"@type":"Person","@id":"","url":"https:\/\/lila.valnaloneduca.com\/cplorenzonovomier-2324\/author\/"}]}},"jetpack_featured_media_url":"","jetpack_sharing_enabled":true,"_links":{"self":[{"href":"https:\/\/lila.valnaloneduca.com\/cplorenzonovomier-2324\/wp-json\/wp\/v2\/posts\/115","targetHints":{"allow":["GET"]}}],"collection":[{"href":"https:\/\/lila.valnaloneduca.com\/cplorenzonovomier-2324\/wp-json\/wp\/v2\/posts"}],"about":[{"href":"https:\/\/lila.valnaloneduca.com\/cplorenzonovomier-2324\/wp-json\/wp\/v2\/types\/post"}],"author":[{"embeddable":true,"href":"https:\/\/lila.valnaloneduca.com\/cplorenzonovomier-2324\/wp-json\/wp\/v2\/users\/54"}],"replies":[{"embeddable":true,"href":"https:\/\/lila.valnaloneduca.com\/cplorenzonovomier-2324\/wp-json\/wp\/v2\/comments?post=115"}],"version-history":[{"count":1,"href":"https:\/\/lila.valnaloneduca.com\/cplorenzonovomier-2324\/wp-json\/wp\/v2\/posts\/115\/revisions"}],"predecessor-version":[{"id":120,"href":"https:\/\/lila.valnaloneduca.com\/cplorenzonovomier-2324\/wp-json\/wp\/v2\/posts\/115\/revisions\/120"}],"wp:attachment":[{"href":"https:\/\/lila.valnaloneduca.com\/cplorenzonovomier-2324\/wp-json\/wp\/v2\/media?parent=115"}],"wp:term":[{"taxonomy":"category","embeddable":true,"href":"https:\/\/lila.valnaloneduca.com\/cplorenzonovomier-2324\/wp-json\/wp\/v2\/categories?post=115"},{"taxonomy":"post_tag","embeddable":true,"href":"https:\/\/lila.valnaloneduca.com\/cplorenzonovomier-2324\/wp-json\/wp\/v2\/tags?post=115"}],"curies":[{"name":"wp","href":"https:\/\/api.w.org\/{rel}","templated":true}]}}