{"id":28,"date":"2024-01-10T09:59:14","date_gmt":"2024-01-10T08:59:14","guid":{"rendered":"http:\/\/lila.valnaloneduca.com\/cplorenzonovomier-2324\/?p=28"},"modified":"2024-01-12T12:56:30","modified_gmt":"2024-01-12T11:56:30","slug":"el-cp-lorenzo-novo-mier-nos-pintamos-de-lila","status":"publish","type":"post","link":"https:\/\/lila.valnaloneduca.com\/cplorenzonovomier-2324\/2024\/01\/10\/el-cp-lorenzo-novo-mier-nos-pintamos-de-lila\/","title":{"rendered":"EL CP LORENZO NOVO MIER NOS PINTAMOS DE LILA"},"content":{"rendered":"\n<p>Este curso en el CP Lorenzo Novo Mier nos pintamos de Lila y nos adentramos en nuestro Proyecto Integrado de Centro <strong>\u00abEducalilando\u00bb<\/strong>.<\/p>\n\n\n\n<figure class=\"wp-block-gallery has-nested-images columns-default is-cropped wp-block-gallery-1 is-layout-flex wp-block-gallery-is-layout-flex\">\n<figure class=\"wp-block-image size-large\"><img data-recalc-dims=\"1\" loading=\"lazy\" decoding=\"async\" width=\"840\" height=\"209\" data-id=\"39\" src=\"https:\/\/i0.wp.com\/lila.valnaloneduca.com\/cplorenzonovomier-2324\/wp-content\/uploads\/sites\/42\/2024\/01\/educalilando.jpg?resize=840%2C209\" alt=\"\" class=\"wp-image-39\" srcset=\"https:\/\/i0.wp.com\/lila.valnaloneduca.com\/cplorenzonovomier-2324\/wp-content\/uploads\/sites\/42\/2024\/01\/educalilando.jpg?w=1002&amp;ssl=1 1002w, https:\/\/i0.wp.com\/lila.valnaloneduca.com\/cplorenzonovomier-2324\/wp-content\/uploads\/sites\/42\/2024\/01\/educalilando.jpg?resize=300%2C75&amp;ssl=1 300w, https:\/\/i0.wp.com\/lila.valnaloneduca.com\/cplorenzonovomier-2324\/wp-content\/uploads\/sites\/42\/2024\/01\/educalilando.jpg?resize=768%2C191&amp;ssl=1 768w\" sizes=\"auto, (max-width: 709px) 85vw, (max-width: 909px) 67vw, (max-width: 1362px) 62vw, 840px\" \/><\/figure>\n<\/figure>\n\n\n\n\n","protected":false},"excerpt":{"rendered":"<p>Este curso en el CP Lorenzo Novo Mier nos pintamos de Lila y nos adentramos en nuestro Proyecto Integrado de Centro \u00abEducalilando\u00bb.<\/p>\n","protected":false},"author":54,"featured_media":0,"comment_status":"open","ping_status":"open","sticky":false,"template":"","format":"standard","meta":{"_jetpack_memberships_contains_paid_content":false,"footnotes":""},"categories":[1],"tags":[],"class_list":["post-28","post","type-post","status-publish","format-standard","hentry","category-sin-categoria"],"yoast_head":"<!-- This site is optimized with the Yoast SEO plugin v27.5 - https:\/\/yoast.com\/product\/yoast-seo-wordpress\/ -->\n<title>EL CP LORENZO NOVO MIER NOS PINTAMOS DE LILA - LILA \u2013 La Igualdad Lleva A\u2026 \u2013 C.P. LORENZO NOVO MIER \u2013 23\/24<\/title>\n<meta name=\"robots\" content=\"index, follow, max-snippet:-1, max-image-preview:large, max-video-preview:-1\" \/>\n<link rel=\"canonical\" href=\"http:\/\/lila.valnaloneduca.com\/cplorenzonovomier-2324\/2024\/01\/10\/el-cp-lorenzo-novo-mier-nos-pintamos-de-lila\/\" \/>\n<meta property=\"og:locale\" content=\"es_ES\" \/>\n<meta property=\"og:type\" content=\"article\" \/>\n<meta property=\"og:title\" content=\"EL CP LORENZO NOVO MIER NOS PINTAMOS DE LILA - LILA \u2013 La Igualdad Lleva A\u2026 \u2013 C.P. LORENZO NOVO MIER \u2013 23\/24\" \/>\n<meta property=\"og:description\" content=\"Este curso en el CP Lorenzo Novo Mier nos pintamos de Lila y nos adentramos en nuestro Proyecto Integrado de Centro \u00abEducalilando\u00bb.\" \/>\n<meta property=\"og:url\" content=\"http:\/\/lila.valnaloneduca.com\/cplorenzonovomier-2324\/2024\/01\/10\/el-cp-lorenzo-novo-mier-nos-pintamos-de-lila\/\" \/>\n<meta property=\"og:site_name\" content=\"LILA \u2013 La Igualdad Lleva A\u2026 \u2013 C.P. LORENZO NOVO MIER \u2013 23\/24\" \/>\n<meta property=\"article:published_time\" content=\"2024-01-10T08:59:14+00:00\" \/>\n<meta property=\"article:modified_time\" content=\"2024-01-12T11:56:30+00:00\" \/>\n<meta property=\"og:image\" content=\"http:\/\/lila.valnaloneduca.com\/cplorenzonovomier-2324\/wp-content\/uploads\/sites\/42\/2024\/01\/educalilando.jpg\" \/>\n<meta name=\"twitter:card\" content=\"summary_large_image\" \/>\n<meta name=\"twitter:label1\" content=\"Escrito por\" \/>\n\t<meta name=\"twitter:data1\" content=\"\" \/>\n\t<meta name=\"twitter:label2\" content=\"Tiempo de lectura\" \/>\n\t<meta name=\"twitter:data2\" content=\"1 minuto\" \/>\n<script type=\"application\/ld+json\" class=\"yoast-schema-graph\">{\"@context\":\"https:\\\/\\\/schema.org\",\"@graph\":[{\"@type\":\"Article\",\"@id\":\"http:\\\/\\\/lila.valnaloneduca.com\\\/cplorenzonovomier-2324\\\/2024\\\/01\\\/10\\\/el-cp-lorenzo-novo-mier-nos-pintamos-de-lila\\\/#article\",\"isPartOf\":{\"@id\":\"http:\\\/\\\/lila.valnaloneduca.com\\\/cplorenzonovomier-2324\\\/2024\\\/01\\\/10\\\/el-cp-lorenzo-novo-mier-nos-pintamos-de-lila\\\/\"},\"author\":{\"name\":\"\",\"@id\":\"\"},\"headline\":\"EL CP LORENZO NOVO MIER NOS PINTAMOS DE LILA\",\"datePublished\":\"2024-01-10T08:59:14+00:00\",\"dateModified\":\"2024-01-12T11:56:30+00:00\",\"mainEntityOfPage\":{\"@id\":\"http:\\\/\\\/lila.valnaloneduca.com\\\/cplorenzonovomier-2324\\\/2024\\\/01\\\/10\\\/el-cp-lorenzo-novo-mier-nos-pintamos-de-lila\\\/\"},\"wordCount\":31,\"commentCount\":0,\"publisher\":{\"@id\":\"http:\\\/\\\/lila.valnaloneduca.com\\\/cplorenzonovomier-2324\\\/#organization\"},\"image\":{\"@id\":\"http:\\\/\\\/lila.valnaloneduca.com\\\/cplorenzonovomier-2324\\\/2024\\\/01\\\/10\\\/el-cp-lorenzo-novo-mier-nos-pintamos-de-lila\\\/#primaryimage\"},\"thumbnailUrl\":\"http:\\\/\\\/lila.valnaloneduca.com\\\/cplorenzonovomier-2324\\\/wp-content\\\/uploads\\\/sites\\\/42\\\/2024\\\/01\\\/educalilando.jpg\",\"inLanguage\":\"es\",\"potentialAction\":[{\"@type\":\"CommentAction\",\"name\":\"Comment\",\"target\":[\"http:\\\/\\\/lila.valnaloneduca.com\\\/cplorenzonovomier-2324\\\/2024\\\/01\\\/10\\\/el-cp-lorenzo-novo-mier-nos-pintamos-de-lila\\\/#respond\"]}]},{\"@type\":\"WebPage\",\"@id\":\"http:\\\/\\\/lila.valnaloneduca.com\\\/cplorenzonovomier-2324\\\/2024\\\/01\\\/10\\\/el-cp-lorenzo-novo-mier-nos-pintamos-de-lila\\\/\",\"url\":\"http:\\\/\\\/lila.valnaloneduca.com\\\/cplorenzonovomier-2324\\\/2024\\\/01\\\/10\\\/el-cp-lorenzo-novo-mier-nos-pintamos-de-lila\\\/\",\"name\":\"EL CP LORENZO NOVO MIER NOS PINTAMOS DE LILA - LILA \u2013 La Igualdad Lleva A\u2026 \u2013 C.P. LORENZO NOVO MIER \u2013 23\\\/24\",\"isPartOf\":{\"@id\":\"http:\\\/\\\/lila.valnaloneduca.com\\\/cplorenzonovomier-2324\\\/#website\"},\"primaryImageOfPage\":{\"@id\":\"http:\\\/\\\/lila.valnaloneduca.com\\\/cplorenzonovomier-2324\\\/2024\\\/01\\\/10\\\/el-cp-lorenzo-novo-mier-nos-pintamos-de-lila\\\/#primaryimage\"},\"image\":{\"@id\":\"http:\\\/\\\/lila.valnaloneduca.com\\\/cplorenzonovomier-2324\\\/2024\\\/01\\\/10\\\/el-cp-lorenzo-novo-mier-nos-pintamos-de-lila\\\/#primaryimage\"},\"thumbnailUrl\":\"http:\\\/\\\/lila.valnaloneduca.com\\\/cplorenzonovomier-2324\\\/wp-content\\\/uploads\\\/sites\\\/42\\\/2024\\\/01\\\/educalilando.jpg\",\"datePublished\":\"2024-01-10T08:59:14+00:00\",\"dateModified\":\"2024-01-12T11:56:30+00:00\",\"breadcrumb\":{\"@id\":\"http:\\\/\\\/lila.valnaloneduca.com\\\/cplorenzonovomier-2324\\\/2024\\\/01\\\/10\\\/el-cp-lorenzo-novo-mier-nos-pintamos-de-lila\\\/#breadcrumb\"},\"inLanguage\":\"es\",\"potentialAction\":[{\"@type\":\"ReadAction\",\"target\":[\"http:\\\/\\\/lila.valnaloneduca.com\\\/cplorenzonovomier-2324\\\/2024\\\/01\\\/10\\\/el-cp-lorenzo-novo-mier-nos-pintamos-de-lila\\\/\"]}]},{\"@type\":\"ImageObject\",\"inLanguage\":\"es\",\"@id\":\"http:\\\/\\\/lila.valnaloneduca.com\\\/cplorenzonovomier-2324\\\/2024\\\/01\\\/10\\\/el-cp-lorenzo-novo-mier-nos-pintamos-de-lila\\\/#primaryimage\",\"url\":\"https:\\\/\\\/i0.wp.com\\\/lila.valnaloneduca.com\\\/cplorenzonovomier-2324\\\/wp-content\\\/uploads\\\/sites\\\/42\\\/2024\\\/01\\\/educalilando.jpg?fit=1002%2C249&ssl=1\",\"contentUrl\":\"https:\\\/\\\/i0.wp.com\\\/lila.valnaloneduca.com\\\/cplorenzonovomier-2324\\\/wp-content\\\/uploads\\\/sites\\\/42\\\/2024\\\/01\\\/educalilando.jpg?fit=1002%2C249&ssl=1\",\"width\":1002,\"height\":249},{\"@type\":\"BreadcrumbList\",\"@id\":\"http:\\\/\\\/lila.valnaloneduca.com\\\/cplorenzonovomier-2324\\\/2024\\\/01\\\/10\\\/el-cp-lorenzo-novo-mier-nos-pintamos-de-lila\\\/#breadcrumb\",\"itemListElement\":[{\"@type\":\"ListItem\",\"position\":1,\"name\":\"Portada\",\"item\":\"http:\\\/\\\/lila.valnaloneduca.com\\\/cplorenzonovomier-2324\\\/\"},{\"@type\":\"ListItem\",\"position\":2,\"name\":\"EL CP LORENZO NOVO MIER NOS PINTAMOS DE LILA\"}]},{\"@type\":\"WebSite\",\"@id\":\"http:\\\/\\\/lila.valnaloneduca.com\\\/cplorenzonovomier-2324\\\/#website\",\"url\":\"http:\\\/\\\/lila.valnaloneduca.com\\\/cplorenzonovomier-2324\\\/\",\"name\":\"LILA \u2013 La Igualdad Lleva A\u2026 \u2013 C.P. LORENZO NOVO MIER \u2013 23\\\/24\",\"description\":\"La Igualdad Lleva A ... (LILA) es un Proyecto educativo de la Cadena de Formaci\u00f3n para Emprender del Principado de Asturias, que promueve el desarrollo de competencias emprendedoras al servicio de un trabajo para el empoderamiento y la promoci\u00f3n de la igualdad entre ni\u00f1os y ni\u00f1as de Educaci\u00f3n Primaria.\",\"publisher\":{\"@id\":\"http:\\\/\\\/lila.valnaloneduca.com\\\/cplorenzonovomier-2324\\\/#organization\"},\"potentialAction\":[{\"@type\":\"SearchAction\",\"target\":{\"@type\":\"EntryPoint\",\"urlTemplate\":\"http:\\\/\\\/lila.valnaloneduca.com\\\/cplorenzonovomier-2324\\\/?s={search_term_string}\"},\"query-input\":{\"@type\":\"PropertyValueSpecification\",\"valueRequired\":true,\"valueName\":\"search_term_string\"}}],\"inLanguage\":\"es\"},{\"@type\":\"Organization\",\"@id\":\"http:\\\/\\\/lila.valnaloneduca.com\\\/cplorenzonovomier-2324\\\/#organization\",\"name\":\"LILA \u2013 La Igualdad Lleva A\u2026 \u2013 C.P. LORENZO NOVO MIER \u2013 23\\\/24\",\"url\":\"http:\\\/\\\/lila.valnaloneduca.com\\\/cplorenzonovomier-2324\\\/\",\"logo\":{\"@type\":\"ImageObject\",\"inLanguage\":\"es\",\"@id\":\"http:\\\/\\\/lila.valnaloneduca.com\\\/cplorenzonovomier-2324\\\/#\\\/schema\\\/logo\\\/image\\\/\",\"url\":\"https:\\\/\\\/i0.wp.com\\\/lila.valnaloneduca.com\\\/cplorenzonovomier-2324\\\/wp-content\\\/uploads\\\/sites\\\/42\\\/2023\\\/10\\\/cropped-cropped-cropped-cabecero-1.jpg?fit=240%2C118&ssl=1\",\"contentUrl\":\"https:\\\/\\\/i0.wp.com\\\/lila.valnaloneduca.com\\\/cplorenzonovomier-2324\\\/wp-content\\\/uploads\\\/sites\\\/42\\\/2023\\\/10\\\/cropped-cropped-cropped-cabecero-1.jpg?fit=240%2C118&ssl=1\",\"width\":240,\"height\":118,\"caption\":\"LILA \u2013 La Igualdad Lleva A\u2026 \u2013 C.P. LORENZO NOVO MIER \u2013 23\\\/24\"},\"image\":{\"@id\":\"http:\\\/\\\/lila.valnaloneduca.com\\\/cplorenzonovomier-2324\\\/#\\\/schema\\\/logo\\\/image\\\/\"}},{\"@type\":\"Person\",\"@id\":\"\",\"url\":\"https:\\\/\\\/lila.valnaloneduca.com\\\/cplorenzonovomier-2324\\\/author\\\/\"}]}<\/script>\n<!-- \/ Yoast SEO plugin. -->","yoast_head_json":{"title":"EL CP LORENZO NOVO MIER NOS PINTAMOS DE LILA - LILA \u2013 La Igualdad Lleva A\u2026 \u2013 C.P. LORENZO NOVO MIER \u2013 23\/24","robots":{"index":"index","follow":"follow","max-snippet":"max-snippet:-1","max-image-preview":"max-image-preview:large","max-video-preview":"max-video-preview:-1"},"canonical":"http:\/\/lila.valnaloneduca.com\/cplorenzonovomier-2324\/2024\/01\/10\/el-cp-lorenzo-novo-mier-nos-pintamos-de-lila\/","og_locale":"es_ES","og_type":"article","og_title":"EL CP LORENZO NOVO MIER NOS PINTAMOS DE LILA - LILA \u2013 La Igualdad Lleva A\u2026 \u2013 C.P. LORENZO NOVO MIER \u2013 23\/24","og_description":"Este curso en el CP Lorenzo Novo Mier nos pintamos de Lila y nos adentramos en nuestro Proyecto Integrado de Centro \u00abEducalilando\u00bb.","og_url":"http:\/\/lila.valnaloneduca.com\/cplorenzonovomier-2324\/2024\/01\/10\/el-cp-lorenzo-novo-mier-nos-pintamos-de-lila\/","og_site_name":"LILA \u2013 La Igualdad Lleva A\u2026 \u2013 C.P. LORENZO NOVO MIER \u2013 23\/24","article_published_time":"2024-01-10T08:59:14+00:00","article_modified_time":"2024-01-12T11:56:30+00:00","og_image":[{"url":"http:\/\/lila.valnaloneduca.com\/cplorenzonovomier-2324\/wp-content\/uploads\/sites\/42\/2024\/01\/educalilando.jpg","type":"","width":"","height":""}],"twitter_card":"summary_large_image","twitter_misc":{"Escrito por":"","Tiempo de lectura":"1 minuto"},"schema":{"@context":"https:\/\/schema.org","@graph":[{"@type":"Article","@id":"http:\/\/lila.valnaloneduca.com\/cplorenzonovomier-2324\/2024\/01\/10\/el-cp-lorenzo-novo-mier-nos-pintamos-de-lila\/#article","isPartOf":{"@id":"http:\/\/lila.valnaloneduca.com\/cplorenzonovomier-2324\/2024\/01\/10\/el-cp-lorenzo-novo-mier-nos-pintamos-de-lila\/"},"author":{"name":"","@id":""},"headline":"EL CP LORENZO NOVO MIER NOS PINTAMOS DE LILA","datePublished":"2024-01-10T08:59:14+00:00","dateModified":"2024-01-12T11:56:30+00:00","mainEntityOfPage":{"@id":"http:\/\/lila.valnaloneduca.com\/cplorenzonovomier-2324\/2024\/01\/10\/el-cp-lorenzo-novo-mier-nos-pintamos-de-lila\/"},"wordCount":31,"commentCount":0,"publisher":{"@id":"http:\/\/lila.valnaloneduca.com\/cplorenzonovomier-2324\/#organization"},"image":{"@id":"http:\/\/lila.valnaloneduca.com\/cplorenzonovomier-2324\/2024\/01\/10\/el-cp-lorenzo-novo-mier-nos-pintamos-de-lila\/#primaryimage"},"thumbnailUrl":"http:\/\/lila.valnaloneduca.com\/cplorenzonovomier-2324\/wp-content\/uploads\/sites\/42\/2024\/01\/educalilando.jpg","inLanguage":"es","potentialAction":[{"@type":"CommentAction","name":"Comment","target":["http:\/\/lila.valnaloneduca.com\/cplorenzonovomier-2324\/2024\/01\/10\/el-cp-lorenzo-novo-mier-nos-pintamos-de-lila\/#respond"]}]},{"@type":"WebPage","@id":"http:\/\/lila.valnaloneduca.com\/cplorenzonovomier-2324\/2024\/01\/10\/el-cp-lorenzo-novo-mier-nos-pintamos-de-lila\/","url":"http:\/\/lila.valnaloneduca.com\/cplorenzonovomier-2324\/2024\/01\/10\/el-cp-lorenzo-novo-mier-nos-pintamos-de-lila\/","name":"EL CP LORENZO NOVO MIER NOS PINTAMOS DE LILA - LILA \u2013 La Igualdad Lleva A\u2026 \u2013 C.P. LORENZO NOVO MIER \u2013 23\/24","isPartOf":{"@id":"http:\/\/lila.valnaloneduca.com\/cplorenzonovomier-2324\/#website"},"primaryImageOfPage":{"@id":"http:\/\/lila.valnaloneduca.com\/cplorenzonovomier-2324\/2024\/01\/10\/el-cp-lorenzo-novo-mier-nos-pintamos-de-lila\/#primaryimage"},"image":{"@id":"http:\/\/lila.valnaloneduca.com\/cplorenzonovomier-2324\/2024\/01\/10\/el-cp-lorenzo-novo-mier-nos-pintamos-de-lila\/#primaryimage"},"thumbnailUrl":"http:\/\/lila.valnaloneduca.com\/cplorenzonovomier-2324\/wp-content\/uploads\/sites\/42\/2024\/01\/educalilando.jpg","datePublished":"2024-01-10T08:59:14+00:00","dateModified":"2024-01-12T11:56:30+00:00","breadcrumb":{"@id":"http:\/\/lila.valnaloneduca.com\/cplorenzonovomier-2324\/2024\/01\/10\/el-cp-lorenzo-novo-mier-nos-pintamos-de-lila\/#breadcrumb"},"inLanguage":"es","potentialAction":[{"@type":"ReadAction","target":["http:\/\/lila.valnaloneduca.com\/cplorenzonovomier-2324\/2024\/01\/10\/el-cp-lorenzo-novo-mier-nos-pintamos-de-lila\/"]}]},{"@type":"ImageObject","inLanguage":"es","@id":"http:\/\/lila.valnaloneduca.com\/cplorenzonovomier-2324\/2024\/01\/10\/el-cp-lorenzo-novo-mier-nos-pintamos-de-lila\/#primaryimage","url":"https:\/\/i0.wp.com\/lila.valnaloneduca.com\/cplorenzonovomier-2324\/wp-content\/uploads\/sites\/42\/2024\/01\/educalilando.jpg?fit=1002%2C249&ssl=1","contentUrl":"https:\/\/i0.wp.com\/lila.valnaloneduca.com\/cplorenzonovomier-2324\/wp-content\/uploads\/sites\/42\/2024\/01\/educalilando.jpg?fit=1002%2C249&ssl=1","width":1002,"height":249},{"@type":"BreadcrumbList","@id":"http:\/\/lila.valnaloneduca.com\/cplorenzonovomier-2324\/2024\/01\/10\/el-cp-lorenzo-novo-mier-nos-pintamos-de-lila\/#breadcrumb","itemListElement":[{"@type":"ListItem","position":1,"name":"Portada","item":"http:\/\/lila.valnaloneduca.com\/cplorenzonovomier-2324\/"},{"@type":"ListItem","position":2,"name":"EL CP LORENZO NOVO MIER NOS PINTAMOS DE LILA"}]},{"@type":"WebSite","@id":"http:\/\/lila.valnaloneduca.com\/cplorenzonovomier-2324\/#website","url":"http:\/\/lila.valnaloneduca.com\/cplorenzonovomier-2324\/","name":"LILA \u2013 La Igualdad Lleva A\u2026 \u2013 C.P. LORENZO NOVO MIER \u2013 23\/24","description":"La Igualdad Lleva A ... (LILA) es un Proyecto educativo de la Cadena de Formaci\u00f3n para Emprender del Principado de Asturias, que promueve el desarrollo de competencias emprendedoras al servicio de un trabajo para el empoderamiento y la promoci\u00f3n de la igualdad entre ni\u00f1os y ni\u00f1as de Educaci\u00f3n Primaria.","publisher":{"@id":"http:\/\/lila.valnaloneduca.com\/cplorenzonovomier-2324\/#organization"},"potentialAction":[{"@type":"SearchAction","target":{"@type":"EntryPoint","urlTemplate":"http:\/\/lila.valnaloneduca.com\/cplorenzonovomier-2324\/?s={search_term_string}"},"query-input":{"@type":"PropertyValueSpecification","valueRequired":true,"valueName":"search_term_string"}}],"inLanguage":"es"},{"@type":"Organization","@id":"http:\/\/lila.valnaloneduca.com\/cplorenzonovomier-2324\/#organization","name":"LILA \u2013 La Igualdad Lleva A\u2026 \u2013 C.P. LORENZO NOVO MIER \u2013 23\/24","url":"http:\/\/lila.valnaloneduca.com\/cplorenzonovomier-2324\/","logo":{"@type":"ImageObject","inLanguage":"es","@id":"http:\/\/lila.valnaloneduca.com\/cplorenzonovomier-2324\/#\/schema\/logo\/image\/","url":"https:\/\/i0.wp.com\/lila.valnaloneduca.com\/cplorenzonovomier-2324\/wp-content\/uploads\/sites\/42\/2023\/10\/cropped-cropped-cropped-cabecero-1.jpg?fit=240%2C118&ssl=1","contentUrl":"https:\/\/i0.wp.com\/lila.valnaloneduca.com\/cplorenzonovomier-2324\/wp-content\/uploads\/sites\/42\/2023\/10\/cropped-cropped-cropped-cabecero-1.jpg?fit=240%2C118&ssl=1","width":240,"height":118,"caption":"LILA \u2013 La Igualdad Lleva A\u2026 \u2013 C.P. LORENZO NOVO MIER \u2013 23\/24"},"image":{"@id":"http:\/\/lila.valnaloneduca.com\/cplorenzonovomier-2324\/#\/schema\/logo\/image\/"}},{"@type":"Person","@id":"","url":"https:\/\/lila.valnaloneduca.com\/cplorenzonovomier-2324\/author\/"}]}},"jetpack_featured_media_url":"","jetpack_sharing_enabled":true,"_links":{"self":[{"href":"https:\/\/lila.valnaloneduca.com\/cplorenzonovomier-2324\/wp-json\/wp\/v2\/posts\/28","targetHints":{"allow":["GET"]}}],"collection":[{"href":"https:\/\/lila.valnaloneduca.com\/cplorenzonovomier-2324\/wp-json\/wp\/v2\/posts"}],"about":[{"href":"https:\/\/lila.valnaloneduca.com\/cplorenzonovomier-2324\/wp-json\/wp\/v2\/types\/post"}],"author":[{"embeddable":true,"href":"https:\/\/lila.valnaloneduca.com\/cplorenzonovomier-2324\/wp-json\/wp\/v2\/users\/54"}],"replies":[{"embeddable":true,"href":"https:\/\/lila.valnaloneduca.com\/cplorenzonovomier-2324\/wp-json\/wp\/v2\/comments?post=28"}],"version-history":[{"count":3,"href":"https:\/\/lila.valnaloneduca.com\/cplorenzonovomier-2324\/wp-json\/wp\/v2\/posts\/28\/revisions"}],"predecessor-version":[{"id":40,"href":"https:\/\/lila.valnaloneduca.com\/cplorenzonovomier-2324\/wp-json\/wp\/v2\/posts\/28\/revisions\/40"}],"wp:attachment":[{"href":"https:\/\/lila.valnaloneduca.com\/cplorenzonovomier-2324\/wp-json\/wp\/v2\/media?parent=28"}],"wp:term":[{"taxonomy":"category","embeddable":true,"href":"https:\/\/lila.valnaloneduca.com\/cplorenzonovomier-2324\/wp-json\/wp\/v2\/categories?post=28"},{"taxonomy":"post_tag","embeddable":true,"href":"https:\/\/lila.valnaloneduca.com\/cplorenzonovomier-2324\/wp-json\/wp\/v2\/tags?post=28"}],"curies":[{"name":"wp","href":"https:\/\/api.w.org\/{rel}","templated":true}]}}