{"id":37,"date":"2024-03-08T18:17:08","date_gmt":"2024-03-08T17:17:08","guid":{"rendered":"http:\/\/lila.valnaloneduca.com\/cplprietobances-2324\/?p=37"},"modified":"2024-03-08T18:39:01","modified_gmt":"2024-03-08T17:39:01","slug":"8m-dia-de-la-mujer","status":"publish","type":"post","link":"https:\/\/lila.valnaloneduca.com\/cplprietobances-2324\/2024\/03\/08\/8m-dia-de-la-mujer\/","title":{"rendered":"8M. D\u00cdA DE LA MUJER"},"content":{"rendered":"\n<p><\/p>\n\n\n\n<p>Este a\u00f1o, con motivo del 8 M, hemos estado trabajando la figura de la escritora candamina, Paquita Su\u00e1rez Coalla que en la actualidad vive en Nueva York. Desde infantil hasta Primaria realizamos diversas actividades para desgranar parte de su obra. Adem\u00e1s, hemos recibido la visita de la Consejera de Educaci\u00f3n, Lydia Espina con la que hemos hecho una videoconferencia con Paquita para mostrarle todo nuestro trabajo. <\/p>\n\n\n\n<p>A continuaci\u00f3n, os dejamos un video resumen de todo lo que realizamos as\u00ed como alguna foto de la visita de la Consejera.<\/p>\n\n\n\n<p><a href=\"https:\/\/educastur-my.sharepoint.com\/:v:\/g\/personal\/albertoffe_educastur_org\/Ea4PhY6xRBJDiDdXFUVgYaQBjPJ_zhCaVhew3cjtEPgsvg?nav=eyJyZWZlcnJhbEluZm8iOnsicmVmZXJyYWxBcHAiOiJPbmVEcml2ZUZvckJ1c2luZXNzIiwicmVmZXJyYWxBcHBQbGF0Zm9ybSI6IldlYiIsInJlZmVycmFsTW9kZSI6InZpZXciLCJyZWZlcnJhbFZpZXciOiJNeUZpbGVzTGlua0NvcHkifX0&amp;e=OU1mSo\">V\u00cdDEO<\/a><\/p>\n\n\n\n<figure class=\"wp-block-gallery has-nested-images columns-default is-cropped wp-block-gallery-1 is-layout-flex wp-block-gallery-is-layout-flex\">\n<figure class=\"wp-block-image size-large\"><img data-recalc-dims=\"1\" loading=\"lazy\" decoding=\"async\" width=\"540\" height=\"540\" data-id=\"46\" src=\"https:\/\/i0.wp.com\/lila.valnaloneduca.com\/cplprietobances-2324\/wp-content\/uploads\/sites\/43\/2024\/03\/1.png?resize=540%2C540\" alt=\"\" class=\"wp-image-46\" srcset=\"https:\/\/i0.wp.com\/lila.valnaloneduca.com\/cplprietobances-2324\/wp-content\/uploads\/sites\/43\/2024\/03\/1.png?w=540&amp;ssl=1 540w, https:\/\/i0.wp.com\/lila.valnaloneduca.com\/cplprietobances-2324\/wp-content\/uploads\/sites\/43\/2024\/03\/1.png?resize=300%2C300&amp;ssl=1 300w, https:\/\/i0.wp.com\/lila.valnaloneduca.com\/cplprietobances-2324\/wp-content\/uploads\/sites\/43\/2024\/03\/1.png?resize=150%2C150&amp;ssl=1 150w\" sizes=\"auto, (max-width: 540px) 85vw, 540px\" \/><\/figure>\n\n\n\n<figure class=\"wp-block-image size-large\"><img data-recalc-dims=\"1\" loading=\"lazy\" decoding=\"async\" width=\"540\" height=\"540\" data-id=\"47\" src=\"https:\/\/i0.wp.com\/lila.valnaloneduca.com\/cplprietobances-2324\/wp-content\/uploads\/sites\/43\/2024\/03\/2.png?resize=540%2C540\" alt=\"\" class=\"wp-image-47\" srcset=\"https:\/\/i0.wp.com\/lila.valnaloneduca.com\/cplprietobances-2324\/wp-content\/uploads\/sites\/43\/2024\/03\/2.png?w=540&amp;ssl=1 540w, https:\/\/i0.wp.com\/lila.valnaloneduca.com\/cplprietobances-2324\/wp-content\/uploads\/sites\/43\/2024\/03\/2.png?resize=300%2C300&amp;ssl=1 300w, https:\/\/i0.wp.com\/lila.valnaloneduca.com\/cplprietobances-2324\/wp-content\/uploads\/sites\/43\/2024\/03\/2.png?resize=150%2C150&amp;ssl=1 150w\" sizes=\"auto, (max-width: 540px) 85vw, 540px\" \/><\/figure>\n\n\n\n<figure class=\"wp-block-image size-large\"><img data-recalc-dims=\"1\" loading=\"lazy\" decoding=\"async\" width=\"540\" height=\"540\" data-id=\"49\" src=\"https:\/\/i0.wp.com\/lila.valnaloneduca.com\/cplprietobances-2324\/wp-content\/uploads\/sites\/43\/2024\/03\/3.png?resize=540%2C540\" alt=\"\" class=\"wp-image-49\" srcset=\"https:\/\/i0.wp.com\/lila.valnaloneduca.com\/cplprietobances-2324\/wp-content\/uploads\/sites\/43\/2024\/03\/3.png?w=540&amp;ssl=1 540w, https:\/\/i0.wp.com\/lila.valnaloneduca.com\/cplprietobances-2324\/wp-content\/uploads\/sites\/43\/2024\/03\/3.png?resize=300%2C300&amp;ssl=1 300w, https:\/\/i0.wp.com\/lila.valnaloneduca.com\/cplprietobances-2324\/wp-content\/uploads\/sites\/43\/2024\/03\/3.png?resize=150%2C150&amp;ssl=1 150w\" sizes=\"auto, (max-width: 540px) 85vw, 540px\" \/><\/figure>\n\n\n\n<figure class=\"wp-block-image size-large\"><img data-recalc-dims=\"1\" loading=\"lazy\" decoding=\"async\" width=\"540\" height=\"540\" data-id=\"48\" src=\"https:\/\/i0.wp.com\/lila.valnaloneduca.com\/cplprietobances-2324\/wp-content\/uploads\/sites\/43\/2024\/03\/4.png?resize=540%2C540\" alt=\"\" class=\"wp-image-48\" srcset=\"https:\/\/i0.wp.com\/lila.valnaloneduca.com\/cplprietobances-2324\/wp-content\/uploads\/sites\/43\/2024\/03\/4.png?w=540&amp;ssl=1 540w, https:\/\/i0.wp.com\/lila.valnaloneduca.com\/cplprietobances-2324\/wp-content\/uploads\/sites\/43\/2024\/03\/4.png?resize=300%2C300&amp;ssl=1 300w, https:\/\/i0.wp.com\/lila.valnaloneduca.com\/cplprietobances-2324\/wp-content\/uploads\/sites\/43\/2024\/03\/4.png?resize=150%2C150&amp;ssl=1 150w\" sizes=\"auto, (max-width: 540px) 85vw, 540px\" \/><\/figure>\n<\/figure>\n","protected":false},"excerpt":{"rendered":"<p>Este a\u00f1o, con motivo del 8 M, hemos estado trabajando la figura de la escritora candamina, Paquita Su\u00e1rez Coalla que en la actualidad vive en Nueva York. Desde infantil hasta Primaria realizamos diversas actividades para desgranar parte de su obra. Adem\u00e1s, hemos recibido la visita de la Consejera de Educaci\u00f3n, Lydia Espina con la que &hellip; <a href=\"https:\/\/lila.valnaloneduca.com\/cplprietobances-2324\/2024\/03\/08\/8m-dia-de-la-mujer\/\" class=\"more-link\">Continuar leyendo<span class=\"screen-reader-text\"> \u00ab8M. D\u00cdA DE LA MUJER\u00bb<\/span><\/a><\/p>\n","protected":false},"author":57,"featured_media":0,"comment_status":"open","ping_status":"open","sticky":false,"template":"","format":"standard","meta":{"_jetpack_memberships_contains_paid_content":false,"footnotes":""},"categories":[1],"tags":[],"class_list":["post-37","post","type-post","status-publish","format-standard","hentry","category-sin-categoria"],"yoast_head":"<!-- This site is optimized with the Yoast SEO plugin v27.5 - https:\/\/yoast.com\/product\/yoast-seo-wordpress\/ -->\n<title>8M. D\u00cdA DE LA MUJER - LILA \u2013 La Igualdad Lleva A\u2026 \u2013 C.P. PRIETO BANCES \u2013 Grullos (Candamo)<\/title>\n<meta name=\"robots\" content=\"index, follow, max-snippet:-1, max-image-preview:large, max-video-preview:-1\" \/>\n<link rel=\"canonical\" href=\"http:\/\/lila.valnaloneduca.com\/cplprietobances-2324\/2024\/03\/08\/8m-dia-de-la-mujer\/\" \/>\n<meta property=\"og:locale\" content=\"es_ES\" \/>\n<meta property=\"og:type\" content=\"article\" \/>\n<meta property=\"og:title\" content=\"8M. D\u00cdA DE LA MUJER - LILA \u2013 La Igualdad Lleva A\u2026 \u2013 C.P. PRIETO BANCES \u2013 Grullos (Candamo)\" \/>\n<meta property=\"og:description\" content=\"Este a\u00f1o, con motivo del 8 M, hemos estado trabajando la figura de la escritora candamina, Paquita Su\u00e1rez Coalla que en la actualidad vive en Nueva York. Desde infantil hasta Primaria realizamos diversas actividades para desgranar parte de su obra. Adem\u00e1s, hemos recibido la visita de la Consejera de Educaci\u00f3n, Lydia Espina con la que &hellip; Continuar leyendo &quot;8M. D\u00cdA DE LA MUJER&quot;\" \/>\n<meta property=\"og:url\" content=\"http:\/\/lila.valnaloneduca.com\/cplprietobances-2324\/2024\/03\/08\/8m-dia-de-la-mujer\/\" \/>\n<meta property=\"og:site_name\" content=\"LILA \u2013 La Igualdad Lleva A\u2026 \u2013 C.P. PRIETO BANCES \u2013 Grullos (Candamo)\" \/>\n<meta property=\"article:published_time\" content=\"2024-03-08T17:17:08+00:00\" \/>\n<meta property=\"article:modified_time\" content=\"2024-03-08T17:39:01+00:00\" \/>\n<meta property=\"og:image\" content=\"http:\/\/lila.valnaloneduca.com\/cplprietobances-2324\/wp-content\/uploads\/sites\/43\/2024\/03\/1.png\" \/>\n<meta name=\"twitter:card\" content=\"summary_large_image\" \/>\n<meta name=\"twitter:label1\" content=\"Escrito por\" \/>\n\t<meta name=\"twitter:data1\" content=\"\" \/>\n\t<meta name=\"twitter:label2\" content=\"Tiempo de lectura\" \/>\n\t<meta name=\"twitter:data2\" content=\"2 minutos\" \/>\n<script type=\"application\/ld+json\" class=\"yoast-schema-graph\">{\"@context\":\"https:\\\/\\\/schema.org\",\"@graph\":[{\"@type\":\"Article\",\"@id\":\"http:\\\/\\\/lila.valnaloneduca.com\\\/cplprietobances-2324\\\/2024\\\/03\\\/08\\\/8m-dia-de-la-mujer\\\/#article\",\"isPartOf\":{\"@id\":\"http:\\\/\\\/lila.valnaloneduca.com\\\/cplprietobances-2324\\\/2024\\\/03\\\/08\\\/8m-dia-de-la-mujer\\\/\"},\"author\":{\"name\":\"\",\"@id\":\"\"},\"headline\":\"8M. D\u00cdA DE LA MUJER\",\"datePublished\":\"2024-03-08T17:17:08+00:00\",\"dateModified\":\"2024-03-08T17:39:01+00:00\",\"mainEntityOfPage\":{\"@id\":\"http:\\\/\\\/lila.valnaloneduca.com\\\/cplprietobances-2324\\\/2024\\\/03\\\/08\\\/8m-dia-de-la-mujer\\\/\"},\"wordCount\":100,\"commentCount\":0,\"publisher\":{\"@id\":\"http:\\\/\\\/lila.valnaloneduca.com\\\/cplprietobances-2324\\\/#organization\"},\"image\":{\"@id\":\"http:\\\/\\\/lila.valnaloneduca.com\\\/cplprietobances-2324\\\/2024\\\/03\\\/08\\\/8m-dia-de-la-mujer\\\/#primaryimage\"},\"thumbnailUrl\":\"http:\\\/\\\/lila.valnaloneduca.com\\\/cplprietobances-2324\\\/wp-content\\\/uploads\\\/sites\\\/43\\\/2024\\\/03\\\/1.png\",\"inLanguage\":\"es\",\"potentialAction\":[{\"@type\":\"CommentAction\",\"name\":\"Comment\",\"target\":[\"http:\\\/\\\/lila.valnaloneduca.com\\\/cplprietobances-2324\\\/2024\\\/03\\\/08\\\/8m-dia-de-la-mujer\\\/#respond\"]}]},{\"@type\":\"WebPage\",\"@id\":\"http:\\\/\\\/lila.valnaloneduca.com\\\/cplprietobances-2324\\\/2024\\\/03\\\/08\\\/8m-dia-de-la-mujer\\\/\",\"url\":\"http:\\\/\\\/lila.valnaloneduca.com\\\/cplprietobances-2324\\\/2024\\\/03\\\/08\\\/8m-dia-de-la-mujer\\\/\",\"name\":\"8M. D\u00cdA DE LA MUJER - LILA \u2013 La Igualdad Lleva A\u2026 \u2013 C.P. PRIETO BANCES \u2013 Grullos (Candamo)\",\"isPartOf\":{\"@id\":\"http:\\\/\\\/lila.valnaloneduca.com\\\/cplprietobances-2324\\\/#website\"},\"primaryImageOfPage\":{\"@id\":\"http:\\\/\\\/lila.valnaloneduca.com\\\/cplprietobances-2324\\\/2024\\\/03\\\/08\\\/8m-dia-de-la-mujer\\\/#primaryimage\"},\"image\":{\"@id\":\"http:\\\/\\\/lila.valnaloneduca.com\\\/cplprietobances-2324\\\/2024\\\/03\\\/08\\\/8m-dia-de-la-mujer\\\/#primaryimage\"},\"thumbnailUrl\":\"http:\\\/\\\/lila.valnaloneduca.com\\\/cplprietobances-2324\\\/wp-content\\\/uploads\\\/sites\\\/43\\\/2024\\\/03\\\/1.png\",\"datePublished\":\"2024-03-08T17:17:08+00:00\",\"dateModified\":\"2024-03-08T17:39:01+00:00\",\"breadcrumb\":{\"@id\":\"http:\\\/\\\/lila.valnaloneduca.com\\\/cplprietobances-2324\\\/2024\\\/03\\\/08\\\/8m-dia-de-la-mujer\\\/#breadcrumb\"},\"inLanguage\":\"es\",\"potentialAction\":[{\"@type\":\"ReadAction\",\"target\":[\"http:\\\/\\\/lila.valnaloneduca.com\\\/cplprietobances-2324\\\/2024\\\/03\\\/08\\\/8m-dia-de-la-mujer\\\/\"]}]},{\"@type\":\"ImageObject\",\"inLanguage\":\"es\",\"@id\":\"http:\\\/\\\/lila.valnaloneduca.com\\\/cplprietobances-2324\\\/2024\\\/03\\\/08\\\/8m-dia-de-la-mujer\\\/#primaryimage\",\"url\":\"https:\\\/\\\/i0.wp.com\\\/lila.valnaloneduca.com\\\/cplprietobances-2324\\\/wp-content\\\/uploads\\\/sites\\\/43\\\/2024\\\/03\\\/1.png?fit=540%2C540&ssl=1\",\"contentUrl\":\"https:\\\/\\\/i0.wp.com\\\/lila.valnaloneduca.com\\\/cplprietobances-2324\\\/wp-content\\\/uploads\\\/sites\\\/43\\\/2024\\\/03\\\/1.png?fit=540%2C540&ssl=1\",\"width\":540,\"height\":540},{\"@type\":\"BreadcrumbList\",\"@id\":\"http:\\\/\\\/lila.valnaloneduca.com\\\/cplprietobances-2324\\\/2024\\\/03\\\/08\\\/8m-dia-de-la-mujer\\\/#breadcrumb\",\"itemListElement\":[{\"@type\":\"ListItem\",\"position\":1,\"name\":\"Portada\",\"item\":\"http:\\\/\\\/lila.valnaloneduca.com\\\/cplprietobances-2324\\\/\"},{\"@type\":\"ListItem\",\"position\":2,\"name\":\"8M. D\u00cdA DE LA MUJER\"}]},{\"@type\":\"WebSite\",\"@id\":\"http:\\\/\\\/lila.valnaloneduca.com\\\/cplprietobances-2324\\\/#website\",\"url\":\"http:\\\/\\\/lila.valnaloneduca.com\\\/cplprietobances-2324\\\/\",\"name\":\"LILA \u2013 La Igualdad Lleva A\u2026 \u2013 C.P. PRIETO BANCES \u2013 Grullos (Candamo)\",\"description\":\"La Igualdad Lleva A ... (LILA) es un Proyecto educativo de la Cadena de Formaci\u00f3n para Emprender del Principado de Asturias, que promueve el desarrollo de competencias emprendedoras al servicio de un trabajo para el empoderamiento y la promoci\u00f3n de la igualdad entre ni\u00f1os y ni\u00f1as de Educaci\u00f3n Primaria.\",\"publisher\":{\"@id\":\"http:\\\/\\\/lila.valnaloneduca.com\\\/cplprietobances-2324\\\/#organization\"},\"potentialAction\":[{\"@type\":\"SearchAction\",\"target\":{\"@type\":\"EntryPoint\",\"urlTemplate\":\"http:\\\/\\\/lila.valnaloneduca.com\\\/cplprietobances-2324\\\/?s={search_term_string}\"},\"query-input\":{\"@type\":\"PropertyValueSpecification\",\"valueRequired\":true,\"valueName\":\"search_term_string\"}}],\"inLanguage\":\"es\"},{\"@type\":\"Organization\",\"@id\":\"http:\\\/\\\/lila.valnaloneduca.com\\\/cplprietobances-2324\\\/#organization\",\"name\":\"LILA \u2013 La Igualdad Lleva A\u2026 \u2013 C.P. PRIETO BANCES \u2013 Grullos (Candamo)\",\"url\":\"http:\\\/\\\/lila.valnaloneduca.com\\\/cplprietobances-2324\\\/\",\"logo\":{\"@type\":\"ImageObject\",\"inLanguage\":\"es\",\"@id\":\"http:\\\/\\\/lila.valnaloneduca.com\\\/cplprietobances-2324\\\/#\\\/schema\\\/logo\\\/image\\\/\",\"url\":\"https:\\\/\\\/i0.wp.com\\\/lila.valnaloneduca.com\\\/cplprietobances-2324\\\/wp-content\\\/uploads\\\/sites\\\/43\\\/2023\\\/10\\\/cropped-cropped-cropped-cabecero-1.jpg?fit=240%2C118&ssl=1\",\"contentUrl\":\"https:\\\/\\\/i0.wp.com\\\/lila.valnaloneduca.com\\\/cplprietobances-2324\\\/wp-content\\\/uploads\\\/sites\\\/43\\\/2023\\\/10\\\/cropped-cropped-cropped-cabecero-1.jpg?fit=240%2C118&ssl=1\",\"width\":240,\"height\":118,\"caption\":\"LILA \u2013 La Igualdad Lleva A\u2026 \u2013 C.P. PRIETO BANCES \u2013 Grullos (Candamo) \"},\"image\":{\"@id\":\"http:\\\/\\\/lila.valnaloneduca.com\\\/cplprietobances-2324\\\/#\\\/schema\\\/logo\\\/image\\\/\"}},{\"@type\":\"Person\",\"@id\":\"\",\"url\":\"https:\\\/\\\/lila.valnaloneduca.com\\\/cplprietobances-2324\\\/author\\\/\"}]}<\/script>\n<!-- \/ Yoast SEO plugin. -->","yoast_head_json":{"title":"8M. D\u00cdA DE LA MUJER - LILA \u2013 La Igualdad Lleva A\u2026 \u2013 C.P. PRIETO BANCES \u2013 Grullos (Candamo)","robots":{"index":"index","follow":"follow","max-snippet":"max-snippet:-1","max-image-preview":"max-image-preview:large","max-video-preview":"max-video-preview:-1"},"canonical":"http:\/\/lila.valnaloneduca.com\/cplprietobances-2324\/2024\/03\/08\/8m-dia-de-la-mujer\/","og_locale":"es_ES","og_type":"article","og_title":"8M. D\u00cdA DE LA MUJER - LILA \u2013 La Igualdad Lleva A\u2026 \u2013 C.P. PRIETO BANCES \u2013 Grullos (Candamo)","og_description":"Este a\u00f1o, con motivo del 8 M, hemos estado trabajando la figura de la escritora candamina, Paquita Su\u00e1rez Coalla que en la actualidad vive en Nueva York. Desde infantil hasta Primaria realizamos diversas actividades para desgranar parte de su obra. Adem\u00e1s, hemos recibido la visita de la Consejera de Educaci\u00f3n, Lydia Espina con la que &hellip; Continuar leyendo \"8M. D\u00cdA DE LA MUJER\"","og_url":"http:\/\/lila.valnaloneduca.com\/cplprietobances-2324\/2024\/03\/08\/8m-dia-de-la-mujer\/","og_site_name":"LILA \u2013 La Igualdad Lleva A\u2026 \u2013 C.P. PRIETO BANCES \u2013 Grullos (Candamo)","article_published_time":"2024-03-08T17:17:08+00:00","article_modified_time":"2024-03-08T17:39:01+00:00","og_image":[{"url":"http:\/\/lila.valnaloneduca.com\/cplprietobances-2324\/wp-content\/uploads\/sites\/43\/2024\/03\/1.png","type":"","width":"","height":""}],"twitter_card":"summary_large_image","twitter_misc":{"Escrito por":"","Tiempo de lectura":"2 minutos"},"schema":{"@context":"https:\/\/schema.org","@graph":[{"@type":"Article","@id":"http:\/\/lila.valnaloneduca.com\/cplprietobances-2324\/2024\/03\/08\/8m-dia-de-la-mujer\/#article","isPartOf":{"@id":"http:\/\/lila.valnaloneduca.com\/cplprietobances-2324\/2024\/03\/08\/8m-dia-de-la-mujer\/"},"author":{"name":"","@id":""},"headline":"8M. D\u00cdA DE LA MUJER","datePublished":"2024-03-08T17:17:08+00:00","dateModified":"2024-03-08T17:39:01+00:00","mainEntityOfPage":{"@id":"http:\/\/lila.valnaloneduca.com\/cplprietobances-2324\/2024\/03\/08\/8m-dia-de-la-mujer\/"},"wordCount":100,"commentCount":0,"publisher":{"@id":"http:\/\/lila.valnaloneduca.com\/cplprietobances-2324\/#organization"},"image":{"@id":"http:\/\/lila.valnaloneduca.com\/cplprietobances-2324\/2024\/03\/08\/8m-dia-de-la-mujer\/#primaryimage"},"thumbnailUrl":"http:\/\/lila.valnaloneduca.com\/cplprietobances-2324\/wp-content\/uploads\/sites\/43\/2024\/03\/1.png","inLanguage":"es","potentialAction":[{"@type":"CommentAction","name":"Comment","target":["http:\/\/lila.valnaloneduca.com\/cplprietobances-2324\/2024\/03\/08\/8m-dia-de-la-mujer\/#respond"]}]},{"@type":"WebPage","@id":"http:\/\/lila.valnaloneduca.com\/cplprietobances-2324\/2024\/03\/08\/8m-dia-de-la-mujer\/","url":"http:\/\/lila.valnaloneduca.com\/cplprietobances-2324\/2024\/03\/08\/8m-dia-de-la-mujer\/","name":"8M. D\u00cdA DE LA MUJER - LILA \u2013 La Igualdad Lleva A\u2026 \u2013 C.P. PRIETO BANCES \u2013 Grullos (Candamo)","isPartOf":{"@id":"http:\/\/lila.valnaloneduca.com\/cplprietobances-2324\/#website"},"primaryImageOfPage":{"@id":"http:\/\/lila.valnaloneduca.com\/cplprietobances-2324\/2024\/03\/08\/8m-dia-de-la-mujer\/#primaryimage"},"image":{"@id":"http:\/\/lila.valnaloneduca.com\/cplprietobances-2324\/2024\/03\/08\/8m-dia-de-la-mujer\/#primaryimage"},"thumbnailUrl":"http:\/\/lila.valnaloneduca.com\/cplprietobances-2324\/wp-content\/uploads\/sites\/43\/2024\/03\/1.png","datePublished":"2024-03-08T17:17:08+00:00","dateModified":"2024-03-08T17:39:01+00:00","breadcrumb":{"@id":"http:\/\/lila.valnaloneduca.com\/cplprietobances-2324\/2024\/03\/08\/8m-dia-de-la-mujer\/#breadcrumb"},"inLanguage":"es","potentialAction":[{"@type":"ReadAction","target":["http:\/\/lila.valnaloneduca.com\/cplprietobances-2324\/2024\/03\/08\/8m-dia-de-la-mujer\/"]}]},{"@type":"ImageObject","inLanguage":"es","@id":"http:\/\/lila.valnaloneduca.com\/cplprietobances-2324\/2024\/03\/08\/8m-dia-de-la-mujer\/#primaryimage","url":"https:\/\/i0.wp.com\/lila.valnaloneduca.com\/cplprietobances-2324\/wp-content\/uploads\/sites\/43\/2024\/03\/1.png?fit=540%2C540&ssl=1","contentUrl":"https:\/\/i0.wp.com\/lila.valnaloneduca.com\/cplprietobances-2324\/wp-content\/uploads\/sites\/43\/2024\/03\/1.png?fit=540%2C540&ssl=1","width":540,"height":540},{"@type":"BreadcrumbList","@id":"http:\/\/lila.valnaloneduca.com\/cplprietobances-2324\/2024\/03\/08\/8m-dia-de-la-mujer\/#breadcrumb","itemListElement":[{"@type":"ListItem","position":1,"name":"Portada","item":"http:\/\/lila.valnaloneduca.com\/cplprietobances-2324\/"},{"@type":"ListItem","position":2,"name":"8M. D\u00cdA DE LA MUJER"}]},{"@type":"WebSite","@id":"http:\/\/lila.valnaloneduca.com\/cplprietobances-2324\/#website","url":"http:\/\/lila.valnaloneduca.com\/cplprietobances-2324\/","name":"LILA \u2013 La Igualdad Lleva A\u2026 \u2013 C.P. PRIETO BANCES \u2013 Grullos (Candamo)","description":"La Igualdad Lleva A ... (LILA) es un Proyecto educativo de la Cadena de Formaci\u00f3n para Emprender del Principado de Asturias, que promueve el desarrollo de competencias emprendedoras al servicio de un trabajo para el empoderamiento y la promoci\u00f3n de la igualdad entre ni\u00f1os y ni\u00f1as de Educaci\u00f3n Primaria.","publisher":{"@id":"http:\/\/lila.valnaloneduca.com\/cplprietobances-2324\/#organization"},"potentialAction":[{"@type":"SearchAction","target":{"@type":"EntryPoint","urlTemplate":"http:\/\/lila.valnaloneduca.com\/cplprietobances-2324\/?s={search_term_string}"},"query-input":{"@type":"PropertyValueSpecification","valueRequired":true,"valueName":"search_term_string"}}],"inLanguage":"es"},{"@type":"Organization","@id":"http:\/\/lila.valnaloneduca.com\/cplprietobances-2324\/#organization","name":"LILA \u2013 La Igualdad Lleva A\u2026 \u2013 C.P. PRIETO BANCES \u2013 Grullos (Candamo)","url":"http:\/\/lila.valnaloneduca.com\/cplprietobances-2324\/","logo":{"@type":"ImageObject","inLanguage":"es","@id":"http:\/\/lila.valnaloneduca.com\/cplprietobances-2324\/#\/schema\/logo\/image\/","url":"https:\/\/i0.wp.com\/lila.valnaloneduca.com\/cplprietobances-2324\/wp-content\/uploads\/sites\/43\/2023\/10\/cropped-cropped-cropped-cabecero-1.jpg?fit=240%2C118&ssl=1","contentUrl":"https:\/\/i0.wp.com\/lila.valnaloneduca.com\/cplprietobances-2324\/wp-content\/uploads\/sites\/43\/2023\/10\/cropped-cropped-cropped-cabecero-1.jpg?fit=240%2C118&ssl=1","width":240,"height":118,"caption":"LILA \u2013 La Igualdad Lleva A\u2026 \u2013 C.P. PRIETO BANCES \u2013 Grullos (Candamo) "},"image":{"@id":"http:\/\/lila.valnaloneduca.com\/cplprietobances-2324\/#\/schema\/logo\/image\/"}},{"@type":"Person","@id":"","url":"https:\/\/lila.valnaloneduca.com\/cplprietobances-2324\/author\/"}]}},"jetpack_featured_media_url":"","jetpack_sharing_enabled":true,"_links":{"self":[{"href":"https:\/\/lila.valnaloneduca.com\/cplprietobances-2324\/wp-json\/wp\/v2\/posts\/37","targetHints":{"allow":["GET"]}}],"collection":[{"href":"https:\/\/lila.valnaloneduca.com\/cplprietobances-2324\/wp-json\/wp\/v2\/posts"}],"about":[{"href":"https:\/\/lila.valnaloneduca.com\/cplprietobances-2324\/wp-json\/wp\/v2\/types\/post"}],"author":[{"embeddable":true,"href":"https:\/\/lila.valnaloneduca.com\/cplprietobances-2324\/wp-json\/wp\/v2\/users\/57"}],"replies":[{"embeddable":true,"href":"https:\/\/lila.valnaloneduca.com\/cplprietobances-2324\/wp-json\/wp\/v2\/comments?post=37"}],"version-history":[{"count":4,"href":"https:\/\/lila.valnaloneduca.com\/cplprietobances-2324\/wp-json\/wp\/v2\/posts\/37\/revisions"}],"predecessor-version":[{"id":50,"href":"https:\/\/lila.valnaloneduca.com\/cplprietobances-2324\/wp-json\/wp\/v2\/posts\/37\/revisions\/50"}],"wp:attachment":[{"href":"https:\/\/lila.valnaloneduca.com\/cplprietobances-2324\/wp-json\/wp\/v2\/media?parent=37"}],"wp:term":[{"taxonomy":"category","embeddable":true,"href":"https:\/\/lila.valnaloneduca.com\/cplprietobances-2324\/wp-json\/wp\/v2\/categories?post=37"},{"taxonomy":"post_tag","embeddable":true,"href":"https:\/\/lila.valnaloneduca.com\/cplprietobances-2324\/wp-json\/wp\/v2\/tags?post=37"}],"curies":[{"name":"wp","href":"https:\/\/api.w.org\/{rel}","templated":true}]}}