{"id":95,"date":"2023-04-28T07:05:23","date_gmt":"2023-04-28T07:05:23","guid":{"rendered":"http:\/\/lila.valnaloneduca.com\/cpprietobances-2223\/?p=95"},"modified":"2023-06-16T07:34:43","modified_gmt":"2023-06-16T07:34:43","slug":"visita-al-cislan-y-valnalon","status":"publish","type":"post","link":"https:\/\/lila.valnaloneduca.com\/cpprietobances-2223\/2023\/04\/28\/visita-al-cislan-y-valnalon\/","title":{"rendered":"Visita al CISLAN y Valnal\u00f3n"},"content":{"rendered":"\n<p>Como estamos muy interesado\/as en conocer las profesiones que giran en torno al cine  el 26 de abril realizamos una salida al CISLAN (centro integrado de formaci\u00f3n profesional para la comunicaci\u00f3n, imagen y sonido) de Langreo. <\/p>\n\n\n\n<p>En el CISLAN no explicaron los diferentes perfiles profesionales y los estudios que habr\u00eda que realizar si nos queremos dedicar a ello.  <\/p>\n\n\n<div class=\"wp-block-image\">\n<figure class=\"aligncenter size-full is-resized\"><img loading=\"lazy\" decoding=\"async\" src=\"http:\/\/lila.valnaloneduca.com\/cpprietobances-2223\/wp-content\/uploads\/sites\/34\/2023\/06\/D-6Hm-cXoGU3z_.jpg\" alt=\"\" class=\"wp-image-101\" width=\"320\" height=\"239\" srcset=\"https:\/\/lila.valnaloneduca.com\/cpprietobances-2223\/wp-content\/uploads\/sites\/34\/2023\/06\/D-6Hm-cXoGU3z_.jpg 800w, https:\/\/lila.valnaloneduca.com\/cpprietobances-2223\/wp-content\/uploads\/sites\/34\/2023\/06\/D-6Hm-cXoGU3z_-300x225.jpg 300w, https:\/\/lila.valnaloneduca.com\/cpprietobances-2223\/wp-content\/uploads\/sites\/34\/2023\/06\/D-6Hm-cXoGU3z_-768x576.jpg 768w\" sizes=\"auto, (max-width: 320px) 85vw, 320px\" \/><\/figure>\n<\/div>\n\n\n<p>Nosotro\/as explicamos que est\u00e1bamos trabajando en la realizaci\u00f3n de un corto y nos dieron nos dieron muchos consejos pr\u00e1cticos para que los llev\u00e1ramos a cabo.<\/p>\n\n\n<div class=\"wp-block-image\">\n<figure class=\"aligncenter size-full is-resized\"><img loading=\"lazy\" decoding=\"async\" src=\"http:\/\/lila.valnaloneduca.com\/cpprietobances-2223\/wp-content\/uploads\/sites\/34\/2023\/06\/OkZspqPqzMcpPb.jpg\" alt=\"\" class=\"wp-image-103\" width=\"272\" height=\"272\" srcset=\"https:\/\/lila.valnaloneduca.com\/cpprietobances-2223\/wp-content\/uploads\/sites\/34\/2023\/06\/OkZspqPqzMcpPb.jpg 750w, https:\/\/lila.valnaloneduca.com\/cpprietobances-2223\/wp-content\/uploads\/sites\/34\/2023\/06\/OkZspqPqzMcpPb-300x300.jpg 300w, https:\/\/lila.valnaloneduca.com\/cpprietobances-2223\/wp-content\/uploads\/sites\/34\/2023\/06\/OkZspqPqzMcpPb-150x150.jpg 150w\" sizes=\"auto, (max-width: 272px) 85vw, 272px\" \/><\/figure>\n<\/div>\n\n\n<p>Despu\u00e9s nos dirigimos a VALNAL\u00d3N, Amara nos hab\u00eda explicado un poquito que hacen all\u00ed pero quer\u00edamos conocerlo de primera mano.<\/p>\n\n\n\n<p>As\u00ed que visitamos todas las instalaciones y nos explicaron que adem\u00e1s de trabajar en proyectos educativos sobre emprendimiento, se da soporte a las nuevas empresas, asesorando a aut\u00f3nomos y ofreciendo sus instalaciones para la puesta en marcha de las empresas.<\/p>\n\n\n\n<figure class=\"wp-block-gallery has-nested-images columns-default is-cropped wp-block-gallery-1 is-layout-flex wp-block-gallery-is-layout-flex\">\n<figure class=\"wp-block-image size-large\"><img loading=\"lazy\" decoding=\"async\" width=\"512\" height=\"288\" data-id=\"98\" src=\"http:\/\/lila.valnaloneduca.com\/cpprietobances-2223\/wp-content\/uploads\/sites\/34\/2023\/06\/0BDvHqC43v3crX.jpg\" alt=\"\" class=\"wp-image-98\" srcset=\"https:\/\/lila.valnaloneduca.com\/cpprietobances-2223\/wp-content\/uploads\/sites\/34\/2023\/06\/0BDvHqC43v3crX.jpg 512w, https:\/\/lila.valnaloneduca.com\/cpprietobances-2223\/wp-content\/uploads\/sites\/34\/2023\/06\/0BDvHqC43v3crX-300x169.jpg 300w\" sizes=\"auto, (max-width: 512px) 85vw, 512px\" \/><\/figure>\n\n\n\n<figure class=\"wp-block-image size-large\"><img loading=\"lazy\" decoding=\"async\" width=\"1024\" height=\"576\" data-id=\"104\" src=\"http:\/\/lila.valnaloneduca.com\/cpprietobances-2223\/wp-content\/uploads\/sites\/34\/2023\/06\/Ug1DjjUtmc5yso.jpg\" alt=\"\" class=\"wp-image-104\" srcset=\"https:\/\/lila.valnaloneduca.com\/cpprietobances-2223\/wp-content\/uploads\/sites\/34\/2023\/06\/Ug1DjjUtmc5yso.jpg 1024w, https:\/\/lila.valnaloneduca.com\/cpprietobances-2223\/wp-content\/uploads\/sites\/34\/2023\/06\/Ug1DjjUtmc5yso-300x169.jpg 300w, https:\/\/lila.valnaloneduca.com\/cpprietobances-2223\/wp-content\/uploads\/sites\/34\/2023\/06\/Ug1DjjUtmc5yso-768x432.jpg 768w\" sizes=\"auto, (max-width: 709px) 85vw, (max-width: 909px) 67vw, (max-width: 1362px) 62vw, 840px\" \/><\/figure>\n<\/figure>\n\n\n\n<p><\/p>\n\n\n\n<p>Adem\u00e1s pudimos vistas dos empresas, Inoxnal\u00f3n y Bango Racing Cars.<\/p>\n\n\n<div class=\"wp-block-image\">\n<figure class=\"aligncenter size-full\"><img loading=\"lazy\" decoding=\"async\" width=\"200\" height=\"314\" src=\"http:\/\/lila.valnaloneduca.com\/cpprietobances-2223\/wp-content\/uploads\/sites\/34\/2023\/06\/visita-la-igualdad-lleva-A-200x428-1.jpg\" alt=\"\" class=\"wp-image-109\" srcset=\"https:\/\/lila.valnaloneduca.com\/cpprietobances-2223\/wp-content\/uploads\/sites\/34\/2023\/06\/visita-la-igualdad-lleva-A-200x428-1.jpg 200w, https:\/\/lila.valnaloneduca.com\/cpprietobances-2223\/wp-content\/uploads\/sites\/34\/2023\/06\/visita-la-igualdad-lleva-A-200x428-1-191x300.jpg 191w\" sizes=\"auto, (max-width: 200px) 85vw, 200px\" \/><\/figure>\n<\/div>\n\n<div class=\"wp-block-image\">\n<figure class=\"aligncenter size-full is-resized\"><img loading=\"lazy\" decoding=\"async\" src=\"http:\/\/lila.valnaloneduca.com\/cpprietobances-2223\/wp-content\/uploads\/sites\/34\/2023\/06\/uzlDD08qUZ0L3r.jpg\" alt=\"\" class=\"wp-image-105\" width=\"318\" height=\"239\" srcset=\"https:\/\/lila.valnaloneduca.com\/cpprietobances-2223\/wp-content\/uploads\/sites\/34\/2023\/06\/uzlDD08qUZ0L3r.jpg 1008w, https:\/\/lila.valnaloneduca.com\/cpprietobances-2223\/wp-content\/uploads\/sites\/34\/2023\/06\/uzlDD08qUZ0L3r-300x225.jpg 300w, https:\/\/lila.valnaloneduca.com\/cpprietobances-2223\/wp-content\/uploads\/sites\/34\/2023\/06\/uzlDD08qUZ0L3r-768x576.jpg 768w\" sizes=\"auto, (max-width: 318px) 85vw, 318px\" \/><\/figure>\n<\/div>\n\n\n<p>Ha sido una jornada muy provechosa y divertida, en la que hemos disfrutado y aprendido junto\/as.<\/p>\n\n\n\n<figure class=\"wp-block-gallery has-nested-images columns-default is-cropped wp-block-gallery-2 is-layout-flex wp-block-gallery-is-layout-flex\">\n<figure class=\"wp-block-image size-large\"><img loading=\"lazy\" decoding=\"async\" width=\"512\" height=\"512\" data-id=\"102\" src=\"http:\/\/lila.valnaloneduca.com\/cpprietobances-2223\/wp-content\/uploads\/sites\/34\/2023\/06\/fWD-uckR-4Q5Se.jpg\" alt=\"\" class=\"wp-image-102\" srcset=\"https:\/\/lila.valnaloneduca.com\/cpprietobances-2223\/wp-content\/uploads\/sites\/34\/2023\/06\/fWD-uckR-4Q5Se.jpg 512w, https:\/\/lila.valnaloneduca.com\/cpprietobances-2223\/wp-content\/uploads\/sites\/34\/2023\/06\/fWD-uckR-4Q5Se-300x300.jpg 300w, https:\/\/lila.valnaloneduca.com\/cpprietobances-2223\/wp-content\/uploads\/sites\/34\/2023\/06\/fWD-uckR-4Q5Se-150x150.jpg 150w\" sizes=\"auto, (max-width: 512px) 85vw, 512px\" \/><\/figure>\n\n\n\n<figure class=\"wp-block-image size-large\"><img loading=\"lazy\" decoding=\"async\" width=\"512\" height=\"512\" data-id=\"96\" src=\"http:\/\/lila.valnaloneduca.com\/cpprietobances-2223\/wp-content\/uploads\/sites\/34\/2023\/06\/AaSuNj-HLDkl2r.jpg\" alt=\"\" class=\"wp-image-96\" srcset=\"https:\/\/lila.valnaloneduca.com\/cpprietobances-2223\/wp-content\/uploads\/sites\/34\/2023\/06\/AaSuNj-HLDkl2r.jpg 512w, https:\/\/lila.valnaloneduca.com\/cpprietobances-2223\/wp-content\/uploads\/sites\/34\/2023\/06\/AaSuNj-HLDkl2r-300x300.jpg 300w, https:\/\/lila.valnaloneduca.com\/cpprietobances-2223\/wp-content\/uploads\/sites\/34\/2023\/06\/AaSuNj-HLDkl2r-150x150.jpg 150w\" sizes=\"auto, (max-width: 512px) 85vw, 512px\" \/><\/figure>\n<\/figure>\n","protected":false},"excerpt":{"rendered":"<p>Como estamos muy interesado\/as en conocer las profesiones que giran en torno al cine el 26 de abril realizamos una salida al CISLAN (centro integrado de formaci\u00f3n profesional para la comunicaci\u00f3n, imagen y sonido) de Langreo. En el CISLAN no explicaron los diferentes perfiles profesionales y los estudios que habr\u00eda que realizar si nos queremos &hellip; <a href=\"https:\/\/lila.valnaloneduca.com\/cpprietobances-2223\/2023\/04\/28\/visita-al-cislan-y-valnalon\/\" class=\"more-link\">Continuar leyendo<span class=\"screen-reader-text\"> \u00abVisita al CISLAN y Valnal\u00f3n\u00bb<\/span><\/a><\/p>\n","protected":false},"author":2,"featured_media":0,"comment_status":"open","ping_status":"open","sticky":false,"template":"","format":"standard","meta":{"_jetpack_memberships_contains_paid_content":false,"footnotes":""},"categories":[1],"tags":[],"class_list":["post-95","post","type-post","status-publish","format-standard","hentry","category-sin-categoria"],"yoast_head":"<!-- This site is optimized with the Yoast SEO plugin v27.5 - https:\/\/yoast.com\/product\/yoast-seo-wordpress\/ -->\n<title>Visita al CISLAN y Valnal\u00f3n - LILA \u2013 La Igualdad Lleva A\u2026 \u2013 C.P. PRIETO BANCES \u2013 Grullos (Candamo) \u2013 22\/23<\/title>\n<meta name=\"robots\" content=\"index, follow, max-snippet:-1, max-image-preview:large, max-video-preview:-1\" \/>\n<link rel=\"canonical\" href=\"http:\/\/lila.valnaloneduca.com\/cpprietobances-2223\/2023\/04\/28\/visita-al-cislan-y-valnalon\/\" \/>\n<meta property=\"og:locale\" content=\"es_ES\" \/>\n<meta property=\"og:type\" content=\"article\" \/>\n<meta property=\"og:title\" content=\"Visita al CISLAN y Valnal\u00f3n - LILA \u2013 La Igualdad Lleva A\u2026 \u2013 C.P. PRIETO BANCES \u2013 Grullos (Candamo) \u2013 22\/23\" \/>\n<meta property=\"og:description\" content=\"Como estamos muy interesado\/as en conocer las profesiones que giran en torno al cine el 26 de abril realizamos una salida al CISLAN (centro integrado de formaci\u00f3n profesional para la comunicaci\u00f3n, imagen y sonido) de Langreo. En el CISLAN no explicaron los diferentes perfiles profesionales y los estudios que habr\u00eda que realizar si nos queremos &hellip; Continuar leyendo &quot;Visita al CISLAN y Valnal\u00f3n&quot;\" \/>\n<meta property=\"og:url\" content=\"http:\/\/lila.valnaloneduca.com\/cpprietobances-2223\/2023\/04\/28\/visita-al-cislan-y-valnalon\/\" \/>\n<meta property=\"og:site_name\" content=\"LILA \u2013 La Igualdad Lleva A\u2026 \u2013 C.P. PRIETO BANCES \u2013 Grullos (Candamo) \u2013 22\/23\" \/>\n<meta property=\"article:published_time\" content=\"2023-04-28T07:05:23+00:00\" \/>\n<meta property=\"article:modified_time\" content=\"2023-06-16T07:34:43+00:00\" \/>\n<meta property=\"og:image\" content=\"http:\/\/lila.valnaloneduca.com\/cpprietobances-2223\/wp-content\/uploads\/sites\/34\/2023\/06\/D-6Hm-cXoGU3z_.jpg\" \/>\n<meta name=\"author\" content=\"lila\" \/>\n<meta name=\"twitter:card\" content=\"summary_large_image\" \/>\n<meta name=\"twitter:label1\" content=\"Escrito por\" \/>\n\t<meta name=\"twitter:data1\" content=\"lila\" \/>\n\t<meta name=\"twitter:label2\" content=\"Tiempo de lectura\" \/>\n\t<meta name=\"twitter:data2\" content=\"3 minutos\" \/>\n<script type=\"application\/ld+json\" class=\"yoast-schema-graph\">{\"@context\":\"https:\\\/\\\/schema.org\",\"@graph\":[{\"@type\":\"Article\",\"@id\":\"http:\\\/\\\/lila.valnaloneduca.com\\\/cpprietobances-2223\\\/2023\\\/04\\\/28\\\/visita-al-cislan-y-valnalon\\\/#article\",\"isPartOf\":{\"@id\":\"http:\\\/\\\/lila.valnaloneduca.com\\\/cpprietobances-2223\\\/2023\\\/04\\\/28\\\/visita-al-cislan-y-valnalon\\\/\"},\"author\":{\"name\":\"lila\",\"@id\":\"http:\\\/\\\/lila.valnaloneduca.com\\\/cpprietobances-2223\\\/#\\\/schema\\\/person\\\/b1d0422b250e580f42a136a82137c682\"},\"headline\":\"Visita al CISLAN y Valnal\u00f3n\",\"datePublished\":\"2023-04-28T07:05:23+00:00\",\"dateModified\":\"2023-06-16T07:34:43+00:00\",\"mainEntityOfPage\":{\"@id\":\"http:\\\/\\\/lila.valnaloneduca.com\\\/cpprietobances-2223\\\/2023\\\/04\\\/28\\\/visita-al-cislan-y-valnalon\\\/\"},\"wordCount\":192,\"commentCount\":0,\"publisher\":{\"@id\":\"http:\\\/\\\/lila.valnaloneduca.com\\\/cpprietobances-2223\\\/#organization\"},\"image\":{\"@id\":\"http:\\\/\\\/lila.valnaloneduca.com\\\/cpprietobances-2223\\\/2023\\\/04\\\/28\\\/visita-al-cislan-y-valnalon\\\/#primaryimage\"},\"thumbnailUrl\":\"http:\\\/\\\/lila.valnaloneduca.com\\\/cpprietobances-2223\\\/wp-content\\\/uploads\\\/sites\\\/34\\\/2023\\\/06\\\/D-6Hm-cXoGU3z_.jpg\",\"inLanguage\":\"es\",\"potentialAction\":[{\"@type\":\"CommentAction\",\"name\":\"Comment\",\"target\":[\"http:\\\/\\\/lila.valnaloneduca.com\\\/cpprietobances-2223\\\/2023\\\/04\\\/28\\\/visita-al-cislan-y-valnalon\\\/#respond\"]}]},{\"@type\":\"WebPage\",\"@id\":\"http:\\\/\\\/lila.valnaloneduca.com\\\/cpprietobances-2223\\\/2023\\\/04\\\/28\\\/visita-al-cislan-y-valnalon\\\/\",\"url\":\"http:\\\/\\\/lila.valnaloneduca.com\\\/cpprietobances-2223\\\/2023\\\/04\\\/28\\\/visita-al-cislan-y-valnalon\\\/\",\"name\":\"Visita al CISLAN y Valnal\u00f3n - LILA \u2013 La Igualdad Lleva A\u2026 \u2013 C.P. PRIETO BANCES \u2013 Grullos (Candamo) \u2013 22\\\/23\",\"isPartOf\":{\"@id\":\"http:\\\/\\\/lila.valnaloneduca.com\\\/cpprietobances-2223\\\/#website\"},\"primaryImageOfPage\":{\"@id\":\"http:\\\/\\\/lila.valnaloneduca.com\\\/cpprietobances-2223\\\/2023\\\/04\\\/28\\\/visita-al-cislan-y-valnalon\\\/#primaryimage\"},\"image\":{\"@id\":\"http:\\\/\\\/lila.valnaloneduca.com\\\/cpprietobances-2223\\\/2023\\\/04\\\/28\\\/visita-al-cislan-y-valnalon\\\/#primaryimage\"},\"thumbnailUrl\":\"http:\\\/\\\/lila.valnaloneduca.com\\\/cpprietobances-2223\\\/wp-content\\\/uploads\\\/sites\\\/34\\\/2023\\\/06\\\/D-6Hm-cXoGU3z_.jpg\",\"datePublished\":\"2023-04-28T07:05:23+00:00\",\"dateModified\":\"2023-06-16T07:34:43+00:00\",\"breadcrumb\":{\"@id\":\"http:\\\/\\\/lila.valnaloneduca.com\\\/cpprietobances-2223\\\/2023\\\/04\\\/28\\\/visita-al-cislan-y-valnalon\\\/#breadcrumb\"},\"inLanguage\":\"es\",\"potentialAction\":[{\"@type\":\"ReadAction\",\"target\":[\"http:\\\/\\\/lila.valnaloneduca.com\\\/cpprietobances-2223\\\/2023\\\/04\\\/28\\\/visita-al-cislan-y-valnalon\\\/\"]}]},{\"@type\":\"ImageObject\",\"inLanguage\":\"es\",\"@id\":\"http:\\\/\\\/lila.valnaloneduca.com\\\/cpprietobances-2223\\\/2023\\\/04\\\/28\\\/visita-al-cislan-y-valnalon\\\/#primaryimage\",\"url\":\"https:\\\/\\\/lila.valnaloneduca.com\\\/cpprietobances-2223\\\/wp-content\\\/uploads\\\/sites\\\/34\\\/2023\\\/06\\\/D-6Hm-cXoGU3z_.jpg\",\"contentUrl\":\"https:\\\/\\\/lila.valnaloneduca.com\\\/cpprietobances-2223\\\/wp-content\\\/uploads\\\/sites\\\/34\\\/2023\\\/06\\\/D-6Hm-cXoGU3z_.jpg\",\"width\":800,\"height\":600},{\"@type\":\"BreadcrumbList\",\"@id\":\"http:\\\/\\\/lila.valnaloneduca.com\\\/cpprietobances-2223\\\/2023\\\/04\\\/28\\\/visita-al-cislan-y-valnalon\\\/#breadcrumb\",\"itemListElement\":[{\"@type\":\"ListItem\",\"position\":1,\"name\":\"Portada\",\"item\":\"http:\\\/\\\/lila.valnaloneduca.com\\\/cpprietobances-2223\\\/\"},{\"@type\":\"ListItem\",\"position\":2,\"name\":\"Visita al CISLAN y Valnal\u00f3n\"}]},{\"@type\":\"WebSite\",\"@id\":\"http:\\\/\\\/lila.valnaloneduca.com\\\/cpprietobances-2223\\\/#website\",\"url\":\"http:\\\/\\\/lila.valnaloneduca.com\\\/cpprietobances-2223\\\/\",\"name\":\"LILA \u2013 La Igualdad Lleva A\u2026 \u2013 C.P. PRIETO BANCES \u2013 Grullos (Candamo) \u2013 22\\\/23\",\"description\":\"La Igualdad Lleva A (LILA) es un Proyecto educativo de la Cadena de Formaci\u00f3n para Emprender del Principado de Asturias, que promueve el desarrollo de competencias emprendedoras al servicio de un trabajo para el empoderamiento y la promoci\u00f3n de la igualdad entre ni\u00f1os y ni\u00f1as de Educaci\u00f3n Primaria.\",\"publisher\":{\"@id\":\"http:\\\/\\\/lila.valnaloneduca.com\\\/cpprietobances-2223\\\/#organization\"},\"potentialAction\":[{\"@type\":\"SearchAction\",\"target\":{\"@type\":\"EntryPoint\",\"urlTemplate\":\"http:\\\/\\\/lila.valnaloneduca.com\\\/cpprietobances-2223\\\/?s={search_term_string}\"},\"query-input\":{\"@type\":\"PropertyValueSpecification\",\"valueRequired\":true,\"valueName\":\"search_term_string\"}}],\"inLanguage\":\"es\"},{\"@type\":\"Organization\",\"@id\":\"http:\\\/\\\/lila.valnaloneduca.com\\\/cpprietobances-2223\\\/#organization\",\"name\":\"LILA \u2013 La Igualdad Lleva A\u2026 \u2013 C.P. PRIETO BANCES \u2013 Grullos (Candamo) \u2013 22\\\/23\",\"url\":\"http:\\\/\\\/lila.valnaloneduca.com\\\/cpprietobances-2223\\\/\",\"logo\":{\"@type\":\"ImageObject\",\"inLanguage\":\"es\",\"@id\":\"http:\\\/\\\/lila.valnaloneduca.com\\\/cpprietobances-2223\\\/#\\\/schema\\\/logo\\\/image\\\/\",\"url\":\"https:\\\/\\\/lila.valnaloneduca.com\\\/cpprietobances-2223\\\/wp-content\\\/uploads\\\/sites\\\/34\\\/2022\\\/11\\\/cropped-cropped-cropped-cabecero-1.jpg\",\"contentUrl\":\"https:\\\/\\\/lila.valnaloneduca.com\\\/cpprietobances-2223\\\/wp-content\\\/uploads\\\/sites\\\/34\\\/2022\\\/11\\\/cropped-cropped-cropped-cabecero-1.jpg\",\"width\":240,\"height\":118,\"caption\":\"LILA \u2013 La Igualdad Lleva A\u2026 \u2013 C.P. PRIETO BANCES \u2013 Grullos (Candamo) \u2013 22\\\/23\"},\"image\":{\"@id\":\"http:\\\/\\\/lila.valnaloneduca.com\\\/cpprietobances-2223\\\/#\\\/schema\\\/logo\\\/image\\\/\"}},{\"@type\":\"Person\",\"@id\":\"http:\\\/\\\/lila.valnaloneduca.com\\\/cpprietobances-2223\\\/#\\\/schema\\\/person\\\/b1d0422b250e580f42a136a82137c682\",\"name\":\"lila\",\"image\":{\"@type\":\"ImageObject\",\"inLanguage\":\"es\",\"@id\":\"https:\\\/\\\/secure.gravatar.com\\\/avatar\\\/0a19043ae51bb80b0374edd52905a2458416f7c4e271ad0f728fde45dd03a88e?s=96&d=mm&r=g\",\"url\":\"https:\\\/\\\/secure.gravatar.com\\\/avatar\\\/0a19043ae51bb80b0374edd52905a2458416f7c4e271ad0f728fde45dd03a88e?s=96&d=mm&r=g\",\"contentUrl\":\"https:\\\/\\\/secure.gravatar.com\\\/avatar\\\/0a19043ae51bb80b0374edd52905a2458416f7c4e271ad0f728fde45dd03a88e?s=96&d=mm&r=g\",\"caption\":\"lila\"},\"url\":\"https:\\\/\\\/lila.valnaloneduca.com\\\/cpprietobances-2223\\\/author\\\/lila\\\/\"}]}<\/script>\n<!-- \/ Yoast SEO plugin. -->","yoast_head_json":{"title":"Visita al CISLAN y Valnal\u00f3n - LILA \u2013 La Igualdad Lleva A\u2026 \u2013 C.P. PRIETO BANCES \u2013 Grullos (Candamo) \u2013 22\/23","robots":{"index":"index","follow":"follow","max-snippet":"max-snippet:-1","max-image-preview":"max-image-preview:large","max-video-preview":"max-video-preview:-1"},"canonical":"http:\/\/lila.valnaloneduca.com\/cpprietobances-2223\/2023\/04\/28\/visita-al-cislan-y-valnalon\/","og_locale":"es_ES","og_type":"article","og_title":"Visita al CISLAN y Valnal\u00f3n - LILA \u2013 La Igualdad Lleva A\u2026 \u2013 C.P. PRIETO BANCES \u2013 Grullos (Candamo) \u2013 22\/23","og_description":"Como estamos muy interesado\/as en conocer las profesiones que giran en torno al cine el 26 de abril realizamos una salida al CISLAN (centro integrado de formaci\u00f3n profesional para la comunicaci\u00f3n, imagen y sonido) de Langreo. En el CISLAN no explicaron los diferentes perfiles profesionales y los estudios que habr\u00eda que realizar si nos queremos &hellip; Continuar leyendo \"Visita al CISLAN y Valnal\u00f3n\"","og_url":"http:\/\/lila.valnaloneduca.com\/cpprietobances-2223\/2023\/04\/28\/visita-al-cislan-y-valnalon\/","og_site_name":"LILA \u2013 La Igualdad Lleva A\u2026 \u2013 C.P. PRIETO BANCES \u2013 Grullos (Candamo) \u2013 22\/23","article_published_time":"2023-04-28T07:05:23+00:00","article_modified_time":"2023-06-16T07:34:43+00:00","og_image":[{"url":"http:\/\/lila.valnaloneduca.com\/cpprietobances-2223\/wp-content\/uploads\/sites\/34\/2023\/06\/D-6Hm-cXoGU3z_.jpg","type":"","width":"","height":""}],"author":"lila","twitter_card":"summary_large_image","twitter_misc":{"Escrito por":"lila","Tiempo de lectura":"3 minutos"},"schema":{"@context":"https:\/\/schema.org","@graph":[{"@type":"Article","@id":"http:\/\/lila.valnaloneduca.com\/cpprietobances-2223\/2023\/04\/28\/visita-al-cislan-y-valnalon\/#article","isPartOf":{"@id":"http:\/\/lila.valnaloneduca.com\/cpprietobances-2223\/2023\/04\/28\/visita-al-cislan-y-valnalon\/"},"author":{"name":"lila","@id":"http:\/\/lila.valnaloneduca.com\/cpprietobances-2223\/#\/schema\/person\/b1d0422b250e580f42a136a82137c682"},"headline":"Visita al CISLAN y Valnal\u00f3n","datePublished":"2023-04-28T07:05:23+00:00","dateModified":"2023-06-16T07:34:43+00:00","mainEntityOfPage":{"@id":"http:\/\/lila.valnaloneduca.com\/cpprietobances-2223\/2023\/04\/28\/visita-al-cislan-y-valnalon\/"},"wordCount":192,"commentCount":0,"publisher":{"@id":"http:\/\/lila.valnaloneduca.com\/cpprietobances-2223\/#organization"},"image":{"@id":"http:\/\/lila.valnaloneduca.com\/cpprietobances-2223\/2023\/04\/28\/visita-al-cislan-y-valnalon\/#primaryimage"},"thumbnailUrl":"http:\/\/lila.valnaloneduca.com\/cpprietobances-2223\/wp-content\/uploads\/sites\/34\/2023\/06\/D-6Hm-cXoGU3z_.jpg","inLanguage":"es","potentialAction":[{"@type":"CommentAction","name":"Comment","target":["http:\/\/lila.valnaloneduca.com\/cpprietobances-2223\/2023\/04\/28\/visita-al-cislan-y-valnalon\/#respond"]}]},{"@type":"WebPage","@id":"http:\/\/lila.valnaloneduca.com\/cpprietobances-2223\/2023\/04\/28\/visita-al-cislan-y-valnalon\/","url":"http:\/\/lila.valnaloneduca.com\/cpprietobances-2223\/2023\/04\/28\/visita-al-cislan-y-valnalon\/","name":"Visita al CISLAN y Valnal\u00f3n - LILA \u2013 La Igualdad Lleva A\u2026 \u2013 C.P. PRIETO BANCES \u2013 Grullos (Candamo) \u2013 22\/23","isPartOf":{"@id":"http:\/\/lila.valnaloneduca.com\/cpprietobances-2223\/#website"},"primaryImageOfPage":{"@id":"http:\/\/lila.valnaloneduca.com\/cpprietobances-2223\/2023\/04\/28\/visita-al-cislan-y-valnalon\/#primaryimage"},"image":{"@id":"http:\/\/lila.valnaloneduca.com\/cpprietobances-2223\/2023\/04\/28\/visita-al-cislan-y-valnalon\/#primaryimage"},"thumbnailUrl":"http:\/\/lila.valnaloneduca.com\/cpprietobances-2223\/wp-content\/uploads\/sites\/34\/2023\/06\/D-6Hm-cXoGU3z_.jpg","datePublished":"2023-04-28T07:05:23+00:00","dateModified":"2023-06-16T07:34:43+00:00","breadcrumb":{"@id":"http:\/\/lila.valnaloneduca.com\/cpprietobances-2223\/2023\/04\/28\/visita-al-cislan-y-valnalon\/#breadcrumb"},"inLanguage":"es","potentialAction":[{"@type":"ReadAction","target":["http:\/\/lila.valnaloneduca.com\/cpprietobances-2223\/2023\/04\/28\/visita-al-cislan-y-valnalon\/"]}]},{"@type":"ImageObject","inLanguage":"es","@id":"http:\/\/lila.valnaloneduca.com\/cpprietobances-2223\/2023\/04\/28\/visita-al-cislan-y-valnalon\/#primaryimage","url":"https:\/\/lila.valnaloneduca.com\/cpprietobances-2223\/wp-content\/uploads\/sites\/34\/2023\/06\/D-6Hm-cXoGU3z_.jpg","contentUrl":"https:\/\/lila.valnaloneduca.com\/cpprietobances-2223\/wp-content\/uploads\/sites\/34\/2023\/06\/D-6Hm-cXoGU3z_.jpg","width":800,"height":600},{"@type":"BreadcrumbList","@id":"http:\/\/lila.valnaloneduca.com\/cpprietobances-2223\/2023\/04\/28\/visita-al-cislan-y-valnalon\/#breadcrumb","itemListElement":[{"@type":"ListItem","position":1,"name":"Portada","item":"http:\/\/lila.valnaloneduca.com\/cpprietobances-2223\/"},{"@type":"ListItem","position":2,"name":"Visita al CISLAN y Valnal\u00f3n"}]},{"@type":"WebSite","@id":"http:\/\/lila.valnaloneduca.com\/cpprietobances-2223\/#website","url":"http:\/\/lila.valnaloneduca.com\/cpprietobances-2223\/","name":"LILA \u2013 La Igualdad Lleva A\u2026 \u2013 C.P. PRIETO BANCES \u2013 Grullos (Candamo) \u2013 22\/23","description":"La Igualdad Lleva A (LILA) es un Proyecto educativo de la Cadena de Formaci\u00f3n para Emprender del Principado de Asturias, que promueve el desarrollo de competencias emprendedoras al servicio de un trabajo para el empoderamiento y la promoci\u00f3n de la igualdad entre ni\u00f1os y ni\u00f1as de Educaci\u00f3n Primaria.","publisher":{"@id":"http:\/\/lila.valnaloneduca.com\/cpprietobances-2223\/#organization"},"potentialAction":[{"@type":"SearchAction","target":{"@type":"EntryPoint","urlTemplate":"http:\/\/lila.valnaloneduca.com\/cpprietobances-2223\/?s={search_term_string}"},"query-input":{"@type":"PropertyValueSpecification","valueRequired":true,"valueName":"search_term_string"}}],"inLanguage":"es"},{"@type":"Organization","@id":"http:\/\/lila.valnaloneduca.com\/cpprietobances-2223\/#organization","name":"LILA \u2013 La Igualdad Lleva A\u2026 \u2013 C.P. PRIETO BANCES \u2013 Grullos (Candamo) \u2013 22\/23","url":"http:\/\/lila.valnaloneduca.com\/cpprietobances-2223\/","logo":{"@type":"ImageObject","inLanguage":"es","@id":"http:\/\/lila.valnaloneduca.com\/cpprietobances-2223\/#\/schema\/logo\/image\/","url":"https:\/\/lila.valnaloneduca.com\/cpprietobances-2223\/wp-content\/uploads\/sites\/34\/2022\/11\/cropped-cropped-cropped-cabecero-1.jpg","contentUrl":"https:\/\/lila.valnaloneduca.com\/cpprietobances-2223\/wp-content\/uploads\/sites\/34\/2022\/11\/cropped-cropped-cropped-cabecero-1.jpg","width":240,"height":118,"caption":"LILA \u2013 La Igualdad Lleva A\u2026 \u2013 C.P. PRIETO BANCES \u2013 Grullos (Candamo) \u2013 22\/23"},"image":{"@id":"http:\/\/lila.valnaloneduca.com\/cpprietobances-2223\/#\/schema\/logo\/image\/"}},{"@type":"Person","@id":"http:\/\/lila.valnaloneduca.com\/cpprietobances-2223\/#\/schema\/person\/b1d0422b250e580f42a136a82137c682","name":"lila","image":{"@type":"ImageObject","inLanguage":"es","@id":"https:\/\/secure.gravatar.com\/avatar\/0a19043ae51bb80b0374edd52905a2458416f7c4e271ad0f728fde45dd03a88e?s=96&d=mm&r=g","url":"https:\/\/secure.gravatar.com\/avatar\/0a19043ae51bb80b0374edd52905a2458416f7c4e271ad0f728fde45dd03a88e?s=96&d=mm&r=g","contentUrl":"https:\/\/secure.gravatar.com\/avatar\/0a19043ae51bb80b0374edd52905a2458416f7c4e271ad0f728fde45dd03a88e?s=96&d=mm&r=g","caption":"lila"},"url":"https:\/\/lila.valnaloneduca.com\/cpprietobances-2223\/author\/lila\/"}]}},"jetpack_featured_media_url":"","jetpack_sharing_enabled":true,"_links":{"self":[{"href":"https:\/\/lila.valnaloneduca.com\/cpprietobances-2223\/wp-json\/wp\/v2\/posts\/95","targetHints":{"allow":["GET"]}}],"collection":[{"href":"https:\/\/lila.valnaloneduca.com\/cpprietobances-2223\/wp-json\/wp\/v2\/posts"}],"about":[{"href":"https:\/\/lila.valnaloneduca.com\/cpprietobances-2223\/wp-json\/wp\/v2\/types\/post"}],"author":[{"embeddable":true,"href":"https:\/\/lila.valnaloneduca.com\/cpprietobances-2223\/wp-json\/wp\/v2\/users\/2"}],"replies":[{"embeddable":true,"href":"https:\/\/lila.valnaloneduca.com\/cpprietobances-2223\/wp-json\/wp\/v2\/comments?post=95"}],"version-history":[{"count":1,"href":"https:\/\/lila.valnaloneduca.com\/cpprietobances-2223\/wp-json\/wp\/v2\/posts\/95\/revisions"}],"predecessor-version":[{"id":110,"href":"https:\/\/lila.valnaloneduca.com\/cpprietobances-2223\/wp-json\/wp\/v2\/posts\/95\/revisions\/110"}],"wp:attachment":[{"href":"https:\/\/lila.valnaloneduca.com\/cpprietobances-2223\/wp-json\/wp\/v2\/media?parent=95"}],"wp:term":[{"taxonomy":"category","embeddable":true,"href":"https:\/\/lila.valnaloneduca.com\/cpprietobances-2223\/wp-json\/wp\/v2\/categories?post=95"},{"taxonomy":"post_tag","embeddable":true,"href":"https:\/\/lila.valnaloneduca.com\/cpprietobances-2223\/wp-json\/wp\/v2\/tags?post=95"}],"curies":[{"name":"wp","href":"https:\/\/api.w.org\/{rel}","templated":true}]}}