{"id":55,"date":"2021-02-27T10:20:37","date_gmt":"2021-02-27T10:20:37","guid":{"rendered":"http:\/\/lila.valnaloneduca.com\/cpreginomenedezantuna2021\/?p=55"},"modified":"2021-02-27T10:20:38","modified_gmt":"2021-02-27T10:20:38","slug":"nuestro-retrato-robot","status":"publish","type":"post","link":"https:\/\/lila.valnaloneduca.com\/cpreginomenedezantuna2021\/2021\/02\/27\/nuestro-retrato-robot\/","title":{"rendered":"Nuestro retrato robot"},"content":{"rendered":"\n<p>Una de las actividades que m\u00e1s no ha hecho \u00abmirar para adentro\u00bb e intentar conocernos un poco mejor de la primera unidad did\u00e1ctica del Proyecto Lila ha sido esta: hacer un retrato robot sobre nosotros mismos.<\/p>\n\n\n\n<p>Aqu\u00ed os dejamos una muestra de nuestro trabajo. Como veis, nuestras caracter\u00edsticas son dispares y nuestra forma de vernos\u2026a veces no concuerda con la forma en la que nos ven los dem\u00e1s.<\/p>\n\n\n\n<p>Algunos nos hemos dibujado la cabeza muy grande porque nos vemos muy capaces a la hora de organizar nuestros pensamientos\u2026Otros, hemos dibujado nuestro coraz\u00f3n enorme porque consideramos que nuestro compromiso social es lo que m\u00e1s destaca de nuestra personalidad, y otros nos vemos con brazos enormes porque pensamos que nuestras habilidades pr\u00e1cticas son nuestro \u00abpunto fuerte\u00bb.<\/p>\n\n\n\n<p>\u00a1Esperamos que os gusten nuestros dibujos!<\/p>\n\n\n\n<figure class=\"wp-block-image size-large\"><img loading=\"lazy\" decoding=\"async\" width=\"1024\" height=\"726\" src=\"http:\/\/lila.valnaloneduca.com\/cpreginomenedezantuna2021\/wp-content\/uploads\/sites\/9\/2021\/02\/WhatsApp-Image-2021-02-27-at-11.05.49-1024x726.jpeg\" alt=\"\" class=\"wp-image-56\" srcset=\"https:\/\/lila.valnaloneduca.com\/cpreginomenedezantuna2021\/wp-content\/uploads\/sites\/9\/2021\/02\/WhatsApp-Image-2021-02-27-at-11.05.49-1024x726.jpeg 1024w, https:\/\/lila.valnaloneduca.com\/cpreginomenedezantuna2021\/wp-content\/uploads\/sites\/9\/2021\/02\/WhatsApp-Image-2021-02-27-at-11.05.49-300x213.jpeg 300w, https:\/\/lila.valnaloneduca.com\/cpreginomenedezantuna2021\/wp-content\/uploads\/sites\/9\/2021\/02\/WhatsApp-Image-2021-02-27-at-11.05.49-768x545.jpeg 768w, https:\/\/lila.valnaloneduca.com\/cpreginomenedezantuna2021\/wp-content\/uploads\/sites\/9\/2021\/02\/WhatsApp-Image-2021-02-27-at-11.05.49-1536x1089.jpeg 1536w, https:\/\/lila.valnaloneduca.com\/cpreginomenedezantuna2021\/wp-content\/uploads\/sites\/9\/2021\/02\/WhatsApp-Image-2021-02-27-at-11.05.49-1200x851.jpeg 1200w, https:\/\/lila.valnaloneduca.com\/cpreginomenedezantuna2021\/wp-content\/uploads\/sites\/9\/2021\/02\/WhatsApp-Image-2021-02-27-at-11.05.49.jpeg 1651w\" sizes=\"auto, (max-width: 709px) 85vw, (max-width: 909px) 67vw, (max-width: 1362px) 62vw, 840px\" \/><\/figure>\n\n\n\n<figure class=\"wp-block-image size-large\"><img loading=\"lazy\" decoding=\"async\" width=\"1024\" height=\"748\" src=\"http:\/\/lila.valnaloneduca.com\/cpreginomenedezantuna2021\/wp-content\/uploads\/sites\/9\/2021\/02\/WhatsApp-Image-2021-02-27-at-11.06.10-1024x748.jpeg\" alt=\"\" class=\"wp-image-57\" srcset=\"https:\/\/lila.valnaloneduca.com\/cpreginomenedezantuna2021\/wp-content\/uploads\/sites\/9\/2021\/02\/WhatsApp-Image-2021-02-27-at-11.06.10-1024x748.jpeg 1024w, https:\/\/lila.valnaloneduca.com\/cpreginomenedezantuna2021\/wp-content\/uploads\/sites\/9\/2021\/02\/WhatsApp-Image-2021-02-27-at-11.06.10-300x219.jpeg 300w, https:\/\/lila.valnaloneduca.com\/cpreginomenedezantuna2021\/wp-content\/uploads\/sites\/9\/2021\/02\/WhatsApp-Image-2021-02-27-at-11.06.10-768x561.jpeg 768w, https:\/\/lila.valnaloneduca.com\/cpreginomenedezantuna2021\/wp-content\/uploads\/sites\/9\/2021\/02\/WhatsApp-Image-2021-02-27-at-11.06.10-1536x1123.jpeg 1536w, https:\/\/lila.valnaloneduca.com\/cpreginomenedezantuna2021\/wp-content\/uploads\/sites\/9\/2021\/02\/WhatsApp-Image-2021-02-27-at-11.06.10-1200x877.jpeg 1200w, https:\/\/lila.valnaloneduca.com\/cpreginomenedezantuna2021\/wp-content\/uploads\/sites\/9\/2021\/02\/WhatsApp-Image-2021-02-27-at-11.06.10.jpeg 1557w\" sizes=\"auto, (max-width: 709px) 85vw, (max-width: 909px) 67vw, (max-width: 1362px) 62vw, 840px\" \/><\/figure>\n\n\n\n<figure class=\"wp-block-image size-large\"><img loading=\"lazy\" decoding=\"async\" width=\"1024\" height=\"772\" src=\"http:\/\/lila.valnaloneduca.com\/cpreginomenedezantuna2021\/wp-content\/uploads\/sites\/9\/2021\/02\/WhatsApp-Image-2021-02-27-at-11.06.31-1024x772.jpeg\" alt=\"\" class=\"wp-image-58\" srcset=\"https:\/\/lila.valnaloneduca.com\/cpreginomenedezantuna2021\/wp-content\/uploads\/sites\/9\/2021\/02\/WhatsApp-Image-2021-02-27-at-11.06.31-1024x772.jpeg 1024w, https:\/\/lila.valnaloneduca.com\/cpreginomenedezantuna2021\/wp-content\/uploads\/sites\/9\/2021\/02\/WhatsApp-Image-2021-02-27-at-11.06.31-300x226.jpeg 300w, https:\/\/lila.valnaloneduca.com\/cpreginomenedezantuna2021\/wp-content\/uploads\/sites\/9\/2021\/02\/WhatsApp-Image-2021-02-27-at-11.06.31-768x579.jpeg 768w, https:\/\/lila.valnaloneduca.com\/cpreginomenedezantuna2021\/wp-content\/uploads\/sites\/9\/2021\/02\/WhatsApp-Image-2021-02-27-at-11.06.31-1536x1158.jpeg 1536w, https:\/\/lila.valnaloneduca.com\/cpreginomenedezantuna2021\/wp-content\/uploads\/sites\/9\/2021\/02\/WhatsApp-Image-2021-02-27-at-11.06.31-1200x905.jpeg 1200w, https:\/\/lila.valnaloneduca.com\/cpreginomenedezantuna2021\/wp-content\/uploads\/sites\/9\/2021\/02\/WhatsApp-Image-2021-02-27-at-11.06.31.jpeg 1577w\" sizes=\"auto, (max-width: 709px) 85vw, (max-width: 909px) 67vw, (max-width: 1362px) 62vw, 840px\" \/><\/figure>\n","protected":false},"excerpt":{"rendered":"<p>Una de las actividades que m\u00e1s no ha hecho \u00abmirar para adentro\u00bb e intentar conocernos un poco mejor de la primera unidad did\u00e1ctica del Proyecto Lila ha sido esta: hacer un retrato robot sobre nosotros mismos. Aqu\u00ed os dejamos una muestra de nuestro trabajo. Como veis, nuestras caracter\u00edsticas son dispares y nuestra forma de vernos\u2026a &hellip; <a href=\"https:\/\/lila.valnaloneduca.com\/cpreginomenedezantuna2021\/2021\/02\/27\/nuestro-retrato-robot\/\" class=\"more-link\">Continuar leyendo<span class=\"screen-reader-text\"> \u00abNuestro retrato robot\u00bb<\/span><\/a><\/p>\n","protected":false},"author":10,"featured_media":0,"comment_status":"open","ping_status":"open","sticky":false,"template":"","format":"standard","meta":{"_jetpack_memberships_contains_paid_content":false,"footnotes":""},"categories":[1],"tags":[],"class_list":["post-55","post","type-post","status-publish","format-standard","hentry","category-sin-categoria"],"yoast_head":"<!-- This site is optimized with the Yoast SEO plugin v27.5 - https:\/\/yoast.com\/product\/yoast-seo-wordpress\/ -->\n<title>Nuestro retrato robot - La Igualdad Lleva A ... - C.P. REGINO MEN\u00c9NDEZ ANTU\u00d1A- Tuilla- Langreo<\/title>\n<meta name=\"robots\" content=\"index, follow, max-snippet:-1, max-image-preview:large, max-video-preview:-1\" \/>\n<link rel=\"canonical\" href=\"http:\/\/lila.valnaloneduca.com\/cpreginomenedezantuna2021\/2021\/02\/27\/nuestro-retrato-robot\/\" \/>\n<meta property=\"og:locale\" content=\"es_ES\" \/>\n<meta property=\"og:type\" content=\"article\" \/>\n<meta property=\"og:title\" content=\"Nuestro retrato robot - La Igualdad Lleva A ... - C.P. REGINO MEN\u00c9NDEZ ANTU\u00d1A- Tuilla- Langreo\" \/>\n<meta property=\"og:description\" content=\"Una de las actividades que m\u00e1s no ha hecho \u00abmirar para adentro\u00bb e intentar conocernos un poco mejor de la primera unidad did\u00e1ctica del Proyecto Lila ha sido esta: hacer un retrato robot sobre nosotros mismos. Aqu\u00ed os dejamos una muestra de nuestro trabajo. Como veis, nuestras caracter\u00edsticas son dispares y nuestra forma de vernos\u2026a &hellip; Continuar leyendo &quot;Nuestro retrato robot&quot;\" \/>\n<meta property=\"og:url\" content=\"http:\/\/lila.valnaloneduca.com\/cpreginomenedezantuna2021\/2021\/02\/27\/nuestro-retrato-robot\/\" \/>\n<meta property=\"og:site_name\" content=\"La Igualdad Lleva A ... - C.P. REGINO MEN\u00c9NDEZ ANTU\u00d1A- Tuilla- Langreo\" \/>\n<meta property=\"article:published_time\" content=\"2021-02-27T10:20:37+00:00\" \/>\n<meta property=\"article:modified_time\" content=\"2021-02-27T10:20:38+00:00\" \/>\n<meta property=\"og:image\" content=\"http:\/\/lila.valnaloneduca.com\/cpreginomenedezantuna2021\/wp-content\/uploads\/sites\/9\/2021\/02\/WhatsApp-Image-2021-02-27-at-11.05.49-1024x726.jpeg\" \/>\n<meta name=\"twitter:card\" content=\"summary_large_image\" \/>\n<meta name=\"twitter:label1\" content=\"Escrito por\" \/>\n\t<meta name=\"twitter:data1\" content=\"\" \/>\n\t<meta name=\"twitter:label2\" content=\"Tiempo de lectura\" \/>\n\t<meta name=\"twitter:data2\" content=\"2 minutos\" \/>\n<script type=\"application\/ld+json\" class=\"yoast-schema-graph\">{\"@context\":\"https:\\\/\\\/schema.org\",\"@graph\":[{\"@type\":\"Article\",\"@id\":\"http:\\\/\\\/lila.valnaloneduca.com\\\/cpreginomenedezantuna2021\\\/2021\\\/02\\\/27\\\/nuestro-retrato-robot\\\/#article\",\"isPartOf\":{\"@id\":\"http:\\\/\\\/lila.valnaloneduca.com\\\/cpreginomenedezantuna2021\\\/2021\\\/02\\\/27\\\/nuestro-retrato-robot\\\/\"},\"author\":{\"name\":\"\",\"@id\":\"\"},\"headline\":\"Nuestro retrato robot\",\"datePublished\":\"2021-02-27T10:20:37+00:00\",\"dateModified\":\"2021-02-27T10:20:38+00:00\",\"mainEntityOfPage\":{\"@id\":\"http:\\\/\\\/lila.valnaloneduca.com\\\/cpreginomenedezantuna2021\\\/2021\\\/02\\\/27\\\/nuestro-retrato-robot\\\/\"},\"wordCount\":142,\"commentCount\":0,\"publisher\":{\"@id\":\"http:\\\/\\\/lila.valnaloneduca.com\\\/cpreginomenedezantuna2021\\\/#organization\"},\"image\":{\"@id\":\"http:\\\/\\\/lila.valnaloneduca.com\\\/cpreginomenedezantuna2021\\\/2021\\\/02\\\/27\\\/nuestro-retrato-robot\\\/#primaryimage\"},\"thumbnailUrl\":\"http:\\\/\\\/lila.valnaloneduca.com\\\/cpreginomenedezantuna2021\\\/wp-content\\\/uploads\\\/sites\\\/9\\\/2021\\\/02\\\/WhatsApp-Image-2021-02-27-at-11.05.49-1024x726.jpeg\",\"inLanguage\":\"es\",\"potentialAction\":[{\"@type\":\"CommentAction\",\"name\":\"Comment\",\"target\":[\"http:\\\/\\\/lila.valnaloneduca.com\\\/cpreginomenedezantuna2021\\\/2021\\\/02\\\/27\\\/nuestro-retrato-robot\\\/#respond\"]}]},{\"@type\":\"WebPage\",\"@id\":\"http:\\\/\\\/lila.valnaloneduca.com\\\/cpreginomenedezantuna2021\\\/2021\\\/02\\\/27\\\/nuestro-retrato-robot\\\/\",\"url\":\"http:\\\/\\\/lila.valnaloneduca.com\\\/cpreginomenedezantuna2021\\\/2021\\\/02\\\/27\\\/nuestro-retrato-robot\\\/\",\"name\":\"Nuestro retrato robot - La Igualdad Lleva A ... - C.P. REGINO MEN\u00c9NDEZ ANTU\u00d1A- Tuilla- Langreo\",\"isPartOf\":{\"@id\":\"http:\\\/\\\/lila.valnaloneduca.com\\\/cpreginomenedezantuna2021\\\/#website\"},\"primaryImageOfPage\":{\"@id\":\"http:\\\/\\\/lila.valnaloneduca.com\\\/cpreginomenedezantuna2021\\\/2021\\\/02\\\/27\\\/nuestro-retrato-robot\\\/#primaryimage\"},\"image\":{\"@id\":\"http:\\\/\\\/lila.valnaloneduca.com\\\/cpreginomenedezantuna2021\\\/2021\\\/02\\\/27\\\/nuestro-retrato-robot\\\/#primaryimage\"},\"thumbnailUrl\":\"http:\\\/\\\/lila.valnaloneduca.com\\\/cpreginomenedezantuna2021\\\/wp-content\\\/uploads\\\/sites\\\/9\\\/2021\\\/02\\\/WhatsApp-Image-2021-02-27-at-11.05.49-1024x726.jpeg\",\"datePublished\":\"2021-02-27T10:20:37+00:00\",\"dateModified\":\"2021-02-27T10:20:38+00:00\",\"breadcrumb\":{\"@id\":\"http:\\\/\\\/lila.valnaloneduca.com\\\/cpreginomenedezantuna2021\\\/2021\\\/02\\\/27\\\/nuestro-retrato-robot\\\/#breadcrumb\"},\"inLanguage\":\"es\",\"potentialAction\":[{\"@type\":\"ReadAction\",\"target\":[\"http:\\\/\\\/lila.valnaloneduca.com\\\/cpreginomenedezantuna2021\\\/2021\\\/02\\\/27\\\/nuestro-retrato-robot\\\/\"]}]},{\"@type\":\"ImageObject\",\"inLanguage\":\"es\",\"@id\":\"http:\\\/\\\/lila.valnaloneduca.com\\\/cpreginomenedezantuna2021\\\/2021\\\/02\\\/27\\\/nuestro-retrato-robot\\\/#primaryimage\",\"url\":\"https:\\\/\\\/lila.valnaloneduca.com\\\/cpreginomenedezantuna2021\\\/wp-content\\\/uploads\\\/sites\\\/9\\\/2021\\\/02\\\/WhatsApp-Image-2021-02-27-at-11.05.49.jpeg\",\"contentUrl\":\"https:\\\/\\\/lila.valnaloneduca.com\\\/cpreginomenedezantuna2021\\\/wp-content\\\/uploads\\\/sites\\\/9\\\/2021\\\/02\\\/WhatsApp-Image-2021-02-27-at-11.05.49.jpeg\",\"width\":1651,\"height\":1171},{\"@type\":\"BreadcrumbList\",\"@id\":\"http:\\\/\\\/lila.valnaloneduca.com\\\/cpreginomenedezantuna2021\\\/2021\\\/02\\\/27\\\/nuestro-retrato-robot\\\/#breadcrumb\",\"itemListElement\":[{\"@type\":\"ListItem\",\"position\":1,\"name\":\"Portada\",\"item\":\"http:\\\/\\\/lila.valnaloneduca.com\\\/cpreginomenedezantuna2021\\\/\"},{\"@type\":\"ListItem\",\"position\":2,\"name\":\"Nuestro retrato robot\"}]},{\"@type\":\"WebSite\",\"@id\":\"http:\\\/\\\/lila.valnaloneduca.com\\\/cpreginomenedezantuna2021\\\/#website\",\"url\":\"http:\\\/\\\/lila.valnaloneduca.com\\\/cpreginomenedezantuna2021\\\/\",\"name\":\"La Igualdad Lleva A ... - C.P. REGINO MEN\u00c9NDEZ ANTU\u00d1A- Tuilla- Langreo\",\"description\":\"La Igualdad Lleva A (LILA) es un Proyecto educativo de la Cadena de Formaci\u00f3n para Emprender del Principado de Asturias, que promueve el desarrollo de competencias emprendedoras al servicio de un trabajo para el empoderamiento y la promoci\u00f3n de la igualdad entre ni\u00f1os y ni\u00f1as de 3\u00ba y 4\u00ba curso de Educaci\u00f3n Primaria.\",\"publisher\":{\"@id\":\"http:\\\/\\\/lila.valnaloneduca.com\\\/cpreginomenedezantuna2021\\\/#organization\"},\"potentialAction\":[{\"@type\":\"SearchAction\",\"target\":{\"@type\":\"EntryPoint\",\"urlTemplate\":\"http:\\\/\\\/lila.valnaloneduca.com\\\/cpreginomenedezantuna2021\\\/?s={search_term_string}\"},\"query-input\":{\"@type\":\"PropertyValueSpecification\",\"valueRequired\":true,\"valueName\":\"search_term_string\"}}],\"inLanguage\":\"es\"},{\"@type\":\"Organization\",\"@id\":\"http:\\\/\\\/lila.valnaloneduca.com\\\/cpreginomenedezantuna2021\\\/#organization\",\"name\":\"La Igualdad Lleva A ... - C.P. REGINO MEN\u00c9NDEZ ANTU\u00d1A- Tuilla- Langreo\",\"url\":\"http:\\\/\\\/lila.valnaloneduca.com\\\/cpreginomenedezantuna2021\\\/\",\"logo\":{\"@type\":\"ImageObject\",\"inLanguage\":\"es\",\"@id\":\"http:\\\/\\\/lila.valnaloneduca.com\\\/cpreginomenedezantuna2021\\\/#\\\/schema\\\/logo\\\/image\\\/\",\"url\":\"https:\\\/\\\/lila.valnaloneduca.com\\\/cpreginomenedezantuna2021\\\/wp-content\\\/uploads\\\/sites\\\/9\\\/2021\\\/01\\\/cropped-cropped-logo-cabecero-1.png\",\"contentUrl\":\"https:\\\/\\\/lila.valnaloneduca.com\\\/cpreginomenedezantuna2021\\\/wp-content\\\/uploads\\\/sites\\\/9\\\/2021\\\/01\\\/cropped-cropped-logo-cabecero-1.png\",\"width\":240,\"height\":118,\"caption\":\"La Igualdad Lleva A ... - C.P. REGINO MEN\u00c9NDEZ ANTU\u00d1A- Tuilla- Langreo\"},\"image\":{\"@id\":\"http:\\\/\\\/lila.valnaloneduca.com\\\/cpreginomenedezantuna2021\\\/#\\\/schema\\\/logo\\\/image\\\/\"}},{\"@type\":\"Person\",\"@id\":\"\",\"url\":\"https:\\\/\\\/lila.valnaloneduca.com\\\/cpreginomenedezantuna2021\\\/author\\\/\"}]}<\/script>\n<!-- \/ Yoast SEO plugin. -->","yoast_head_json":{"title":"Nuestro retrato robot - La Igualdad Lleva A ... - C.P. REGINO MEN\u00c9NDEZ ANTU\u00d1A- Tuilla- Langreo","robots":{"index":"index","follow":"follow","max-snippet":"max-snippet:-1","max-image-preview":"max-image-preview:large","max-video-preview":"max-video-preview:-1"},"canonical":"http:\/\/lila.valnaloneduca.com\/cpreginomenedezantuna2021\/2021\/02\/27\/nuestro-retrato-robot\/","og_locale":"es_ES","og_type":"article","og_title":"Nuestro retrato robot - La Igualdad Lleva A ... - C.P. REGINO MEN\u00c9NDEZ ANTU\u00d1A- Tuilla- Langreo","og_description":"Una de las actividades que m\u00e1s no ha hecho \u00abmirar para adentro\u00bb e intentar conocernos un poco mejor de la primera unidad did\u00e1ctica del Proyecto Lila ha sido esta: hacer un retrato robot sobre nosotros mismos. Aqu\u00ed os dejamos una muestra de nuestro trabajo. Como veis, nuestras caracter\u00edsticas son dispares y nuestra forma de vernos\u2026a &hellip; Continuar leyendo \"Nuestro retrato robot\"","og_url":"http:\/\/lila.valnaloneduca.com\/cpreginomenedezantuna2021\/2021\/02\/27\/nuestro-retrato-robot\/","og_site_name":"La Igualdad Lleva A ... - C.P. REGINO MEN\u00c9NDEZ ANTU\u00d1A- Tuilla- Langreo","article_published_time":"2021-02-27T10:20:37+00:00","article_modified_time":"2021-02-27T10:20:38+00:00","og_image":[{"url":"http:\/\/lila.valnaloneduca.com\/cpreginomenedezantuna2021\/wp-content\/uploads\/sites\/9\/2021\/02\/WhatsApp-Image-2021-02-27-at-11.05.49-1024x726.jpeg","type":"","width":"","height":""}],"twitter_card":"summary_large_image","twitter_misc":{"Escrito por":"","Tiempo de lectura":"2 minutos"},"schema":{"@context":"https:\/\/schema.org","@graph":[{"@type":"Article","@id":"http:\/\/lila.valnaloneduca.com\/cpreginomenedezantuna2021\/2021\/02\/27\/nuestro-retrato-robot\/#article","isPartOf":{"@id":"http:\/\/lila.valnaloneduca.com\/cpreginomenedezantuna2021\/2021\/02\/27\/nuestro-retrato-robot\/"},"author":{"name":"","@id":""},"headline":"Nuestro retrato robot","datePublished":"2021-02-27T10:20:37+00:00","dateModified":"2021-02-27T10:20:38+00:00","mainEntityOfPage":{"@id":"http:\/\/lila.valnaloneduca.com\/cpreginomenedezantuna2021\/2021\/02\/27\/nuestro-retrato-robot\/"},"wordCount":142,"commentCount":0,"publisher":{"@id":"http:\/\/lila.valnaloneduca.com\/cpreginomenedezantuna2021\/#organization"},"image":{"@id":"http:\/\/lila.valnaloneduca.com\/cpreginomenedezantuna2021\/2021\/02\/27\/nuestro-retrato-robot\/#primaryimage"},"thumbnailUrl":"http:\/\/lila.valnaloneduca.com\/cpreginomenedezantuna2021\/wp-content\/uploads\/sites\/9\/2021\/02\/WhatsApp-Image-2021-02-27-at-11.05.49-1024x726.jpeg","inLanguage":"es","potentialAction":[{"@type":"CommentAction","name":"Comment","target":["http:\/\/lila.valnaloneduca.com\/cpreginomenedezantuna2021\/2021\/02\/27\/nuestro-retrato-robot\/#respond"]}]},{"@type":"WebPage","@id":"http:\/\/lila.valnaloneduca.com\/cpreginomenedezantuna2021\/2021\/02\/27\/nuestro-retrato-robot\/","url":"http:\/\/lila.valnaloneduca.com\/cpreginomenedezantuna2021\/2021\/02\/27\/nuestro-retrato-robot\/","name":"Nuestro retrato robot - La Igualdad Lleva A ... - C.P. REGINO MEN\u00c9NDEZ ANTU\u00d1A- Tuilla- Langreo","isPartOf":{"@id":"http:\/\/lila.valnaloneduca.com\/cpreginomenedezantuna2021\/#website"},"primaryImageOfPage":{"@id":"http:\/\/lila.valnaloneduca.com\/cpreginomenedezantuna2021\/2021\/02\/27\/nuestro-retrato-robot\/#primaryimage"},"image":{"@id":"http:\/\/lila.valnaloneduca.com\/cpreginomenedezantuna2021\/2021\/02\/27\/nuestro-retrato-robot\/#primaryimage"},"thumbnailUrl":"http:\/\/lila.valnaloneduca.com\/cpreginomenedezantuna2021\/wp-content\/uploads\/sites\/9\/2021\/02\/WhatsApp-Image-2021-02-27-at-11.05.49-1024x726.jpeg","datePublished":"2021-02-27T10:20:37+00:00","dateModified":"2021-02-27T10:20:38+00:00","breadcrumb":{"@id":"http:\/\/lila.valnaloneduca.com\/cpreginomenedezantuna2021\/2021\/02\/27\/nuestro-retrato-robot\/#breadcrumb"},"inLanguage":"es","potentialAction":[{"@type":"ReadAction","target":["http:\/\/lila.valnaloneduca.com\/cpreginomenedezantuna2021\/2021\/02\/27\/nuestro-retrato-robot\/"]}]},{"@type":"ImageObject","inLanguage":"es","@id":"http:\/\/lila.valnaloneduca.com\/cpreginomenedezantuna2021\/2021\/02\/27\/nuestro-retrato-robot\/#primaryimage","url":"https:\/\/lila.valnaloneduca.com\/cpreginomenedezantuna2021\/wp-content\/uploads\/sites\/9\/2021\/02\/WhatsApp-Image-2021-02-27-at-11.05.49.jpeg","contentUrl":"https:\/\/lila.valnaloneduca.com\/cpreginomenedezantuna2021\/wp-content\/uploads\/sites\/9\/2021\/02\/WhatsApp-Image-2021-02-27-at-11.05.49.jpeg","width":1651,"height":1171},{"@type":"BreadcrumbList","@id":"http:\/\/lila.valnaloneduca.com\/cpreginomenedezantuna2021\/2021\/02\/27\/nuestro-retrato-robot\/#breadcrumb","itemListElement":[{"@type":"ListItem","position":1,"name":"Portada","item":"http:\/\/lila.valnaloneduca.com\/cpreginomenedezantuna2021\/"},{"@type":"ListItem","position":2,"name":"Nuestro retrato robot"}]},{"@type":"WebSite","@id":"http:\/\/lila.valnaloneduca.com\/cpreginomenedezantuna2021\/#website","url":"http:\/\/lila.valnaloneduca.com\/cpreginomenedezantuna2021\/","name":"La Igualdad Lleva A ... - C.P. REGINO MEN\u00c9NDEZ ANTU\u00d1A- Tuilla- Langreo","description":"La Igualdad Lleva A (LILA) es un Proyecto educativo de la Cadena de Formaci\u00f3n para Emprender del Principado de Asturias, que promueve el desarrollo de competencias emprendedoras al servicio de un trabajo para el empoderamiento y la promoci\u00f3n de la igualdad entre ni\u00f1os y ni\u00f1as de 3\u00ba y 4\u00ba curso de Educaci\u00f3n Primaria.","publisher":{"@id":"http:\/\/lila.valnaloneduca.com\/cpreginomenedezantuna2021\/#organization"},"potentialAction":[{"@type":"SearchAction","target":{"@type":"EntryPoint","urlTemplate":"http:\/\/lila.valnaloneduca.com\/cpreginomenedezantuna2021\/?s={search_term_string}"},"query-input":{"@type":"PropertyValueSpecification","valueRequired":true,"valueName":"search_term_string"}}],"inLanguage":"es"},{"@type":"Organization","@id":"http:\/\/lila.valnaloneduca.com\/cpreginomenedezantuna2021\/#organization","name":"La Igualdad Lleva A ... - C.P. REGINO MEN\u00c9NDEZ ANTU\u00d1A- Tuilla- Langreo","url":"http:\/\/lila.valnaloneduca.com\/cpreginomenedezantuna2021\/","logo":{"@type":"ImageObject","inLanguage":"es","@id":"http:\/\/lila.valnaloneduca.com\/cpreginomenedezantuna2021\/#\/schema\/logo\/image\/","url":"https:\/\/lila.valnaloneduca.com\/cpreginomenedezantuna2021\/wp-content\/uploads\/sites\/9\/2021\/01\/cropped-cropped-logo-cabecero-1.png","contentUrl":"https:\/\/lila.valnaloneduca.com\/cpreginomenedezantuna2021\/wp-content\/uploads\/sites\/9\/2021\/01\/cropped-cropped-logo-cabecero-1.png","width":240,"height":118,"caption":"La Igualdad Lleva A ... - C.P. REGINO MEN\u00c9NDEZ ANTU\u00d1A- Tuilla- Langreo"},"image":{"@id":"http:\/\/lila.valnaloneduca.com\/cpreginomenedezantuna2021\/#\/schema\/logo\/image\/"}},{"@type":"Person","@id":"","url":"https:\/\/lila.valnaloneduca.com\/cpreginomenedezantuna2021\/author\/"}]}},"jetpack_featured_media_url":"","jetpack_sharing_enabled":true,"_links":{"self":[{"href":"https:\/\/lila.valnaloneduca.com\/cpreginomenedezantuna2021\/wp-json\/wp\/v2\/posts\/55","targetHints":{"allow":["GET"]}}],"collection":[{"href":"https:\/\/lila.valnaloneduca.com\/cpreginomenedezantuna2021\/wp-json\/wp\/v2\/posts"}],"about":[{"href":"https:\/\/lila.valnaloneduca.com\/cpreginomenedezantuna2021\/wp-json\/wp\/v2\/types\/post"}],"author":[{"embeddable":true,"href":"https:\/\/lila.valnaloneduca.com\/cpreginomenedezantuna2021\/wp-json\/wp\/v2\/users\/10"}],"replies":[{"embeddable":true,"href":"https:\/\/lila.valnaloneduca.com\/cpreginomenedezantuna2021\/wp-json\/wp\/v2\/comments?post=55"}],"version-history":[{"count":1,"href":"https:\/\/lila.valnaloneduca.com\/cpreginomenedezantuna2021\/wp-json\/wp\/v2\/posts\/55\/revisions"}],"predecessor-version":[{"id":59,"href":"https:\/\/lila.valnaloneduca.com\/cpreginomenedezantuna2021\/wp-json\/wp\/v2\/posts\/55\/revisions\/59"}],"wp:attachment":[{"href":"https:\/\/lila.valnaloneduca.com\/cpreginomenedezantuna2021\/wp-json\/wp\/v2\/media?parent=55"}],"wp:term":[{"taxonomy":"category","embeddable":true,"href":"https:\/\/lila.valnaloneduca.com\/cpreginomenedezantuna2021\/wp-json\/wp\/v2\/categories?post=55"},{"taxonomy":"post_tag","embeddable":true,"href":"https:\/\/lila.valnaloneduca.com\/cpreginomenedezantuna2021\/wp-json\/wp\/v2\/tags?post=55"}],"curies":[{"name":"wp","href":"https:\/\/api.w.org\/{rel}","templated":true}]}}