{"id":15,"date":"2021-10-11T12:50:57","date_gmt":"2021-10-11T12:50:57","guid":{"rendered":"http:\/\/lila.valnaloneduca.com\/cpvirgendelasmareas2022\/?p=15"},"modified":"2021-12-10T09:56:46","modified_gmt":"2021-12-10T09:56:46","slug":"arranca-un-nuevo-proyecto-en-el-cole-es-lila","status":"publish","type":"post","link":"https:\/\/lila.valnaloneduca.com\/cpvirgendelasmareas2022\/2021\/10\/11\/arranca-un-nuevo-proyecto-en-el-cole-es-lila\/","title":{"rendered":"Arranca un nuevo proyecto en el Cole: es LILA&#8230;"},"content":{"rendered":"\n<div class=\"wp-block-image\"><figure class=\"aligncenter size-full is-resized\"><img data-recalc-dims=\"1\" loading=\"lazy\" decoding=\"async\" src=\"https:\/\/i0.wp.com\/lila.valnaloneduca.com\/cpvirgendelasmareas2022\/wp-content\/uploads\/sites\/20\/2021\/10\/descarga.jpg?resize=226%2C223\" alt=\"\" class=\"wp-image-17\" width=\"226\" height=\"223\"\/><\/figure><\/div>\n\n\n\n<p>En breve el alumnado de 3\u00ba y 4\u00ba del&nbsp;CP  Virgen de las Mareas&nbsp;empezaremos un nuevo proyecto. Se llama&nbsp;<a href=\"http:\/\/lila.valnaloneduca.com\/\" target=\"_blank\" rel=\"noreferrer noopener\">LILA<\/a>&nbsp;y nos reta a trabajar en igualdad y a hacer algo en marzo que pronto os daremos a conocer. De momento arrancamos poni\u00e9ndonos unas gafas moradas.<\/p>\n\n\n\n<p>Arranca LILA!!!!!<\/p>\n","protected":false},"excerpt":{"rendered":"<p>En breve el alumnado de 3\u00ba y 4\u00ba del&nbsp;CP Virgen de las Mareas&nbsp;empezaremos un nuevo proyecto. Se llama&nbsp;LILA&nbsp;y nos reta a trabajar en igualdad y a hacer algo en marzo que pronto os daremos a conocer. De momento arrancamos poni\u00e9ndonos unas gafas moradas. Arranca LILA!!!!!<\/p>\n","protected":false},"author":2,"featured_media":0,"comment_status":"open","ping_status":"open","sticky":false,"template":"","format":"standard","meta":{"_jetpack_memberships_contains_paid_content":false,"footnotes":""},"categories":[1],"tags":[],"class_list":["post-15","post","type-post","status-publish","format-standard","hentry","category-sin-categoria"],"yoast_head":"<!-- This site is optimized with the Yoast SEO plugin v27.5 - https:\/\/yoast.com\/product\/yoast-seo-wordpress\/ -->\n<title>Arranca un nuevo proyecto en el Cole: es LILA... - LILA - La Igualdad Lleva A... - C.P. VIRGEN DE LAS MAREAS - Avil\u00e9s - 21\/22<\/title>\n<meta name=\"robots\" content=\"index, follow, max-snippet:-1, max-image-preview:large, max-video-preview:-1\" \/>\n<link rel=\"canonical\" href=\"http:\/\/lila.valnaloneduca.com\/cpvirgendelasmareas2022\/2021\/10\/11\/arranca-un-nuevo-proyecto-en-el-cole-es-lila\/\" \/>\n<meta property=\"og:locale\" content=\"es_ES\" \/>\n<meta property=\"og:type\" content=\"article\" \/>\n<meta property=\"og:title\" content=\"Arranca un nuevo proyecto en el Cole: es LILA... - LILA - La Igualdad Lleva A... - C.P. VIRGEN DE LAS MAREAS - Avil\u00e9s - 21\/22\" \/>\n<meta property=\"og:description\" content=\"En breve el alumnado de 3\u00ba y 4\u00ba del&nbsp;CP Virgen de las Mareas&nbsp;empezaremos un nuevo proyecto. Se llama&nbsp;LILA&nbsp;y nos reta a trabajar en igualdad y a hacer algo en marzo que pronto os daremos a conocer. De momento arrancamos poni\u00e9ndonos unas gafas moradas. Arranca LILA!!!!!\" \/>\n<meta property=\"og:url\" content=\"http:\/\/lila.valnaloneduca.com\/cpvirgendelasmareas2022\/2021\/10\/11\/arranca-un-nuevo-proyecto-en-el-cole-es-lila\/\" \/>\n<meta property=\"og:site_name\" content=\"LILA - La Igualdad Lleva A... - C.P. VIRGEN DE LAS MAREAS - Avil\u00e9s - 21\/22\" \/>\n<meta property=\"article:published_time\" content=\"2021-10-11T12:50:57+00:00\" \/>\n<meta property=\"article:modified_time\" content=\"2021-12-10T09:56:46+00:00\" \/>\n<meta property=\"og:image\" content=\"http:\/\/lila.valnaloneduca.com\/cpvirgendelasmareas2022\/wp-content\/uploads\/sites\/20\/2021\/10\/descarga.jpg\" \/>\n<meta name=\"author\" content=\"lila\" \/>\n<meta name=\"twitter:card\" content=\"summary_large_image\" \/>\n<meta name=\"twitter:label1\" content=\"Escrito por\" \/>\n\t<meta name=\"twitter:data1\" content=\"lila\" \/>\n\t<meta name=\"twitter:label2\" content=\"Tiempo de lectura\" \/>\n\t<meta name=\"twitter:data2\" content=\"1 minuto\" \/>\n<script type=\"application\/ld+json\" class=\"yoast-schema-graph\">{\"@context\":\"https:\\\/\\\/schema.org\",\"@graph\":[{\"@type\":\"Article\",\"@id\":\"http:\\\/\\\/lila.valnaloneduca.com\\\/cpvirgendelasmareas2022\\\/2021\\\/10\\\/11\\\/arranca-un-nuevo-proyecto-en-el-cole-es-lila\\\/#article\",\"isPartOf\":{\"@id\":\"http:\\\/\\\/lila.valnaloneduca.com\\\/cpvirgendelasmareas2022\\\/2021\\\/10\\\/11\\\/arranca-un-nuevo-proyecto-en-el-cole-es-lila\\\/\"},\"author\":{\"name\":\"lila\",\"@id\":\"http:\\\/\\\/lila.valnaloneduca.com\\\/cpvirgendelasmareas2022\\\/#\\\/schema\\\/person\\\/b1d0422b250e580f42a136a82137c682\"},\"headline\":\"Arranca un nuevo proyecto en el Cole: es LILA&#8230;\",\"datePublished\":\"2021-10-11T12:50:57+00:00\",\"dateModified\":\"2021-12-10T09:56:46+00:00\",\"mainEntityOfPage\":{\"@id\":\"http:\\\/\\\/lila.valnaloneduca.com\\\/cpvirgendelasmareas2022\\\/2021\\\/10\\\/11\\\/arranca-un-nuevo-proyecto-en-el-cole-es-lila\\\/\"},\"wordCount\":61,\"commentCount\":0,\"publisher\":{\"@id\":\"http:\\\/\\\/lila.valnaloneduca.com\\\/cpvirgendelasmareas2022\\\/#organization\"},\"image\":{\"@id\":\"http:\\\/\\\/lila.valnaloneduca.com\\\/cpvirgendelasmareas2022\\\/2021\\\/10\\\/11\\\/arranca-un-nuevo-proyecto-en-el-cole-es-lila\\\/#primaryimage\"},\"thumbnailUrl\":\"http:\\\/\\\/lila.valnaloneduca.com\\\/cpvirgendelasmareas2022\\\/wp-content\\\/uploads\\\/sites\\\/20\\\/2021\\\/10\\\/descarga.jpg\",\"inLanguage\":\"es\",\"potentialAction\":[{\"@type\":\"CommentAction\",\"name\":\"Comment\",\"target\":[\"http:\\\/\\\/lila.valnaloneduca.com\\\/cpvirgendelasmareas2022\\\/2021\\\/10\\\/11\\\/arranca-un-nuevo-proyecto-en-el-cole-es-lila\\\/#respond\"]}]},{\"@type\":\"WebPage\",\"@id\":\"http:\\\/\\\/lila.valnaloneduca.com\\\/cpvirgendelasmareas2022\\\/2021\\\/10\\\/11\\\/arranca-un-nuevo-proyecto-en-el-cole-es-lila\\\/\",\"url\":\"http:\\\/\\\/lila.valnaloneduca.com\\\/cpvirgendelasmareas2022\\\/2021\\\/10\\\/11\\\/arranca-un-nuevo-proyecto-en-el-cole-es-lila\\\/\",\"name\":\"Arranca un nuevo proyecto en el Cole: es LILA... - LILA - La Igualdad Lleva A... - C.P. VIRGEN DE LAS MAREAS - Avil\u00e9s - 21\\\/22\",\"isPartOf\":{\"@id\":\"http:\\\/\\\/lila.valnaloneduca.com\\\/cpvirgendelasmareas2022\\\/#website\"},\"primaryImageOfPage\":{\"@id\":\"http:\\\/\\\/lila.valnaloneduca.com\\\/cpvirgendelasmareas2022\\\/2021\\\/10\\\/11\\\/arranca-un-nuevo-proyecto-en-el-cole-es-lila\\\/#primaryimage\"},\"image\":{\"@id\":\"http:\\\/\\\/lila.valnaloneduca.com\\\/cpvirgendelasmareas2022\\\/2021\\\/10\\\/11\\\/arranca-un-nuevo-proyecto-en-el-cole-es-lila\\\/#primaryimage\"},\"thumbnailUrl\":\"http:\\\/\\\/lila.valnaloneduca.com\\\/cpvirgendelasmareas2022\\\/wp-content\\\/uploads\\\/sites\\\/20\\\/2021\\\/10\\\/descarga.jpg\",\"datePublished\":\"2021-10-11T12:50:57+00:00\",\"dateModified\":\"2021-12-10T09:56:46+00:00\",\"breadcrumb\":{\"@id\":\"http:\\\/\\\/lila.valnaloneduca.com\\\/cpvirgendelasmareas2022\\\/2021\\\/10\\\/11\\\/arranca-un-nuevo-proyecto-en-el-cole-es-lila\\\/#breadcrumb\"},\"inLanguage\":\"es\",\"potentialAction\":[{\"@type\":\"ReadAction\",\"target\":[\"http:\\\/\\\/lila.valnaloneduca.com\\\/cpvirgendelasmareas2022\\\/2021\\\/10\\\/11\\\/arranca-un-nuevo-proyecto-en-el-cole-es-lila\\\/\"]}]},{\"@type\":\"ImageObject\",\"inLanguage\":\"es\",\"@id\":\"http:\\\/\\\/lila.valnaloneduca.com\\\/cpvirgendelasmareas2022\\\/2021\\\/10\\\/11\\\/arranca-un-nuevo-proyecto-en-el-cole-es-lila\\\/#primaryimage\",\"url\":\"https:\\\/\\\/i0.wp.com\\\/lila.valnaloneduca.com\\\/cpvirgendelasmareas2022\\\/wp-content\\\/uploads\\\/sites\\\/20\\\/2021\\\/10\\\/descarga.jpg?fit=226%2C223&ssl=1\",\"contentUrl\":\"https:\\\/\\\/i0.wp.com\\\/lila.valnaloneduca.com\\\/cpvirgendelasmareas2022\\\/wp-content\\\/uploads\\\/sites\\\/20\\\/2021\\\/10\\\/descarga.jpg?fit=226%2C223&ssl=1\",\"width\":226,\"height\":223},{\"@type\":\"BreadcrumbList\",\"@id\":\"http:\\\/\\\/lila.valnaloneduca.com\\\/cpvirgendelasmareas2022\\\/2021\\\/10\\\/11\\\/arranca-un-nuevo-proyecto-en-el-cole-es-lila\\\/#breadcrumb\",\"itemListElement\":[{\"@type\":\"ListItem\",\"position\":1,\"name\":\"Portada\",\"item\":\"http:\\\/\\\/lila.valnaloneduca.com\\\/cpvirgendelasmareas2022\\\/\"},{\"@type\":\"ListItem\",\"position\":2,\"name\":\"Arranca un nuevo proyecto en el Cole: es LILA&#8230;\"}]},{\"@type\":\"WebSite\",\"@id\":\"http:\\\/\\\/lila.valnaloneduca.com\\\/cpvirgendelasmareas2022\\\/#website\",\"url\":\"http:\\\/\\\/lila.valnaloneduca.com\\\/cpvirgendelasmareas2022\\\/\",\"name\":\"LILA - La Igualdad Lleva A... - C.P. VIRGEN DE LAS MAREAS - Avil\u00e9s - 21\\\/22\",\"description\":\"La Igualdad Lleva A (LILA) es un Proyecto educativo de la Cadena de Formaci\u00f3n para Emprender del Principado de Asturias, que promueve el desarrollo de competencias emprendedoras al servicio de un trabajo para el empoderamiento y la promoci\u00f3n de la igualdad entre ni\u00f1os y ni\u00f1as de 3\u00ba y 4\u00ba curso de Educaci\u00f3n Primaria.\",\"publisher\":{\"@id\":\"http:\\\/\\\/lila.valnaloneduca.com\\\/cpvirgendelasmareas2022\\\/#organization\"},\"potentialAction\":[{\"@type\":\"SearchAction\",\"target\":{\"@type\":\"EntryPoint\",\"urlTemplate\":\"http:\\\/\\\/lila.valnaloneduca.com\\\/cpvirgendelasmareas2022\\\/?s={search_term_string}\"},\"query-input\":{\"@type\":\"PropertyValueSpecification\",\"valueRequired\":true,\"valueName\":\"search_term_string\"}}],\"inLanguage\":\"es\"},{\"@type\":\"Organization\",\"@id\":\"http:\\\/\\\/lila.valnaloneduca.com\\\/cpvirgendelasmareas2022\\\/#organization\",\"name\":\"LILA - La Igualdad Lleva A... - C.P. VIRGEN DE LAS MAREAS - Avil\u00e9s - 21\\\/22\",\"url\":\"http:\\\/\\\/lila.valnaloneduca.com\\\/cpvirgendelasmareas2022\\\/\",\"logo\":{\"@type\":\"ImageObject\",\"inLanguage\":\"es\",\"@id\":\"http:\\\/\\\/lila.valnaloneduca.com\\\/cpvirgendelasmareas2022\\\/#\\\/schema\\\/logo\\\/image\\\/\",\"url\":\"https:\\\/\\\/i0.wp.com\\\/lila.valnaloneduca.com\\\/cpvirgendelasmareas2022\\\/wp-content\\\/uploads\\\/sites\\\/20\\\/2021\\\/10\\\/cropped-cabecero-1.png?fit=240%2C118&ssl=1\",\"contentUrl\":\"https:\\\/\\\/i0.wp.com\\\/lila.valnaloneduca.com\\\/cpvirgendelasmareas2022\\\/wp-content\\\/uploads\\\/sites\\\/20\\\/2021\\\/10\\\/cropped-cabecero-1.png?fit=240%2C118&ssl=1\",\"width\":240,\"height\":118,\"caption\":\"LILA - La Igualdad Lleva A... - C.P. VIRGEN DE LAS MAREAS - Avil\u00e9s - 21\\\/22\"},\"image\":{\"@id\":\"http:\\\/\\\/lila.valnaloneduca.com\\\/cpvirgendelasmareas2022\\\/#\\\/schema\\\/logo\\\/image\\\/\"}},{\"@type\":\"Person\",\"@id\":\"http:\\\/\\\/lila.valnaloneduca.com\\\/cpvirgendelasmareas2022\\\/#\\\/schema\\\/person\\\/b1d0422b250e580f42a136a82137c682\",\"name\":\"lila\",\"image\":{\"@type\":\"ImageObject\",\"inLanguage\":\"es\",\"@id\":\"https:\\\/\\\/secure.gravatar.com\\\/avatar\\\/0a19043ae51bb80b0374edd52905a2458416f7c4e271ad0f728fde45dd03a88e?s=96&d=mm&r=g\",\"url\":\"https:\\\/\\\/secure.gravatar.com\\\/avatar\\\/0a19043ae51bb80b0374edd52905a2458416f7c4e271ad0f728fde45dd03a88e?s=96&d=mm&r=g\",\"contentUrl\":\"https:\\\/\\\/secure.gravatar.com\\\/avatar\\\/0a19043ae51bb80b0374edd52905a2458416f7c4e271ad0f728fde45dd03a88e?s=96&d=mm&r=g\",\"caption\":\"lila\"},\"url\":\"https:\\\/\\\/lila.valnaloneduca.com\\\/cpvirgendelasmareas2022\\\/author\\\/lila\\\/\"}]}<\/script>\n<!-- \/ Yoast SEO plugin. -->","yoast_head_json":{"title":"Arranca un nuevo proyecto en el Cole: es LILA... - LILA - La Igualdad Lleva A... - C.P. VIRGEN DE LAS MAREAS - Avil\u00e9s - 21\/22","robots":{"index":"index","follow":"follow","max-snippet":"max-snippet:-1","max-image-preview":"max-image-preview:large","max-video-preview":"max-video-preview:-1"},"canonical":"http:\/\/lila.valnaloneduca.com\/cpvirgendelasmareas2022\/2021\/10\/11\/arranca-un-nuevo-proyecto-en-el-cole-es-lila\/","og_locale":"es_ES","og_type":"article","og_title":"Arranca un nuevo proyecto en el Cole: es LILA... - LILA - La Igualdad Lleva A... - C.P. VIRGEN DE LAS MAREAS - Avil\u00e9s - 21\/22","og_description":"En breve el alumnado de 3\u00ba y 4\u00ba del&nbsp;CP Virgen de las Mareas&nbsp;empezaremos un nuevo proyecto. Se llama&nbsp;LILA&nbsp;y nos reta a trabajar en igualdad y a hacer algo en marzo que pronto os daremos a conocer. De momento arrancamos poni\u00e9ndonos unas gafas moradas. Arranca LILA!!!!!","og_url":"http:\/\/lila.valnaloneduca.com\/cpvirgendelasmareas2022\/2021\/10\/11\/arranca-un-nuevo-proyecto-en-el-cole-es-lila\/","og_site_name":"LILA - La Igualdad Lleva A... - C.P. VIRGEN DE LAS MAREAS - Avil\u00e9s - 21\/22","article_published_time":"2021-10-11T12:50:57+00:00","article_modified_time":"2021-12-10T09:56:46+00:00","og_image":[{"url":"http:\/\/lila.valnaloneduca.com\/cpvirgendelasmareas2022\/wp-content\/uploads\/sites\/20\/2021\/10\/descarga.jpg","type":"","width":"","height":""}],"author":"lila","twitter_card":"summary_large_image","twitter_misc":{"Escrito por":"lila","Tiempo de lectura":"1 minuto"},"schema":{"@context":"https:\/\/schema.org","@graph":[{"@type":"Article","@id":"http:\/\/lila.valnaloneduca.com\/cpvirgendelasmareas2022\/2021\/10\/11\/arranca-un-nuevo-proyecto-en-el-cole-es-lila\/#article","isPartOf":{"@id":"http:\/\/lila.valnaloneduca.com\/cpvirgendelasmareas2022\/2021\/10\/11\/arranca-un-nuevo-proyecto-en-el-cole-es-lila\/"},"author":{"name":"lila","@id":"http:\/\/lila.valnaloneduca.com\/cpvirgendelasmareas2022\/#\/schema\/person\/b1d0422b250e580f42a136a82137c682"},"headline":"Arranca un nuevo proyecto en el Cole: es LILA&#8230;","datePublished":"2021-10-11T12:50:57+00:00","dateModified":"2021-12-10T09:56:46+00:00","mainEntityOfPage":{"@id":"http:\/\/lila.valnaloneduca.com\/cpvirgendelasmareas2022\/2021\/10\/11\/arranca-un-nuevo-proyecto-en-el-cole-es-lila\/"},"wordCount":61,"commentCount":0,"publisher":{"@id":"http:\/\/lila.valnaloneduca.com\/cpvirgendelasmareas2022\/#organization"},"image":{"@id":"http:\/\/lila.valnaloneduca.com\/cpvirgendelasmareas2022\/2021\/10\/11\/arranca-un-nuevo-proyecto-en-el-cole-es-lila\/#primaryimage"},"thumbnailUrl":"http:\/\/lila.valnaloneduca.com\/cpvirgendelasmareas2022\/wp-content\/uploads\/sites\/20\/2021\/10\/descarga.jpg","inLanguage":"es","potentialAction":[{"@type":"CommentAction","name":"Comment","target":["http:\/\/lila.valnaloneduca.com\/cpvirgendelasmareas2022\/2021\/10\/11\/arranca-un-nuevo-proyecto-en-el-cole-es-lila\/#respond"]}]},{"@type":"WebPage","@id":"http:\/\/lila.valnaloneduca.com\/cpvirgendelasmareas2022\/2021\/10\/11\/arranca-un-nuevo-proyecto-en-el-cole-es-lila\/","url":"http:\/\/lila.valnaloneduca.com\/cpvirgendelasmareas2022\/2021\/10\/11\/arranca-un-nuevo-proyecto-en-el-cole-es-lila\/","name":"Arranca un nuevo proyecto en el Cole: es LILA... - LILA - La Igualdad Lleva A... - C.P. VIRGEN DE LAS MAREAS - Avil\u00e9s - 21\/22","isPartOf":{"@id":"http:\/\/lila.valnaloneduca.com\/cpvirgendelasmareas2022\/#website"},"primaryImageOfPage":{"@id":"http:\/\/lila.valnaloneduca.com\/cpvirgendelasmareas2022\/2021\/10\/11\/arranca-un-nuevo-proyecto-en-el-cole-es-lila\/#primaryimage"},"image":{"@id":"http:\/\/lila.valnaloneduca.com\/cpvirgendelasmareas2022\/2021\/10\/11\/arranca-un-nuevo-proyecto-en-el-cole-es-lila\/#primaryimage"},"thumbnailUrl":"http:\/\/lila.valnaloneduca.com\/cpvirgendelasmareas2022\/wp-content\/uploads\/sites\/20\/2021\/10\/descarga.jpg","datePublished":"2021-10-11T12:50:57+00:00","dateModified":"2021-12-10T09:56:46+00:00","breadcrumb":{"@id":"http:\/\/lila.valnaloneduca.com\/cpvirgendelasmareas2022\/2021\/10\/11\/arranca-un-nuevo-proyecto-en-el-cole-es-lila\/#breadcrumb"},"inLanguage":"es","potentialAction":[{"@type":"ReadAction","target":["http:\/\/lila.valnaloneduca.com\/cpvirgendelasmareas2022\/2021\/10\/11\/arranca-un-nuevo-proyecto-en-el-cole-es-lila\/"]}]},{"@type":"ImageObject","inLanguage":"es","@id":"http:\/\/lila.valnaloneduca.com\/cpvirgendelasmareas2022\/2021\/10\/11\/arranca-un-nuevo-proyecto-en-el-cole-es-lila\/#primaryimage","url":"https:\/\/i0.wp.com\/lila.valnaloneduca.com\/cpvirgendelasmareas2022\/wp-content\/uploads\/sites\/20\/2021\/10\/descarga.jpg?fit=226%2C223&ssl=1","contentUrl":"https:\/\/i0.wp.com\/lila.valnaloneduca.com\/cpvirgendelasmareas2022\/wp-content\/uploads\/sites\/20\/2021\/10\/descarga.jpg?fit=226%2C223&ssl=1","width":226,"height":223},{"@type":"BreadcrumbList","@id":"http:\/\/lila.valnaloneduca.com\/cpvirgendelasmareas2022\/2021\/10\/11\/arranca-un-nuevo-proyecto-en-el-cole-es-lila\/#breadcrumb","itemListElement":[{"@type":"ListItem","position":1,"name":"Portada","item":"http:\/\/lila.valnaloneduca.com\/cpvirgendelasmareas2022\/"},{"@type":"ListItem","position":2,"name":"Arranca un nuevo proyecto en el Cole: es LILA&#8230;"}]},{"@type":"WebSite","@id":"http:\/\/lila.valnaloneduca.com\/cpvirgendelasmareas2022\/#website","url":"http:\/\/lila.valnaloneduca.com\/cpvirgendelasmareas2022\/","name":"LILA - La Igualdad Lleva A... - C.P. VIRGEN DE LAS MAREAS - Avil\u00e9s - 21\/22","description":"La Igualdad Lleva A (LILA) es un Proyecto educativo de la Cadena de Formaci\u00f3n para Emprender del Principado de Asturias, que promueve el desarrollo de competencias emprendedoras al servicio de un trabajo para el empoderamiento y la promoci\u00f3n de la igualdad entre ni\u00f1os y ni\u00f1as de 3\u00ba y 4\u00ba curso de Educaci\u00f3n Primaria.","publisher":{"@id":"http:\/\/lila.valnaloneduca.com\/cpvirgendelasmareas2022\/#organization"},"potentialAction":[{"@type":"SearchAction","target":{"@type":"EntryPoint","urlTemplate":"http:\/\/lila.valnaloneduca.com\/cpvirgendelasmareas2022\/?s={search_term_string}"},"query-input":{"@type":"PropertyValueSpecification","valueRequired":true,"valueName":"search_term_string"}}],"inLanguage":"es"},{"@type":"Organization","@id":"http:\/\/lila.valnaloneduca.com\/cpvirgendelasmareas2022\/#organization","name":"LILA - La Igualdad Lleva A... - C.P. VIRGEN DE LAS MAREAS - Avil\u00e9s - 21\/22","url":"http:\/\/lila.valnaloneduca.com\/cpvirgendelasmareas2022\/","logo":{"@type":"ImageObject","inLanguage":"es","@id":"http:\/\/lila.valnaloneduca.com\/cpvirgendelasmareas2022\/#\/schema\/logo\/image\/","url":"https:\/\/i0.wp.com\/lila.valnaloneduca.com\/cpvirgendelasmareas2022\/wp-content\/uploads\/sites\/20\/2021\/10\/cropped-cabecero-1.png?fit=240%2C118&ssl=1","contentUrl":"https:\/\/i0.wp.com\/lila.valnaloneduca.com\/cpvirgendelasmareas2022\/wp-content\/uploads\/sites\/20\/2021\/10\/cropped-cabecero-1.png?fit=240%2C118&ssl=1","width":240,"height":118,"caption":"LILA - La Igualdad Lleva A... - C.P. VIRGEN DE LAS MAREAS - Avil\u00e9s - 21\/22"},"image":{"@id":"http:\/\/lila.valnaloneduca.com\/cpvirgendelasmareas2022\/#\/schema\/logo\/image\/"}},{"@type":"Person","@id":"http:\/\/lila.valnaloneduca.com\/cpvirgendelasmareas2022\/#\/schema\/person\/b1d0422b250e580f42a136a82137c682","name":"lila","image":{"@type":"ImageObject","inLanguage":"es","@id":"https:\/\/secure.gravatar.com\/avatar\/0a19043ae51bb80b0374edd52905a2458416f7c4e271ad0f728fde45dd03a88e?s=96&d=mm&r=g","url":"https:\/\/secure.gravatar.com\/avatar\/0a19043ae51bb80b0374edd52905a2458416f7c4e271ad0f728fde45dd03a88e?s=96&d=mm&r=g","contentUrl":"https:\/\/secure.gravatar.com\/avatar\/0a19043ae51bb80b0374edd52905a2458416f7c4e271ad0f728fde45dd03a88e?s=96&d=mm&r=g","caption":"lila"},"url":"https:\/\/lila.valnaloneduca.com\/cpvirgendelasmareas2022\/author\/lila\/"}]}},"jetpack_featured_media_url":"","jetpack_sharing_enabled":true,"_links":{"self":[{"href":"https:\/\/lila.valnaloneduca.com\/cpvirgendelasmareas2022\/wp-json\/wp\/v2\/posts\/15","targetHints":{"allow":["GET"]}}],"collection":[{"href":"https:\/\/lila.valnaloneduca.com\/cpvirgendelasmareas2022\/wp-json\/wp\/v2\/posts"}],"about":[{"href":"https:\/\/lila.valnaloneduca.com\/cpvirgendelasmareas2022\/wp-json\/wp\/v2\/types\/post"}],"author":[{"embeddable":true,"href":"https:\/\/lila.valnaloneduca.com\/cpvirgendelasmareas2022\/wp-json\/wp\/v2\/users\/2"}],"replies":[{"embeddable":true,"href":"https:\/\/lila.valnaloneduca.com\/cpvirgendelasmareas2022\/wp-json\/wp\/v2\/comments?post=15"}],"version-history":[{"count":4,"href":"https:\/\/lila.valnaloneduca.com\/cpvirgendelasmareas2022\/wp-json\/wp\/v2\/posts\/15\/revisions"}],"predecessor-version":[{"id":28,"href":"https:\/\/lila.valnaloneduca.com\/cpvirgendelasmareas2022\/wp-json\/wp\/v2\/posts\/15\/revisions\/28"}],"wp:attachment":[{"href":"https:\/\/lila.valnaloneduca.com\/cpvirgendelasmareas2022\/wp-json\/wp\/v2\/media?parent=15"}],"wp:term":[{"taxonomy":"category","embeddable":true,"href":"https:\/\/lila.valnaloneduca.com\/cpvirgendelasmareas2022\/wp-json\/wp\/v2\/categories?post=15"},{"taxonomy":"post_tag","embeddable":true,"href":"https:\/\/lila.valnaloneduca.com\/cpvirgendelasmareas2022\/wp-json\/wp\/v2\/tags?post=15"}],"curies":[{"name":"wp","href":"https:\/\/api.w.org\/{rel}","templated":true}]}}