{"id":35,"date":"2021-12-14T17:10:57","date_gmt":"2021-12-14T17:10:57","guid":{"rendered":"http:\/\/lila.valnaloneduca.com\/cpvirgendelasmareas2022\/?p=35"},"modified":"2021-12-14T17:10:58","modified_gmt":"2021-12-14T17:10:58","slug":"nos-ponemos-las-gafas-moradas","status":"publish","type":"post","link":"https:\/\/lila.valnaloneduca.com\/cpvirgendelasmareas2022\/2021\/12\/14\/nos-ponemos-las-gafas-moradas\/","title":{"rendered":"Nos ponemos las gafas moradas"},"content":{"rendered":"\n<p>Hace unas semanas empezamos el poryecto acercando a nuestros ni\u00f1os y ni\u00f1as un vocabulario que vamos a utilizar mucho a partir de ahora, palabras como tolerancia, igualdad\u2026Despu\u00e9s de este primer acercamiento nos pusimos las gafas moradas para empezar a verlo todo a traves de la visi\u00f3n de la igualdad.<\/p>\n\n\n\n<figure class=\"wp-block-gallery columns-3 is-cropped wp-block-gallery-1 is-layout-flex wp-block-gallery-is-layout-flex\"><ul class=\"blocks-gallery-grid\"><li class=\"blocks-gallery-item\"><figure><img data-recalc-dims=\"1\" loading=\"lazy\" decoding=\"async\" width=\"840\" height=\"378\" src=\"https:\/\/i0.wp.com\/lila.valnaloneduca.com\/cpvirgendelasmareas2022\/wp-content\/uploads\/sites\/20\/2021\/12\/20211115_133513.jpg?resize=840%2C378\" alt=\"\" data-id=\"38\" data-full-url=\"http:\/\/lila.valnaloneduca.com\/cpvirgendelasmareas2022\/wp-content\/uploads\/sites\/20\/2021\/12\/20211115_133513.jpg\" data-link=\"http:\/\/lila.valnaloneduca.com\/cpvirgendelasmareas2022\/?attachment_id=38\" class=\"wp-image-38\" srcset=\"https:\/\/i0.wp.com\/lila.valnaloneduca.com\/cpvirgendelasmareas2022\/wp-content\/uploads\/sites\/20\/2021\/12\/20211115_133513.jpg?resize=1024%2C461&amp;ssl=1 1024w, https:\/\/i0.wp.com\/lila.valnaloneduca.com\/cpvirgendelasmareas2022\/wp-content\/uploads\/sites\/20\/2021\/12\/20211115_133513.jpg?resize=300%2C135&amp;ssl=1 300w, https:\/\/i0.wp.com\/lila.valnaloneduca.com\/cpvirgendelasmareas2022\/wp-content\/uploads\/sites\/20\/2021\/12\/20211115_133513.jpg?resize=768%2C346&amp;ssl=1 768w, https:\/\/i0.wp.com\/lila.valnaloneduca.com\/cpvirgendelasmareas2022\/wp-content\/uploads\/sites\/20\/2021\/12\/20211115_133513.jpg?w=1066&amp;ssl=1 1066w\" sizes=\"auto, (max-width: 709px) 85vw, (max-width: 909px) 67vw, (max-width: 1362px) 62vw, 840px\" \/><\/figure><\/li><li class=\"blocks-gallery-item\"><figure><img data-recalc-dims=\"1\" loading=\"lazy\" decoding=\"async\" width=\"840\" height=\"378\" src=\"https:\/\/i0.wp.com\/lila.valnaloneduca.com\/cpvirgendelasmareas2022\/wp-content\/uploads\/sites\/20\/2021\/12\/20211115_133436-copia.jpg?resize=840%2C378\" alt=\"\" data-id=\"37\" data-link=\"http:\/\/lila.valnaloneduca.com\/cpvirgendelasmareas2022\/?attachment_id=37\" class=\"wp-image-37\" srcset=\"https:\/\/i0.wp.com\/lila.valnaloneduca.com\/cpvirgendelasmareas2022\/wp-content\/uploads\/sites\/20\/2021\/12\/20211115_133436-copia.jpg?resize=1024%2C461&amp;ssl=1 1024w, https:\/\/i0.wp.com\/lila.valnaloneduca.com\/cpvirgendelasmareas2022\/wp-content\/uploads\/sites\/20\/2021\/12\/20211115_133436-copia.jpg?resize=300%2C135&amp;ssl=1 300w, https:\/\/i0.wp.com\/lila.valnaloneduca.com\/cpvirgendelasmareas2022\/wp-content\/uploads\/sites\/20\/2021\/12\/20211115_133436-copia.jpg?resize=768%2C346&amp;ssl=1 768w, https:\/\/i0.wp.com\/lila.valnaloneduca.com\/cpvirgendelasmareas2022\/wp-content\/uploads\/sites\/20\/2021\/12\/20211115_133436-copia.jpg?w=1066&amp;ssl=1 1066w\" sizes=\"auto, (max-width: 709px) 85vw, (max-width: 909px) 67vw, (max-width: 1362px) 62vw, 840px\" \/><\/figure><\/li><li class=\"blocks-gallery-item\"><figure><img data-recalc-dims=\"1\" loading=\"lazy\" decoding=\"async\" width=\"461\" height=\"1024\" src=\"https:\/\/i0.wp.com\/lila.valnaloneduca.com\/cpvirgendelasmareas2022\/wp-content\/uploads\/sites\/20\/2021\/12\/20211125_101657.jpg?resize=461%2C1024\" alt=\"\" data-id=\"41\" data-full-url=\"http:\/\/lila.valnaloneduca.com\/cpvirgendelasmareas2022\/wp-content\/uploads\/sites\/20\/2021\/12\/20211125_101657-rotated.jpg\" data-link=\"http:\/\/lila.valnaloneduca.com\/cpvirgendelasmareas2022\/?attachment_id=41\" class=\"wp-image-41\" srcset=\"https:\/\/i0.wp.com\/lila.valnaloneduca.com\/cpvirgendelasmareas2022\/wp-content\/uploads\/sites\/20\/2021\/12\/20211125_101657-rotated.jpg?resize=461%2C1024&amp;ssl=1 461w, https:\/\/i0.wp.com\/lila.valnaloneduca.com\/cpvirgendelasmareas2022\/wp-content\/uploads\/sites\/20\/2021\/12\/20211125_101657-rotated.jpg?resize=135%2C300&amp;ssl=1 135w, https:\/\/i0.wp.com\/lila.valnaloneduca.com\/cpvirgendelasmareas2022\/wp-content\/uploads\/sites\/20\/2021\/12\/20211125_101657-rotated.jpg?w=480&amp;ssl=1 480w\" sizes=\"auto, (max-width: 461px) 85vw, 461px\" \/><\/figure><\/li><li class=\"blocks-gallery-item\"><figure><img data-recalc-dims=\"1\" loading=\"lazy\" decoding=\"async\" width=\"840\" height=\"378\" src=\"https:\/\/i0.wp.com\/lila.valnaloneduca.com\/cpvirgendelasmareas2022\/wp-content\/uploads\/sites\/20\/2021\/12\/20211125_103223.jpg?resize=840%2C378\" alt=\"\" data-id=\"42\" data-full-url=\"http:\/\/lila.valnaloneduca.com\/cpvirgendelasmareas2022\/wp-content\/uploads\/sites\/20\/2021\/12\/20211125_103223.jpg\" data-link=\"http:\/\/lila.valnaloneduca.com\/cpvirgendelasmareas2022\/?attachment_id=42\" class=\"wp-image-42\" srcset=\"https:\/\/i0.wp.com\/lila.valnaloneduca.com\/cpvirgendelasmareas2022\/wp-content\/uploads\/sites\/20\/2021\/12\/20211125_103223.jpg?resize=1024%2C461&amp;ssl=1 1024w, https:\/\/i0.wp.com\/lila.valnaloneduca.com\/cpvirgendelasmareas2022\/wp-content\/uploads\/sites\/20\/2021\/12\/20211125_103223.jpg?resize=300%2C135&amp;ssl=1 300w, https:\/\/i0.wp.com\/lila.valnaloneduca.com\/cpvirgendelasmareas2022\/wp-content\/uploads\/sites\/20\/2021\/12\/20211125_103223.jpg?resize=768%2C346&amp;ssl=1 768w, https:\/\/i0.wp.com\/lila.valnaloneduca.com\/cpvirgendelasmareas2022\/wp-content\/uploads\/sites\/20\/2021\/12\/20211125_103223.jpg?w=1066&amp;ssl=1 1066w\" sizes=\"auto, (max-width: 709px) 85vw, (max-width: 909px) 67vw, (max-width: 1362px) 62vw, 840px\" \/><\/figure><\/li><li class=\"blocks-gallery-item\"><figure><img data-recalc-dims=\"1\" loading=\"lazy\" decoding=\"async\" width=\"461\" height=\"1024\" src=\"https:\/\/i0.wp.com\/lila.valnaloneduca.com\/cpvirgendelasmareas2022\/wp-content\/uploads\/sites\/20\/2021\/12\/20211125_103354.jpg?resize=461%2C1024\" alt=\"\" data-id=\"43\" data-full-url=\"http:\/\/lila.valnaloneduca.com\/cpvirgendelasmareas2022\/wp-content\/uploads\/sites\/20\/2021\/12\/20211125_103354-rotated.jpg\" data-link=\"http:\/\/lila.valnaloneduca.com\/cpvirgendelasmareas2022\/?attachment_id=43\" class=\"wp-image-43\" srcset=\"https:\/\/i0.wp.com\/lila.valnaloneduca.com\/cpvirgendelasmareas2022\/wp-content\/uploads\/sites\/20\/2021\/12\/20211125_103354-rotated.jpg?resize=461%2C1024&amp;ssl=1 461w, https:\/\/i0.wp.com\/lila.valnaloneduca.com\/cpvirgendelasmareas2022\/wp-content\/uploads\/sites\/20\/2021\/12\/20211125_103354-rotated.jpg?resize=135%2C300&amp;ssl=1 135w, https:\/\/i0.wp.com\/lila.valnaloneduca.com\/cpvirgendelasmareas2022\/wp-content\/uploads\/sites\/20\/2021\/12\/20211125_103354-rotated.jpg?w=480&amp;ssl=1 480w\" sizes=\"auto, (max-width: 461px) 85vw, 461px\" \/><\/figure><\/li><\/ul><\/figure>\n\n\n\n<p><\/p>\n\n\n\n<p>\u00a1Ahora si que arrancamos con ganas!<\/p>\n","protected":false},"excerpt":{"rendered":"<p>Hace unas semanas empezamos el poryecto acercando a nuestros ni\u00f1os y ni\u00f1as un vocabulario que vamos a utilizar mucho a partir de ahora, palabras como tolerancia, igualdad\u2026Despu\u00e9s de este primer acercamiento nos pusimos las gafas moradas para empezar a verlo todo a traves de la visi\u00f3n de la igualdad. \u00a1Ahora si que arrancamos con ganas!<\/p>\n","protected":false},"author":19,"featured_media":0,"comment_status":"open","ping_status":"open","sticky":false,"template":"","format":"standard","meta":{"_jetpack_memberships_contains_paid_content":false,"footnotes":""},"categories":[1],"tags":[],"class_list":["post-35","post","type-post","status-publish","format-standard","hentry","category-sin-categoria"],"yoast_head":"<!-- This site is optimized with the Yoast SEO plugin v27.5 - https:\/\/yoast.com\/product\/yoast-seo-wordpress\/ -->\n<title>Nos ponemos las gafas moradas - LILA - La Igualdad Lleva A... - C.P. VIRGEN DE LAS MAREAS - Avil\u00e9s - 21\/22<\/title>\n<meta name=\"robots\" content=\"index, follow, max-snippet:-1, max-image-preview:large, max-video-preview:-1\" \/>\n<link rel=\"canonical\" href=\"http:\/\/lila.valnaloneduca.com\/cpvirgendelasmareas2022\/2021\/12\/14\/nos-ponemos-las-gafas-moradas\/\" \/>\n<meta property=\"og:locale\" content=\"es_ES\" \/>\n<meta property=\"og:type\" content=\"article\" \/>\n<meta property=\"og:title\" content=\"Nos ponemos las gafas moradas - LILA - La Igualdad Lleva A... - C.P. VIRGEN DE LAS MAREAS - Avil\u00e9s - 21\/22\" \/>\n<meta property=\"og:description\" content=\"Hace unas semanas empezamos el poryecto acercando a nuestros ni\u00f1os y ni\u00f1as un vocabulario que vamos a utilizar mucho a partir de ahora, palabras como tolerancia, igualdad\u2026Despu\u00e9s de este primer acercamiento nos pusimos las gafas moradas para empezar a verlo todo a traves de la visi\u00f3n de la igualdad. \u00a1Ahora si que arrancamos con ganas!\" \/>\n<meta property=\"og:url\" content=\"http:\/\/lila.valnaloneduca.com\/cpvirgendelasmareas2022\/2021\/12\/14\/nos-ponemos-las-gafas-moradas\/\" \/>\n<meta property=\"og:site_name\" content=\"LILA - La Igualdad Lleva A... - C.P. VIRGEN DE LAS MAREAS - Avil\u00e9s - 21\/22\" \/>\n<meta property=\"article:published_time\" content=\"2021-12-14T17:10:57+00:00\" \/>\n<meta property=\"article:modified_time\" content=\"2021-12-14T17:10:58+00:00\" \/>\n<meta property=\"og:image\" content=\"http:\/\/lila.valnaloneduca.com\/cpvirgendelasmareas2022\/wp-content\/uploads\/sites\/20\/2021\/12\/20211115_133513-1024x461.jpg\" \/>\n<meta name=\"twitter:card\" content=\"summary_large_image\" \/>\n<meta name=\"twitter:label1\" content=\"Escrito por\" \/>\n\t<meta name=\"twitter:data1\" content=\"\" \/>\n\t<meta name=\"twitter:label2\" content=\"Tiempo de lectura\" \/>\n\t<meta name=\"twitter:data2\" content=\"2 minutos\" \/>\n<script type=\"application\/ld+json\" class=\"yoast-schema-graph\">{\"@context\":\"https:\\\/\\\/schema.org\",\"@graph\":[{\"@type\":\"Article\",\"@id\":\"http:\\\/\\\/lila.valnaloneduca.com\\\/cpvirgendelasmareas2022\\\/2021\\\/12\\\/14\\\/nos-ponemos-las-gafas-moradas\\\/#article\",\"isPartOf\":{\"@id\":\"http:\\\/\\\/lila.valnaloneduca.com\\\/cpvirgendelasmareas2022\\\/2021\\\/12\\\/14\\\/nos-ponemos-las-gafas-moradas\\\/\"},\"author\":{\"name\":\"\",\"@id\":\"\"},\"headline\":\"Nos ponemos las gafas moradas\",\"datePublished\":\"2021-12-14T17:10:57+00:00\",\"dateModified\":\"2021-12-14T17:10:58+00:00\",\"mainEntityOfPage\":{\"@id\":\"http:\\\/\\\/lila.valnaloneduca.com\\\/cpvirgendelasmareas2022\\\/2021\\\/12\\\/14\\\/nos-ponemos-las-gafas-moradas\\\/\"},\"wordCount\":65,\"commentCount\":0,\"publisher\":{\"@id\":\"http:\\\/\\\/lila.valnaloneduca.com\\\/cpvirgendelasmareas2022\\\/#organization\"},\"image\":{\"@id\":\"http:\\\/\\\/lila.valnaloneduca.com\\\/cpvirgendelasmareas2022\\\/2021\\\/12\\\/14\\\/nos-ponemos-las-gafas-moradas\\\/#primaryimage\"},\"thumbnailUrl\":\"http:\\\/\\\/lila.valnaloneduca.com\\\/cpvirgendelasmareas2022\\\/wp-content\\\/uploads\\\/sites\\\/20\\\/2021\\\/12\\\/20211115_133513-1024x461.jpg\",\"inLanguage\":\"es\",\"potentialAction\":[{\"@type\":\"CommentAction\",\"name\":\"Comment\",\"target\":[\"http:\\\/\\\/lila.valnaloneduca.com\\\/cpvirgendelasmareas2022\\\/2021\\\/12\\\/14\\\/nos-ponemos-las-gafas-moradas\\\/#respond\"]}]},{\"@type\":\"WebPage\",\"@id\":\"http:\\\/\\\/lila.valnaloneduca.com\\\/cpvirgendelasmareas2022\\\/2021\\\/12\\\/14\\\/nos-ponemos-las-gafas-moradas\\\/\",\"url\":\"http:\\\/\\\/lila.valnaloneduca.com\\\/cpvirgendelasmareas2022\\\/2021\\\/12\\\/14\\\/nos-ponemos-las-gafas-moradas\\\/\",\"name\":\"Nos ponemos las gafas moradas - LILA - La Igualdad Lleva A... - C.P. VIRGEN DE LAS MAREAS - Avil\u00e9s - 21\\\/22\",\"isPartOf\":{\"@id\":\"http:\\\/\\\/lila.valnaloneduca.com\\\/cpvirgendelasmareas2022\\\/#website\"},\"primaryImageOfPage\":{\"@id\":\"http:\\\/\\\/lila.valnaloneduca.com\\\/cpvirgendelasmareas2022\\\/2021\\\/12\\\/14\\\/nos-ponemos-las-gafas-moradas\\\/#primaryimage\"},\"image\":{\"@id\":\"http:\\\/\\\/lila.valnaloneduca.com\\\/cpvirgendelasmareas2022\\\/2021\\\/12\\\/14\\\/nos-ponemos-las-gafas-moradas\\\/#primaryimage\"},\"thumbnailUrl\":\"http:\\\/\\\/lila.valnaloneduca.com\\\/cpvirgendelasmareas2022\\\/wp-content\\\/uploads\\\/sites\\\/20\\\/2021\\\/12\\\/20211115_133513-1024x461.jpg\",\"datePublished\":\"2021-12-14T17:10:57+00:00\",\"dateModified\":\"2021-12-14T17:10:58+00:00\",\"breadcrumb\":{\"@id\":\"http:\\\/\\\/lila.valnaloneduca.com\\\/cpvirgendelasmareas2022\\\/2021\\\/12\\\/14\\\/nos-ponemos-las-gafas-moradas\\\/#breadcrumb\"},\"inLanguage\":\"es\",\"potentialAction\":[{\"@type\":\"ReadAction\",\"target\":[\"http:\\\/\\\/lila.valnaloneduca.com\\\/cpvirgendelasmareas2022\\\/2021\\\/12\\\/14\\\/nos-ponemos-las-gafas-moradas\\\/\"]}]},{\"@type\":\"ImageObject\",\"inLanguage\":\"es\",\"@id\":\"http:\\\/\\\/lila.valnaloneduca.com\\\/cpvirgendelasmareas2022\\\/2021\\\/12\\\/14\\\/nos-ponemos-las-gafas-moradas\\\/#primaryimage\",\"url\":\"https:\\\/\\\/i0.wp.com\\\/lila.valnaloneduca.com\\\/cpvirgendelasmareas2022\\\/wp-content\\\/uploads\\\/sites\\\/20\\\/2021\\\/12\\\/20211115_133513.jpg?fit=1066%2C480&ssl=1\",\"contentUrl\":\"https:\\\/\\\/i0.wp.com\\\/lila.valnaloneduca.com\\\/cpvirgendelasmareas2022\\\/wp-content\\\/uploads\\\/sites\\\/20\\\/2021\\\/12\\\/20211115_133513.jpg?fit=1066%2C480&ssl=1\",\"width\":1066,\"height\":480},{\"@type\":\"BreadcrumbList\",\"@id\":\"http:\\\/\\\/lila.valnaloneduca.com\\\/cpvirgendelasmareas2022\\\/2021\\\/12\\\/14\\\/nos-ponemos-las-gafas-moradas\\\/#breadcrumb\",\"itemListElement\":[{\"@type\":\"ListItem\",\"position\":1,\"name\":\"Portada\",\"item\":\"http:\\\/\\\/lila.valnaloneduca.com\\\/cpvirgendelasmareas2022\\\/\"},{\"@type\":\"ListItem\",\"position\":2,\"name\":\"Nos ponemos las gafas moradas\"}]},{\"@type\":\"WebSite\",\"@id\":\"http:\\\/\\\/lila.valnaloneduca.com\\\/cpvirgendelasmareas2022\\\/#website\",\"url\":\"http:\\\/\\\/lila.valnaloneduca.com\\\/cpvirgendelasmareas2022\\\/\",\"name\":\"LILA - La Igualdad Lleva A... - C.P. VIRGEN DE LAS MAREAS - Avil\u00e9s - 21\\\/22\",\"description\":\"La Igualdad Lleva A (LILA) es un Proyecto educativo de la Cadena de Formaci\u00f3n para Emprender del Principado de Asturias, que promueve el desarrollo de competencias emprendedoras al servicio de un trabajo para el empoderamiento y la promoci\u00f3n de la igualdad entre ni\u00f1os y ni\u00f1as de 3\u00ba y 4\u00ba curso de Educaci\u00f3n Primaria.\",\"publisher\":{\"@id\":\"http:\\\/\\\/lila.valnaloneduca.com\\\/cpvirgendelasmareas2022\\\/#organization\"},\"potentialAction\":[{\"@type\":\"SearchAction\",\"target\":{\"@type\":\"EntryPoint\",\"urlTemplate\":\"http:\\\/\\\/lila.valnaloneduca.com\\\/cpvirgendelasmareas2022\\\/?s={search_term_string}\"},\"query-input\":{\"@type\":\"PropertyValueSpecification\",\"valueRequired\":true,\"valueName\":\"search_term_string\"}}],\"inLanguage\":\"es\"},{\"@type\":\"Organization\",\"@id\":\"http:\\\/\\\/lila.valnaloneduca.com\\\/cpvirgendelasmareas2022\\\/#organization\",\"name\":\"LILA - La Igualdad Lleva A... - C.P. VIRGEN DE LAS MAREAS - Avil\u00e9s - 21\\\/22\",\"url\":\"http:\\\/\\\/lila.valnaloneduca.com\\\/cpvirgendelasmareas2022\\\/\",\"logo\":{\"@type\":\"ImageObject\",\"inLanguage\":\"es\",\"@id\":\"http:\\\/\\\/lila.valnaloneduca.com\\\/cpvirgendelasmareas2022\\\/#\\\/schema\\\/logo\\\/image\\\/\",\"url\":\"https:\\\/\\\/i0.wp.com\\\/lila.valnaloneduca.com\\\/cpvirgendelasmareas2022\\\/wp-content\\\/uploads\\\/sites\\\/20\\\/2021\\\/10\\\/cropped-cabecero-1.png?fit=240%2C118&ssl=1\",\"contentUrl\":\"https:\\\/\\\/i0.wp.com\\\/lila.valnaloneduca.com\\\/cpvirgendelasmareas2022\\\/wp-content\\\/uploads\\\/sites\\\/20\\\/2021\\\/10\\\/cropped-cabecero-1.png?fit=240%2C118&ssl=1\",\"width\":240,\"height\":118,\"caption\":\"LILA - La Igualdad Lleva A... - C.P. VIRGEN DE LAS MAREAS - Avil\u00e9s - 21\\\/22\"},\"image\":{\"@id\":\"http:\\\/\\\/lila.valnaloneduca.com\\\/cpvirgendelasmareas2022\\\/#\\\/schema\\\/logo\\\/image\\\/\"}},{\"@type\":\"Person\",\"@id\":\"\",\"url\":\"https:\\\/\\\/lila.valnaloneduca.com\\\/cpvirgendelasmareas2022\\\/author\\\/\"}]}<\/script>\n<!-- \/ Yoast SEO plugin. -->","yoast_head_json":{"title":"Nos ponemos las gafas moradas - LILA - La Igualdad Lleva A... - C.P. VIRGEN DE LAS MAREAS - Avil\u00e9s - 21\/22","robots":{"index":"index","follow":"follow","max-snippet":"max-snippet:-1","max-image-preview":"max-image-preview:large","max-video-preview":"max-video-preview:-1"},"canonical":"http:\/\/lila.valnaloneduca.com\/cpvirgendelasmareas2022\/2021\/12\/14\/nos-ponemos-las-gafas-moradas\/","og_locale":"es_ES","og_type":"article","og_title":"Nos ponemos las gafas moradas - LILA - La Igualdad Lleva A... - C.P. VIRGEN DE LAS MAREAS - Avil\u00e9s - 21\/22","og_description":"Hace unas semanas empezamos el poryecto acercando a nuestros ni\u00f1os y ni\u00f1as un vocabulario que vamos a utilizar mucho a partir de ahora, palabras como tolerancia, igualdad\u2026Despu\u00e9s de este primer acercamiento nos pusimos las gafas moradas para empezar a verlo todo a traves de la visi\u00f3n de la igualdad. \u00a1Ahora si que arrancamos con ganas!","og_url":"http:\/\/lila.valnaloneduca.com\/cpvirgendelasmareas2022\/2021\/12\/14\/nos-ponemos-las-gafas-moradas\/","og_site_name":"LILA - La Igualdad Lleva A... - C.P. VIRGEN DE LAS MAREAS - Avil\u00e9s - 21\/22","article_published_time":"2021-12-14T17:10:57+00:00","article_modified_time":"2021-12-14T17:10:58+00:00","og_image":[{"url":"http:\/\/lila.valnaloneduca.com\/cpvirgendelasmareas2022\/wp-content\/uploads\/sites\/20\/2021\/12\/20211115_133513-1024x461.jpg","type":"","width":"","height":""}],"twitter_card":"summary_large_image","twitter_misc":{"Escrito por":"","Tiempo de lectura":"2 minutos"},"schema":{"@context":"https:\/\/schema.org","@graph":[{"@type":"Article","@id":"http:\/\/lila.valnaloneduca.com\/cpvirgendelasmareas2022\/2021\/12\/14\/nos-ponemos-las-gafas-moradas\/#article","isPartOf":{"@id":"http:\/\/lila.valnaloneduca.com\/cpvirgendelasmareas2022\/2021\/12\/14\/nos-ponemos-las-gafas-moradas\/"},"author":{"name":"","@id":""},"headline":"Nos ponemos las gafas moradas","datePublished":"2021-12-14T17:10:57+00:00","dateModified":"2021-12-14T17:10:58+00:00","mainEntityOfPage":{"@id":"http:\/\/lila.valnaloneduca.com\/cpvirgendelasmareas2022\/2021\/12\/14\/nos-ponemos-las-gafas-moradas\/"},"wordCount":65,"commentCount":0,"publisher":{"@id":"http:\/\/lila.valnaloneduca.com\/cpvirgendelasmareas2022\/#organization"},"image":{"@id":"http:\/\/lila.valnaloneduca.com\/cpvirgendelasmareas2022\/2021\/12\/14\/nos-ponemos-las-gafas-moradas\/#primaryimage"},"thumbnailUrl":"http:\/\/lila.valnaloneduca.com\/cpvirgendelasmareas2022\/wp-content\/uploads\/sites\/20\/2021\/12\/20211115_133513-1024x461.jpg","inLanguage":"es","potentialAction":[{"@type":"CommentAction","name":"Comment","target":["http:\/\/lila.valnaloneduca.com\/cpvirgendelasmareas2022\/2021\/12\/14\/nos-ponemos-las-gafas-moradas\/#respond"]}]},{"@type":"WebPage","@id":"http:\/\/lila.valnaloneduca.com\/cpvirgendelasmareas2022\/2021\/12\/14\/nos-ponemos-las-gafas-moradas\/","url":"http:\/\/lila.valnaloneduca.com\/cpvirgendelasmareas2022\/2021\/12\/14\/nos-ponemos-las-gafas-moradas\/","name":"Nos ponemos las gafas moradas - LILA - La Igualdad Lleva A... - C.P. VIRGEN DE LAS MAREAS - Avil\u00e9s - 21\/22","isPartOf":{"@id":"http:\/\/lila.valnaloneduca.com\/cpvirgendelasmareas2022\/#website"},"primaryImageOfPage":{"@id":"http:\/\/lila.valnaloneduca.com\/cpvirgendelasmareas2022\/2021\/12\/14\/nos-ponemos-las-gafas-moradas\/#primaryimage"},"image":{"@id":"http:\/\/lila.valnaloneduca.com\/cpvirgendelasmareas2022\/2021\/12\/14\/nos-ponemos-las-gafas-moradas\/#primaryimage"},"thumbnailUrl":"http:\/\/lila.valnaloneduca.com\/cpvirgendelasmareas2022\/wp-content\/uploads\/sites\/20\/2021\/12\/20211115_133513-1024x461.jpg","datePublished":"2021-12-14T17:10:57+00:00","dateModified":"2021-12-14T17:10:58+00:00","breadcrumb":{"@id":"http:\/\/lila.valnaloneduca.com\/cpvirgendelasmareas2022\/2021\/12\/14\/nos-ponemos-las-gafas-moradas\/#breadcrumb"},"inLanguage":"es","potentialAction":[{"@type":"ReadAction","target":["http:\/\/lila.valnaloneduca.com\/cpvirgendelasmareas2022\/2021\/12\/14\/nos-ponemos-las-gafas-moradas\/"]}]},{"@type":"ImageObject","inLanguage":"es","@id":"http:\/\/lila.valnaloneduca.com\/cpvirgendelasmareas2022\/2021\/12\/14\/nos-ponemos-las-gafas-moradas\/#primaryimage","url":"https:\/\/i0.wp.com\/lila.valnaloneduca.com\/cpvirgendelasmareas2022\/wp-content\/uploads\/sites\/20\/2021\/12\/20211115_133513.jpg?fit=1066%2C480&ssl=1","contentUrl":"https:\/\/i0.wp.com\/lila.valnaloneduca.com\/cpvirgendelasmareas2022\/wp-content\/uploads\/sites\/20\/2021\/12\/20211115_133513.jpg?fit=1066%2C480&ssl=1","width":1066,"height":480},{"@type":"BreadcrumbList","@id":"http:\/\/lila.valnaloneduca.com\/cpvirgendelasmareas2022\/2021\/12\/14\/nos-ponemos-las-gafas-moradas\/#breadcrumb","itemListElement":[{"@type":"ListItem","position":1,"name":"Portada","item":"http:\/\/lila.valnaloneduca.com\/cpvirgendelasmareas2022\/"},{"@type":"ListItem","position":2,"name":"Nos ponemos las gafas moradas"}]},{"@type":"WebSite","@id":"http:\/\/lila.valnaloneduca.com\/cpvirgendelasmareas2022\/#website","url":"http:\/\/lila.valnaloneduca.com\/cpvirgendelasmareas2022\/","name":"LILA - La Igualdad Lleva A... - C.P. VIRGEN DE LAS MAREAS - Avil\u00e9s - 21\/22","description":"La Igualdad Lleva A (LILA) es un Proyecto educativo de la Cadena de Formaci\u00f3n para Emprender del Principado de Asturias, que promueve el desarrollo de competencias emprendedoras al servicio de un trabajo para el empoderamiento y la promoci\u00f3n de la igualdad entre ni\u00f1os y ni\u00f1as de 3\u00ba y 4\u00ba curso de Educaci\u00f3n Primaria.","publisher":{"@id":"http:\/\/lila.valnaloneduca.com\/cpvirgendelasmareas2022\/#organization"},"potentialAction":[{"@type":"SearchAction","target":{"@type":"EntryPoint","urlTemplate":"http:\/\/lila.valnaloneduca.com\/cpvirgendelasmareas2022\/?s={search_term_string}"},"query-input":{"@type":"PropertyValueSpecification","valueRequired":true,"valueName":"search_term_string"}}],"inLanguage":"es"},{"@type":"Organization","@id":"http:\/\/lila.valnaloneduca.com\/cpvirgendelasmareas2022\/#organization","name":"LILA - La Igualdad Lleva A... - C.P. VIRGEN DE LAS MAREAS - Avil\u00e9s - 21\/22","url":"http:\/\/lila.valnaloneduca.com\/cpvirgendelasmareas2022\/","logo":{"@type":"ImageObject","inLanguage":"es","@id":"http:\/\/lila.valnaloneduca.com\/cpvirgendelasmareas2022\/#\/schema\/logo\/image\/","url":"https:\/\/i0.wp.com\/lila.valnaloneduca.com\/cpvirgendelasmareas2022\/wp-content\/uploads\/sites\/20\/2021\/10\/cropped-cabecero-1.png?fit=240%2C118&ssl=1","contentUrl":"https:\/\/i0.wp.com\/lila.valnaloneduca.com\/cpvirgendelasmareas2022\/wp-content\/uploads\/sites\/20\/2021\/10\/cropped-cabecero-1.png?fit=240%2C118&ssl=1","width":240,"height":118,"caption":"LILA - La Igualdad Lleva A... - C.P. VIRGEN DE LAS MAREAS - Avil\u00e9s - 21\/22"},"image":{"@id":"http:\/\/lila.valnaloneduca.com\/cpvirgendelasmareas2022\/#\/schema\/logo\/image\/"}},{"@type":"Person","@id":"","url":"https:\/\/lila.valnaloneduca.com\/cpvirgendelasmareas2022\/author\/"}]}},"jetpack_featured_media_url":"","jetpack_sharing_enabled":true,"_links":{"self":[{"href":"https:\/\/lila.valnaloneduca.com\/cpvirgendelasmareas2022\/wp-json\/wp\/v2\/posts\/35","targetHints":{"allow":["GET"]}}],"collection":[{"href":"https:\/\/lila.valnaloneduca.com\/cpvirgendelasmareas2022\/wp-json\/wp\/v2\/posts"}],"about":[{"href":"https:\/\/lila.valnaloneduca.com\/cpvirgendelasmareas2022\/wp-json\/wp\/v2\/types\/post"}],"author":[{"embeddable":true,"href":"https:\/\/lila.valnaloneduca.com\/cpvirgendelasmareas2022\/wp-json\/wp\/v2\/users\/19"}],"replies":[{"embeddable":true,"href":"https:\/\/lila.valnaloneduca.com\/cpvirgendelasmareas2022\/wp-json\/wp\/v2\/comments?post=35"}],"version-history":[{"count":1,"href":"https:\/\/lila.valnaloneduca.com\/cpvirgendelasmareas2022\/wp-json\/wp\/v2\/posts\/35\/revisions"}],"predecessor-version":[{"id":44,"href":"https:\/\/lila.valnaloneduca.com\/cpvirgendelasmareas2022\/wp-json\/wp\/v2\/posts\/35\/revisions\/44"}],"wp:attachment":[{"href":"https:\/\/lila.valnaloneduca.com\/cpvirgendelasmareas2022\/wp-json\/wp\/v2\/media?parent=35"}],"wp:term":[{"taxonomy":"category","embeddable":true,"href":"https:\/\/lila.valnaloneduca.com\/cpvirgendelasmareas2022\/wp-json\/wp\/v2\/categories?post=35"},{"taxonomy":"post_tag","embeddable":true,"href":"https:\/\/lila.valnaloneduca.com\/cpvirgendelasmareas2022\/wp-json\/wp\/v2\/tags?post=35"}],"curies":[{"name":"wp","href":"https:\/\/api.w.org\/{rel}","templated":true}]}}