{"id":57,"date":"2022-05-02T13:31:48","date_gmt":"2022-05-02T13:31:48","guid":{"rendered":"http:\/\/lila.valnaloneduca.com\/cpvirgendelasmareas2022\/?p=57"},"modified":"2022-05-02T13:31:49","modified_gmt":"2022-05-02T13:31:49","slug":"retrato-robot-y-profesiones","status":"publish","type":"post","link":"https:\/\/lila.valnaloneduca.com\/cpvirgendelasmareas2022\/2022\/05\/02\/retrato-robot-y-profesiones\/","title":{"rendered":"Retrato robot y profesiones"},"content":{"rendered":"\n<p>Estos meses hemos estado aprendiendo mucho con todo el proyecto.<\/p>\n\n\n\n<p>Una de las actividades que m\u00e1s les hizo reflexionar fue el retraro robot. Relacionamos cada parte del cuerpo con alguna de nuestras cualidades, por ejemplo, un corazon grande si somos car\u00f1osos\/as. De esta forma trabajamos el autoconcepto y la auoestima.<\/p>\n\n\n\n<p>Otra actividad con la que disfrutamos mucho fue haciendo un peque\u00f1o debate sobre las profesiones y si alguna de ella era solo para hombres o mujeres. Tras llegar a la conclusi\u00f3n de que cada uno podr\u00eda tener el trabajo que so\u00f1ara sin importar si es hombre o mujer, pasamos a dibujar esos sue\u00f1os. Otros optaron por dibujar los trabajos de sus mamas. \u00a1V\u00eda libre a la imaginaci\u00f3n!<\/p>\n\n\n\n<figure class=\"wp-block-gallery columns-3 is-cropped wp-block-gallery-1 is-layout-flex wp-block-gallery-is-layout-flex\"><ul class=\"blocks-gallery-grid\"><li class=\"blocks-gallery-item\"><figure><img data-recalc-dims=\"1\" loading=\"lazy\" decoding=\"async\" width=\"288\" height=\"640\" src=\"https:\/\/i0.wp.com\/lila.valnaloneduca.com\/cpvirgendelasmareas2022\/wp-content\/uploads\/sites\/20\/2022\/05\/1-rotated.jpg?resize=288%2C640\" alt=\"\" data-id=\"58\" data-full-url=\"http:\/\/lila.valnaloneduca.com\/cpvirgendelasmareas2022\/wp-content\/uploads\/sites\/20\/2022\/05\/1-rotated.jpg\" data-link=\"http:\/\/lila.valnaloneduca.com\/cpvirgendelasmareas2022\/?attachment_id=58\" class=\"wp-image-58\" srcset=\"https:\/\/i0.wp.com\/lila.valnaloneduca.com\/cpvirgendelasmareas2022\/wp-content\/uploads\/sites\/20\/2022\/05\/1-rotated.jpg?w=288&amp;ssl=1 288w, https:\/\/i0.wp.com\/lila.valnaloneduca.com\/cpvirgendelasmareas2022\/wp-content\/uploads\/sites\/20\/2022\/05\/1-rotated.jpg?resize=135%2C300&amp;ssl=1 135w\" sizes=\"auto, (max-width: 288px) 85vw, 288px\" \/><\/figure><\/li><li class=\"blocks-gallery-item\"><figure><img data-recalc-dims=\"1\" loading=\"lazy\" decoding=\"async\" width=\"640\" height=\"288\" src=\"https:\/\/i0.wp.com\/lila.valnaloneduca.com\/cpvirgendelasmareas2022\/wp-content\/uploads\/sites\/20\/2022\/05\/2.jpg?resize=640%2C288\" alt=\"\" data-id=\"59\" data-full-url=\"http:\/\/lila.valnaloneduca.com\/cpvirgendelasmareas2022\/wp-content\/uploads\/sites\/20\/2022\/05\/2.jpg\" data-link=\"http:\/\/lila.valnaloneduca.com\/cpvirgendelasmareas2022\/?attachment_id=59\" class=\"wp-image-59\" srcset=\"https:\/\/i0.wp.com\/lila.valnaloneduca.com\/cpvirgendelasmareas2022\/wp-content\/uploads\/sites\/20\/2022\/05\/2.jpg?w=640&amp;ssl=1 640w, https:\/\/i0.wp.com\/lila.valnaloneduca.com\/cpvirgendelasmareas2022\/wp-content\/uploads\/sites\/20\/2022\/05\/2.jpg?resize=300%2C135&amp;ssl=1 300w\" sizes=\"auto, (max-width: 709px) 85vw, (max-width: 909px) 67vw, (max-width: 984px) 61vw, (max-width: 1362px) 45vw, 600px\" \/><\/figure><\/li><li class=\"blocks-gallery-item\"><figure><img data-recalc-dims=\"1\" loading=\"lazy\" decoding=\"async\" width=\"640\" height=\"288\" src=\"https:\/\/i0.wp.com\/lila.valnaloneduca.com\/cpvirgendelasmareas2022\/wp-content\/uploads\/sites\/20\/2022\/05\/3.jpg?resize=640%2C288\" alt=\"\" data-id=\"60\" data-full-url=\"http:\/\/lila.valnaloneduca.com\/cpvirgendelasmareas2022\/wp-content\/uploads\/sites\/20\/2022\/05\/3.jpg\" data-link=\"http:\/\/lila.valnaloneduca.com\/cpvirgendelasmareas2022\/?attachment_id=60\" class=\"wp-image-60\" srcset=\"https:\/\/i0.wp.com\/lila.valnaloneduca.com\/cpvirgendelasmareas2022\/wp-content\/uploads\/sites\/20\/2022\/05\/3.jpg?w=640&amp;ssl=1 640w, https:\/\/i0.wp.com\/lila.valnaloneduca.com\/cpvirgendelasmareas2022\/wp-content\/uploads\/sites\/20\/2022\/05\/3.jpg?resize=300%2C135&amp;ssl=1 300w\" sizes=\"auto, (max-width: 709px) 85vw, (max-width: 909px) 67vw, (max-width: 984px) 61vw, (max-width: 1362px) 45vw, 600px\" \/><\/figure><\/li><li class=\"blocks-gallery-item\"><figure><img data-recalc-dims=\"1\" loading=\"lazy\" decoding=\"async\" width=\"288\" height=\"640\" src=\"https:\/\/i0.wp.com\/lila.valnaloneduca.com\/cpvirgendelasmareas2022\/wp-content\/uploads\/sites\/20\/2022\/05\/4-rotated.jpg?resize=288%2C640\" alt=\"\" data-id=\"61\" data-full-url=\"http:\/\/lila.valnaloneduca.com\/cpvirgendelasmareas2022\/wp-content\/uploads\/sites\/20\/2022\/05\/4-rotated.jpg\" data-link=\"http:\/\/lila.valnaloneduca.com\/cpvirgendelasmareas2022\/?attachment_id=61\" class=\"wp-image-61\" srcset=\"https:\/\/i0.wp.com\/lila.valnaloneduca.com\/cpvirgendelasmareas2022\/wp-content\/uploads\/sites\/20\/2022\/05\/4-rotated.jpg?w=288&amp;ssl=1 288w, https:\/\/i0.wp.com\/lila.valnaloneduca.com\/cpvirgendelasmareas2022\/wp-content\/uploads\/sites\/20\/2022\/05\/4-rotated.jpg?resize=135%2C300&amp;ssl=1 135w\" sizes=\"auto, (max-width: 288px) 85vw, 288px\" \/><\/figure><\/li><li class=\"blocks-gallery-item\"><figure><img data-recalc-dims=\"1\" loading=\"lazy\" decoding=\"async\" width=\"640\" height=\"288\" src=\"https:\/\/i0.wp.com\/lila.valnaloneduca.com\/cpvirgendelasmareas2022\/wp-content\/uploads\/sites\/20\/2022\/05\/5.jpg?resize=640%2C288\" alt=\"\" data-id=\"62\" data-full-url=\"http:\/\/lila.valnaloneduca.com\/cpvirgendelasmareas2022\/wp-content\/uploads\/sites\/20\/2022\/05\/5.jpg\" data-link=\"http:\/\/lila.valnaloneduca.com\/cpvirgendelasmareas2022\/?attachment_id=62\" class=\"wp-image-62\" srcset=\"https:\/\/i0.wp.com\/lila.valnaloneduca.com\/cpvirgendelasmareas2022\/wp-content\/uploads\/sites\/20\/2022\/05\/5.jpg?w=640&amp;ssl=1 640w, https:\/\/i0.wp.com\/lila.valnaloneduca.com\/cpvirgendelasmareas2022\/wp-content\/uploads\/sites\/20\/2022\/05\/5.jpg?resize=300%2C135&amp;ssl=1 300w\" sizes=\"auto, (max-width: 709px) 85vw, (max-width: 909px) 67vw, (max-width: 984px) 61vw, (max-width: 1362px) 45vw, 600px\" \/><\/figure><\/li><\/ul><\/figure>\n","protected":false},"excerpt":{"rendered":"<p>Estos meses hemos estado aprendiendo mucho con todo el proyecto. Una de las actividades que m\u00e1s les hizo reflexionar fue el retraro robot. Relacionamos cada parte del cuerpo con alguna de nuestras cualidades, por ejemplo, un corazon grande si somos car\u00f1osos\/as. De esta forma trabajamos el autoconcepto y la auoestima. Otra actividad con la que &hellip; <a href=\"https:\/\/lila.valnaloneduca.com\/cpvirgendelasmareas2022\/2022\/05\/02\/retrato-robot-y-profesiones\/\" class=\"more-link\">Continuar leyendo<span class=\"screen-reader-text\"> \u00abRetrato robot y profesiones\u00bb<\/span><\/a><\/p>\n","protected":false},"author":19,"featured_media":0,"comment_status":"open","ping_status":"open","sticky":false,"template":"","format":"standard","meta":{"_jetpack_memberships_contains_paid_content":false,"footnotes":""},"categories":[1],"tags":[],"class_list":["post-57","post","type-post","status-publish","format-standard","hentry","category-sin-categoria"],"yoast_head":"<!-- This site is optimized with the Yoast SEO plugin v27.5 - https:\/\/yoast.com\/product\/yoast-seo-wordpress\/ -->\n<title>Retrato robot y profesiones - LILA - La Igualdad Lleva A... - C.P. VIRGEN DE LAS MAREAS - Avil\u00e9s - 21\/22<\/title>\n<meta name=\"robots\" content=\"index, follow, max-snippet:-1, max-image-preview:large, max-video-preview:-1\" \/>\n<link rel=\"canonical\" href=\"http:\/\/lila.valnaloneduca.com\/cpvirgendelasmareas2022\/2022\/05\/02\/retrato-robot-y-profesiones\/\" \/>\n<meta property=\"og:locale\" content=\"es_ES\" \/>\n<meta property=\"og:type\" content=\"article\" \/>\n<meta property=\"og:title\" content=\"Retrato robot y profesiones - LILA - La Igualdad Lleva A... - C.P. VIRGEN DE LAS MAREAS - Avil\u00e9s - 21\/22\" \/>\n<meta property=\"og:description\" content=\"Estos meses hemos estado aprendiendo mucho con todo el proyecto. Una de las actividades que m\u00e1s les hizo reflexionar fue el retraro robot. Relacionamos cada parte del cuerpo con alguna de nuestras cualidades, por ejemplo, un corazon grande si somos car\u00f1osos\/as. De esta forma trabajamos el autoconcepto y la auoestima. Otra actividad con la que &hellip; Continuar leyendo &quot;Retrato robot y profesiones&quot;\" \/>\n<meta property=\"og:url\" content=\"http:\/\/lila.valnaloneduca.com\/cpvirgendelasmareas2022\/2022\/05\/02\/retrato-robot-y-profesiones\/\" \/>\n<meta property=\"og:site_name\" content=\"LILA - La Igualdad Lleva A... - C.P. VIRGEN DE LAS MAREAS - Avil\u00e9s - 21\/22\" \/>\n<meta property=\"article:published_time\" content=\"2022-05-02T13:31:48+00:00\" \/>\n<meta property=\"article:modified_time\" content=\"2022-05-02T13:31:49+00:00\" \/>\n<meta property=\"og:image\" content=\"http:\/\/lila.valnaloneduca.com\/cpvirgendelasmareas2022\/wp-content\/uploads\/sites\/20\/2022\/05\/1-rotated.jpg\" \/>\n<meta name=\"twitter:card\" content=\"summary_large_image\" \/>\n<meta name=\"twitter:label1\" content=\"Escrito por\" \/>\n\t<meta name=\"twitter:data1\" content=\"\" \/>\n\t<meta name=\"twitter:label2\" content=\"Tiempo de lectura\" \/>\n\t<meta name=\"twitter:data2\" content=\"2 minutos\" \/>\n<script type=\"application\/ld+json\" class=\"yoast-schema-graph\">{\"@context\":\"https:\\\/\\\/schema.org\",\"@graph\":[{\"@type\":\"Article\",\"@id\":\"http:\\\/\\\/lila.valnaloneduca.com\\\/cpvirgendelasmareas2022\\\/2022\\\/05\\\/02\\\/retrato-robot-y-profesiones\\\/#article\",\"isPartOf\":{\"@id\":\"http:\\\/\\\/lila.valnaloneduca.com\\\/cpvirgendelasmareas2022\\\/2022\\\/05\\\/02\\\/retrato-robot-y-profesiones\\\/\"},\"author\":{\"name\":\"\",\"@id\":\"\"},\"headline\":\"Retrato robot y profesiones\",\"datePublished\":\"2022-05-02T13:31:48+00:00\",\"dateModified\":\"2022-05-02T13:31:49+00:00\",\"mainEntityOfPage\":{\"@id\":\"http:\\\/\\\/lila.valnaloneduca.com\\\/cpvirgendelasmareas2022\\\/2022\\\/05\\\/02\\\/retrato-robot-y-profesiones\\\/\"},\"wordCount\":131,\"commentCount\":0,\"publisher\":{\"@id\":\"http:\\\/\\\/lila.valnaloneduca.com\\\/cpvirgendelasmareas2022\\\/#organization\"},\"image\":{\"@id\":\"http:\\\/\\\/lila.valnaloneduca.com\\\/cpvirgendelasmareas2022\\\/2022\\\/05\\\/02\\\/retrato-robot-y-profesiones\\\/#primaryimage\"},\"thumbnailUrl\":\"http:\\\/\\\/lila.valnaloneduca.com\\\/cpvirgendelasmareas2022\\\/wp-content\\\/uploads\\\/sites\\\/20\\\/2022\\\/05\\\/1-rotated.jpg\",\"inLanguage\":\"es\",\"potentialAction\":[{\"@type\":\"CommentAction\",\"name\":\"Comment\",\"target\":[\"http:\\\/\\\/lila.valnaloneduca.com\\\/cpvirgendelasmareas2022\\\/2022\\\/05\\\/02\\\/retrato-robot-y-profesiones\\\/#respond\"]}]},{\"@type\":\"WebPage\",\"@id\":\"http:\\\/\\\/lila.valnaloneduca.com\\\/cpvirgendelasmareas2022\\\/2022\\\/05\\\/02\\\/retrato-robot-y-profesiones\\\/\",\"url\":\"http:\\\/\\\/lila.valnaloneduca.com\\\/cpvirgendelasmareas2022\\\/2022\\\/05\\\/02\\\/retrato-robot-y-profesiones\\\/\",\"name\":\"Retrato robot y profesiones - LILA - La Igualdad Lleva A... - C.P. VIRGEN DE LAS MAREAS - Avil\u00e9s - 21\\\/22\",\"isPartOf\":{\"@id\":\"http:\\\/\\\/lila.valnaloneduca.com\\\/cpvirgendelasmareas2022\\\/#website\"},\"primaryImageOfPage\":{\"@id\":\"http:\\\/\\\/lila.valnaloneduca.com\\\/cpvirgendelasmareas2022\\\/2022\\\/05\\\/02\\\/retrato-robot-y-profesiones\\\/#primaryimage\"},\"image\":{\"@id\":\"http:\\\/\\\/lila.valnaloneduca.com\\\/cpvirgendelasmareas2022\\\/2022\\\/05\\\/02\\\/retrato-robot-y-profesiones\\\/#primaryimage\"},\"thumbnailUrl\":\"http:\\\/\\\/lila.valnaloneduca.com\\\/cpvirgendelasmareas2022\\\/wp-content\\\/uploads\\\/sites\\\/20\\\/2022\\\/05\\\/1-rotated.jpg\",\"datePublished\":\"2022-05-02T13:31:48+00:00\",\"dateModified\":\"2022-05-02T13:31:49+00:00\",\"breadcrumb\":{\"@id\":\"http:\\\/\\\/lila.valnaloneduca.com\\\/cpvirgendelasmareas2022\\\/2022\\\/05\\\/02\\\/retrato-robot-y-profesiones\\\/#breadcrumb\"},\"inLanguage\":\"es\",\"potentialAction\":[{\"@type\":\"ReadAction\",\"target\":[\"http:\\\/\\\/lila.valnaloneduca.com\\\/cpvirgendelasmareas2022\\\/2022\\\/05\\\/02\\\/retrato-robot-y-profesiones\\\/\"]}]},{\"@type\":\"ImageObject\",\"inLanguage\":\"es\",\"@id\":\"http:\\\/\\\/lila.valnaloneduca.com\\\/cpvirgendelasmareas2022\\\/2022\\\/05\\\/02\\\/retrato-robot-y-profesiones\\\/#primaryimage\",\"url\":\"https:\\\/\\\/i0.wp.com\\\/lila.valnaloneduca.com\\\/cpvirgendelasmareas2022\\\/wp-content\\\/uploads\\\/sites\\\/20\\\/2022\\\/05\\\/1-rotated.jpg?fit=288%2C640&ssl=1\",\"contentUrl\":\"https:\\\/\\\/i0.wp.com\\\/lila.valnaloneduca.com\\\/cpvirgendelasmareas2022\\\/wp-content\\\/uploads\\\/sites\\\/20\\\/2022\\\/05\\\/1-rotated.jpg?fit=288%2C640&ssl=1\",\"width\":288,\"height\":640},{\"@type\":\"BreadcrumbList\",\"@id\":\"http:\\\/\\\/lila.valnaloneduca.com\\\/cpvirgendelasmareas2022\\\/2022\\\/05\\\/02\\\/retrato-robot-y-profesiones\\\/#breadcrumb\",\"itemListElement\":[{\"@type\":\"ListItem\",\"position\":1,\"name\":\"Portada\",\"item\":\"http:\\\/\\\/lila.valnaloneduca.com\\\/cpvirgendelasmareas2022\\\/\"},{\"@type\":\"ListItem\",\"position\":2,\"name\":\"Retrato robot y profesiones\"}]},{\"@type\":\"WebSite\",\"@id\":\"http:\\\/\\\/lila.valnaloneduca.com\\\/cpvirgendelasmareas2022\\\/#website\",\"url\":\"http:\\\/\\\/lila.valnaloneduca.com\\\/cpvirgendelasmareas2022\\\/\",\"name\":\"LILA - La Igualdad Lleva A... - C.P. VIRGEN DE LAS MAREAS - Avil\u00e9s - 21\\\/22\",\"description\":\"La Igualdad Lleva A (LILA) es un Proyecto educativo de la Cadena de Formaci\u00f3n para Emprender del Principado de Asturias, que promueve el desarrollo de competencias emprendedoras al servicio de un trabajo para el empoderamiento y la promoci\u00f3n de la igualdad entre ni\u00f1os y ni\u00f1as de 3\u00ba y 4\u00ba curso de Educaci\u00f3n Primaria.\",\"publisher\":{\"@id\":\"http:\\\/\\\/lila.valnaloneduca.com\\\/cpvirgendelasmareas2022\\\/#organization\"},\"potentialAction\":[{\"@type\":\"SearchAction\",\"target\":{\"@type\":\"EntryPoint\",\"urlTemplate\":\"http:\\\/\\\/lila.valnaloneduca.com\\\/cpvirgendelasmareas2022\\\/?s={search_term_string}\"},\"query-input\":{\"@type\":\"PropertyValueSpecification\",\"valueRequired\":true,\"valueName\":\"search_term_string\"}}],\"inLanguage\":\"es\"},{\"@type\":\"Organization\",\"@id\":\"http:\\\/\\\/lila.valnaloneduca.com\\\/cpvirgendelasmareas2022\\\/#organization\",\"name\":\"LILA - La Igualdad Lleva A... - C.P. VIRGEN DE LAS MAREAS - Avil\u00e9s - 21\\\/22\",\"url\":\"http:\\\/\\\/lila.valnaloneduca.com\\\/cpvirgendelasmareas2022\\\/\",\"logo\":{\"@type\":\"ImageObject\",\"inLanguage\":\"es\",\"@id\":\"http:\\\/\\\/lila.valnaloneduca.com\\\/cpvirgendelasmareas2022\\\/#\\\/schema\\\/logo\\\/image\\\/\",\"url\":\"https:\\\/\\\/i0.wp.com\\\/lila.valnaloneduca.com\\\/cpvirgendelasmareas2022\\\/wp-content\\\/uploads\\\/sites\\\/20\\\/2021\\\/10\\\/cropped-cabecero-1.png?fit=240%2C118&ssl=1\",\"contentUrl\":\"https:\\\/\\\/i0.wp.com\\\/lila.valnaloneduca.com\\\/cpvirgendelasmareas2022\\\/wp-content\\\/uploads\\\/sites\\\/20\\\/2021\\\/10\\\/cropped-cabecero-1.png?fit=240%2C118&ssl=1\",\"width\":240,\"height\":118,\"caption\":\"LILA - La Igualdad Lleva A... - C.P. VIRGEN DE LAS MAREAS - Avil\u00e9s - 21\\\/22\"},\"image\":{\"@id\":\"http:\\\/\\\/lila.valnaloneduca.com\\\/cpvirgendelasmareas2022\\\/#\\\/schema\\\/logo\\\/image\\\/\"}},{\"@type\":\"Person\",\"@id\":\"\",\"url\":\"https:\\\/\\\/lila.valnaloneduca.com\\\/cpvirgendelasmareas2022\\\/author\\\/\"}]}<\/script>\n<!-- \/ Yoast SEO plugin. -->","yoast_head_json":{"title":"Retrato robot y profesiones - LILA - La Igualdad Lleva A... - C.P. VIRGEN DE LAS MAREAS - Avil\u00e9s - 21\/22","robots":{"index":"index","follow":"follow","max-snippet":"max-snippet:-1","max-image-preview":"max-image-preview:large","max-video-preview":"max-video-preview:-1"},"canonical":"http:\/\/lila.valnaloneduca.com\/cpvirgendelasmareas2022\/2022\/05\/02\/retrato-robot-y-profesiones\/","og_locale":"es_ES","og_type":"article","og_title":"Retrato robot y profesiones - LILA - La Igualdad Lleva A... - C.P. VIRGEN DE LAS MAREAS - Avil\u00e9s - 21\/22","og_description":"Estos meses hemos estado aprendiendo mucho con todo el proyecto. Una de las actividades que m\u00e1s les hizo reflexionar fue el retraro robot. Relacionamos cada parte del cuerpo con alguna de nuestras cualidades, por ejemplo, un corazon grande si somos car\u00f1osos\/as. De esta forma trabajamos el autoconcepto y la auoestima. Otra actividad con la que &hellip; Continuar leyendo \"Retrato robot y profesiones\"","og_url":"http:\/\/lila.valnaloneduca.com\/cpvirgendelasmareas2022\/2022\/05\/02\/retrato-robot-y-profesiones\/","og_site_name":"LILA - La Igualdad Lleva A... - C.P. VIRGEN DE LAS MAREAS - Avil\u00e9s - 21\/22","article_published_time":"2022-05-02T13:31:48+00:00","article_modified_time":"2022-05-02T13:31:49+00:00","og_image":[{"url":"http:\/\/lila.valnaloneduca.com\/cpvirgendelasmareas2022\/wp-content\/uploads\/sites\/20\/2022\/05\/1-rotated.jpg","type":"","width":"","height":""}],"twitter_card":"summary_large_image","twitter_misc":{"Escrito por":"","Tiempo de lectura":"2 minutos"},"schema":{"@context":"https:\/\/schema.org","@graph":[{"@type":"Article","@id":"http:\/\/lila.valnaloneduca.com\/cpvirgendelasmareas2022\/2022\/05\/02\/retrato-robot-y-profesiones\/#article","isPartOf":{"@id":"http:\/\/lila.valnaloneduca.com\/cpvirgendelasmareas2022\/2022\/05\/02\/retrato-robot-y-profesiones\/"},"author":{"name":"","@id":""},"headline":"Retrato robot y profesiones","datePublished":"2022-05-02T13:31:48+00:00","dateModified":"2022-05-02T13:31:49+00:00","mainEntityOfPage":{"@id":"http:\/\/lila.valnaloneduca.com\/cpvirgendelasmareas2022\/2022\/05\/02\/retrato-robot-y-profesiones\/"},"wordCount":131,"commentCount":0,"publisher":{"@id":"http:\/\/lila.valnaloneduca.com\/cpvirgendelasmareas2022\/#organization"},"image":{"@id":"http:\/\/lila.valnaloneduca.com\/cpvirgendelasmareas2022\/2022\/05\/02\/retrato-robot-y-profesiones\/#primaryimage"},"thumbnailUrl":"http:\/\/lila.valnaloneduca.com\/cpvirgendelasmareas2022\/wp-content\/uploads\/sites\/20\/2022\/05\/1-rotated.jpg","inLanguage":"es","potentialAction":[{"@type":"CommentAction","name":"Comment","target":["http:\/\/lila.valnaloneduca.com\/cpvirgendelasmareas2022\/2022\/05\/02\/retrato-robot-y-profesiones\/#respond"]}]},{"@type":"WebPage","@id":"http:\/\/lila.valnaloneduca.com\/cpvirgendelasmareas2022\/2022\/05\/02\/retrato-robot-y-profesiones\/","url":"http:\/\/lila.valnaloneduca.com\/cpvirgendelasmareas2022\/2022\/05\/02\/retrato-robot-y-profesiones\/","name":"Retrato robot y profesiones - LILA - La Igualdad Lleva A... - C.P. VIRGEN DE LAS MAREAS - Avil\u00e9s - 21\/22","isPartOf":{"@id":"http:\/\/lila.valnaloneduca.com\/cpvirgendelasmareas2022\/#website"},"primaryImageOfPage":{"@id":"http:\/\/lila.valnaloneduca.com\/cpvirgendelasmareas2022\/2022\/05\/02\/retrato-robot-y-profesiones\/#primaryimage"},"image":{"@id":"http:\/\/lila.valnaloneduca.com\/cpvirgendelasmareas2022\/2022\/05\/02\/retrato-robot-y-profesiones\/#primaryimage"},"thumbnailUrl":"http:\/\/lila.valnaloneduca.com\/cpvirgendelasmareas2022\/wp-content\/uploads\/sites\/20\/2022\/05\/1-rotated.jpg","datePublished":"2022-05-02T13:31:48+00:00","dateModified":"2022-05-02T13:31:49+00:00","breadcrumb":{"@id":"http:\/\/lila.valnaloneduca.com\/cpvirgendelasmareas2022\/2022\/05\/02\/retrato-robot-y-profesiones\/#breadcrumb"},"inLanguage":"es","potentialAction":[{"@type":"ReadAction","target":["http:\/\/lila.valnaloneduca.com\/cpvirgendelasmareas2022\/2022\/05\/02\/retrato-robot-y-profesiones\/"]}]},{"@type":"ImageObject","inLanguage":"es","@id":"http:\/\/lila.valnaloneduca.com\/cpvirgendelasmareas2022\/2022\/05\/02\/retrato-robot-y-profesiones\/#primaryimage","url":"https:\/\/i0.wp.com\/lila.valnaloneduca.com\/cpvirgendelasmareas2022\/wp-content\/uploads\/sites\/20\/2022\/05\/1-rotated.jpg?fit=288%2C640&ssl=1","contentUrl":"https:\/\/i0.wp.com\/lila.valnaloneduca.com\/cpvirgendelasmareas2022\/wp-content\/uploads\/sites\/20\/2022\/05\/1-rotated.jpg?fit=288%2C640&ssl=1","width":288,"height":640},{"@type":"BreadcrumbList","@id":"http:\/\/lila.valnaloneduca.com\/cpvirgendelasmareas2022\/2022\/05\/02\/retrato-robot-y-profesiones\/#breadcrumb","itemListElement":[{"@type":"ListItem","position":1,"name":"Portada","item":"http:\/\/lila.valnaloneduca.com\/cpvirgendelasmareas2022\/"},{"@type":"ListItem","position":2,"name":"Retrato robot y profesiones"}]},{"@type":"WebSite","@id":"http:\/\/lila.valnaloneduca.com\/cpvirgendelasmareas2022\/#website","url":"http:\/\/lila.valnaloneduca.com\/cpvirgendelasmareas2022\/","name":"LILA - La Igualdad Lleva A... - C.P. VIRGEN DE LAS MAREAS - Avil\u00e9s - 21\/22","description":"La Igualdad Lleva A (LILA) es un Proyecto educativo de la Cadena de Formaci\u00f3n para Emprender del Principado de Asturias, que promueve el desarrollo de competencias emprendedoras al servicio de un trabajo para el empoderamiento y la promoci\u00f3n de la igualdad entre ni\u00f1os y ni\u00f1as de 3\u00ba y 4\u00ba curso de Educaci\u00f3n Primaria.","publisher":{"@id":"http:\/\/lila.valnaloneduca.com\/cpvirgendelasmareas2022\/#organization"},"potentialAction":[{"@type":"SearchAction","target":{"@type":"EntryPoint","urlTemplate":"http:\/\/lila.valnaloneduca.com\/cpvirgendelasmareas2022\/?s={search_term_string}"},"query-input":{"@type":"PropertyValueSpecification","valueRequired":true,"valueName":"search_term_string"}}],"inLanguage":"es"},{"@type":"Organization","@id":"http:\/\/lila.valnaloneduca.com\/cpvirgendelasmareas2022\/#organization","name":"LILA - La Igualdad Lleva A... - C.P. VIRGEN DE LAS MAREAS - Avil\u00e9s - 21\/22","url":"http:\/\/lila.valnaloneduca.com\/cpvirgendelasmareas2022\/","logo":{"@type":"ImageObject","inLanguage":"es","@id":"http:\/\/lila.valnaloneduca.com\/cpvirgendelasmareas2022\/#\/schema\/logo\/image\/","url":"https:\/\/i0.wp.com\/lila.valnaloneduca.com\/cpvirgendelasmareas2022\/wp-content\/uploads\/sites\/20\/2021\/10\/cropped-cabecero-1.png?fit=240%2C118&ssl=1","contentUrl":"https:\/\/i0.wp.com\/lila.valnaloneduca.com\/cpvirgendelasmareas2022\/wp-content\/uploads\/sites\/20\/2021\/10\/cropped-cabecero-1.png?fit=240%2C118&ssl=1","width":240,"height":118,"caption":"LILA - La Igualdad Lleva A... - C.P. VIRGEN DE LAS MAREAS - Avil\u00e9s - 21\/22"},"image":{"@id":"http:\/\/lila.valnaloneduca.com\/cpvirgendelasmareas2022\/#\/schema\/logo\/image\/"}},{"@type":"Person","@id":"","url":"https:\/\/lila.valnaloneduca.com\/cpvirgendelasmareas2022\/author\/"}]}},"jetpack_featured_media_url":"","jetpack_sharing_enabled":true,"_links":{"self":[{"href":"https:\/\/lila.valnaloneduca.com\/cpvirgendelasmareas2022\/wp-json\/wp\/v2\/posts\/57","targetHints":{"allow":["GET"]}}],"collection":[{"href":"https:\/\/lila.valnaloneduca.com\/cpvirgendelasmareas2022\/wp-json\/wp\/v2\/posts"}],"about":[{"href":"https:\/\/lila.valnaloneduca.com\/cpvirgendelasmareas2022\/wp-json\/wp\/v2\/types\/post"}],"author":[{"embeddable":true,"href":"https:\/\/lila.valnaloneduca.com\/cpvirgendelasmareas2022\/wp-json\/wp\/v2\/users\/19"}],"replies":[{"embeddable":true,"href":"https:\/\/lila.valnaloneduca.com\/cpvirgendelasmareas2022\/wp-json\/wp\/v2\/comments?post=57"}],"version-history":[{"count":1,"href":"https:\/\/lila.valnaloneduca.com\/cpvirgendelasmareas2022\/wp-json\/wp\/v2\/posts\/57\/revisions"}],"predecessor-version":[{"id":63,"href":"https:\/\/lila.valnaloneduca.com\/cpvirgendelasmareas2022\/wp-json\/wp\/v2\/posts\/57\/revisions\/63"}],"wp:attachment":[{"href":"https:\/\/lila.valnaloneduca.com\/cpvirgendelasmareas2022\/wp-json\/wp\/v2\/media?parent=57"}],"wp:term":[{"taxonomy":"category","embeddable":true,"href":"https:\/\/lila.valnaloneduca.com\/cpvirgendelasmareas2022\/wp-json\/wp\/v2\/categories?post=57"},{"taxonomy":"post_tag","embeddable":true,"href":"https:\/\/lila.valnaloneduca.com\/cpvirgendelasmareas2022\/wp-json\/wp\/v2\/tags?post=57"}],"curies":[{"name":"wp","href":"https:\/\/api.w.org\/{rel}","templated":true}]}}