{"id":64,"date":"2022-05-02T13:48:35","date_gmt":"2022-05-02T13:48:35","guid":{"rendered":"http:\/\/lila.valnaloneduca.com\/cpvirgendelasmareas2022\/?p=64"},"modified":"2022-05-02T13:48:36","modified_gmt":"2022-05-02T13:48:36","slug":"8-m","status":"publish","type":"post","link":"https:\/\/lila.valnaloneduca.com\/cpvirgendelasmareas2022\/2022\/05\/02\/8-m\/","title":{"rendered":"8-M"},"content":{"rendered":"\n<p>Desde el C.P. Virgen de las Mareas no pod\u00edamos olvidar un d\u00eda tan importante. Para conmemoran este d\u00eda los alumnos hicieron una actividad muy interesante sobre mujeres de diferentes contextos, cient\u00edficas, astronautas, maestras, incluso alguna gitana, puesto que es algo que tienen en com\u00fan. <\/p>\n\n\n\n<p>Les propusimos el siguiente juego: ten\u00edan que leer la biograf\u00eda de las mujeres e intentar emparejarla con la foto correspondiente. Os dejamos un video que resume bien nuestra experiencia. <\/p>\n\n\n\n<p><a href=\"https:\/\/drive.google.com\/file\/d\/1f3QwFhLg2OcjuoME5Ul36WTqpcHHtpcf\/view?usp=sharing\">https:\/\/drive.google.com\/file\/d\/1f3QwFhLg2OcjuoME5Ul36WTqpcHHtpcf\/view?usp=sharing<\/a><\/p>\n\n\n\n<div class=\"wp-block-jetpack-tiled-gallery aligncenter is-style-rectangular\"><div class=\"tiled-gallery__gallery\"><div class=\"tiled-gallery__row\"><div class=\"tiled-gallery__col\" style=\"flex-basis:16.98330%\"><figure class=\"tiled-gallery__item\"><img decoding=\"async\" srcset=\"https:\/\/i2.wp.com\/lila.valnaloneduca.com\/cpvirgendelasmareas2022\/wp-content\/uploads\/sites\/20\/2022\/05\/6-rotated.jpg?strip=info&#038;w=288 288w\" alt=\"\" data-height=\"640\" data-id=\"65\" data-link=\"http:\/\/lila.valnaloneduca.com\/cpvirgendelasmareas2022\/?attachment_id=65\" data-url=\"http:\/\/lila.valnaloneduca.com\/cpvirgendelasmareas2022\/wp-content\/uploads\/sites\/20\/2022\/05\/6-rotated.jpg\" data-width=\"288\" src=\"https:\/\/i2.wp.com\/lila.valnaloneduca.com\/cpvirgendelasmareas2022\/wp-content\/uploads\/sites\/20\/2022\/05\/6-rotated.jpg\" data-amp-layout=\"responsive\" \/><\/figure><\/div><div class=\"tiled-gallery__col\" style=\"flex-basis:83.01670%\"><figure class=\"tiled-gallery__item\"><img decoding=\"async\" srcset=\"https:\/\/i0.wp.com\/lila.valnaloneduca.com\/cpvirgendelasmareas2022\/wp-content\/uploads\/sites\/20\/2022\/05\/7.jpg?strip=info&#038;w=600 600w,https:\/\/i0.wp.com\/lila.valnaloneduca.com\/cpvirgendelasmareas2022\/wp-content\/uploads\/sites\/20\/2022\/05\/7.jpg?strip=info&#038;w=640 640w\" alt=\"\" data-height=\"288\" data-id=\"66\" data-link=\"http:\/\/lila.valnaloneduca.com\/cpvirgendelasmareas2022\/?attachment_id=66\" data-url=\"http:\/\/lila.valnaloneduca.com\/cpvirgendelasmareas2022\/wp-content\/uploads\/sites\/20\/2022\/05\/7.jpg\" data-width=\"640\" src=\"https:\/\/i0.wp.com\/lila.valnaloneduca.com\/cpvirgendelasmareas2022\/wp-content\/uploads\/sites\/20\/2022\/05\/7.jpg\" data-amp-layout=\"responsive\" \/><\/figure><\/div><\/div><\/div><\/div>\n\n\n\n<p>Los alumnos y alumnas se interesaron especialmente en Adela, una mujer muy interesante que pronto conoceran&#8230;<\/p>\n","protected":false},"excerpt":{"rendered":"<p>Desde el C.P. Virgen de las Mareas no pod\u00edamos olvidar un d\u00eda tan importante. Para conmemoran este d\u00eda los alumnos hicieron una actividad muy interesante sobre mujeres de diferentes contextos, cient\u00edficas, astronautas, maestras, incluso alguna gitana, puesto que es algo que tienen en com\u00fan. Les propusimos el siguiente juego: ten\u00edan que leer la biograf\u00eda de &hellip; <a href=\"https:\/\/lila.valnaloneduca.com\/cpvirgendelasmareas2022\/2022\/05\/02\/8-m\/\" class=\"more-link\">Continuar leyendo<span class=\"screen-reader-text\"> \u00ab8-M\u00bb<\/span><\/a><\/p>\n","protected":false},"author":19,"featured_media":0,"comment_status":"open","ping_status":"open","sticky":false,"template":"","format":"standard","meta":{"_jetpack_memberships_contains_paid_content":false,"footnotes":""},"categories":[1],"tags":[],"class_list":["post-64","post","type-post","status-publish","format-standard","hentry","category-sin-categoria"],"yoast_head":"<!-- This site is optimized with the Yoast SEO plugin v27.5 - https:\/\/yoast.com\/product\/yoast-seo-wordpress\/ -->\n<title>8-M - LILA - La Igualdad Lleva A... - C.P. VIRGEN DE LAS MAREAS - Avil\u00e9s - 21\/22<\/title>\n<meta name=\"robots\" content=\"index, follow, max-snippet:-1, max-image-preview:large, max-video-preview:-1\" \/>\n<link rel=\"canonical\" href=\"http:\/\/lila.valnaloneduca.com\/cpvirgendelasmareas2022\/2022\/05\/02\/8-m\/\" \/>\n<meta property=\"og:locale\" content=\"es_ES\" \/>\n<meta property=\"og:type\" content=\"article\" \/>\n<meta property=\"og:title\" content=\"8-M - LILA - La Igualdad Lleva A... - C.P. VIRGEN DE LAS MAREAS - Avil\u00e9s - 21\/22\" \/>\n<meta property=\"og:description\" content=\"Desde el C.P. Virgen de las Mareas no pod\u00edamos olvidar un d\u00eda tan importante. Para conmemoran este d\u00eda los alumnos hicieron una actividad muy interesante sobre mujeres de diferentes contextos, cient\u00edficas, astronautas, maestras, incluso alguna gitana, puesto que es algo que tienen en com\u00fan. Les propusimos el siguiente juego: ten\u00edan que leer la biograf\u00eda de &hellip; Continuar leyendo &quot;8-M&quot;\" \/>\n<meta property=\"og:url\" content=\"http:\/\/lila.valnaloneduca.com\/cpvirgendelasmareas2022\/2022\/05\/02\/8-m\/\" \/>\n<meta property=\"og:site_name\" content=\"LILA - La Igualdad Lleva A... - C.P. VIRGEN DE LAS MAREAS - Avil\u00e9s - 21\/22\" \/>\n<meta property=\"article:published_time\" content=\"2022-05-02T13:48:35+00:00\" \/>\n<meta property=\"article:modified_time\" content=\"2022-05-02T13:48:36+00:00\" \/>\n<meta property=\"og:image\" content=\"https:\/\/i2.wp.com\/lila.valnaloneduca.com\/cpvirgendelasmareas2022\/wp-content\/uploads\/sites\/20\/2022\/05\/6-rotated.jpg\" \/>\n<meta name=\"twitter:card\" content=\"summary_large_image\" \/>\n<meta name=\"twitter:label1\" content=\"Escrito por\" \/>\n\t<meta name=\"twitter:data1\" content=\"\" \/>\n\t<meta name=\"twitter:label2\" content=\"Tiempo de lectura\" \/>\n\t<meta name=\"twitter:data2\" content=\"1 minuto\" \/>\n<script type=\"application\/ld+json\" class=\"yoast-schema-graph\">{\"@context\":\"https:\\\/\\\/schema.org\",\"@graph\":[{\"@type\":\"Article\",\"@id\":\"http:\\\/\\\/lila.valnaloneduca.com\\\/cpvirgendelasmareas2022\\\/2022\\\/05\\\/02\\\/8-m\\\/#article\",\"isPartOf\":{\"@id\":\"http:\\\/\\\/lila.valnaloneduca.com\\\/cpvirgendelasmareas2022\\\/2022\\\/05\\\/02\\\/8-m\\\/\"},\"author\":{\"name\":\"\",\"@id\":\"\"},\"headline\":\"8-M\",\"datePublished\":\"2022-05-02T13:48:35+00:00\",\"dateModified\":\"2022-05-02T13:48:36+00:00\",\"mainEntityOfPage\":{\"@id\":\"http:\\\/\\\/lila.valnaloneduca.com\\\/cpvirgendelasmareas2022\\\/2022\\\/05\\\/02\\\/8-m\\\/\"},\"wordCount\":112,\"commentCount\":0,\"publisher\":{\"@id\":\"http:\\\/\\\/lila.valnaloneduca.com\\\/cpvirgendelasmareas2022\\\/#organization\"},\"image\":{\"@id\":\"http:\\\/\\\/lila.valnaloneduca.com\\\/cpvirgendelasmareas2022\\\/2022\\\/05\\\/02\\\/8-m\\\/#primaryimage\"},\"thumbnailUrl\":\"https:\\\/\\\/i2.wp.com\\\/lila.valnaloneduca.com\\\/cpvirgendelasmareas2022\\\/wp-content\\\/uploads\\\/sites\\\/20\\\/2022\\\/05\\\/6-rotated.jpg\",\"inLanguage\":\"es\",\"potentialAction\":[{\"@type\":\"CommentAction\",\"name\":\"Comment\",\"target\":[\"http:\\\/\\\/lila.valnaloneduca.com\\\/cpvirgendelasmareas2022\\\/2022\\\/05\\\/02\\\/8-m\\\/#respond\"]}]},{\"@type\":\"WebPage\",\"@id\":\"http:\\\/\\\/lila.valnaloneduca.com\\\/cpvirgendelasmareas2022\\\/2022\\\/05\\\/02\\\/8-m\\\/\",\"url\":\"http:\\\/\\\/lila.valnaloneduca.com\\\/cpvirgendelasmareas2022\\\/2022\\\/05\\\/02\\\/8-m\\\/\",\"name\":\"8-M - LILA - La Igualdad Lleva A... - C.P. VIRGEN DE LAS MAREAS - Avil\u00e9s - 21\\\/22\",\"isPartOf\":{\"@id\":\"http:\\\/\\\/lila.valnaloneduca.com\\\/cpvirgendelasmareas2022\\\/#website\"},\"primaryImageOfPage\":{\"@id\":\"http:\\\/\\\/lila.valnaloneduca.com\\\/cpvirgendelasmareas2022\\\/2022\\\/05\\\/02\\\/8-m\\\/#primaryimage\"},\"image\":{\"@id\":\"http:\\\/\\\/lila.valnaloneduca.com\\\/cpvirgendelasmareas2022\\\/2022\\\/05\\\/02\\\/8-m\\\/#primaryimage\"},\"thumbnailUrl\":\"https:\\\/\\\/i2.wp.com\\\/lila.valnaloneduca.com\\\/cpvirgendelasmareas2022\\\/wp-content\\\/uploads\\\/sites\\\/20\\\/2022\\\/05\\\/6-rotated.jpg\",\"datePublished\":\"2022-05-02T13:48:35+00:00\",\"dateModified\":\"2022-05-02T13:48:36+00:00\",\"breadcrumb\":{\"@id\":\"http:\\\/\\\/lila.valnaloneduca.com\\\/cpvirgendelasmareas2022\\\/2022\\\/05\\\/02\\\/8-m\\\/#breadcrumb\"},\"inLanguage\":\"es\",\"potentialAction\":[{\"@type\":\"ReadAction\",\"target\":[\"http:\\\/\\\/lila.valnaloneduca.com\\\/cpvirgendelasmareas2022\\\/2022\\\/05\\\/02\\\/8-m\\\/\"]}]},{\"@type\":\"ImageObject\",\"inLanguage\":\"es\",\"@id\":\"http:\\\/\\\/lila.valnaloneduca.com\\\/cpvirgendelasmareas2022\\\/2022\\\/05\\\/02\\\/8-m\\\/#primaryimage\",\"url\":\"https:\\\/\\\/i2.wp.com\\\/lila.valnaloneduca.com\\\/cpvirgendelasmareas2022\\\/wp-content\\\/uploads\\\/sites\\\/20\\\/2022\\\/05\\\/6-rotated.jpg\",\"contentUrl\":\"https:\\\/\\\/i2.wp.com\\\/lila.valnaloneduca.com\\\/cpvirgendelasmareas2022\\\/wp-content\\\/uploads\\\/sites\\\/20\\\/2022\\\/05\\\/6-rotated.jpg\"},{\"@type\":\"BreadcrumbList\",\"@id\":\"http:\\\/\\\/lila.valnaloneduca.com\\\/cpvirgendelasmareas2022\\\/2022\\\/05\\\/02\\\/8-m\\\/#breadcrumb\",\"itemListElement\":[{\"@type\":\"ListItem\",\"position\":1,\"name\":\"Portada\",\"item\":\"http:\\\/\\\/lila.valnaloneduca.com\\\/cpvirgendelasmareas2022\\\/\"},{\"@type\":\"ListItem\",\"position\":2,\"name\":\"8-M\"}]},{\"@type\":\"WebSite\",\"@id\":\"http:\\\/\\\/lila.valnaloneduca.com\\\/cpvirgendelasmareas2022\\\/#website\",\"url\":\"http:\\\/\\\/lila.valnaloneduca.com\\\/cpvirgendelasmareas2022\\\/\",\"name\":\"LILA - La Igualdad Lleva A... - C.P. VIRGEN DE LAS MAREAS - Avil\u00e9s - 21\\\/22\",\"description\":\"La Igualdad Lleva A (LILA) es un Proyecto educativo de la Cadena de Formaci\u00f3n para Emprender del Principado de Asturias, que promueve el desarrollo de competencias emprendedoras al servicio de un trabajo para el empoderamiento y la promoci\u00f3n de la igualdad entre ni\u00f1os y ni\u00f1as de 3\u00ba y 4\u00ba curso de Educaci\u00f3n Primaria.\",\"publisher\":{\"@id\":\"http:\\\/\\\/lila.valnaloneduca.com\\\/cpvirgendelasmareas2022\\\/#organization\"},\"potentialAction\":[{\"@type\":\"SearchAction\",\"target\":{\"@type\":\"EntryPoint\",\"urlTemplate\":\"http:\\\/\\\/lila.valnaloneduca.com\\\/cpvirgendelasmareas2022\\\/?s={search_term_string}\"},\"query-input\":{\"@type\":\"PropertyValueSpecification\",\"valueRequired\":true,\"valueName\":\"search_term_string\"}}],\"inLanguage\":\"es\"},{\"@type\":\"Organization\",\"@id\":\"http:\\\/\\\/lila.valnaloneduca.com\\\/cpvirgendelasmareas2022\\\/#organization\",\"name\":\"LILA - La Igualdad Lleva A... - C.P. VIRGEN DE LAS MAREAS - Avil\u00e9s - 21\\\/22\",\"url\":\"http:\\\/\\\/lila.valnaloneduca.com\\\/cpvirgendelasmareas2022\\\/\",\"logo\":{\"@type\":\"ImageObject\",\"inLanguage\":\"es\",\"@id\":\"http:\\\/\\\/lila.valnaloneduca.com\\\/cpvirgendelasmareas2022\\\/#\\\/schema\\\/logo\\\/image\\\/\",\"url\":\"https:\\\/\\\/i0.wp.com\\\/lila.valnaloneduca.com\\\/cpvirgendelasmareas2022\\\/wp-content\\\/uploads\\\/sites\\\/20\\\/2021\\\/10\\\/cropped-cabecero-1.png?fit=240%2C118&ssl=1\",\"contentUrl\":\"https:\\\/\\\/i0.wp.com\\\/lila.valnaloneduca.com\\\/cpvirgendelasmareas2022\\\/wp-content\\\/uploads\\\/sites\\\/20\\\/2021\\\/10\\\/cropped-cabecero-1.png?fit=240%2C118&ssl=1\",\"width\":240,\"height\":118,\"caption\":\"LILA - La Igualdad Lleva A... - C.P. VIRGEN DE LAS MAREAS - Avil\u00e9s - 21\\\/22\"},\"image\":{\"@id\":\"http:\\\/\\\/lila.valnaloneduca.com\\\/cpvirgendelasmareas2022\\\/#\\\/schema\\\/logo\\\/image\\\/\"}},{\"@type\":\"Person\",\"@id\":\"\",\"url\":\"https:\\\/\\\/lila.valnaloneduca.com\\\/cpvirgendelasmareas2022\\\/author\\\/\"}]}<\/script>\n<!-- \/ Yoast SEO plugin. -->","yoast_head_json":{"title":"8-M - LILA - La Igualdad Lleva A... - C.P. VIRGEN DE LAS MAREAS - Avil\u00e9s - 21\/22","robots":{"index":"index","follow":"follow","max-snippet":"max-snippet:-1","max-image-preview":"max-image-preview:large","max-video-preview":"max-video-preview:-1"},"canonical":"http:\/\/lila.valnaloneduca.com\/cpvirgendelasmareas2022\/2022\/05\/02\/8-m\/","og_locale":"es_ES","og_type":"article","og_title":"8-M - LILA - La Igualdad Lleva A... - C.P. VIRGEN DE LAS MAREAS - Avil\u00e9s - 21\/22","og_description":"Desde el C.P. Virgen de las Mareas no pod\u00edamos olvidar un d\u00eda tan importante. Para conmemoran este d\u00eda los alumnos hicieron una actividad muy interesante sobre mujeres de diferentes contextos, cient\u00edficas, astronautas, maestras, incluso alguna gitana, puesto que es algo que tienen en com\u00fan. Les propusimos el siguiente juego: ten\u00edan que leer la biograf\u00eda de &hellip; Continuar leyendo \"8-M\"","og_url":"http:\/\/lila.valnaloneduca.com\/cpvirgendelasmareas2022\/2022\/05\/02\/8-m\/","og_site_name":"LILA - La Igualdad Lleva A... - C.P. VIRGEN DE LAS MAREAS - Avil\u00e9s - 21\/22","article_published_time":"2022-05-02T13:48:35+00:00","article_modified_time":"2022-05-02T13:48:36+00:00","og_image":[{"url":"https:\/\/i2.wp.com\/lila.valnaloneduca.com\/cpvirgendelasmareas2022\/wp-content\/uploads\/sites\/20\/2022\/05\/6-rotated.jpg","type":"","width":"","height":""}],"twitter_card":"summary_large_image","twitter_misc":{"Escrito por":"","Tiempo de lectura":"1 minuto"},"schema":{"@context":"https:\/\/schema.org","@graph":[{"@type":"Article","@id":"http:\/\/lila.valnaloneduca.com\/cpvirgendelasmareas2022\/2022\/05\/02\/8-m\/#article","isPartOf":{"@id":"http:\/\/lila.valnaloneduca.com\/cpvirgendelasmareas2022\/2022\/05\/02\/8-m\/"},"author":{"name":"","@id":""},"headline":"8-M","datePublished":"2022-05-02T13:48:35+00:00","dateModified":"2022-05-02T13:48:36+00:00","mainEntityOfPage":{"@id":"http:\/\/lila.valnaloneduca.com\/cpvirgendelasmareas2022\/2022\/05\/02\/8-m\/"},"wordCount":112,"commentCount":0,"publisher":{"@id":"http:\/\/lila.valnaloneduca.com\/cpvirgendelasmareas2022\/#organization"},"image":{"@id":"http:\/\/lila.valnaloneduca.com\/cpvirgendelasmareas2022\/2022\/05\/02\/8-m\/#primaryimage"},"thumbnailUrl":"https:\/\/i2.wp.com\/lila.valnaloneduca.com\/cpvirgendelasmareas2022\/wp-content\/uploads\/sites\/20\/2022\/05\/6-rotated.jpg","inLanguage":"es","potentialAction":[{"@type":"CommentAction","name":"Comment","target":["http:\/\/lila.valnaloneduca.com\/cpvirgendelasmareas2022\/2022\/05\/02\/8-m\/#respond"]}]},{"@type":"WebPage","@id":"http:\/\/lila.valnaloneduca.com\/cpvirgendelasmareas2022\/2022\/05\/02\/8-m\/","url":"http:\/\/lila.valnaloneduca.com\/cpvirgendelasmareas2022\/2022\/05\/02\/8-m\/","name":"8-M - LILA - La Igualdad Lleva A... - C.P. VIRGEN DE LAS MAREAS - Avil\u00e9s - 21\/22","isPartOf":{"@id":"http:\/\/lila.valnaloneduca.com\/cpvirgendelasmareas2022\/#website"},"primaryImageOfPage":{"@id":"http:\/\/lila.valnaloneduca.com\/cpvirgendelasmareas2022\/2022\/05\/02\/8-m\/#primaryimage"},"image":{"@id":"http:\/\/lila.valnaloneduca.com\/cpvirgendelasmareas2022\/2022\/05\/02\/8-m\/#primaryimage"},"thumbnailUrl":"https:\/\/i2.wp.com\/lila.valnaloneduca.com\/cpvirgendelasmareas2022\/wp-content\/uploads\/sites\/20\/2022\/05\/6-rotated.jpg","datePublished":"2022-05-02T13:48:35+00:00","dateModified":"2022-05-02T13:48:36+00:00","breadcrumb":{"@id":"http:\/\/lila.valnaloneduca.com\/cpvirgendelasmareas2022\/2022\/05\/02\/8-m\/#breadcrumb"},"inLanguage":"es","potentialAction":[{"@type":"ReadAction","target":["http:\/\/lila.valnaloneduca.com\/cpvirgendelasmareas2022\/2022\/05\/02\/8-m\/"]}]},{"@type":"ImageObject","inLanguage":"es","@id":"http:\/\/lila.valnaloneduca.com\/cpvirgendelasmareas2022\/2022\/05\/02\/8-m\/#primaryimage","url":"https:\/\/i2.wp.com\/lila.valnaloneduca.com\/cpvirgendelasmareas2022\/wp-content\/uploads\/sites\/20\/2022\/05\/6-rotated.jpg","contentUrl":"https:\/\/i2.wp.com\/lila.valnaloneduca.com\/cpvirgendelasmareas2022\/wp-content\/uploads\/sites\/20\/2022\/05\/6-rotated.jpg"},{"@type":"BreadcrumbList","@id":"http:\/\/lila.valnaloneduca.com\/cpvirgendelasmareas2022\/2022\/05\/02\/8-m\/#breadcrumb","itemListElement":[{"@type":"ListItem","position":1,"name":"Portada","item":"http:\/\/lila.valnaloneduca.com\/cpvirgendelasmareas2022\/"},{"@type":"ListItem","position":2,"name":"8-M"}]},{"@type":"WebSite","@id":"http:\/\/lila.valnaloneduca.com\/cpvirgendelasmareas2022\/#website","url":"http:\/\/lila.valnaloneduca.com\/cpvirgendelasmareas2022\/","name":"LILA - La Igualdad Lleva A... - C.P. VIRGEN DE LAS MAREAS - Avil\u00e9s - 21\/22","description":"La Igualdad Lleva A (LILA) es un Proyecto educativo de la Cadena de Formaci\u00f3n para Emprender del Principado de Asturias, que promueve el desarrollo de competencias emprendedoras al servicio de un trabajo para el empoderamiento y la promoci\u00f3n de la igualdad entre ni\u00f1os y ni\u00f1as de 3\u00ba y 4\u00ba curso de Educaci\u00f3n Primaria.","publisher":{"@id":"http:\/\/lila.valnaloneduca.com\/cpvirgendelasmareas2022\/#organization"},"potentialAction":[{"@type":"SearchAction","target":{"@type":"EntryPoint","urlTemplate":"http:\/\/lila.valnaloneduca.com\/cpvirgendelasmareas2022\/?s={search_term_string}"},"query-input":{"@type":"PropertyValueSpecification","valueRequired":true,"valueName":"search_term_string"}}],"inLanguage":"es"},{"@type":"Organization","@id":"http:\/\/lila.valnaloneduca.com\/cpvirgendelasmareas2022\/#organization","name":"LILA - La Igualdad Lleva A... - C.P. VIRGEN DE LAS MAREAS - Avil\u00e9s - 21\/22","url":"http:\/\/lila.valnaloneduca.com\/cpvirgendelasmareas2022\/","logo":{"@type":"ImageObject","inLanguage":"es","@id":"http:\/\/lila.valnaloneduca.com\/cpvirgendelasmareas2022\/#\/schema\/logo\/image\/","url":"https:\/\/i0.wp.com\/lila.valnaloneduca.com\/cpvirgendelasmareas2022\/wp-content\/uploads\/sites\/20\/2021\/10\/cropped-cabecero-1.png?fit=240%2C118&ssl=1","contentUrl":"https:\/\/i0.wp.com\/lila.valnaloneduca.com\/cpvirgendelasmareas2022\/wp-content\/uploads\/sites\/20\/2021\/10\/cropped-cabecero-1.png?fit=240%2C118&ssl=1","width":240,"height":118,"caption":"LILA - La Igualdad Lleva A... - C.P. VIRGEN DE LAS MAREAS - Avil\u00e9s - 21\/22"},"image":{"@id":"http:\/\/lila.valnaloneduca.com\/cpvirgendelasmareas2022\/#\/schema\/logo\/image\/"}},{"@type":"Person","@id":"","url":"https:\/\/lila.valnaloneduca.com\/cpvirgendelasmareas2022\/author\/"}]}},"jetpack_featured_media_url":"","jetpack_sharing_enabled":true,"_links":{"self":[{"href":"https:\/\/lila.valnaloneduca.com\/cpvirgendelasmareas2022\/wp-json\/wp\/v2\/posts\/64","targetHints":{"allow":["GET"]}}],"collection":[{"href":"https:\/\/lila.valnaloneduca.com\/cpvirgendelasmareas2022\/wp-json\/wp\/v2\/posts"}],"about":[{"href":"https:\/\/lila.valnaloneduca.com\/cpvirgendelasmareas2022\/wp-json\/wp\/v2\/types\/post"}],"author":[{"embeddable":true,"href":"https:\/\/lila.valnaloneduca.com\/cpvirgendelasmareas2022\/wp-json\/wp\/v2\/users\/19"}],"replies":[{"embeddable":true,"href":"https:\/\/lila.valnaloneduca.com\/cpvirgendelasmareas2022\/wp-json\/wp\/v2\/comments?post=64"}],"version-history":[{"count":1,"href":"https:\/\/lila.valnaloneduca.com\/cpvirgendelasmareas2022\/wp-json\/wp\/v2\/posts\/64\/revisions"}],"predecessor-version":[{"id":67,"href":"https:\/\/lila.valnaloneduca.com\/cpvirgendelasmareas2022\/wp-json\/wp\/v2\/posts\/64\/revisions\/67"}],"wp:attachment":[{"href":"https:\/\/lila.valnaloneduca.com\/cpvirgendelasmareas2022\/wp-json\/wp\/v2\/media?parent=64"}],"wp:term":[{"taxonomy":"category","embeddable":true,"href":"https:\/\/lila.valnaloneduca.com\/cpvirgendelasmareas2022\/wp-json\/wp\/v2\/categories?post=64"},{"taxonomy":"post_tag","embeddable":true,"href":"https:\/\/lila.valnaloneduca.com\/cpvirgendelasmareas2022\/wp-json\/wp\/v2\/tags?post=64"}],"curies":[{"name":"wp","href":"https:\/\/api.w.org\/{rel}","templated":true}]}}